{"id":98523,"date":"2022-11-28T11:54:15","date_gmt":"2022-11-28T11:54:15","guid":{"rendered":"https:\/\/www.nettali.com\/?p=98523"},"modified":"2022-11-28T11:54:15","modified_gmt":"2022-11-28T11:54:15","slug":"apologie-du-terrorisme-le-proces-en-appel-des-co-accuses-de-feu-imam-ndao-renvoye-au-30-janvier-2023","status":"publish","type":"post","link":"https:\/\/www.nettali.com\/2022\/11\/28\/apologie-du-terrorisme-le-proces-en-appel-des-co-accuses-de-feu-imam-ndao-renvoye-au-30-janvier-2023\/","title":{"rendered":"APOLOGIE DU TERRORISME- Le proc\u00e8s en appel des co-accus\u00e9s de feu Imam Ndao renvoy\u00e9 au 30 janvier 2023"},"content":{"rendered":"<div dir=\"auto\"><strong>NETTALI.COM - Matar Diokhan\u00e9 et Cie, condamn\u00e9s en premi\u00e8re instance, seront finalement jug\u00e9s le 30 janvier 2023. Le proc\u00e8s a \u00e9t\u00e9 renvoy\u00e9 \u00e0 cette date \u00e0 cause de l\u2019absence de Matar Diokhan\u00e9 d\u00e9clar\u00e9 malade.<\/strong><\/div>\n<div dir=\"auto\"><\/div>\n<div dir=\"auto\">Le proc\u00e8s en appel de l\u2019affaire de feu imam Alioune Ndao, pr\u00e9vu ce lundi 28 novembre 2022, n\u2019a pas a \u00e9t\u00e9 retenu. Il a \u00e9t\u00e9 renvoy\u00e9 au 30 janvier 2023. Pour cause, l'un des neuf accus\u00e9s, Matar Diokhan\u00e9 en l'occurrence, ne s'est pas pr\u00e9sent\u00e9. Il serait malade. C'est\u00a0 pourquoi le pr\u00e9sident de la Cour, Ousmane\u00a0 Chim\u00e8re\u00a0 Diouf, a renvoy\u00e9 le dossier pour v\u00e9rifier si l'accus\u00e9 est r\u00e9ellement malade ou s'il ne veut pas compara\u00eetre puisqu'il n'a pas pr\u00e9sent\u00e9 un certificat m\u00e9dical.<\/div>\n<div dir=\"auto\"><\/div>\n<div dir=\"auto\">Il faut noter que, contrairement aux autres jours, ce n\u2019\u00e9tait pas la grande affluence au palais de justice de Dakar. Les soutiens des accus\u00e9s n\u2019\u00e9taient pas nombreux. Une situation due certainement \u00e0 l\u2019absence d\u2019Imam Alioune Ndao. Le d\u00e9funt condamn\u00e9 \u00e0 1 mois avec sursis en premi\u00e8re instance pour d\u00e9tention d\u2019arme sans autorisation, n\u2019\u00e9tait pas concern\u00e9 par ce proc\u00e8s en appel. Lequel vise les 9 accus\u00e9s qui ont interjet\u00e9 appel. Ces derniers sont ceux qui ont, en premi\u00e8re instance, \u00e9cop\u00e9 des peines allant de 10 \u00e0 20 ans de travaux forc\u00e9s.<\/div>\n<div class='share-to-whatsapp-wrapper'><div class='share-on-whsp'>PARTAGER SUR : <\/div><a data-text='APOLOGIE DU TERRORISME- Le proc\u00e8s en appel des co-accus\u00e9s de feu Imam Ndao renvoy\u00e9 au 30 janvier 2023' data-link='https:\/\/www.nettali.com\/2022\/11\/28\/apologie-du-terrorisme-le-proces-en-appel-des-co-accuses-de-feu-imam-ndao-renvoye-au-30-janvier-2023\/' class='whatsapp-button whatsapp-share'>WhatsApp<\/a><div class='clear '><\/div><\/div>","protected":false},"excerpt":{"rendered":"<p>NETTALI.COM - Matar Diokhan\u00e9 et Cie, condamn\u00e9s en premi\u00e8re instance, seront finalement jug\u00e9s le 30 janvier 2023. Le proc\u00e8s a \u00e9t\u00e9 renvoy\u00e9 \u00e0 cette date \u00e0 cause de l\u2019absence de Matar Diokhan\u00e9 d\u00e9clar\u00e9 malade. Le proc\u00e8s en appel de l\u2019affaire de feu imam Alioune Ndao, pr\u00e9vu ce lundi 28 novembre 2022, n\u2019a pas a \u00e9t\u00e9 [&hellip;]<\/p>\n","protected":false},"author":6,"featured_media":94595,"comment_status":"open","ping_status":"open","sticky":false,"template":"","format":"standard","meta":{"_et_pb_use_builder":"","_et_pb_old_content":""},"categories":[3],"tags":[],"yoast_head":"<!-- This site is optimized with the Yoast SEO Premium plugin v17.8 (Yoast SEO v17.8) - https:\/\/yoast.com\/wordpress\/plugins\/seo\/ -->\n<title>APOLOGIE DU TERRORISME- Le proc\u00e8s en appel des co-accus\u00e9s de feu Imam Ndao renvoy\u00e9 au 30 janvier 2023 | Nettali.com<\/title>\n<meta name=\"robots\" content=\"index, follow, max-snippet:-1, max-image-preview:large, max-video-preview:-1\" \/>\n<link rel=\"canonical\" href=\"https:\/\/www.nettali.com\/2022\/11\/28\/apologie-du-terrorisme-le-proces-en-appel-des-co-accuses-de-feu-imam-ndao-renvoye-au-30-janvier-2023\/\" \/>\n<meta property=\"og:locale\" content=\"fr_FR\" \/>\n<meta property=\"og:type\" content=\"article\" \/>\n<meta property=\"og:title\" content=\"APOLOGIE DU TERRORISME- Le proc\u00e8s en appel des co-accus\u00e9s de feu Imam Ndao renvoy\u00e9 au 30 janvier 2023\" \/>\n<meta property=\"og:description\" content=\"NETTALI.COM - Matar Diokhan\u00e9 et Cie, condamn\u00e9s en premi\u00e8re instance, seront finalement jug\u00e9s le 30 janvier 2023. Le proc\u00e8s a \u00e9t\u00e9 renvoy\u00e9 \u00e0 cette date \u00e0 cause de l\u2019absence de Matar Diokhan\u00e9 d\u00e9clar\u00e9 malade. Le proc\u00e8s en appel de l\u2019affaire de feu imam Alioune Ndao, pr\u00e9vu ce lundi 28 novembre 2022, n\u2019a pas a \u00e9t\u00e9 [&hellip;]\" \/>\n<meta property=\"og:url\" content=\"https:\/\/www.nettali.com\/2022\/11\/28\/apologie-du-terrorisme-le-proces-en-appel-des-co-accuses-de-feu-imam-ndao-renvoye-au-30-janvier-2023\/\" \/>\n<meta property=\"og:site_name\" content=\"Nettali.com\" \/>\n<meta property=\"article:publisher\" content=\"https:\/\/www.facebook.com\/nettalicom\" \/>\n<meta property=\"article:published_time\" content=\"2022-11-28T11:54:15+00:00\" \/>\n<meta property=\"og:image\" content=\"https:\/\/www.nettali.com\/wp-content\/uploads\/2022\/09\/tribunal.jpeg\" \/>\n\t<meta property=\"og:image:width\" content=\"1920\" \/>\n\t<meta property=\"og:image:height\" content=\"1080\" \/>\n<meta name=\"twitter:card\" content=\"summary_large_image\" \/>\n<meta name=\"twitter:label1\" content=\"\u00c9crit par\" \/>\n\t<meta name=\"twitter:data1\" content=\"Fatou\" \/>\n\t<meta name=\"twitter:label2\" content=\"Dur\u00e9e de lecture estim\u00e9e\" \/>\n\t<meta name=\"twitter:data2\" content=\"2 minutes\" \/>\n<script type=\"application\/ld+json\" class=\"yoast-schema-graph\">{\"@context\":\"https:\/\/schema.org\",\"@graph\":[{\"@type\":\"WebSite\",\"@id\":\"https:\/\/www.nettali.com\/#website\",\"url\":\"https:\/\/www.nettali.com\/\",\"name\":\"Nettali.com\",\"description\":\"Le rendez-vous critique du Net\",\"potentialAction\":[{\"@type\":\"SearchAction\",\"target\":{\"@type\":\"EntryPoint\",\"urlTemplate\":\"https:\/\/www.nettali.com\/?s={search_term_string}\"},\"query-input\":\"required name=search_term_string\"}],\"inLanguage\":\"fr-FR\"},{\"@type\":\"ImageObject\",\"@id\":\"https:\/\/www.nettali.com\/2022\/11\/28\/apologie-du-terrorisme-le-proces-en-appel-des-co-accuses-de-feu-imam-ndao-renvoye-au-30-janvier-2023\/#primaryimage\",\"inLanguage\":\"fr-FR\",\"url\":\"https:\/\/www.nettali.com\/wp-content\/uploads\/2022\/09\/tribunal.jpeg\",\"contentUrl\":\"https:\/\/www.nettali.com\/wp-content\/uploads\/2022\/09\/tribunal.jpeg\",\"width\":1920,\"height\":1080},{\"@type\":\"WebPage\",\"@id\":\"https:\/\/www.nettali.com\/2022\/11\/28\/apologie-du-terrorisme-le-proces-en-appel-des-co-accuses-de-feu-imam-ndao-renvoye-au-30-janvier-2023\/#webpage\",\"url\":\"https:\/\/www.nettali.com\/2022\/11\/28\/apologie-du-terrorisme-le-proces-en-appel-des-co-accuses-de-feu-imam-ndao-renvoye-au-30-janvier-2023\/\",\"name\":\"APOLOGIE DU TERRORISME- Le proc\\u00e8s en appel des co-accus\\u00e9s de feu Imam Ndao renvoy\\u00e9 au 30 janvier 2023 | Nettali.com\",\"isPartOf\":{\"@id\":\"https:\/\/www.nettali.com\/#website\"},\"primaryImageOfPage\":{\"@id\":\"https:\/\/www.nettali.com\/2022\/11\/28\/apologie-du-terrorisme-le-proces-en-appel-des-co-accuses-de-feu-imam-ndao-renvoye-au-30-janvier-2023\/#primaryimage\"},\"datePublished\":\"2022-11-28T11:54:15+00:00\",\"dateModified\":\"2022-11-28T11:54:15+00:00\",\"author\":{\"@id\":\"https:\/\/www.nettali.com\/#\/schema\/person\/418274a86bdf87caff7a3ef476bd0bbf\"},\"breadcrumb\":{\"@id\":\"https:\/\/www.nettali.com\/2022\/11\/28\/apologie-du-terrorisme-le-proces-en-appel-des-co-accuses-de-feu-imam-ndao-renvoye-au-30-janvier-2023\/#breadcrumb\"},\"inLanguage\":\"fr-FR\",\"potentialAction\":[{\"@type\":\"ReadAction\",\"target\":[\"https:\/\/www.nettali.com\/2022\/11\/28\/apologie-du-terrorisme-le-proces-en-appel-des-co-accuses-de-feu-imam-ndao-renvoye-au-30-janvier-2023\/\"]}]},{\"@type\":\"BreadcrumbList\",\"@id\":\"https:\/\/www.nettali.com\/2022\/11\/28\/apologie-du-terrorisme-le-proces-en-appel-des-co-accuses-de-feu-imam-ndao-renvoye-au-30-janvier-2023\/#breadcrumb\",\"itemListElement\":[{\"@type\":\"ListItem\",\"position\":1,\"name\":\"Accueil\",\"item\":\"https:\/\/www.nettali.com\/\"},{\"@type\":\"ListItem\",\"position\":2,\"name\":\"APOLOGIE DU TERRORISME- Le proc\\u00e8s en appel des co-accus\\u00e9s de feu Imam Ndao renvoy\\u00e9 au 30 janvier 2023\"}]},{\"@type\":\"Person\",\"@id\":\"https:\/\/www.nettali.com\/#\/schema\/person\/418274a86bdf87caff7a3ef476bd0bbf\",\"name\":\"Fatou\",\"image\":{\"@type\":\"ImageObject\",\"@id\":\"https:\/\/www.nettali.com\/#personlogo\",\"inLanguage\":\"fr-FR\",\"url\":\"https:\/\/secure.gravatar.com\/avatar\/5a9442a2bee7b4dcf167cab035858e9a?s=96&d=mm&r=g\",\"contentUrl\":\"https:\/\/secure.gravatar.com\/avatar\/5a9442a2bee7b4dcf167cab035858e9a?s=96&d=mm&r=g\",\"caption\":\"Fatou\"},\"sameAs\":[\"https:\/\/www.nettali.com\"]}]}<\/script>\n<!-- \/ Yoast SEO Premium plugin. -->","yoast_head_json":{"title":"APOLOGIE DU TERRORISME- Le proc\u00e8s en appel des co-accus\u00e9s de feu Imam Ndao renvoy\u00e9 au 30 janvier 2023 | Nettali.com","robots":{"index":"index","follow":"follow","max-snippet":"max-snippet:-1","max-image-preview":"max-image-preview:large","max-video-preview":"max-video-preview:-1"},"canonical":"https:\/\/www.nettali.com\/2022\/11\/28\/apologie-du-terrorisme-le-proces-en-appel-des-co-accuses-de-feu-imam-ndao-renvoye-au-30-janvier-2023\/","og_locale":"fr_FR","og_type":"article","og_title":"APOLOGIE DU TERRORISME- Le proc\u00e8s en appel des co-accus\u00e9s de feu Imam Ndao renvoy\u00e9 au 30 janvier 2023","og_description":"NETTALI.COM - Matar Diokhan\u00e9 et Cie, condamn\u00e9s en premi\u00e8re instance, seront finalement jug\u00e9s le 30 janvier 2023. Le proc\u00e8s a \u00e9t\u00e9 renvoy\u00e9 \u00e0 cette date \u00e0 cause de l\u2019absence de Matar Diokhan\u00e9 d\u00e9clar\u00e9 malade. Le proc\u00e8s en appel de l\u2019affaire de feu imam Alioune Ndao, pr\u00e9vu ce lundi 28 novembre 2022, n\u2019a pas a \u00e9t\u00e9 [&hellip;]","og_url":"https:\/\/www.nettali.com\/2022\/11\/28\/apologie-du-terrorisme-le-proces-en-appel-des-co-accuses-de-feu-imam-ndao-renvoye-au-30-janvier-2023\/","og_site_name":"Nettali.com","article_publisher":"https:\/\/www.facebook.com\/nettalicom","article_published_time":"2022-11-28T11:54:15+00:00","og_image":[{"width":1920,"height":1080,"url":"https:\/\/www.nettali.com\/wp-content\/uploads\/2022\/09\/tribunal.jpeg","type":"image\/jpeg"}],"twitter_card":"summary_large_image","twitter_misc":{"\u00c9crit par":"Fatou","Dur\u00e9e de lecture estim\u00e9e":"2 minutes"},"schema":{"@context":"https:\/\/schema.org","@graph":[{"@type":"WebSite","@id":"https:\/\/www.nettali.com\/#website","url":"https:\/\/www.nettali.com\/","name":"Nettali.com","description":"Le rendez-vous critique du Net","potentialAction":[{"@type":"SearchAction","target":{"@type":"EntryPoint","urlTemplate":"https:\/\/www.nettali.com\/?s={search_term_string}"},"query-input":"required name=search_term_string"}],"inLanguage":"fr-FR"},{"@type":"ImageObject","@id":"https:\/\/www.nettali.com\/2022\/11\/28\/apologie-du-terrorisme-le-proces-en-appel-des-co-accuses-de-feu-imam-ndao-renvoye-au-30-janvier-2023\/#primaryimage","inLanguage":"fr-FR","url":"https:\/\/www.nettali.com\/wp-content\/uploads\/2022\/09\/tribunal.jpeg","contentUrl":"https:\/\/www.nettali.com\/wp-content\/uploads\/2022\/09\/tribunal.jpeg","width":1920,"height":1080},{"@type":"WebPage","@id":"https:\/\/www.nettali.com\/2022\/11\/28\/apologie-du-terrorisme-le-proces-en-appel-des-co-accuses-de-feu-imam-ndao-renvoye-au-30-janvier-2023\/#webpage","url":"https:\/\/www.nettali.com\/2022\/11\/28\/apologie-du-terrorisme-le-proces-en-appel-des-co-accuses-de-feu-imam-ndao-renvoye-au-30-janvier-2023\/","name":"APOLOGIE DU TERRORISME- Le proc\u00e8s en appel des co-accus\u00e9s de feu Imam Ndao renvoy\u00e9 au 30 janvier 2023 | Nettali.com","isPartOf":{"@id":"https:\/\/www.nettali.com\/#website"},"primaryImageOfPage":{"@id":"https:\/\/www.nettali.com\/2022\/11\/28\/apologie-du-terrorisme-le-proces-en-appel-des-co-accuses-de-feu-imam-ndao-renvoye-au-30-janvier-2023\/#primaryimage"},"datePublished":"2022-11-28T11:54:15+00:00","dateModified":"2022-11-28T11:54:15+00:00","author":{"@id":"https:\/\/www.nettali.com\/#\/schema\/person\/418274a86bdf87caff7a3ef476bd0bbf"},"breadcrumb":{"@id":"https:\/\/www.nettali.com\/2022\/11\/28\/apologie-du-terrorisme-le-proces-en-appel-des-co-accuses-de-feu-imam-ndao-renvoye-au-30-janvier-2023\/#breadcrumb"},"inLanguage":"fr-FR","potentialAction":[{"@type":"ReadAction","target":["https:\/\/www.nettali.com\/2022\/11\/28\/apologie-du-terrorisme-le-proces-en-appel-des-co-accuses-de-feu-imam-ndao-renvoye-au-30-janvier-2023\/"]}]},{"@type":"BreadcrumbList","@id":"https:\/\/www.nettali.com\/2022\/11\/28\/apologie-du-terrorisme-le-proces-en-appel-des-co-accuses-de-feu-imam-ndao-renvoye-au-30-janvier-2023\/#breadcrumb","itemListElement":[{"@type":"ListItem","position":1,"name":"Accueil","item":"https:\/\/www.nettali.com\/"},{"@type":"ListItem","position":2,"name":"APOLOGIE DU TERRORISME- Le proc\u00e8s en appel des co-accus\u00e9s de feu Imam Ndao renvoy\u00e9 au 30 janvier 2023"}]},{"@type":"Person","@id":"https:\/\/www.nettali.com\/#\/schema\/person\/418274a86bdf87caff7a3ef476bd0bbf","name":"Fatou","image":{"@type":"ImageObject","@id":"https:\/\/www.nettali.com\/#personlogo","inLanguage":"fr-FR","url":"https:\/\/secure.gravatar.com\/avatar\/5a9442a2bee7b4dcf167cab035858e9a?s=96&d=mm&r=g","contentUrl":"https:\/\/secure.gravatar.com\/avatar\/5a9442a2bee7b4dcf167cab035858e9a?s=96&d=mm&r=g","caption":"Fatou"},"sameAs":["https:\/\/www.nettali.com"]}]}},"_links":{"self":[{"href":"https:\/\/www.nettali.com\/rest\/wp\/v2\/posts\/98523"}],"collection":[{"href":"https:\/\/www.nettali.com\/rest\/wp\/v2\/posts"}],"about":[{"href":"https:\/\/www.nettali.com\/rest\/wp\/v2\/types\/post"}],"author":[{"embeddable":true,"href":"https:\/\/www.nettali.com\/rest\/wp\/v2\/users\/6"}],"replies":[{"embeddable":true,"href":"https:\/\/www.nettali.com\/rest\/wp\/v2\/comments?post=98523"}],"version-history":[{"count":3,"href":"https:\/\/www.nettali.com\/rest\/wp\/v2\/posts\/98523\/revisions"}],"predecessor-version":[{"id":98529,"href":"https:\/\/www.nettali.com\/rest\/wp\/v2\/posts\/98523\/revisions\/98529"}],"wp:featuredmedia":[{"embeddable":true,"href":"https:\/\/www.nettali.com\/rest\/wp\/v2\/media\/94595"}],"wp:attachment":[{"href":"https:\/\/www.nettali.com\/rest\/wp\/v2\/media?parent=98523"}],"wp:term":[{"taxonomy":"category","embeddable":true,"href":"https:\/\/www.nettali.com\/rest\/wp\/v2\/categories?post=98523"},{"taxonomy":"post_tag","embeddable":true,"href":"https:\/\/www.nettali.com\/rest\/wp\/v2\/tags?post=98523"}],"curies":[{"name":"wp","href":"https:\/\/api.w.org\/{rel}","templated":true}]}}