{"id":98507,"date":"2022-11-28T09:38:23","date_gmt":"2022-11-28T09:38:23","guid":{"rendered":"https:\/\/www.nettali.com\/?p=98507"},"modified":"2022-11-28T09:38:23","modified_gmt":"2022-11-28T09:38:23","slug":"cameroun-le-gardien-onana-ecarte-du-groupe","status":"publish","type":"post","link":"https:\/\/www.nettali.com\/2022\/11\/28\/cameroun-le-gardien-onana-ecarte-du-groupe\/","title":{"rendered":"CAMEROUN - Le gardien Onana \u00e9cart\u00e9 du groupe"},"content":{"rendered":"<p><strong>NETTALI.COM - La F\u00e9d\u00e9ration camerounaise de football (Fecafoot) a annonc\u00e9 la mise \u00e0 l'\u00e9cart de son gardien Andr\u00e9 Onana. Titulaire lors du premier match de la Coupe du monde face \u00e0 la Suisse (0-1), il ne jouera pas contre la Serbie ce lundi.<\/strong><\/p>\n<p>Andr\u00e9 Onana ne sera pas sur la feuille de match du Cameroun. Comme l'annonce l'Agence France presse (Afp), il a \u00e9t\u00e9 sanctionn\u00e9 pour le match d\u00e9cisif de ce lundi contre la Serbie. C'est un \u00e9norme coup dur pour les Lions indomptables alors que l'\u00e9quipe a d\u00e9j\u00e0 perdu son premier match contre la Suisse (0-1).<\/p>\n<p>\"<em>Onana a \u00e9t\u00e9 \u00e9cart\u00e9 du groupe, on se complique un peu la vie<\/em>\", a expliqu\u00e9 \u00e0 l'Afp une source \u00e0 la F\u00e9d\u00e9ration camerounaise de football (F\u00e9cafoot), pr\u00e9cisant que le gardien de l'Inter Milan \u00e9tait remplac\u00e9 par Devis Epassy, qui joue \u00e0 Abha, en Arabie Saoudite.<\/p>\n<p>Le joueur de 26 ans a \u00e9t\u00e9 \u00e9cart\u00e9 pour raisons disciplinaires. Le motif et la dur\u00e9e de cette mise \u00e0 l'\u00e9cart n'ont pas \u00e9t\u00e9 pr\u00e9cis\u00e9s.<\/p>\n<p>Titulaire lors de la derni\u00e8re Coupe d'Afrique des nations, termin\u00e9e \u00e0 la troisi\u00e8me place, Andr\u00e9 Onana gardait le but camerounais face \u00e0 la Suisse.<\/p>\n<div class='share-to-whatsapp-wrapper'><div class='share-on-whsp'>PARTAGER SUR : <\/div><a data-text='CAMEROUN - Le gardien Onana \u00e9cart\u00e9 du groupe' data-link='https:\/\/www.nettali.com\/2022\/11\/28\/cameroun-le-gardien-onana-ecarte-du-groupe\/' class='whatsapp-button whatsapp-share'>WhatsApp<\/a><div class='clear '><\/div><\/div>","protected":false},"excerpt":{"rendered":"<p>NETTALI.COM - La F\u00e9d\u00e9ration camerounaise de football (Fecafoot) a annonc\u00e9 la mise \u00e0 l'\u00e9cart de son gardien Andr\u00e9 Onana. Titulaire lors du premier match de la Coupe du monde face \u00e0 la Suisse (0-1), il ne jouera pas contre la Serbie ce lundi. Andr\u00e9 Onana ne sera pas sur la feuille de match du Cameroun. [&hellip;]<\/p>\n","protected":false},"author":5,"featured_media":98508,"comment_status":"open","ping_status":"open","sticky":false,"template":"","format":"standard","meta":{"_et_pb_use_builder":"","_et_pb_old_content":""},"categories":[6],"tags":[],"yoast_head":"<!-- This site is optimized with the Yoast SEO Premium plugin v17.8 (Yoast SEO v17.8) - https:\/\/yoast.com\/wordpress\/plugins\/seo\/ -->\n<title>CAMEROUN - Le gardien Onana \u00e9cart\u00e9 du groupe | Nettali.com<\/title>\n<meta name=\"robots\" content=\"index, follow, max-snippet:-1, max-image-preview:large, max-video-preview:-1\" \/>\n<link rel=\"canonical\" href=\"https:\/\/www.nettali.com\/2022\/11\/28\/cameroun-le-gardien-onana-ecarte-du-groupe\/\" \/>\n<meta property=\"og:locale\" content=\"fr_FR\" \/>\n<meta property=\"og:type\" content=\"article\" \/>\n<meta property=\"og:title\" content=\"CAMEROUN - Le gardien Onana \u00e9cart\u00e9 du groupe\" \/>\n<meta property=\"og:description\" content=\"NETTALI.COM - La F\u00e9d\u00e9ration camerounaise de football (Fecafoot) a annonc\u00e9 la mise \u00e0 l&#039;\u00e9cart de son gardien Andr\u00e9 Onana. Titulaire lors du premier match de la Coupe du monde face \u00e0 la Suisse (0-1), il ne jouera pas contre la Serbie ce lundi. Andr\u00e9 Onana ne sera pas sur la feuille de match du Cameroun. [&hellip;]\" \/>\n<meta property=\"og:url\" content=\"https:\/\/www.nettali.com\/2022\/11\/28\/cameroun-le-gardien-onana-ecarte-du-groupe\/\" \/>\n<meta property=\"og:site_name\" content=\"Nettali.com\" \/>\n<meta property=\"article:publisher\" content=\"https:\/\/www.facebook.com\/nettalicom\" \/>\n<meta property=\"article:published_time\" content=\"2022-11-28T09:38:23+00:00\" \/>\n<meta property=\"og:image\" content=\"https:\/\/www.nettali.com\/wp-content\/uploads\/2022\/11\/F4FIVNY3LRAV3DMTX4DRKVI6XI.jpg\" \/>\n\t<meta property=\"og:image:width\" content=\"932\" \/>\n\t<meta property=\"og:image:height\" content=\"582\" \/>\n<meta name=\"twitter:card\" content=\"summary_large_image\" \/>\n<meta name=\"twitter:label1\" content=\"\u00c9crit par\" \/>\n\t<meta name=\"twitter:data1\" content=\"Ibrahima\" \/>\n\t<meta name=\"twitter:label2\" content=\"Dur\u00e9e de lecture estim\u00e9e\" \/>\n\t<meta name=\"twitter:data2\" content=\"1 minute\" \/>\n<script type=\"application\/ld+json\" class=\"yoast-schema-graph\">{\"@context\":\"https:\/\/schema.org\",\"@graph\":[{\"@type\":\"WebSite\",\"@id\":\"https:\/\/www.nettali.com\/#website\",\"url\":\"https:\/\/www.nettali.com\/\",\"name\":\"Nettali.com\",\"description\":\"Le rendez-vous critique du Net\",\"potentialAction\":[{\"@type\":\"SearchAction\",\"target\":{\"@type\":\"EntryPoint\",\"urlTemplate\":\"https:\/\/www.nettali.com\/?s={search_term_string}\"},\"query-input\":\"required name=search_term_string\"}],\"inLanguage\":\"fr-FR\"},{\"@type\":\"ImageObject\",\"@id\":\"https:\/\/www.nettali.com\/2022\/11\/28\/cameroun-le-gardien-onana-ecarte-du-groupe\/#primaryimage\",\"inLanguage\":\"fr-FR\",\"url\":\"https:\/\/www.nettali.com\/wp-content\/uploads\/2022\/11\/F4FIVNY3LRAV3DMTX4DRKVI6XI.jpg\",\"contentUrl\":\"https:\/\/www.nettali.com\/wp-content\/uploads\/2022\/11\/F4FIVNY3LRAV3DMTX4DRKVI6XI.jpg\",\"width\":932,\"height\":582,\"caption\":\"Andre ONANA of Cameroon during the FIFA World Cup Qatar 2022, Group G match between Switzerland and Cameroon on November 24, 2022 at Al Janoub Stadium in Al Wakrah, Qatar. (Photo by Baptiste Fernandez\/Icon Sport)\"},{\"@type\":\"WebPage\",\"@id\":\"https:\/\/www.nettali.com\/2022\/11\/28\/cameroun-le-gardien-onana-ecarte-du-groupe\/#webpage\",\"url\":\"https:\/\/www.nettali.com\/2022\/11\/28\/cameroun-le-gardien-onana-ecarte-du-groupe\/\",\"name\":\"CAMEROUN - Le gardien Onana \\u00e9cart\\u00e9 du groupe | Nettali.com\",\"isPartOf\":{\"@id\":\"https:\/\/www.nettali.com\/#website\"},\"primaryImageOfPage\":{\"@id\":\"https:\/\/www.nettali.com\/2022\/11\/28\/cameroun-le-gardien-onana-ecarte-du-groupe\/#primaryimage\"},\"datePublished\":\"2022-11-28T09:38:23+00:00\",\"dateModified\":\"2022-11-28T09:38:23+00:00\",\"author\":{\"@id\":\"https:\/\/www.nettali.com\/#\/schema\/person\/bb147657c2986240405a608162b9bb23\"},\"breadcrumb\":{\"@id\":\"https:\/\/www.nettali.com\/2022\/11\/28\/cameroun-le-gardien-onana-ecarte-du-groupe\/#breadcrumb\"},\"inLanguage\":\"fr-FR\",\"potentialAction\":[{\"@type\":\"ReadAction\",\"target\":[\"https:\/\/www.nettali.com\/2022\/11\/28\/cameroun-le-gardien-onana-ecarte-du-groupe\/\"]}]},{\"@type\":\"BreadcrumbList\",\"@id\":\"https:\/\/www.nettali.com\/2022\/11\/28\/cameroun-le-gardien-onana-ecarte-du-groupe\/#breadcrumb\",\"itemListElement\":[{\"@type\":\"ListItem\",\"position\":1,\"name\":\"Accueil\",\"item\":\"https:\/\/www.nettali.com\/\"},{\"@type\":\"ListItem\",\"position\":2,\"name\":\"CAMEROUN - Le gardien Onana \\u00e9cart\\u00e9 du groupe\"}]},{\"@type\":\"Person\",\"@id\":\"https:\/\/www.nettali.com\/#\/schema\/person\/bb147657c2986240405a608162b9bb23\",\"name\":\"Ibrahima\",\"image\":{\"@type\":\"ImageObject\",\"@id\":\"https:\/\/www.nettali.com\/#personlogo\",\"inLanguage\":\"fr-FR\",\"url\":\"https:\/\/secure.gravatar.com\/avatar\/26a8a81f09f0dd7624c9d5c36c9ba3a2?s=96&d=mm&r=g\",\"contentUrl\":\"https:\/\/secure.gravatar.com\/avatar\/26a8a81f09f0dd7624c9d5c36c9ba3a2?s=96&d=mm&r=g\",\"caption\":\"Ibrahima\"},\"sameAs\":[\"https:\/\/www.nettali.com\"]}]}<\/script>\n<!-- \/ Yoast SEO Premium plugin. -->","yoast_head_json":{"title":"CAMEROUN - Le gardien Onana \u00e9cart\u00e9 du groupe | Nettali.com","robots":{"index":"index","follow":"follow","max-snippet":"max-snippet:-1","max-image-preview":"max-image-preview:large","max-video-preview":"max-video-preview:-1"},"canonical":"https:\/\/www.nettali.com\/2022\/11\/28\/cameroun-le-gardien-onana-ecarte-du-groupe\/","og_locale":"fr_FR","og_type":"article","og_title":"CAMEROUN - Le gardien Onana \u00e9cart\u00e9 du groupe","og_description":"NETTALI.COM - La F\u00e9d\u00e9ration camerounaise de football (Fecafoot) a annonc\u00e9 la mise \u00e0 l'\u00e9cart de son gardien Andr\u00e9 Onana. Titulaire lors du premier match de la Coupe du monde face \u00e0 la Suisse (0-1), il ne jouera pas contre la Serbie ce lundi. Andr\u00e9 Onana ne sera pas sur la feuille de match du Cameroun. [&hellip;]","og_url":"https:\/\/www.nettali.com\/2022\/11\/28\/cameroun-le-gardien-onana-ecarte-du-groupe\/","og_site_name":"Nettali.com","article_publisher":"https:\/\/www.facebook.com\/nettalicom","article_published_time":"2022-11-28T09:38:23+00:00","og_image":[{"width":932,"height":582,"url":"https:\/\/www.nettali.com\/wp-content\/uploads\/2022\/11\/F4FIVNY3LRAV3DMTX4DRKVI6XI.jpg","type":"image\/jpeg"}],"twitter_card":"summary_large_image","twitter_misc":{"\u00c9crit par":"Ibrahima","Dur\u00e9e de lecture estim\u00e9e":"1 minute"},"schema":{"@context":"https:\/\/schema.org","@graph":[{"@type":"WebSite","@id":"https:\/\/www.nettali.com\/#website","url":"https:\/\/www.nettali.com\/","name":"Nettali.com","description":"Le rendez-vous critique du Net","potentialAction":[{"@type":"SearchAction","target":{"@type":"EntryPoint","urlTemplate":"https:\/\/www.nettali.com\/?s={search_term_string}"},"query-input":"required name=search_term_string"}],"inLanguage":"fr-FR"},{"@type":"ImageObject","@id":"https:\/\/www.nettali.com\/2022\/11\/28\/cameroun-le-gardien-onana-ecarte-du-groupe\/#primaryimage","inLanguage":"fr-FR","url":"https:\/\/www.nettali.com\/wp-content\/uploads\/2022\/11\/F4FIVNY3LRAV3DMTX4DRKVI6XI.jpg","contentUrl":"https:\/\/www.nettali.com\/wp-content\/uploads\/2022\/11\/F4FIVNY3LRAV3DMTX4DRKVI6XI.jpg","width":932,"height":582,"caption":"Andre ONANA of Cameroon during the FIFA World Cup Qatar 2022, Group G match between Switzerland and Cameroon on November 24, 2022 at Al Janoub Stadium in Al Wakrah, Qatar. (Photo by Baptiste Fernandez\/Icon Sport)"},{"@type":"WebPage","@id":"https:\/\/www.nettali.com\/2022\/11\/28\/cameroun-le-gardien-onana-ecarte-du-groupe\/#webpage","url":"https:\/\/www.nettali.com\/2022\/11\/28\/cameroun-le-gardien-onana-ecarte-du-groupe\/","name":"CAMEROUN - Le gardien Onana \u00e9cart\u00e9 du groupe | Nettali.com","isPartOf":{"@id":"https:\/\/www.nettali.com\/#website"},"primaryImageOfPage":{"@id":"https:\/\/www.nettali.com\/2022\/11\/28\/cameroun-le-gardien-onana-ecarte-du-groupe\/#primaryimage"},"datePublished":"2022-11-28T09:38:23+00:00","dateModified":"2022-11-28T09:38:23+00:00","author":{"@id":"https:\/\/www.nettali.com\/#\/schema\/person\/bb147657c2986240405a608162b9bb23"},"breadcrumb":{"@id":"https:\/\/www.nettali.com\/2022\/11\/28\/cameroun-le-gardien-onana-ecarte-du-groupe\/#breadcrumb"},"inLanguage":"fr-FR","potentialAction":[{"@type":"ReadAction","target":["https:\/\/www.nettali.com\/2022\/11\/28\/cameroun-le-gardien-onana-ecarte-du-groupe\/"]}]},{"@type":"BreadcrumbList","@id":"https:\/\/www.nettali.com\/2022\/11\/28\/cameroun-le-gardien-onana-ecarte-du-groupe\/#breadcrumb","itemListElement":[{"@type":"ListItem","position":1,"name":"Accueil","item":"https:\/\/www.nettali.com\/"},{"@type":"ListItem","position":2,"name":"CAMEROUN - Le gardien Onana \u00e9cart\u00e9 du groupe"}]},{"@type":"Person","@id":"https:\/\/www.nettali.com\/#\/schema\/person\/bb147657c2986240405a608162b9bb23","name":"Ibrahima","image":{"@type":"ImageObject","@id":"https:\/\/www.nettali.com\/#personlogo","inLanguage":"fr-FR","url":"https:\/\/secure.gravatar.com\/avatar\/26a8a81f09f0dd7624c9d5c36c9ba3a2?s=96&d=mm&r=g","contentUrl":"https:\/\/secure.gravatar.com\/avatar\/26a8a81f09f0dd7624c9d5c36c9ba3a2?s=96&d=mm&r=g","caption":"Ibrahima"},"sameAs":["https:\/\/www.nettali.com"]}]}},"_links":{"self":[{"href":"https:\/\/www.nettali.com\/rest\/wp\/v2\/posts\/98507"}],"collection":[{"href":"https:\/\/www.nettali.com\/rest\/wp\/v2\/posts"}],"about":[{"href":"https:\/\/www.nettali.com\/rest\/wp\/v2\/types\/post"}],"author":[{"embeddable":true,"href":"https:\/\/www.nettali.com\/rest\/wp\/v2\/users\/5"}],"replies":[{"embeddable":true,"href":"https:\/\/www.nettali.com\/rest\/wp\/v2\/comments?post=98507"}],"version-history":[{"count":3,"href":"https:\/\/www.nettali.com\/rest\/wp\/v2\/posts\/98507\/revisions"}],"predecessor-version":[{"id":98514,"href":"https:\/\/www.nettali.com\/rest\/wp\/v2\/posts\/98507\/revisions\/98514"}],"wp:featuredmedia":[{"embeddable":true,"href":"https:\/\/www.nettali.com\/rest\/wp\/v2\/media\/98508"}],"wp:attachment":[{"href":"https:\/\/www.nettali.com\/rest\/wp\/v2\/media?parent=98507"}],"wp:term":[{"taxonomy":"category","embeddable":true,"href":"https:\/\/www.nettali.com\/rest\/wp\/v2\/categories?post=98507"},{"taxonomy":"post_tag","embeddable":true,"href":"https:\/\/www.nettali.com\/rest\/wp\/v2\/tags?post=98507"}],"curies":[{"name":"wp","href":"https:\/\/api.w.org\/{rel}","templated":true}]}}