{"id":98501,"date":"2022-11-28T09:05:48","date_gmt":"2022-11-28T09:05:48","guid":{"rendered":"https:\/\/www.nettali.com\/?p=98501"},"modified":"2022-11-28T10:06:57","modified_gmt":"2022-11-28T10:06:57","slug":"deces-de-fulbert-sambou-il-sera-inhume-mardi-sans-autopsie","status":"publish","type":"post","link":"https:\/\/www.nettali.com\/2022\/11\/28\/deces-de-fulbert-sambou-il-sera-inhume-mardi-sans-autopsie\/","title":{"rendered":"DECES DE FULBERT SAMBOU - Il sera inhum\u00e9 mardi sans autopsie"},"content":{"rendered":"<p><strong>NETTALI.COM - Les proches du Sergent Fulbert Sambou, retrouv\u00e9 mort au large du Cap Manuel, ne sont pas convaincus par la th\u00e8se du d\u00e9c\u00e8s par noyade de leur fils.\u00a0 Pour tirer au clair cette affaire, sa famille avait exig\u00e9 une autopsie. Ce qui risque de ne pas arriver.<\/strong><\/p>\n<p>La lumi\u00e8re se fera-t-elle un jour sur les circonstances du d\u00e9c\u00e8s de Fulbert Sambou ? C'\u00e9tait en tout cas le souhait de sa famille qui avait exig\u00e9 une autopsie avant toute inhumation du sergent en service \u00e0 la D\u00e9l\u00e9gation nationale du renseignement. Seulement, le d\u00e9funt sera inhum\u00e9 demain mardi \u00e0 Dakar au cimeti\u00e8re Saint-Lazare et sans autopsie. Selon des sources, l\u2019\u00e9tat de putr\u00e9faction du corps rep\u00each\u00e9 mercredi, ne permettait pas une telle intervention.<\/p>\n<p>Quant \u00e0 l\u2019Adjudant-chef Didier Badji en service en l\u2019inspection g\u00e9n\u00e9rale d\u2019\u00c9tat (IGE), il n\u2019a pas toujours fait signe de vie depuis la soir\u00e9e du samedi 19 novembre 2022.<\/p>\n<div class='share-to-whatsapp-wrapper'><div class='share-on-whsp'>PARTAGER SUR : <\/div><a data-text='DECES DE FULBERT SAMBOU - Il sera inhum\u00e9 mardi sans autopsie' data-link='https:\/\/www.nettali.com\/2022\/11\/28\/deces-de-fulbert-sambou-il-sera-inhume-mardi-sans-autopsie\/' class='whatsapp-button whatsapp-share'>WhatsApp<\/a><div class='clear '><\/div><\/div>","protected":false},"excerpt":{"rendered":"<p>NETTALI.COM - Les proches du Sergent Fulbert Sambou, retrouv\u00e9 mort au large du Cap Manuel, ne sont pas convaincus par la th\u00e8se du d\u00e9c\u00e8s par noyade de leur fils.\u00a0 Pour tirer au clair cette affaire, sa famille avait exig\u00e9 une autopsie. Ce qui risque de ne pas arriver. La lumi\u00e8re se fera-t-elle un jour sur [&hellip;]<\/p>\n","protected":false},"author":5,"featured_media":98407,"comment_status":"open","ping_status":"open","sticky":false,"template":"","format":"standard","meta":{"_et_pb_use_builder":"","_et_pb_old_content":""},"categories":[3],"tags":[],"yoast_head":"<!-- This site is optimized with the Yoast SEO Premium plugin v17.8 (Yoast SEO v17.8) - https:\/\/yoast.com\/wordpress\/plugins\/seo\/ -->\n<title>DECES DE FULBERT SAMBOU - Il sera inhum\u00e9 mardi sans autopsie | Nettali.com<\/title>\n<meta name=\"robots\" content=\"index, follow, max-snippet:-1, max-image-preview:large, max-video-preview:-1\" \/>\n<link rel=\"canonical\" href=\"https:\/\/www.nettali.com\/2022\/11\/28\/deces-de-fulbert-sambou-il-sera-inhume-mardi-sans-autopsie\/\" \/>\n<meta property=\"og:locale\" content=\"fr_FR\" \/>\n<meta property=\"og:type\" content=\"article\" \/>\n<meta property=\"og:title\" content=\"DECES DE FULBERT SAMBOU - Il sera inhum\u00e9 mardi sans autopsie\" \/>\n<meta property=\"og:description\" content=\"NETTALI.COM - Les proches du Sergent Fulbert Sambou, retrouv\u00e9 mort au large du Cap Manuel, ne sont pas convaincus par la th\u00e8se du d\u00e9c\u00e8s par noyade de leur fils.\u00a0 Pour tirer au clair cette affaire, sa famille avait exig\u00e9 une autopsie. Ce qui risque de ne pas arriver. La lumi\u00e8re se fera-t-elle un jour sur [&hellip;]\" \/>\n<meta property=\"og:url\" content=\"https:\/\/www.nettali.com\/2022\/11\/28\/deces-de-fulbert-sambou-il-sera-inhume-mardi-sans-autopsie\/\" \/>\n<meta property=\"og:site_name\" content=\"Nettali.com\" \/>\n<meta property=\"article:publisher\" content=\"https:\/\/www.facebook.com\/nettalicom\" \/>\n<meta property=\"article:published_time\" content=\"2022-11-28T09:05:48+00:00\" \/>\n<meta property=\"article:modified_time\" content=\"2022-11-28T10:06:57+00:00\" \/>\n<meta property=\"og:image\" content=\"https:\/\/www.nettali.com\/wp-content\/uploads\/2022\/11\/WhatsApp-Image-2022-11-25-at-06.44.19.jpeg\" \/>\n\t<meta property=\"og:image:width\" content=\"720\" \/>\n\t<meta property=\"og:image:height\" content=\"718\" \/>\n<meta name=\"twitter:card\" content=\"summary_large_image\" \/>\n<meta name=\"twitter:label1\" content=\"\u00c9crit par\" \/>\n\t<meta name=\"twitter:data1\" content=\"Ibrahima\" \/>\n\t<meta name=\"twitter:label2\" content=\"Dur\u00e9e de lecture estim\u00e9e\" \/>\n\t<meta name=\"twitter:data2\" content=\"1 minute\" \/>\n<script type=\"application\/ld+json\" class=\"yoast-schema-graph\">{\"@context\":\"https:\/\/schema.org\",\"@graph\":[{\"@type\":\"WebSite\",\"@id\":\"https:\/\/www.nettali.com\/#website\",\"url\":\"https:\/\/www.nettali.com\/\",\"name\":\"Nettali.com\",\"description\":\"Le rendez-vous critique du Net\",\"potentialAction\":[{\"@type\":\"SearchAction\",\"target\":{\"@type\":\"EntryPoint\",\"urlTemplate\":\"https:\/\/www.nettali.com\/?s={search_term_string}\"},\"query-input\":\"required name=search_term_string\"}],\"inLanguage\":\"fr-FR\"},{\"@type\":\"ImageObject\",\"@id\":\"https:\/\/www.nettali.com\/2022\/11\/28\/deces-de-fulbert-sambou-il-sera-inhume-mardi-sans-autopsie\/#primaryimage\",\"inLanguage\":\"fr-FR\",\"url\":\"https:\/\/www.nettali.com\/wp-content\/uploads\/2022\/11\/WhatsApp-Image-2022-11-25-at-06.44.19.jpeg\",\"contentUrl\":\"https:\/\/www.nettali.com\/wp-content\/uploads\/2022\/11\/WhatsApp-Image-2022-11-25-at-06.44.19.jpeg\",\"width\":720,\"height\":718},{\"@type\":\"WebPage\",\"@id\":\"https:\/\/www.nettali.com\/2022\/11\/28\/deces-de-fulbert-sambou-il-sera-inhume-mardi-sans-autopsie\/#webpage\",\"url\":\"https:\/\/www.nettali.com\/2022\/11\/28\/deces-de-fulbert-sambou-il-sera-inhume-mardi-sans-autopsie\/\",\"name\":\"DECES DE FULBERT SAMBOU - Il sera inhum\\u00e9 mardi sans autopsie | Nettali.com\",\"isPartOf\":{\"@id\":\"https:\/\/www.nettali.com\/#website\"},\"primaryImageOfPage\":{\"@id\":\"https:\/\/www.nettali.com\/2022\/11\/28\/deces-de-fulbert-sambou-il-sera-inhume-mardi-sans-autopsie\/#primaryimage\"},\"datePublished\":\"2022-11-28T09:05:48+00:00\",\"dateModified\":\"2022-11-28T10:06:57+00:00\",\"author\":{\"@id\":\"https:\/\/www.nettali.com\/#\/schema\/person\/bb147657c2986240405a608162b9bb23\"},\"breadcrumb\":{\"@id\":\"https:\/\/www.nettali.com\/2022\/11\/28\/deces-de-fulbert-sambou-il-sera-inhume-mardi-sans-autopsie\/#breadcrumb\"},\"inLanguage\":\"fr-FR\",\"potentialAction\":[{\"@type\":\"ReadAction\",\"target\":[\"https:\/\/www.nettali.com\/2022\/11\/28\/deces-de-fulbert-sambou-il-sera-inhume-mardi-sans-autopsie\/\"]}]},{\"@type\":\"BreadcrumbList\",\"@id\":\"https:\/\/www.nettali.com\/2022\/11\/28\/deces-de-fulbert-sambou-il-sera-inhume-mardi-sans-autopsie\/#breadcrumb\",\"itemListElement\":[{\"@type\":\"ListItem\",\"position\":1,\"name\":\"Accueil\",\"item\":\"https:\/\/www.nettali.com\/\"},{\"@type\":\"ListItem\",\"position\":2,\"name\":\"DECES DE FULBERT SAMBOU - Il sera inhum\\u00e9 mardi sans autopsie\"}]},{\"@type\":\"Person\",\"@id\":\"https:\/\/www.nettali.com\/#\/schema\/person\/bb147657c2986240405a608162b9bb23\",\"name\":\"Ibrahima\",\"image\":{\"@type\":\"ImageObject\",\"@id\":\"https:\/\/www.nettali.com\/#personlogo\",\"inLanguage\":\"fr-FR\",\"url\":\"https:\/\/secure.gravatar.com\/avatar\/26a8a81f09f0dd7624c9d5c36c9ba3a2?s=96&d=mm&r=g\",\"contentUrl\":\"https:\/\/secure.gravatar.com\/avatar\/26a8a81f09f0dd7624c9d5c36c9ba3a2?s=96&d=mm&r=g\",\"caption\":\"Ibrahima\"},\"sameAs\":[\"https:\/\/www.nettali.com\"]}]}<\/script>\n<!-- \/ Yoast SEO Premium plugin. -->","yoast_head_json":{"title":"DECES DE FULBERT SAMBOU - Il sera inhum\u00e9 mardi sans autopsie | Nettali.com","robots":{"index":"index","follow":"follow","max-snippet":"max-snippet:-1","max-image-preview":"max-image-preview:large","max-video-preview":"max-video-preview:-1"},"canonical":"https:\/\/www.nettali.com\/2022\/11\/28\/deces-de-fulbert-sambou-il-sera-inhume-mardi-sans-autopsie\/","og_locale":"fr_FR","og_type":"article","og_title":"DECES DE FULBERT SAMBOU - Il sera inhum\u00e9 mardi sans autopsie","og_description":"NETTALI.COM - Les proches du Sergent Fulbert Sambou, retrouv\u00e9 mort au large du Cap Manuel, ne sont pas convaincus par la th\u00e8se du d\u00e9c\u00e8s par noyade de leur fils.\u00a0 Pour tirer au clair cette affaire, sa famille avait exig\u00e9 une autopsie. Ce qui risque de ne pas arriver. La lumi\u00e8re se fera-t-elle un jour sur [&hellip;]","og_url":"https:\/\/www.nettali.com\/2022\/11\/28\/deces-de-fulbert-sambou-il-sera-inhume-mardi-sans-autopsie\/","og_site_name":"Nettali.com","article_publisher":"https:\/\/www.facebook.com\/nettalicom","article_published_time":"2022-11-28T09:05:48+00:00","article_modified_time":"2022-11-28T10:06:57+00:00","og_image":[{"width":720,"height":718,"url":"https:\/\/www.nettali.com\/wp-content\/uploads\/2022\/11\/WhatsApp-Image-2022-11-25-at-06.44.19.jpeg","type":"image\/jpeg"}],"twitter_card":"summary_large_image","twitter_misc":{"\u00c9crit par":"Ibrahima","Dur\u00e9e de lecture estim\u00e9e":"1 minute"},"schema":{"@context":"https:\/\/schema.org","@graph":[{"@type":"WebSite","@id":"https:\/\/www.nettali.com\/#website","url":"https:\/\/www.nettali.com\/","name":"Nettali.com","description":"Le rendez-vous critique du Net","potentialAction":[{"@type":"SearchAction","target":{"@type":"EntryPoint","urlTemplate":"https:\/\/www.nettali.com\/?s={search_term_string}"},"query-input":"required name=search_term_string"}],"inLanguage":"fr-FR"},{"@type":"ImageObject","@id":"https:\/\/www.nettali.com\/2022\/11\/28\/deces-de-fulbert-sambou-il-sera-inhume-mardi-sans-autopsie\/#primaryimage","inLanguage":"fr-FR","url":"https:\/\/www.nettali.com\/wp-content\/uploads\/2022\/11\/WhatsApp-Image-2022-11-25-at-06.44.19.jpeg","contentUrl":"https:\/\/www.nettali.com\/wp-content\/uploads\/2022\/11\/WhatsApp-Image-2022-11-25-at-06.44.19.jpeg","width":720,"height":718},{"@type":"WebPage","@id":"https:\/\/www.nettali.com\/2022\/11\/28\/deces-de-fulbert-sambou-il-sera-inhume-mardi-sans-autopsie\/#webpage","url":"https:\/\/www.nettali.com\/2022\/11\/28\/deces-de-fulbert-sambou-il-sera-inhume-mardi-sans-autopsie\/","name":"DECES DE FULBERT SAMBOU - Il sera inhum\u00e9 mardi sans autopsie | Nettali.com","isPartOf":{"@id":"https:\/\/www.nettali.com\/#website"},"primaryImageOfPage":{"@id":"https:\/\/www.nettali.com\/2022\/11\/28\/deces-de-fulbert-sambou-il-sera-inhume-mardi-sans-autopsie\/#primaryimage"},"datePublished":"2022-11-28T09:05:48+00:00","dateModified":"2022-11-28T10:06:57+00:00","author":{"@id":"https:\/\/www.nettali.com\/#\/schema\/person\/bb147657c2986240405a608162b9bb23"},"breadcrumb":{"@id":"https:\/\/www.nettali.com\/2022\/11\/28\/deces-de-fulbert-sambou-il-sera-inhume-mardi-sans-autopsie\/#breadcrumb"},"inLanguage":"fr-FR","potentialAction":[{"@type":"ReadAction","target":["https:\/\/www.nettali.com\/2022\/11\/28\/deces-de-fulbert-sambou-il-sera-inhume-mardi-sans-autopsie\/"]}]},{"@type":"BreadcrumbList","@id":"https:\/\/www.nettali.com\/2022\/11\/28\/deces-de-fulbert-sambou-il-sera-inhume-mardi-sans-autopsie\/#breadcrumb","itemListElement":[{"@type":"ListItem","position":1,"name":"Accueil","item":"https:\/\/www.nettali.com\/"},{"@type":"ListItem","position":2,"name":"DECES DE FULBERT SAMBOU - Il sera inhum\u00e9 mardi sans autopsie"}]},{"@type":"Person","@id":"https:\/\/www.nettali.com\/#\/schema\/person\/bb147657c2986240405a608162b9bb23","name":"Ibrahima","image":{"@type":"ImageObject","@id":"https:\/\/www.nettali.com\/#personlogo","inLanguage":"fr-FR","url":"https:\/\/secure.gravatar.com\/avatar\/26a8a81f09f0dd7624c9d5c36c9ba3a2?s=96&d=mm&r=g","contentUrl":"https:\/\/secure.gravatar.com\/avatar\/26a8a81f09f0dd7624c9d5c36c9ba3a2?s=96&d=mm&r=g","caption":"Ibrahima"},"sameAs":["https:\/\/www.nettali.com"]}]}},"_links":{"self":[{"href":"https:\/\/www.nettali.com\/rest\/wp\/v2\/posts\/98501"}],"collection":[{"href":"https:\/\/www.nettali.com\/rest\/wp\/v2\/posts"}],"about":[{"href":"https:\/\/www.nettali.com\/rest\/wp\/v2\/types\/post"}],"author":[{"embeddable":true,"href":"https:\/\/www.nettali.com\/rest\/wp\/v2\/users\/5"}],"replies":[{"embeddable":true,"href":"https:\/\/www.nettali.com\/rest\/wp\/v2\/comments?post=98501"}],"version-history":[{"count":5,"href":"https:\/\/www.nettali.com\/rest\/wp\/v2\/posts\/98501\/revisions"}],"predecessor-version":[{"id":98521,"href":"https:\/\/www.nettali.com\/rest\/wp\/v2\/posts\/98501\/revisions\/98521"}],"wp:featuredmedia":[{"embeddable":true,"href":"https:\/\/www.nettali.com\/rest\/wp\/v2\/media\/98407"}],"wp:attachment":[{"href":"https:\/\/www.nettali.com\/rest\/wp\/v2\/media?parent=98501"}],"wp:term":[{"taxonomy":"category","embeddable":true,"href":"https:\/\/www.nettali.com\/rest\/wp\/v2\/categories?post=98501"},{"taxonomy":"post_tag","embeddable":true,"href":"https:\/\/www.nettali.com\/rest\/wp\/v2\/tags?post=98501"}],"curies":[{"name":"wp","href":"https:\/\/api.w.org\/{rel}","templated":true}]}}