{"id":98426,"date":"2022-11-27T10:28:31","date_gmt":"2022-11-27T10:28:31","guid":{"rendered":"https:\/\/www.nettali.com\/?p=98426"},"modified":"2022-11-27T13:52:45","modified_gmt":"2022-11-27T13:52:45","slug":"sommet-cop27entre-lhypocrisie-occidentale-et-lextreme-naivete-des-pays-pauvres","status":"publish","type":"post","link":"https:\/\/www.nettali.com\/2022\/11\/27\/sommet-cop27entre-lhypocrisie-occidentale-et-lextreme-naivete-des-pays-pauvres\/","title":{"rendered":"Sommet COP27 : Entre l\u2019Hypocrisie Occidentale et l\u2019Extr\u00eame Na\u00efvet\u00e9 des Pays pauvres"},"content":{"rendered":"<p><strong>CONTRIBUTION - En\u00a0 d\u00e9cembre 2015 apr\u00e8s la Cop 21, dop\u00e9e par la r\u00e9ussitte du sommet de Paris, toute l\u2019Humanit\u00e9 avait espoir que la\u00a0 nouvelle donne climatique allait dor\u00e9navant \u00eatre au centre des pr\u00e9occupations des politiques publiques des \u00c9tats afin de\u00a0 r\u00e9aliser dans un bref d\u00e9lai les conclusions tir\u00e9es de\u00a0 ce sommet : entre autres ramener \u00e0 1,5 C le r\u00e9chauffement climatique mondial et cr\u00e9er un Fonds Vert de 100 milliards USD par an pour financer les pays pauvres\u00a0 victimes innocentes du r\u00e9chauffement climatique.<\/strong><\/p>\n<p>Aujourd\u2019hui pr\u00e8s de 200 millions d\u2019africains sont menac\u00e9s par le r\u00e9chauffement climatique alors que le Continent contribue pour moins de 3% a l\u2019\u00e9mission des gaz \u00e0 effet de serre contre 80% pour les Pays membres du G20.Votre serviteur ayant\u00a0 particip\u00e9 a l\u2019\u00e9v\u00e9nement en 2015\u00a0 publiais le lendemain m\u00eame sur certains sites et journaux nationaux et \u00e9trangers deux articles l\u2019un intitul\u00e9\u00a0 \u00able sommet Cop 21\u00a0 un sommet de plus ou un sommet en plus ? \u00bbet l\u2019autre intitul\u00e9 \u00ables faiblesses cong\u00e9nitales de l\u2019Accord de Paris \u00bb.En r\u00e9sum\u00e9 \u00e0 l\u2019\u00e9poque j\u2019attirais\u00a0 l\u2019attention des Dirigeants des Pays Africains sur quelques faiblesses des dispositions r\u00e9glementaires de l\u2019Accord de Paris qui malheureusement sept ann\u00e9es apr\u00e8s sont toujours a l\u2019ordre du jour :<\/p>\n<p>-le manque de contraintes dans les engagements des \u00c9tats,<\/p>\n<p>-Le non r\u00e9f\u00e9rencement du prix carbone et\u00a0 les conditions de cession ce qui favorise l\u2019\u00e9coblanchissement ,<\/p>\n<p>-l\u2019opacit\u00e9 de l\u2019alimentation et de la mise de la mise en \u0153uvre par les Pays riches\u00a0 du Fonds Vert de 100 milliards de USD par an d\u2019ici 2030 ,<\/p>\n<p>-la non fixation des\u00a0 conditions d\u2019accessibilit\u00e9 des ressources du Fonds\u00a0 par les pays pauvres (subventions ,aide li\u00e9e ,cr\u00e9dits ou autres )<\/p>\n<p>Aujourd\u2019hui la COP 27 tire ses rideaux en \u00c9gypte dans la sublime station baln\u00e9aire de Sharms El Cheikh ceci\u00a0 apr\u00e8s deux semaines de n\u00e9gociations entre les 196 parties prenantes par 40.000 d\u00e9l\u00e9gu\u00e9s. Cependant que retenons\u00a0 nous\u00a0 concr\u00e8tement de ce sommet\u00a0:<\/p>\n<p>-La mise en place dun nouveau Fonds Pertes et\u00a0 Pr\u00e9judices pour\u00a0 les pays pauvres qui exigent une justice climatique depuis le sommet de Copenhague\u00a0:cette probl\u00e9matique fait r\u00e9f\u00e9rence aux impacts irr\u00e9versibles li\u00e9s au changement climatique, c\u2019est-\u00e0-dire ceux qui sont d\u00e9j\u00e0 r\u00e9els et ceux qui ne pourront pas \u00eatre \u00e9vit\u00e9s, m\u00eame en parvenant \u00e0 r\u00e9duire \u00e0 z\u00e9ro les \u00e9missions mondiales de gaz \u00e0 effet de serre et en investissant massivement dans des projets d\u2019adaptation,<\/p>\n<p>-Une promesse de dons annonc\u00e9e de 230 millions de dollars pour alimenter ce nouveau Fonds ,<\/p>\n<p>.-Un silence coupable des Occidentaux sur la fili\u00e8re charbon qui reprend de\u00a0 plus belle en Europe avec la crise \u00e9nerg\u00e9tique ukrainienne,<\/p>\n<p>-un silence de cath\u00e9drale sur le niveau d\u2019ex\u00e9cution depuis l\u2019accord de Paris du\u00a0 fonds vert\u00a0 de 100 milliards USD \u00e0 abonder par les pays riches d\u2019ici 2030 en faveur des pays pauvres, le paradoxe r\u00e9side dans le fait qu\u2019un rapport des experts de la de Cop 27 a conclu que les besoins de ce Fonds Vert sont maintenant de 2000 milliards par an, ce document n\u2019a pas fait l\u2019objet de discussions s\u00e9rieuses durant ce\u00a0 sommet\u00a0de Sharms El Cheikh !<\/p>\n<p>Chers lecteurs vous comprendrez ais\u00e9ment que cette nouvelle initiative est tout simplement une esquive diplomatique des Pays Riches pour satisfaire une forte requ\u00eate des certaines parties prenantes dans le cadre de la lutte pour une justice climatique , mais en r\u00e9alit\u00e9 a mon humble avis ce fonds ne sera d\u2019aucune efficacit\u00e9 par rapport aux impacts n\u00e9fastes du climat surtout en Afrique . Comment peut on parler d\u2019un nouveau Fonds alors que le premier Fonds Vert de l\u2019Accord de Paris n\u2019est m\u00eame pas abond\u00e9 \u00e0 hauteur de 20 % sept ann\u00e9es apr\u00e8s sa mise en place\u00a0? Voil\u00e0 ce que certains strat\u00e8ges appellent\u00a0 \u00ab\u00a0cr\u00e9er l\u2019affaire dans l\u2019affaire\u00a0\u00bb pour berner les pays pauvres .M\u00eame si la Cop 27 est une transition entre la Cop26 et la\u00a0 Cop28 pr\u00e9vue \u00e0 Duba\u00ef l\u2019ann\u00e9e prochaine ce sommet fera le premier bilan mondial des efforts climatiques ,il semblerait que l\u2019\u00e9valuation du Fonds Vert serait\u00a0 \u00e0 l\u2019ordre du jour. Entre-temps le constat est clair et\u00a0 net l\u2019Occident malgr\u00e9 toutes les promesses faites n\u2019est int\u00e9ress\u00e9 que par son propre d\u00e9veloppement et il reste\u00a0 insensible aux cons\u00e9quences du r\u00e9chauffement climatique dans les Pays pauvres notamment en Afrique\u00a0:quel \u00e9go\u00efsme!.Mais aussi quelle na\u00efvet\u00e9 des\u00a0 Africains qui risquent encore de passer du temps perdu \u00e0 r\u00eaver\u00a0 de projets financ\u00e9s par ce nouveau Fonds de Pertes et Pr\u00e9judices.<\/p>\n<p>La Covid-19 a r\u00e9v\u00e9l\u00e9 l\u2019\u00e9re des \u00ab\u00a0Souverainet\u00e9s\u00a0\u00bb n\u00e9cessaires \u00e0 l\u2019\u00e9mergence de nos Pays, la souverainet\u00e9 climatique a sa place dans ce nouveau paradigme \u00e9conomique.<\/p>\n<p>Africains Osons prendre nos destins en main le d\u00e9veloppement endog\u00e8ne n\u2019est pas leurres et lueurs, les dragons d\u2019Asie l\u2019ont d\u00e9j\u00e0\u00a0 d\u00e9montr\u00e9 \u00e0 la face du Monde .<\/p>\n<p><strong>Modibo Diop Expert Ing\u00e9nieur Polytechnicien, Ancien Auditeur du Centre d\u2019Etudes Diplomatiques et Strat\u00e9giques de Paris(Option Diplomatie &amp; \u00c9conomie), Expert Consultant International en Energies, Infrastructures et TIC.<\/strong><\/p>\n<p><strong>Vice-Pr\u00e9sident du Mouvement des Entreprises du S\u00e9n\u00e9gal Meds .<\/strong><\/p>\n<div class='share-to-whatsapp-wrapper'><div class='share-on-whsp'>PARTAGER SUR : <\/div><a data-text='Sommet COP27 : Entre l\u2019Hypocrisie Occidentale et l\u2019Extr\u00eame Na\u00efvet\u00e9 des Pays pauvres' data-link='https:\/\/www.nettali.com\/2022\/11\/27\/sommet-cop27entre-lhypocrisie-occidentale-et-lextreme-naivete-des-pays-pauvres\/' class='whatsapp-button whatsapp-share'>WhatsApp<\/a><div class='clear '><\/div><\/div>","protected":false},"excerpt":{"rendered":"<p>CONTRIBUTION - En\u00a0 d\u00e9cembre 2015 apr\u00e8s la Cop 21, dop\u00e9e par la r\u00e9ussitte du sommet de Paris, toute l\u2019Humanit\u00e9 avait espoir que la\u00a0 nouvelle donne climatique allait dor\u00e9navant \u00eatre au centre des pr\u00e9occupations des politiques publiques des \u00c9tats afin de\u00a0 r\u00e9aliser dans un bref d\u00e9lai les conclusions tir\u00e9es de\u00a0 ce sommet : entre autres ramener [&hellip;]<\/p>\n","protected":false},"author":4,"featured_media":98427,"comment_status":"open","ping_status":"open","sticky":false,"template":"","format":"standard","meta":{"_et_pb_use_builder":"","_et_pb_old_content":""},"categories":[34934],"tags":[],"yoast_head":"<!-- This site is optimized with the Yoast SEO Premium plugin v17.8 (Yoast SEO v17.8) - https:\/\/yoast.com\/wordpress\/plugins\/seo\/ -->\n<title>Sommet COP27 : Entre l\u2019Hypocrisie Occidentale et l\u2019Extr\u00eame Na\u00efvet\u00e9 des Pays pauvres | Nettali.com<\/title>\n<meta name=\"robots\" content=\"index, follow, max-snippet:-1, max-image-preview:large, max-video-preview:-1\" \/>\n<link rel=\"canonical\" href=\"https:\/\/www.nettali.com\/2022\/11\/27\/sommet-cop27entre-lhypocrisie-occidentale-et-lextreme-naivete-des-pays-pauvres\/\" \/>\n<meta property=\"og:locale\" content=\"fr_FR\" \/>\n<meta property=\"og:type\" content=\"article\" \/>\n<meta property=\"og:title\" content=\"Sommet COP27 : Entre l\u2019Hypocrisie Occidentale et l\u2019Extr\u00eame Na\u00efvet\u00e9 des Pays pauvres\" \/>\n<meta property=\"og:description\" content=\"CONTRIBUTION - En\u00a0 d\u00e9cembre 2015 apr\u00e8s la Cop 21, dop\u00e9e par la r\u00e9ussitte du sommet de Paris, toute l\u2019Humanit\u00e9 avait espoir que la\u00a0 nouvelle donne climatique allait dor\u00e9navant \u00eatre au centre des pr\u00e9occupations des politiques publiques des \u00c9tats afin de\u00a0 r\u00e9aliser dans un bref d\u00e9lai les conclusions tir\u00e9es de\u00a0 ce sommet : entre autres ramener [&hellip;]\" \/>\n<meta property=\"og:url\" content=\"https:\/\/www.nettali.com\/2022\/11\/27\/sommet-cop27entre-lhypocrisie-occidentale-et-lextreme-naivete-des-pays-pauvres\/\" \/>\n<meta property=\"og:site_name\" content=\"Nettali.com\" \/>\n<meta property=\"article:publisher\" content=\"https:\/\/www.facebook.com\/nettalicom\" \/>\n<meta property=\"article:published_time\" content=\"2022-11-27T10:28:31+00:00\" \/>\n<meta property=\"article:modified_time\" content=\"2022-11-27T13:52:45+00:00\" \/>\n<meta property=\"og:image\" content=\"https:\/\/www.nettali.com\/wp-content\/uploads\/2022\/11\/modibo-diop.png\" \/>\n\t<meta property=\"og:image:width\" content=\"803\" \/>\n\t<meta property=\"og:image:height\" content=\"431\" \/>\n<meta name=\"twitter:card\" content=\"summary_large_image\" \/>\n<meta name=\"twitter:label1\" content=\"\u00c9crit par\" \/>\n\t<meta name=\"twitter:data1\" content=\"Daouda\" \/>\n\t<meta name=\"twitter:label2\" content=\"Dur\u00e9e de lecture estim\u00e9e\" \/>\n\t<meta name=\"twitter:data2\" content=\"5 minutes\" \/>\n<script type=\"application\/ld+json\" class=\"yoast-schema-graph\">{\"@context\":\"https:\/\/schema.org\",\"@graph\":[{\"@type\":\"WebSite\",\"@id\":\"https:\/\/www.nettali.com\/#website\",\"url\":\"https:\/\/www.nettali.com\/\",\"name\":\"Nettali.com\",\"description\":\"Le rendez-vous critique du Net\",\"potentialAction\":[{\"@type\":\"SearchAction\",\"target\":{\"@type\":\"EntryPoint\",\"urlTemplate\":\"https:\/\/www.nettali.com\/?s={search_term_string}\"},\"query-input\":\"required name=search_term_string\"}],\"inLanguage\":\"fr-FR\"},{\"@type\":\"ImageObject\",\"@id\":\"https:\/\/www.nettali.com\/2022\/11\/27\/sommet-cop27entre-lhypocrisie-occidentale-et-lextreme-naivete-des-pays-pauvres\/#primaryimage\",\"inLanguage\":\"fr-FR\",\"url\":\"https:\/\/www.nettali.com\/wp-content\/uploads\/2022\/11\/modibo-diop.png\",\"contentUrl\":\"https:\/\/www.nettali.com\/wp-content\/uploads\/2022\/11\/modibo-diop.png\",\"width\":803,\"height\":431},{\"@type\":\"WebPage\",\"@id\":\"https:\/\/www.nettali.com\/2022\/11\/27\/sommet-cop27entre-lhypocrisie-occidentale-et-lextreme-naivete-des-pays-pauvres\/#webpage\",\"url\":\"https:\/\/www.nettali.com\/2022\/11\/27\/sommet-cop27entre-lhypocrisie-occidentale-et-lextreme-naivete-des-pays-pauvres\/\",\"name\":\"Sommet COP27 : Entre l\\u2019Hypocrisie Occidentale et l\\u2019Extr\\u00eame Na\\u00efvet\\u00e9 des Pays pauvres | Nettali.com\",\"isPartOf\":{\"@id\":\"https:\/\/www.nettali.com\/#website\"},\"primaryImageOfPage\":{\"@id\":\"https:\/\/www.nettali.com\/2022\/11\/27\/sommet-cop27entre-lhypocrisie-occidentale-et-lextreme-naivete-des-pays-pauvres\/#primaryimage\"},\"datePublished\":\"2022-11-27T10:28:31+00:00\",\"dateModified\":\"2022-11-27T13:52:45+00:00\",\"author\":{\"@id\":\"https:\/\/www.nettali.com\/#\/schema\/person\/3317e0bb3aa1da309fbf7b2780901bf4\"},\"breadcrumb\":{\"@id\":\"https:\/\/www.nettali.com\/2022\/11\/27\/sommet-cop27entre-lhypocrisie-occidentale-et-lextreme-naivete-des-pays-pauvres\/#breadcrumb\"},\"inLanguage\":\"fr-FR\",\"potentialAction\":[{\"@type\":\"ReadAction\",\"target\":[\"https:\/\/www.nettali.com\/2022\/11\/27\/sommet-cop27entre-lhypocrisie-occidentale-et-lextreme-naivete-des-pays-pauvres\/\"]}]},{\"@type\":\"BreadcrumbList\",\"@id\":\"https:\/\/www.nettali.com\/2022\/11\/27\/sommet-cop27entre-lhypocrisie-occidentale-et-lextreme-naivete-des-pays-pauvres\/#breadcrumb\",\"itemListElement\":[{\"@type\":\"ListItem\",\"position\":1,\"name\":\"Accueil\",\"item\":\"https:\/\/www.nettali.com\/\"},{\"@type\":\"ListItem\",\"position\":2,\"name\":\"Sommet COP27 : Entre l\\u2019Hypocrisie Occidentale et l\\u2019Extr\\u00eame Na\\u00efvet\\u00e9 des Pays pauvres\"}]},{\"@type\":\"Person\",\"@id\":\"https:\/\/www.nettali.com\/#\/schema\/person\/3317e0bb3aa1da309fbf7b2780901bf4\",\"name\":\"Daouda\",\"image\":{\"@type\":\"ImageObject\",\"@id\":\"https:\/\/www.nettali.com\/#personlogo\",\"inLanguage\":\"fr-FR\",\"url\":\"https:\/\/secure.gravatar.com\/avatar\/8d143b5a49345098ddcfee1c49c2f47c?s=96&d=mm&r=g\",\"contentUrl\":\"https:\/\/secure.gravatar.com\/avatar\/8d143b5a49345098ddcfee1c49c2f47c?s=96&d=mm&r=g\",\"caption\":\"Daouda\"},\"sameAs\":[\"https:\/\/www.nettali.com\"]}]}<\/script>\n<!-- \/ Yoast SEO Premium plugin. -->","yoast_head_json":{"title":"Sommet COP27 : Entre l\u2019Hypocrisie Occidentale et l\u2019Extr\u00eame Na\u00efvet\u00e9 des Pays pauvres | Nettali.com","robots":{"index":"index","follow":"follow","max-snippet":"max-snippet:-1","max-image-preview":"max-image-preview:large","max-video-preview":"max-video-preview:-1"},"canonical":"https:\/\/www.nettali.com\/2022\/11\/27\/sommet-cop27entre-lhypocrisie-occidentale-et-lextreme-naivete-des-pays-pauvres\/","og_locale":"fr_FR","og_type":"article","og_title":"Sommet COP27 : Entre l\u2019Hypocrisie Occidentale et l\u2019Extr\u00eame Na\u00efvet\u00e9 des Pays pauvres","og_description":"CONTRIBUTION - En\u00a0 d\u00e9cembre 2015 apr\u00e8s la Cop 21, dop\u00e9e par la r\u00e9ussitte du sommet de Paris, toute l\u2019Humanit\u00e9 avait espoir que la\u00a0 nouvelle donne climatique allait dor\u00e9navant \u00eatre au centre des pr\u00e9occupations des politiques publiques des \u00c9tats afin de\u00a0 r\u00e9aliser dans un bref d\u00e9lai les conclusions tir\u00e9es de\u00a0 ce sommet : entre autres ramener [&hellip;]","og_url":"https:\/\/www.nettali.com\/2022\/11\/27\/sommet-cop27entre-lhypocrisie-occidentale-et-lextreme-naivete-des-pays-pauvres\/","og_site_name":"Nettali.com","article_publisher":"https:\/\/www.facebook.com\/nettalicom","article_published_time":"2022-11-27T10:28:31+00:00","article_modified_time":"2022-11-27T13:52:45+00:00","og_image":[{"width":803,"height":431,"url":"https:\/\/www.nettali.com\/wp-content\/uploads\/2022\/11\/modibo-diop.png","type":"image\/png"}],"twitter_card":"summary_large_image","twitter_misc":{"\u00c9crit par":"Daouda","Dur\u00e9e de lecture estim\u00e9e":"5 minutes"},"schema":{"@context":"https:\/\/schema.org","@graph":[{"@type":"WebSite","@id":"https:\/\/www.nettali.com\/#website","url":"https:\/\/www.nettali.com\/","name":"Nettali.com","description":"Le rendez-vous critique du Net","potentialAction":[{"@type":"SearchAction","target":{"@type":"EntryPoint","urlTemplate":"https:\/\/www.nettali.com\/?s={search_term_string}"},"query-input":"required name=search_term_string"}],"inLanguage":"fr-FR"},{"@type":"ImageObject","@id":"https:\/\/www.nettali.com\/2022\/11\/27\/sommet-cop27entre-lhypocrisie-occidentale-et-lextreme-naivete-des-pays-pauvres\/#primaryimage","inLanguage":"fr-FR","url":"https:\/\/www.nettali.com\/wp-content\/uploads\/2022\/11\/modibo-diop.png","contentUrl":"https:\/\/www.nettali.com\/wp-content\/uploads\/2022\/11\/modibo-diop.png","width":803,"height":431},{"@type":"WebPage","@id":"https:\/\/www.nettali.com\/2022\/11\/27\/sommet-cop27entre-lhypocrisie-occidentale-et-lextreme-naivete-des-pays-pauvres\/#webpage","url":"https:\/\/www.nettali.com\/2022\/11\/27\/sommet-cop27entre-lhypocrisie-occidentale-et-lextreme-naivete-des-pays-pauvres\/","name":"Sommet COP27 : Entre l\u2019Hypocrisie Occidentale et l\u2019Extr\u00eame Na\u00efvet\u00e9 des Pays pauvres | Nettali.com","isPartOf":{"@id":"https:\/\/www.nettali.com\/#website"},"primaryImageOfPage":{"@id":"https:\/\/www.nettali.com\/2022\/11\/27\/sommet-cop27entre-lhypocrisie-occidentale-et-lextreme-naivete-des-pays-pauvres\/#primaryimage"},"datePublished":"2022-11-27T10:28:31+00:00","dateModified":"2022-11-27T13:52:45+00:00","author":{"@id":"https:\/\/www.nettali.com\/#\/schema\/person\/3317e0bb3aa1da309fbf7b2780901bf4"},"breadcrumb":{"@id":"https:\/\/www.nettali.com\/2022\/11\/27\/sommet-cop27entre-lhypocrisie-occidentale-et-lextreme-naivete-des-pays-pauvres\/#breadcrumb"},"inLanguage":"fr-FR","potentialAction":[{"@type":"ReadAction","target":["https:\/\/www.nettali.com\/2022\/11\/27\/sommet-cop27entre-lhypocrisie-occidentale-et-lextreme-naivete-des-pays-pauvres\/"]}]},{"@type":"BreadcrumbList","@id":"https:\/\/www.nettali.com\/2022\/11\/27\/sommet-cop27entre-lhypocrisie-occidentale-et-lextreme-naivete-des-pays-pauvres\/#breadcrumb","itemListElement":[{"@type":"ListItem","position":1,"name":"Accueil","item":"https:\/\/www.nettali.com\/"},{"@type":"ListItem","position":2,"name":"Sommet COP27 : Entre l\u2019Hypocrisie Occidentale et l\u2019Extr\u00eame Na\u00efvet\u00e9 des Pays pauvres"}]},{"@type":"Person","@id":"https:\/\/www.nettali.com\/#\/schema\/person\/3317e0bb3aa1da309fbf7b2780901bf4","name":"Daouda","image":{"@type":"ImageObject","@id":"https:\/\/www.nettali.com\/#personlogo","inLanguage":"fr-FR","url":"https:\/\/secure.gravatar.com\/avatar\/8d143b5a49345098ddcfee1c49c2f47c?s=96&d=mm&r=g","contentUrl":"https:\/\/secure.gravatar.com\/avatar\/8d143b5a49345098ddcfee1c49c2f47c?s=96&d=mm&r=g","caption":"Daouda"},"sameAs":["https:\/\/www.nettali.com"]}]}},"_links":{"self":[{"href":"https:\/\/www.nettali.com\/rest\/wp\/v2\/posts\/98426"}],"collection":[{"href":"https:\/\/www.nettali.com\/rest\/wp\/v2\/posts"}],"about":[{"href":"https:\/\/www.nettali.com\/rest\/wp\/v2\/types\/post"}],"author":[{"embeddable":true,"href":"https:\/\/www.nettali.com\/rest\/wp\/v2\/users\/4"}],"replies":[{"embeddable":true,"href":"https:\/\/www.nettali.com\/rest\/wp\/v2\/comments?post=98426"}],"version-history":[{"count":3,"href":"https:\/\/www.nettali.com\/rest\/wp\/v2\/posts\/98426\/revisions"}],"predecessor-version":[{"id":98457,"href":"https:\/\/www.nettali.com\/rest\/wp\/v2\/posts\/98426\/revisions\/98457"}],"wp:featuredmedia":[{"embeddable":true,"href":"https:\/\/www.nettali.com\/rest\/wp\/v2\/media\/98427"}],"wp:attachment":[{"href":"https:\/\/www.nettali.com\/rest\/wp\/v2\/media?parent=98426"}],"wp:term":[{"taxonomy":"category","embeddable":true,"href":"https:\/\/www.nettali.com\/rest\/wp\/v2\/categories?post=98426"},{"taxonomy":"post_tag","embeddable":true,"href":"https:\/\/www.nettali.com\/rest\/wp\/v2\/tags?post=98426"}],"curies":[{"name":"wp","href":"https:\/\/api.w.org\/{rel}","templated":true}]}}