{"id":98374,"date":"2022-11-25T17:17:22","date_gmt":"2022-11-25T17:17:22","guid":{"rendered":"https:\/\/www.nettali.com\/?p=98374"},"modified":"2022-11-26T09:26:40","modified_gmt":"2022-11-26T09:26:40","slug":"aliou-cisse-je-remercie-edouard-mendy","status":"publish","type":"post","link":"https:\/\/www.nettali.com\/2022\/11\/25\/aliou-cisse-je-remercie-edouard-mendy\/","title":{"rendered":"ALIOU CISS\u00c9 - \"Je remercie \u00c9douard Mendy\""},"content":{"rendered":"<p><strong>NETTALI.COM - En conf\u00e9rence de presse, Aliou Ciss\u00e9 est revenu sur la victoire du S\u00e9n\u00e9gal 3-1 devant le Qatar. Ce succ\u00e8s qui relance les champions d'Afrique dans ce Mondial, est acquis en grande partie gr\u00e2ce \u00e0 \u00c9douard Mendy. Le s\u00e9lectionneur national n'a pas manqu\u00e9 de remercier son dernier rempart.<\/strong><\/p>\n<p>\"<em>Je suis vraiment satisfait des gar\u00e7ons. Je remercie Mendy qui nous a maintenus dans le match. Mais le but qu'on prend, on aurait pu l'\u00e9viter. Les grandes \u00e9quipes et grands joueurs savent se remobiliser. L'Equateur, c'est un autre adversaire, il faut surtout r\u00e9cup\u00e9rer et mettre les ingr\u00e9dients devant. Quand il faut marquer des buts, il faut mettre plus d'attaquants comme Boulaye, Famara. Il faut les pr\u00e9parer et les mettre dans les zones d\u00e9cisives. C'est le collectif qui est important. C'est une victoire collective. Mais on a d\u00e9cid\u00e9 d'amener un autre attaquant pour marquer un autre but et je suis tr\u00e8s satisfait de \u00e7a. La Hollande est diff\u00e9rente du Qatar. Avec tout le respect que j'ai pour le Qatar<\/em>\", a d\u00e9clar\u00e9 Aliou Ciss\u00e9.<\/p>\n<div class='share-to-whatsapp-wrapper'><div class='share-on-whsp'>PARTAGER SUR : <\/div><a data-text='ALIOU CISS\u00c9 - \"Je remercie \u00c9douard Mendy\"' data-link='https:\/\/www.nettali.com\/2022\/11\/25\/aliou-cisse-je-remercie-edouard-mendy\/' class='whatsapp-button whatsapp-share'>WhatsApp<\/a><div class='clear '><\/div><\/div>","protected":false},"excerpt":{"rendered":"<p>NETTALI.COM - En conf\u00e9rence de presse, Aliou Ciss\u00e9 est revenu sur la victoire du S\u00e9n\u00e9gal 3-1 devant le Qatar. Ce succ\u00e8s qui relance les champions d'Afrique dans ce Mondial, est acquis en grande partie gr\u00e2ce \u00e0 \u00c9douard Mendy. Le s\u00e9lectionneur national n'a pas manqu\u00e9 de remercier son dernier rempart. \"Je suis vraiment satisfait des gar\u00e7ons. [&hellip;]<\/p>\n","protected":false},"author":5,"featured_media":98375,"comment_status":"open","ping_status":"open","sticky":false,"template":"","format":"standard","meta":{"_et_pb_use_builder":"","_et_pb_old_content":""},"categories":[6],"tags":[],"yoast_head":"<!-- This site is optimized with the Yoast SEO Premium plugin v17.8 (Yoast SEO v17.8) - https:\/\/yoast.com\/wordpress\/plugins\/seo\/ -->\n<title>ALIOU CISS\u00c9 - &quot;Je remercie \u00c9douard Mendy&quot; | Nettali.com<\/title>\n<meta name=\"robots\" content=\"index, follow, max-snippet:-1, max-image-preview:large, max-video-preview:-1\" \/>\n<link rel=\"canonical\" href=\"https:\/\/www.nettali.com\/2022\/11\/25\/aliou-cisse-je-remercie-edouard-mendy\/\" \/>\n<meta property=\"og:locale\" content=\"fr_FR\" \/>\n<meta property=\"og:type\" content=\"article\" \/>\n<meta property=\"og:title\" content=\"ALIOU CISS\u00c9 - &quot;Je remercie \u00c9douard Mendy&quot;\" \/>\n<meta property=\"og:description\" content=\"NETTALI.COM - En conf\u00e9rence de presse, Aliou Ciss\u00e9 est revenu sur la victoire du S\u00e9n\u00e9gal 3-1 devant le Qatar. Ce succ\u00e8s qui relance les champions d&#039;Afrique dans ce Mondial, est acquis en grande partie gr\u00e2ce \u00e0 \u00c9douard Mendy. Le s\u00e9lectionneur national n&#039;a pas manqu\u00e9 de remercier son dernier rempart. &quot;Je suis vraiment satisfait des gar\u00e7ons. [&hellip;]\" \/>\n<meta property=\"og:url\" content=\"https:\/\/www.nettali.com\/2022\/11\/25\/aliou-cisse-je-remercie-edouard-mendy\/\" \/>\n<meta property=\"og:site_name\" content=\"Nettali.com\" \/>\n<meta property=\"article:publisher\" content=\"https:\/\/www.facebook.com\/nettalicom\" \/>\n<meta property=\"article:published_time\" content=\"2022-11-25T17:17:22+00:00\" \/>\n<meta property=\"article:modified_time\" content=\"2022-11-26T09:26:40+00:00\" \/>\n<meta property=\"og:image\" content=\"https:\/\/www.nettali.com\/wp-content\/uploads\/2022\/11\/e2a6ffecbccc49e381ba8b644bac8b02.jpg\" \/>\n\t<meta property=\"og:image:width\" content=\"720\" \/>\n\t<meta property=\"og:image:height\" content=\"614\" \/>\n<meta name=\"twitter:card\" content=\"summary_large_image\" \/>\n<meta name=\"twitter:label1\" content=\"\u00c9crit par\" \/>\n\t<meta name=\"twitter:data1\" content=\"Ibrahima\" \/>\n\t<meta name=\"twitter:label2\" content=\"Dur\u00e9e de lecture estim\u00e9e\" \/>\n\t<meta name=\"twitter:data2\" content=\"1 minute\" \/>\n<script type=\"application\/ld+json\" class=\"yoast-schema-graph\">{\"@context\":\"https:\/\/schema.org\",\"@graph\":[{\"@type\":\"WebSite\",\"@id\":\"https:\/\/www.nettali.com\/#website\",\"url\":\"https:\/\/www.nettali.com\/\",\"name\":\"Nettali.com\",\"description\":\"Le rendez-vous critique du Net\",\"potentialAction\":[{\"@type\":\"SearchAction\",\"target\":{\"@type\":\"EntryPoint\",\"urlTemplate\":\"https:\/\/www.nettali.com\/?s={search_term_string}\"},\"query-input\":\"required name=search_term_string\"}],\"inLanguage\":\"fr-FR\"},{\"@type\":\"ImageObject\",\"@id\":\"https:\/\/www.nettali.com\/2022\/11\/25\/aliou-cisse-je-remercie-edouard-mendy\/#primaryimage\",\"inLanguage\":\"fr-FR\",\"url\":\"https:\/\/www.nettali.com\/wp-content\/uploads\/2022\/11\/e2a6ffecbccc49e381ba8b644bac8b02.jpg\",\"contentUrl\":\"https:\/\/www.nettali.com\/wp-content\/uploads\/2022\/11\/e2a6ffecbccc49e381ba8b644bac8b02.jpg\",\"width\":720,\"height\":614},{\"@type\":\"WebPage\",\"@id\":\"https:\/\/www.nettali.com\/2022\/11\/25\/aliou-cisse-je-remercie-edouard-mendy\/#webpage\",\"url\":\"https:\/\/www.nettali.com\/2022\/11\/25\/aliou-cisse-je-remercie-edouard-mendy\/\",\"name\":\"ALIOU CISS\\u00c9 - \\\"Je remercie \\u00c9douard Mendy\\\" | Nettali.com\",\"isPartOf\":{\"@id\":\"https:\/\/www.nettali.com\/#website\"},\"primaryImageOfPage\":{\"@id\":\"https:\/\/www.nettali.com\/2022\/11\/25\/aliou-cisse-je-remercie-edouard-mendy\/#primaryimage\"},\"datePublished\":\"2022-11-25T17:17:22+00:00\",\"dateModified\":\"2022-11-26T09:26:40+00:00\",\"author\":{\"@id\":\"https:\/\/www.nettali.com\/#\/schema\/person\/bb147657c2986240405a608162b9bb23\"},\"breadcrumb\":{\"@id\":\"https:\/\/www.nettali.com\/2022\/11\/25\/aliou-cisse-je-remercie-edouard-mendy\/#breadcrumb\"},\"inLanguage\":\"fr-FR\",\"potentialAction\":[{\"@type\":\"ReadAction\",\"target\":[\"https:\/\/www.nettali.com\/2022\/11\/25\/aliou-cisse-je-remercie-edouard-mendy\/\"]}]},{\"@type\":\"BreadcrumbList\",\"@id\":\"https:\/\/www.nettali.com\/2022\/11\/25\/aliou-cisse-je-remercie-edouard-mendy\/#breadcrumb\",\"itemListElement\":[{\"@type\":\"ListItem\",\"position\":1,\"name\":\"Accueil\",\"item\":\"https:\/\/www.nettali.com\/\"},{\"@type\":\"ListItem\",\"position\":2,\"name\":\"ALIOU CISS\\u00c9 - \\\"Je remercie \\u00c9douard Mendy\\\"\"}]},{\"@type\":\"Person\",\"@id\":\"https:\/\/www.nettali.com\/#\/schema\/person\/bb147657c2986240405a608162b9bb23\",\"name\":\"Ibrahima\",\"image\":{\"@type\":\"ImageObject\",\"@id\":\"https:\/\/www.nettali.com\/#personlogo\",\"inLanguage\":\"fr-FR\",\"url\":\"https:\/\/secure.gravatar.com\/avatar\/26a8a81f09f0dd7624c9d5c36c9ba3a2?s=96&d=mm&r=g\",\"contentUrl\":\"https:\/\/secure.gravatar.com\/avatar\/26a8a81f09f0dd7624c9d5c36c9ba3a2?s=96&d=mm&r=g\",\"caption\":\"Ibrahima\"},\"sameAs\":[\"https:\/\/www.nettali.com\"]}]}<\/script>\n<!-- \/ Yoast SEO Premium plugin. -->","yoast_head_json":{"title":"ALIOU CISS\u00c9 - \"Je remercie \u00c9douard Mendy\" | Nettali.com","robots":{"index":"index","follow":"follow","max-snippet":"max-snippet:-1","max-image-preview":"max-image-preview:large","max-video-preview":"max-video-preview:-1"},"canonical":"https:\/\/www.nettali.com\/2022\/11\/25\/aliou-cisse-je-remercie-edouard-mendy\/","og_locale":"fr_FR","og_type":"article","og_title":"ALIOU CISS\u00c9 - \"Je remercie \u00c9douard Mendy\"","og_description":"NETTALI.COM - En conf\u00e9rence de presse, Aliou Ciss\u00e9 est revenu sur la victoire du S\u00e9n\u00e9gal 3-1 devant le Qatar. Ce succ\u00e8s qui relance les champions d'Afrique dans ce Mondial, est acquis en grande partie gr\u00e2ce \u00e0 \u00c9douard Mendy. Le s\u00e9lectionneur national n'a pas manqu\u00e9 de remercier son dernier rempart. \"Je suis vraiment satisfait des gar\u00e7ons. [&hellip;]","og_url":"https:\/\/www.nettali.com\/2022\/11\/25\/aliou-cisse-je-remercie-edouard-mendy\/","og_site_name":"Nettali.com","article_publisher":"https:\/\/www.facebook.com\/nettalicom","article_published_time":"2022-11-25T17:17:22+00:00","article_modified_time":"2022-11-26T09:26:40+00:00","og_image":[{"width":720,"height":614,"url":"https:\/\/www.nettali.com\/wp-content\/uploads\/2022\/11\/e2a6ffecbccc49e381ba8b644bac8b02.jpg","type":"image\/jpeg"}],"twitter_card":"summary_large_image","twitter_misc":{"\u00c9crit par":"Ibrahima","Dur\u00e9e de lecture estim\u00e9e":"1 minute"},"schema":{"@context":"https:\/\/schema.org","@graph":[{"@type":"WebSite","@id":"https:\/\/www.nettali.com\/#website","url":"https:\/\/www.nettali.com\/","name":"Nettali.com","description":"Le rendez-vous critique du Net","potentialAction":[{"@type":"SearchAction","target":{"@type":"EntryPoint","urlTemplate":"https:\/\/www.nettali.com\/?s={search_term_string}"},"query-input":"required name=search_term_string"}],"inLanguage":"fr-FR"},{"@type":"ImageObject","@id":"https:\/\/www.nettali.com\/2022\/11\/25\/aliou-cisse-je-remercie-edouard-mendy\/#primaryimage","inLanguage":"fr-FR","url":"https:\/\/www.nettali.com\/wp-content\/uploads\/2022\/11\/e2a6ffecbccc49e381ba8b644bac8b02.jpg","contentUrl":"https:\/\/www.nettali.com\/wp-content\/uploads\/2022\/11\/e2a6ffecbccc49e381ba8b644bac8b02.jpg","width":720,"height":614},{"@type":"WebPage","@id":"https:\/\/www.nettali.com\/2022\/11\/25\/aliou-cisse-je-remercie-edouard-mendy\/#webpage","url":"https:\/\/www.nettali.com\/2022\/11\/25\/aliou-cisse-je-remercie-edouard-mendy\/","name":"ALIOU CISS\u00c9 - \"Je remercie \u00c9douard Mendy\" | Nettali.com","isPartOf":{"@id":"https:\/\/www.nettali.com\/#website"},"primaryImageOfPage":{"@id":"https:\/\/www.nettali.com\/2022\/11\/25\/aliou-cisse-je-remercie-edouard-mendy\/#primaryimage"},"datePublished":"2022-11-25T17:17:22+00:00","dateModified":"2022-11-26T09:26:40+00:00","author":{"@id":"https:\/\/www.nettali.com\/#\/schema\/person\/bb147657c2986240405a608162b9bb23"},"breadcrumb":{"@id":"https:\/\/www.nettali.com\/2022\/11\/25\/aliou-cisse-je-remercie-edouard-mendy\/#breadcrumb"},"inLanguage":"fr-FR","potentialAction":[{"@type":"ReadAction","target":["https:\/\/www.nettali.com\/2022\/11\/25\/aliou-cisse-je-remercie-edouard-mendy\/"]}]},{"@type":"BreadcrumbList","@id":"https:\/\/www.nettali.com\/2022\/11\/25\/aliou-cisse-je-remercie-edouard-mendy\/#breadcrumb","itemListElement":[{"@type":"ListItem","position":1,"name":"Accueil","item":"https:\/\/www.nettali.com\/"},{"@type":"ListItem","position":2,"name":"ALIOU CISS\u00c9 - \"Je remercie \u00c9douard Mendy\""}]},{"@type":"Person","@id":"https:\/\/www.nettali.com\/#\/schema\/person\/bb147657c2986240405a608162b9bb23","name":"Ibrahima","image":{"@type":"ImageObject","@id":"https:\/\/www.nettali.com\/#personlogo","inLanguage":"fr-FR","url":"https:\/\/secure.gravatar.com\/avatar\/26a8a81f09f0dd7624c9d5c36c9ba3a2?s=96&d=mm&r=g","contentUrl":"https:\/\/secure.gravatar.com\/avatar\/26a8a81f09f0dd7624c9d5c36c9ba3a2?s=96&d=mm&r=g","caption":"Ibrahima"},"sameAs":["https:\/\/www.nettali.com"]}]}},"_links":{"self":[{"href":"https:\/\/www.nettali.com\/rest\/wp\/v2\/posts\/98374"}],"collection":[{"href":"https:\/\/www.nettali.com\/rest\/wp\/v2\/posts"}],"about":[{"href":"https:\/\/www.nettali.com\/rest\/wp\/v2\/types\/post"}],"author":[{"embeddable":true,"href":"https:\/\/www.nettali.com\/rest\/wp\/v2\/users\/5"}],"replies":[{"embeddable":true,"href":"https:\/\/www.nettali.com\/rest\/wp\/v2\/comments?post=98374"}],"version-history":[{"count":5,"href":"https:\/\/www.nettali.com\/rest\/wp\/v2\/posts\/98374\/revisions"}],"predecessor-version":[{"id":98393,"href":"https:\/\/www.nettali.com\/rest\/wp\/v2\/posts\/98374\/revisions\/98393"}],"wp:featuredmedia":[{"embeddable":true,"href":"https:\/\/www.nettali.com\/rest\/wp\/v2\/media\/98375"}],"wp:attachment":[{"href":"https:\/\/www.nettali.com\/rest\/wp\/v2\/media?parent=98374"}],"wp:term":[{"taxonomy":"category","embeddable":true,"href":"https:\/\/www.nettali.com\/rest\/wp\/v2\/categories?post=98374"},{"taxonomy":"post_tag","embeddable":true,"href":"https:\/\/www.nettali.com\/rest\/wp\/v2\/tags?post=98374"}],"curies":[{"name":"wp","href":"https:\/\/api.w.org\/{rel}","templated":true}]}}