{"id":98240,"date":"2022-11-23T17:28:09","date_gmt":"2022-11-23T17:28:09","guid":{"rendered":"https:\/\/www.nettali.com\/?p=98240"},"modified":"2022-11-23T17:28:09","modified_gmt":"2022-11-23T17:28:09","slug":"mondial-2022-les-allemands-taclent-la-fifa-en-se-couvrant-la-bouche","status":"publish","type":"post","link":"https:\/\/www.nettali.com\/2022\/11\/23\/mondial-2022-les-allemands-taclent-la-fifa-en-se-couvrant-la-bouche\/","title":{"rendered":"MONDIAL 2022 - Les Allemands taclent la Fifa en se couvrant la bouche"},"content":{"rendered":"<p><strong>NETTALI.COM - En ouverture de la rencontre Allemagne-Japon, mercredi 23 novembre \u00e0 Doha, les joueurs de la Nationalmannschaft se sont couvert la bouche avant la traditionnelle photo d'avant-match. Un geste pour protester contre la Fifa qui avait menac\u00e9 de sanctions les s\u00e9lections qui joueraient au Qatar avec le brassard \"One Love\".<\/strong><\/p>\n<p>Face aux menaces de \"<em>sanctions sportives<\/em>\" brandies par la F\u00e9d\u00e9ration internationale de football (Fifa), les sept s\u00e9lections europ\u00e9ennes qui avaient pr\u00e9vu de porter lors du Mondial en cours un\u00a0brassard \"One Love\", en signe d'inclusion et de diversit\u00e9 et contre les discriminations, y ont renonc\u00e9 en d\u00e9but de semaine. Elles entendaient faire porter ce brassard \u00e0 leurs capitaines alors que le Qatar, pays-organisateur de la Coupe du monde 2022, est l'objet de critiques vis-\u00e0-vis des droits humains et du traitement r\u00e9serv\u00e9 aux personnes LGBTQ+ et aux travailleurs migrants. Mais les joueurs de l'\u00e9quipe d'Allemagne n'entendaient pas rester\u00a0sans r\u00e9action pour leur entr\u00e9e en comp\u00e9tition contre le Japon mercredi. Manuel Neuer, le capitaine et gardien de la Nationalmannschaft, n'avait pas de brassard \"One Love\", mais lui et ses co\u00e9quipiers ont trouv\u00e9 un moyen de r\u00e9pondre \u00e0 la Fifa. Au moment de prendre la pose pour la photo d'avant-match, les onze Allemands se sont couvert la bouche d'une main. Sous les yeux de\u00a0Gianni Infantino, le pr\u00e9sident de la Fifa, pr\u00e9sent dans le stade international de Khalifa.<\/p>\n<p><strong>\"<em>Les droits humains ne sont pas n\u00e9gociables<\/em>\"<\/strong><\/p>\n<p>Dans la foul\u00e9e, sur Twitter et d'autres r\u00e9seaux sociaux, la F\u00e9d\u00e9ration allemande de football a publi\u00e9 un communiqu\u00e9 cinglant\u00a0: \"<em>Avec notre brassard de capitaine, nous voulions montrer les valeurs que nous vivons au sein de l'\u00e9quipe nationale\u00a0: Diversit\u00e9 et respect mutuel. Faire du bruit ensemble avec les autres nations<\/em>.\" \"<em>Il ne s'agit pas d'un message politique\u00a0: les droits humains ne sont pas n\u00e9gociables. Cela devrait \u00eatre une \u00e9vidence. Malheureusement, ce n'est toujours pas le cas. C'est pourquoi ce message est si important pour nous. Nous interdire de porter le bandeau, c'est nous interdire de parler. Notre position est claire<\/em>.\"<\/p>\n<p>Dans les tribunes, la ministre de l'Int\u00e9rieur en charge des Sports, Nancy Faeser, a elle aussi pris position. Assise aux c\u00f4t\u00e9s de Gianni Infantino, elle a retir\u00e9 sa veste, laissant appara\u00eetre \u00e0 son bras le fameux brassard \"One Love\" que la Fifa ne voulait pas voir sur le terrain.<\/p>\n<div class='share-to-whatsapp-wrapper'><div class='share-on-whsp'>PARTAGER SUR : <\/div><a data-text='MONDIAL 2022 - Les Allemands taclent la Fifa en se couvrant la bouche' data-link='https:\/\/www.nettali.com\/2022\/11\/23\/mondial-2022-les-allemands-taclent-la-fifa-en-se-couvrant-la-bouche\/' class='whatsapp-button whatsapp-share'>WhatsApp<\/a><div class='clear '><\/div><\/div>","protected":false},"excerpt":{"rendered":"<p>NETTALI.COM - En ouverture de la rencontre Allemagne-Japon, mercredi 23 novembre \u00e0 Doha, les joueurs de la Nationalmannschaft se sont couvert la bouche avant la traditionnelle photo d'avant-match. Un geste pour protester contre la Fifa qui avait menac\u00e9 de sanctions les s\u00e9lections qui joueraient au Qatar avec le brassard \"One Love\". Face aux menaces de [&hellip;]<\/p>\n","protected":false},"author":5,"featured_media":98241,"comment_status":"open","ping_status":"open","sticky":false,"template":"","format":"standard","meta":{"_et_pb_use_builder":"","_et_pb_old_content":""},"categories":[6],"tags":[],"yoast_head":"<!-- This site is optimized with the Yoast SEO Premium plugin v17.8 (Yoast SEO v17.8) - https:\/\/yoast.com\/wordpress\/plugins\/seo\/ -->\n<title>MONDIAL 2022 - Les Allemands taclent la Fifa en se couvrant la bouche | Nettali.com<\/title>\n<meta name=\"robots\" content=\"index, follow, max-snippet:-1, max-image-preview:large, max-video-preview:-1\" \/>\n<link rel=\"canonical\" href=\"https:\/\/www.nettali.com\/2022\/11\/23\/mondial-2022-les-allemands-taclent-la-fifa-en-se-couvrant-la-bouche\/\" \/>\n<meta property=\"og:locale\" content=\"fr_FR\" \/>\n<meta property=\"og:type\" content=\"article\" \/>\n<meta property=\"og:title\" content=\"MONDIAL 2022 - Les Allemands taclent la Fifa en se couvrant la bouche\" \/>\n<meta property=\"og:description\" content=\"NETTALI.COM - En ouverture de la rencontre Allemagne-Japon, mercredi 23 novembre \u00e0 Doha, les joueurs de la Nationalmannschaft se sont couvert la bouche avant la traditionnelle photo d&#039;avant-match. Un geste pour protester contre la Fifa qui avait menac\u00e9 de sanctions les s\u00e9lections qui joueraient au Qatar avec le brassard &quot;One Love&quot;. Face aux menaces de [&hellip;]\" \/>\n<meta property=\"og:url\" content=\"https:\/\/www.nettali.com\/2022\/11\/23\/mondial-2022-les-allemands-taclent-la-fifa-en-se-couvrant-la-bouche\/\" \/>\n<meta property=\"og:site_name\" content=\"Nettali.com\" \/>\n<meta property=\"article:publisher\" content=\"https:\/\/www.facebook.com\/nettalicom\" \/>\n<meta property=\"article:published_time\" content=\"2022-11-23T17:28:09+00:00\" \/>\n<meta property=\"og:image\" content=\"https:\/\/www.nettali.com\/wp-content\/uploads\/2022\/11\/panoramic_248768_0092.jpg\" \/>\n\t<meta property=\"og:image:width\" content=\"804\" \/>\n\t<meta property=\"og:image:height\" content=\"539\" \/>\n<meta name=\"twitter:card\" content=\"summary_large_image\" \/>\n<meta name=\"twitter:label1\" content=\"\u00c9crit par\" \/>\n\t<meta name=\"twitter:data1\" content=\"Ibrahima\" \/>\n\t<meta name=\"twitter:label2\" content=\"Dur\u00e9e de lecture estim\u00e9e\" \/>\n\t<meta name=\"twitter:data2\" content=\"2 minutes\" \/>\n<script type=\"application\/ld+json\" class=\"yoast-schema-graph\">{\"@context\":\"https:\/\/schema.org\",\"@graph\":[{\"@type\":\"WebSite\",\"@id\":\"https:\/\/www.nettali.com\/#website\",\"url\":\"https:\/\/www.nettali.com\/\",\"name\":\"Nettali.com\",\"description\":\"Le rendez-vous critique du Net\",\"potentialAction\":[{\"@type\":\"SearchAction\",\"target\":{\"@type\":\"EntryPoint\",\"urlTemplate\":\"https:\/\/www.nettali.com\/?s={search_term_string}\"},\"query-input\":\"required name=search_term_string\"}],\"inLanguage\":\"fr-FR\"},{\"@type\":\"ImageObject\",\"@id\":\"https:\/\/www.nettali.com\/2022\/11\/23\/mondial-2022-les-allemands-taclent-la-fifa-en-se-couvrant-la-bouche\/#primaryimage\",\"inLanguage\":\"fr-FR\",\"url\":\"https:\/\/www.nettali.com\/wp-content\/uploads\/2022\/11\/panoramic_248768_0092.jpg\",\"contentUrl\":\"https:\/\/www.nettali.com\/wp-content\/uploads\/2022\/11\/panoramic_248768_0092.jpg\",\"width\":804,\"height\":539,\"caption\":\"Soccer Football - FIFA World Cup Qatar 2022 - Group E - Germany v Japan - Khalifa International Stadium, Doha, Qatar - November 23, 2022 Germany players cover their mouths as they pose for a team group photo before the match || 248768_0092\"},{\"@type\":\"WebPage\",\"@id\":\"https:\/\/www.nettali.com\/2022\/11\/23\/mondial-2022-les-allemands-taclent-la-fifa-en-se-couvrant-la-bouche\/#webpage\",\"url\":\"https:\/\/www.nettali.com\/2022\/11\/23\/mondial-2022-les-allemands-taclent-la-fifa-en-se-couvrant-la-bouche\/\",\"name\":\"MONDIAL 2022 - Les Allemands taclent la Fifa en se couvrant la bouche | Nettali.com\",\"isPartOf\":{\"@id\":\"https:\/\/www.nettali.com\/#website\"},\"primaryImageOfPage\":{\"@id\":\"https:\/\/www.nettali.com\/2022\/11\/23\/mondial-2022-les-allemands-taclent-la-fifa-en-se-couvrant-la-bouche\/#primaryimage\"},\"datePublished\":\"2022-11-23T17:28:09+00:00\",\"dateModified\":\"2022-11-23T17:28:09+00:00\",\"author\":{\"@id\":\"https:\/\/www.nettali.com\/#\/schema\/person\/bb147657c2986240405a608162b9bb23\"},\"breadcrumb\":{\"@id\":\"https:\/\/www.nettali.com\/2022\/11\/23\/mondial-2022-les-allemands-taclent-la-fifa-en-se-couvrant-la-bouche\/#breadcrumb\"},\"inLanguage\":\"fr-FR\",\"potentialAction\":[{\"@type\":\"ReadAction\",\"target\":[\"https:\/\/www.nettali.com\/2022\/11\/23\/mondial-2022-les-allemands-taclent-la-fifa-en-se-couvrant-la-bouche\/\"]}]},{\"@type\":\"BreadcrumbList\",\"@id\":\"https:\/\/www.nettali.com\/2022\/11\/23\/mondial-2022-les-allemands-taclent-la-fifa-en-se-couvrant-la-bouche\/#breadcrumb\",\"itemListElement\":[{\"@type\":\"ListItem\",\"position\":1,\"name\":\"Accueil\",\"item\":\"https:\/\/www.nettali.com\/\"},{\"@type\":\"ListItem\",\"position\":2,\"name\":\"MONDIAL 2022 - Les Allemands taclent la Fifa en se couvrant la bouche\"}]},{\"@type\":\"Person\",\"@id\":\"https:\/\/www.nettali.com\/#\/schema\/person\/bb147657c2986240405a608162b9bb23\",\"name\":\"Ibrahima\",\"image\":{\"@type\":\"ImageObject\",\"@id\":\"https:\/\/www.nettali.com\/#personlogo\",\"inLanguage\":\"fr-FR\",\"url\":\"https:\/\/secure.gravatar.com\/avatar\/26a8a81f09f0dd7624c9d5c36c9ba3a2?s=96&d=mm&r=g\",\"contentUrl\":\"https:\/\/secure.gravatar.com\/avatar\/26a8a81f09f0dd7624c9d5c36c9ba3a2?s=96&d=mm&r=g\",\"caption\":\"Ibrahima\"},\"sameAs\":[\"https:\/\/www.nettali.com\"]}]}<\/script>\n<!-- \/ Yoast SEO Premium plugin. -->","yoast_head_json":{"title":"MONDIAL 2022 - Les Allemands taclent la Fifa en se couvrant la bouche | Nettali.com","robots":{"index":"index","follow":"follow","max-snippet":"max-snippet:-1","max-image-preview":"max-image-preview:large","max-video-preview":"max-video-preview:-1"},"canonical":"https:\/\/www.nettali.com\/2022\/11\/23\/mondial-2022-les-allemands-taclent-la-fifa-en-se-couvrant-la-bouche\/","og_locale":"fr_FR","og_type":"article","og_title":"MONDIAL 2022 - Les Allemands taclent la Fifa en se couvrant la bouche","og_description":"NETTALI.COM - En ouverture de la rencontre Allemagne-Japon, mercredi 23 novembre \u00e0 Doha, les joueurs de la Nationalmannschaft se sont couvert la bouche avant la traditionnelle photo d'avant-match. Un geste pour protester contre la Fifa qui avait menac\u00e9 de sanctions les s\u00e9lections qui joueraient au Qatar avec le brassard \"One Love\". Face aux menaces de [&hellip;]","og_url":"https:\/\/www.nettali.com\/2022\/11\/23\/mondial-2022-les-allemands-taclent-la-fifa-en-se-couvrant-la-bouche\/","og_site_name":"Nettali.com","article_publisher":"https:\/\/www.facebook.com\/nettalicom","article_published_time":"2022-11-23T17:28:09+00:00","og_image":[{"width":804,"height":539,"url":"https:\/\/www.nettali.com\/wp-content\/uploads\/2022\/11\/panoramic_248768_0092.jpg","type":"image\/jpeg"}],"twitter_card":"summary_large_image","twitter_misc":{"\u00c9crit par":"Ibrahima","Dur\u00e9e de lecture estim\u00e9e":"2 minutes"},"schema":{"@context":"https:\/\/schema.org","@graph":[{"@type":"WebSite","@id":"https:\/\/www.nettali.com\/#website","url":"https:\/\/www.nettali.com\/","name":"Nettali.com","description":"Le rendez-vous critique du Net","potentialAction":[{"@type":"SearchAction","target":{"@type":"EntryPoint","urlTemplate":"https:\/\/www.nettali.com\/?s={search_term_string}"},"query-input":"required name=search_term_string"}],"inLanguage":"fr-FR"},{"@type":"ImageObject","@id":"https:\/\/www.nettali.com\/2022\/11\/23\/mondial-2022-les-allemands-taclent-la-fifa-en-se-couvrant-la-bouche\/#primaryimage","inLanguage":"fr-FR","url":"https:\/\/www.nettali.com\/wp-content\/uploads\/2022\/11\/panoramic_248768_0092.jpg","contentUrl":"https:\/\/www.nettali.com\/wp-content\/uploads\/2022\/11\/panoramic_248768_0092.jpg","width":804,"height":539,"caption":"Soccer Football - FIFA World Cup Qatar 2022 - Group E - Germany v Japan - Khalifa International Stadium, Doha, Qatar - November 23, 2022 Germany players cover their mouths as they pose for a team group photo before the match || 248768_0092"},{"@type":"WebPage","@id":"https:\/\/www.nettali.com\/2022\/11\/23\/mondial-2022-les-allemands-taclent-la-fifa-en-se-couvrant-la-bouche\/#webpage","url":"https:\/\/www.nettali.com\/2022\/11\/23\/mondial-2022-les-allemands-taclent-la-fifa-en-se-couvrant-la-bouche\/","name":"MONDIAL 2022 - Les Allemands taclent la Fifa en se couvrant la bouche | Nettali.com","isPartOf":{"@id":"https:\/\/www.nettali.com\/#website"},"primaryImageOfPage":{"@id":"https:\/\/www.nettali.com\/2022\/11\/23\/mondial-2022-les-allemands-taclent-la-fifa-en-se-couvrant-la-bouche\/#primaryimage"},"datePublished":"2022-11-23T17:28:09+00:00","dateModified":"2022-11-23T17:28:09+00:00","author":{"@id":"https:\/\/www.nettali.com\/#\/schema\/person\/bb147657c2986240405a608162b9bb23"},"breadcrumb":{"@id":"https:\/\/www.nettali.com\/2022\/11\/23\/mondial-2022-les-allemands-taclent-la-fifa-en-se-couvrant-la-bouche\/#breadcrumb"},"inLanguage":"fr-FR","potentialAction":[{"@type":"ReadAction","target":["https:\/\/www.nettali.com\/2022\/11\/23\/mondial-2022-les-allemands-taclent-la-fifa-en-se-couvrant-la-bouche\/"]}]},{"@type":"BreadcrumbList","@id":"https:\/\/www.nettali.com\/2022\/11\/23\/mondial-2022-les-allemands-taclent-la-fifa-en-se-couvrant-la-bouche\/#breadcrumb","itemListElement":[{"@type":"ListItem","position":1,"name":"Accueil","item":"https:\/\/www.nettali.com\/"},{"@type":"ListItem","position":2,"name":"MONDIAL 2022 - Les Allemands taclent la Fifa en se couvrant la bouche"}]},{"@type":"Person","@id":"https:\/\/www.nettali.com\/#\/schema\/person\/bb147657c2986240405a608162b9bb23","name":"Ibrahima","image":{"@type":"ImageObject","@id":"https:\/\/www.nettali.com\/#personlogo","inLanguage":"fr-FR","url":"https:\/\/secure.gravatar.com\/avatar\/26a8a81f09f0dd7624c9d5c36c9ba3a2?s=96&d=mm&r=g","contentUrl":"https:\/\/secure.gravatar.com\/avatar\/26a8a81f09f0dd7624c9d5c36c9ba3a2?s=96&d=mm&r=g","caption":"Ibrahima"},"sameAs":["https:\/\/www.nettali.com"]}]}},"_links":{"self":[{"href":"https:\/\/www.nettali.com\/rest\/wp\/v2\/posts\/98240"}],"collection":[{"href":"https:\/\/www.nettali.com\/rest\/wp\/v2\/posts"}],"about":[{"href":"https:\/\/www.nettali.com\/rest\/wp\/v2\/types\/post"}],"author":[{"embeddable":true,"href":"https:\/\/www.nettali.com\/rest\/wp\/v2\/users\/5"}],"replies":[{"embeddable":true,"href":"https:\/\/www.nettali.com\/rest\/wp\/v2\/comments?post=98240"}],"version-history":[{"count":3,"href":"https:\/\/www.nettali.com\/rest\/wp\/v2\/posts\/98240\/revisions"}],"predecessor-version":[{"id":98249,"href":"https:\/\/www.nettali.com\/rest\/wp\/v2\/posts\/98240\/revisions\/98249"}],"wp:featuredmedia":[{"embeddable":true,"href":"https:\/\/www.nettali.com\/rest\/wp\/v2\/media\/98241"}],"wp:attachment":[{"href":"https:\/\/www.nettali.com\/rest\/wp\/v2\/media?parent=98240"}],"wp:term":[{"taxonomy":"category","embeddable":true,"href":"https:\/\/www.nettali.com\/rest\/wp\/v2\/categories?post=98240"},{"taxonomy":"post_tag","embeddable":true,"href":"https:\/\/www.nettali.com\/rest\/wp\/v2\/tags?post=98240"}],"curies":[{"name":"wp","href":"https:\/\/api.w.org\/{rel}","templated":true}]}}