{"id":98229,"date":"2022-11-23T17:47:25","date_gmt":"2022-11-23T17:47:25","guid":{"rendered":"https:\/\/www.nettali.com\/?p=98229"},"modified":"2022-11-23T22:47:39","modified_gmt":"2022-11-23T22:47:39","slug":"cheikh-o-diagne-et-karim-gueye-entendus-au-fond-la-defense-en-quete-de-liberte-provisoire","status":"publish","type":"post","link":"https:\/\/www.nettali.com\/2022\/11\/23\/cheikh-o-diagne-et-karim-gueye-entendus-au-fond-la-defense-en-quete-de-liberte-provisoire\/","title":{"rendered":"CHEIKH O. DIAGNE ET KARIM GUEYE ENTENDUS AU FOND - La d\u00e9fense en qu\u00eate de libert\u00e9 provisoire"},"content":{"rendered":"<p><strong>NETTALI.COM - Plac\u00e9s sous mandat de d\u00e9p\u00f4t depuis septembre 2022 pour diffusion de fausses nouvelles, Cheikh Oumar Diagne et Abdou Karim Gu\u00e8ye dit Karim Xrum Xaax sont entendus au fond ce mercredi 23 novembre. A l'issue des auditions, leurs avocats vont d\u00e9poser des demandes de remise en libert\u00e9 provisoire.<\/strong><\/p>\n<p>L'interrogatoire de Cheikh Oumar Diagne a pris fin. Celui de Karim Xrum Xaax va suivre. Me Khoureyssi B\u00e2 qui donne l'information rappelle que le duo est inculp\u00e9 des chefs des articles 255 (diffusion de fausses nouvelles) et 80 (autres actes et man\u0153uvres de nature \u00e0 compromettre la s\u00e9curit\u00e9 publique ou \u00e0 occasionner des troubles politiques graves, \u00e0 enfreindre les lois du pays) du Code P\u00e9nal. Les deux inculp\u00e9s sont assist\u00e9es par Me Patrick Kabou, Mahecor Diouf,\u00a0 substituant Me Moussa Sarr, Abdi Nar Ndiaye, Babacar Ndiaye et Me B\u00e2 lui-m\u00eame. A l'en\u00a0 croire, le Doyen des Juges sera saisi aussit\u00f4t apr\u00e8s d'une requ\u00eate de la D\u00e9fense aux fins de solliciter, apr\u00e8s deux mois et demi de d\u00e9tention, la main-lev\u00e9e des mandats de d\u00e9p\u00f4t et la remise en libert\u00e9 des inculp\u00e9s, \u00e0 charge pour le magistrat instructeur de transmettre cette demande au procureur de la R\u00e9publique pour avis.<\/p>\n<div class='share-to-whatsapp-wrapper'><div class='share-on-whsp'>PARTAGER SUR : <\/div><a data-text='CHEIKH O. DIAGNE ET KARIM GUEYE ENTENDUS AU FOND - La d\u00e9fense en qu\u00eate de libert\u00e9 provisoire' data-link='https:\/\/www.nettali.com\/2022\/11\/23\/cheikh-o-diagne-et-karim-gueye-entendus-au-fond-la-defense-en-quete-de-liberte-provisoire\/' class='whatsapp-button whatsapp-share'>WhatsApp<\/a><div class='clear '><\/div><\/div>","protected":false},"excerpt":{"rendered":"<p>NETTALI.COM - Plac\u00e9s sous mandat de d\u00e9p\u00f4t depuis septembre 2022 pour diffusion de fausses nouvelles, Cheikh Oumar Diagne et Abdou Karim Gu\u00e8ye dit Karim Xrum Xaax sont entendus au fond ce mercredi 23 novembre. A l'issue des auditions, leurs avocats vont d\u00e9poser des demandes de remise en libert\u00e9 provisoire. L'interrogatoire de Cheikh Oumar Diagne a [&hellip;]<\/p>\n","protected":false},"author":6,"featured_media":98256,"comment_status":"open","ping_status":"open","sticky":false,"template":"","format":"standard","meta":{"_et_pb_use_builder":"","_et_pb_old_content":""},"categories":[3],"tags":[],"yoast_head":"<!-- This site is optimized with the Yoast SEO Premium plugin v17.8 (Yoast SEO v17.8) - https:\/\/yoast.com\/wordpress\/plugins\/seo\/ -->\n<title>CHEIKH O. DIAGNE ET KARIM GUEYE ENTENDUS AU FOND - La d\u00e9fense en qu\u00eate de libert\u00e9 provisoire | Nettali.com<\/title>\n<meta name=\"robots\" content=\"index, follow, max-snippet:-1, max-image-preview:large, max-video-preview:-1\" \/>\n<link rel=\"canonical\" href=\"https:\/\/www.nettali.com\/2022\/11\/23\/cheikh-o-diagne-et-karim-gueye-entendus-au-fond-la-defense-en-quete-de-liberte-provisoire\/\" \/>\n<meta property=\"og:locale\" content=\"fr_FR\" \/>\n<meta property=\"og:type\" content=\"article\" \/>\n<meta property=\"og:title\" content=\"CHEIKH O. DIAGNE ET KARIM GUEYE ENTENDUS AU FOND - La d\u00e9fense en qu\u00eate de libert\u00e9 provisoire\" \/>\n<meta property=\"og:description\" content=\"NETTALI.COM - Plac\u00e9s sous mandat de d\u00e9p\u00f4t depuis septembre 2022 pour diffusion de fausses nouvelles, Cheikh Oumar Diagne et Abdou Karim Gu\u00e8ye dit Karim Xrum Xaax sont entendus au fond ce mercredi 23 novembre. A l&#039;issue des auditions, leurs avocats vont d\u00e9poser des demandes de remise en libert\u00e9 provisoire. L&#039;interrogatoire de Cheikh Oumar Diagne a [&hellip;]\" \/>\n<meta property=\"og:url\" content=\"https:\/\/www.nettali.com\/2022\/11\/23\/cheikh-o-diagne-et-karim-gueye-entendus-au-fond-la-defense-en-quete-de-liberte-provisoire\/\" \/>\n<meta property=\"og:site_name\" content=\"Nettali.com\" \/>\n<meta property=\"article:publisher\" content=\"https:\/\/www.facebook.com\/nettalicom\" \/>\n<meta property=\"article:published_time\" content=\"2022-11-23T17:47:25+00:00\" \/>\n<meta property=\"article:modified_time\" content=\"2022-11-23T22:47:39+00:00\" \/>\n<meta property=\"og:image\" content=\"https:\/\/www.nettali.com\/wp-content\/uploads\/2022\/11\/Cheikh-Oumar-Diagne-et-Abdou-Karim-Gueye.jpg\" \/>\n\t<meta property=\"og:image:width\" content=\"638\" \/>\n\t<meta property=\"og:image:height\" content=\"413\" \/>\n<meta name=\"twitter:card\" content=\"summary_large_image\" \/>\n<meta name=\"twitter:label1\" content=\"\u00c9crit par\" \/>\n\t<meta name=\"twitter:data1\" content=\"Fatou\" \/>\n\t<meta name=\"twitter:label2\" content=\"Dur\u00e9e de lecture estim\u00e9e\" \/>\n\t<meta name=\"twitter:data2\" content=\"1 minute\" \/>\n<script type=\"application\/ld+json\" class=\"yoast-schema-graph\">{\"@context\":\"https:\/\/schema.org\",\"@graph\":[{\"@type\":\"WebSite\",\"@id\":\"https:\/\/www.nettali.com\/#website\",\"url\":\"https:\/\/www.nettali.com\/\",\"name\":\"Nettali.com\",\"description\":\"Le rendez-vous critique du Net\",\"potentialAction\":[{\"@type\":\"SearchAction\",\"target\":{\"@type\":\"EntryPoint\",\"urlTemplate\":\"https:\/\/www.nettali.com\/?s={search_term_string}\"},\"query-input\":\"required name=search_term_string\"}],\"inLanguage\":\"fr-FR\"},{\"@type\":\"ImageObject\",\"@id\":\"https:\/\/www.nettali.com\/2022\/11\/23\/cheikh-o-diagne-et-karim-gueye-entendus-au-fond-la-defense-en-quete-de-liberte-provisoire\/#primaryimage\",\"inLanguage\":\"fr-FR\",\"url\":\"https:\/\/www.nettali.com\/wp-content\/uploads\/2022\/11\/Cheikh-Oumar-Diagne-et-Abdou-Karim-Gueye.jpg\",\"contentUrl\":\"https:\/\/www.nettali.com\/wp-content\/uploads\/2022\/11\/Cheikh-Oumar-Diagne-et-Abdou-Karim-Gueye.jpg\",\"width\":638,\"height\":413},{\"@type\":\"WebPage\",\"@id\":\"https:\/\/www.nettali.com\/2022\/11\/23\/cheikh-o-diagne-et-karim-gueye-entendus-au-fond-la-defense-en-quete-de-liberte-provisoire\/#webpage\",\"url\":\"https:\/\/www.nettali.com\/2022\/11\/23\/cheikh-o-diagne-et-karim-gueye-entendus-au-fond-la-defense-en-quete-de-liberte-provisoire\/\",\"name\":\"CHEIKH O. DIAGNE ET KARIM GUEYE ENTENDUS AU FOND - La d\\u00e9fense en qu\\u00eate de libert\\u00e9 provisoire | Nettali.com\",\"isPartOf\":{\"@id\":\"https:\/\/www.nettali.com\/#website\"},\"primaryImageOfPage\":{\"@id\":\"https:\/\/www.nettali.com\/2022\/11\/23\/cheikh-o-diagne-et-karim-gueye-entendus-au-fond-la-defense-en-quete-de-liberte-provisoire\/#primaryimage\"},\"datePublished\":\"2022-11-23T17:47:25+00:00\",\"dateModified\":\"2022-11-23T22:47:39+00:00\",\"author\":{\"@id\":\"https:\/\/www.nettali.com\/#\/schema\/person\/418274a86bdf87caff7a3ef476bd0bbf\"},\"breadcrumb\":{\"@id\":\"https:\/\/www.nettali.com\/2022\/11\/23\/cheikh-o-diagne-et-karim-gueye-entendus-au-fond-la-defense-en-quete-de-liberte-provisoire\/#breadcrumb\"},\"inLanguage\":\"fr-FR\",\"potentialAction\":[{\"@type\":\"ReadAction\",\"target\":[\"https:\/\/www.nettali.com\/2022\/11\/23\/cheikh-o-diagne-et-karim-gueye-entendus-au-fond-la-defense-en-quete-de-liberte-provisoire\/\"]}]},{\"@type\":\"BreadcrumbList\",\"@id\":\"https:\/\/www.nettali.com\/2022\/11\/23\/cheikh-o-diagne-et-karim-gueye-entendus-au-fond-la-defense-en-quete-de-liberte-provisoire\/#breadcrumb\",\"itemListElement\":[{\"@type\":\"ListItem\",\"position\":1,\"name\":\"Accueil\",\"item\":\"https:\/\/www.nettali.com\/\"},{\"@type\":\"ListItem\",\"position\":2,\"name\":\"CHEIKH O. DIAGNE ET KARIM GUEYE ENTENDUS AU FOND - La d\\u00e9fense en qu\\u00eate de libert\\u00e9 provisoire\"}]},{\"@type\":\"Person\",\"@id\":\"https:\/\/www.nettali.com\/#\/schema\/person\/418274a86bdf87caff7a3ef476bd0bbf\",\"name\":\"Fatou\",\"image\":{\"@type\":\"ImageObject\",\"@id\":\"https:\/\/www.nettali.com\/#personlogo\",\"inLanguage\":\"fr-FR\",\"url\":\"https:\/\/secure.gravatar.com\/avatar\/5a9442a2bee7b4dcf167cab035858e9a?s=96&d=mm&r=g\",\"contentUrl\":\"https:\/\/secure.gravatar.com\/avatar\/5a9442a2bee7b4dcf167cab035858e9a?s=96&d=mm&r=g\",\"caption\":\"Fatou\"},\"sameAs\":[\"https:\/\/www.nettali.com\"]}]}<\/script>\n<!-- \/ Yoast SEO Premium plugin. -->","yoast_head_json":{"title":"CHEIKH O. DIAGNE ET KARIM GUEYE ENTENDUS AU FOND - La d\u00e9fense en qu\u00eate de libert\u00e9 provisoire | Nettali.com","robots":{"index":"index","follow":"follow","max-snippet":"max-snippet:-1","max-image-preview":"max-image-preview:large","max-video-preview":"max-video-preview:-1"},"canonical":"https:\/\/www.nettali.com\/2022\/11\/23\/cheikh-o-diagne-et-karim-gueye-entendus-au-fond-la-defense-en-quete-de-liberte-provisoire\/","og_locale":"fr_FR","og_type":"article","og_title":"CHEIKH O. DIAGNE ET KARIM GUEYE ENTENDUS AU FOND - La d\u00e9fense en qu\u00eate de libert\u00e9 provisoire","og_description":"NETTALI.COM - Plac\u00e9s sous mandat de d\u00e9p\u00f4t depuis septembre 2022 pour diffusion de fausses nouvelles, Cheikh Oumar Diagne et Abdou Karim Gu\u00e8ye dit Karim Xrum Xaax sont entendus au fond ce mercredi 23 novembre. A l'issue des auditions, leurs avocats vont d\u00e9poser des demandes de remise en libert\u00e9 provisoire. L'interrogatoire de Cheikh Oumar Diagne a [&hellip;]","og_url":"https:\/\/www.nettali.com\/2022\/11\/23\/cheikh-o-diagne-et-karim-gueye-entendus-au-fond-la-defense-en-quete-de-liberte-provisoire\/","og_site_name":"Nettali.com","article_publisher":"https:\/\/www.facebook.com\/nettalicom","article_published_time":"2022-11-23T17:47:25+00:00","article_modified_time":"2022-11-23T22:47:39+00:00","og_image":[{"width":638,"height":413,"url":"https:\/\/www.nettali.com\/wp-content\/uploads\/2022\/11\/Cheikh-Oumar-Diagne-et-Abdou-Karim-Gueye.jpg","type":"image\/jpeg"}],"twitter_card":"summary_large_image","twitter_misc":{"\u00c9crit par":"Fatou","Dur\u00e9e de lecture estim\u00e9e":"1 minute"},"schema":{"@context":"https:\/\/schema.org","@graph":[{"@type":"WebSite","@id":"https:\/\/www.nettali.com\/#website","url":"https:\/\/www.nettali.com\/","name":"Nettali.com","description":"Le rendez-vous critique du Net","potentialAction":[{"@type":"SearchAction","target":{"@type":"EntryPoint","urlTemplate":"https:\/\/www.nettali.com\/?s={search_term_string}"},"query-input":"required name=search_term_string"}],"inLanguage":"fr-FR"},{"@type":"ImageObject","@id":"https:\/\/www.nettali.com\/2022\/11\/23\/cheikh-o-diagne-et-karim-gueye-entendus-au-fond-la-defense-en-quete-de-liberte-provisoire\/#primaryimage","inLanguage":"fr-FR","url":"https:\/\/www.nettali.com\/wp-content\/uploads\/2022\/11\/Cheikh-Oumar-Diagne-et-Abdou-Karim-Gueye.jpg","contentUrl":"https:\/\/www.nettali.com\/wp-content\/uploads\/2022\/11\/Cheikh-Oumar-Diagne-et-Abdou-Karim-Gueye.jpg","width":638,"height":413},{"@type":"WebPage","@id":"https:\/\/www.nettali.com\/2022\/11\/23\/cheikh-o-diagne-et-karim-gueye-entendus-au-fond-la-defense-en-quete-de-liberte-provisoire\/#webpage","url":"https:\/\/www.nettali.com\/2022\/11\/23\/cheikh-o-diagne-et-karim-gueye-entendus-au-fond-la-defense-en-quete-de-liberte-provisoire\/","name":"CHEIKH O. DIAGNE ET KARIM GUEYE ENTENDUS AU FOND - La d\u00e9fense en qu\u00eate de libert\u00e9 provisoire | Nettali.com","isPartOf":{"@id":"https:\/\/www.nettali.com\/#website"},"primaryImageOfPage":{"@id":"https:\/\/www.nettali.com\/2022\/11\/23\/cheikh-o-diagne-et-karim-gueye-entendus-au-fond-la-defense-en-quete-de-liberte-provisoire\/#primaryimage"},"datePublished":"2022-11-23T17:47:25+00:00","dateModified":"2022-11-23T22:47:39+00:00","author":{"@id":"https:\/\/www.nettali.com\/#\/schema\/person\/418274a86bdf87caff7a3ef476bd0bbf"},"breadcrumb":{"@id":"https:\/\/www.nettali.com\/2022\/11\/23\/cheikh-o-diagne-et-karim-gueye-entendus-au-fond-la-defense-en-quete-de-liberte-provisoire\/#breadcrumb"},"inLanguage":"fr-FR","potentialAction":[{"@type":"ReadAction","target":["https:\/\/www.nettali.com\/2022\/11\/23\/cheikh-o-diagne-et-karim-gueye-entendus-au-fond-la-defense-en-quete-de-liberte-provisoire\/"]}]},{"@type":"BreadcrumbList","@id":"https:\/\/www.nettali.com\/2022\/11\/23\/cheikh-o-diagne-et-karim-gueye-entendus-au-fond-la-defense-en-quete-de-liberte-provisoire\/#breadcrumb","itemListElement":[{"@type":"ListItem","position":1,"name":"Accueil","item":"https:\/\/www.nettali.com\/"},{"@type":"ListItem","position":2,"name":"CHEIKH O. DIAGNE ET KARIM GUEYE ENTENDUS AU FOND - La d\u00e9fense en qu\u00eate de libert\u00e9 provisoire"}]},{"@type":"Person","@id":"https:\/\/www.nettali.com\/#\/schema\/person\/418274a86bdf87caff7a3ef476bd0bbf","name":"Fatou","image":{"@type":"ImageObject","@id":"https:\/\/www.nettali.com\/#personlogo","inLanguage":"fr-FR","url":"https:\/\/secure.gravatar.com\/avatar\/5a9442a2bee7b4dcf167cab035858e9a?s=96&d=mm&r=g","contentUrl":"https:\/\/secure.gravatar.com\/avatar\/5a9442a2bee7b4dcf167cab035858e9a?s=96&d=mm&r=g","caption":"Fatou"},"sameAs":["https:\/\/www.nettali.com"]}]}},"_links":{"self":[{"href":"https:\/\/www.nettali.com\/rest\/wp\/v2\/posts\/98229"}],"collection":[{"href":"https:\/\/www.nettali.com\/rest\/wp\/v2\/posts"}],"about":[{"href":"https:\/\/www.nettali.com\/rest\/wp\/v2\/types\/post"}],"author":[{"embeddable":true,"href":"https:\/\/www.nettali.com\/rest\/wp\/v2\/users\/6"}],"replies":[{"embeddable":true,"href":"https:\/\/www.nettali.com\/rest\/wp\/v2\/comments?post=98229"}],"version-history":[{"count":3,"href":"https:\/\/www.nettali.com\/rest\/wp\/v2\/posts\/98229\/revisions"}],"predecessor-version":[{"id":98257,"href":"https:\/\/www.nettali.com\/rest\/wp\/v2\/posts\/98229\/revisions\/98257"}],"wp:featuredmedia":[{"embeddable":true,"href":"https:\/\/www.nettali.com\/rest\/wp\/v2\/media\/98256"}],"wp:attachment":[{"href":"https:\/\/www.nettali.com\/rest\/wp\/v2\/media?parent=98229"}],"wp:term":[{"taxonomy":"category","embeddable":true,"href":"https:\/\/www.nettali.com\/rest\/wp\/v2\/categories?post=98229"},{"taxonomy":"post_tag","embeddable":true,"href":"https:\/\/www.nettali.com\/rest\/wp\/v2\/tags?post=98229"}],"curies":[{"name":"wp","href":"https:\/\/api.w.org\/{rel}","templated":true}]}}