{"id":97992,"date":"2022-11-20T20:46:14","date_gmt":"2022-11-20T20:46:14","guid":{"rendered":"https:\/\/www.nettali.com\/?p=97992"},"modified":"2022-11-20T21:42:41","modified_gmt":"2022-11-20T21:42:41","slug":"pr-abdoulaye-sakho-la-cedeao-doit-organiser-une-coupe-du-monde-en-afrique","status":"publish","type":"post","link":"https:\/\/www.nettali.com\/2022\/11\/20\/pr-abdoulaye-sakho-la-cedeao-doit-organiser-une-coupe-du-monde-en-afrique\/","title":{"rendered":"PR ABDOULAYE SAKHO - \"La Cedeao doit organiser une coupe du monde en Afrique\""},"content":{"rendered":"<p><strong>NETTALI.COM - Les pays membres de la Cedeao doivent pouvoir se regrouper pour organiser la coupe du monde. C\u2019est du moins ce que pr\u00e9conise le Pr Abdoulaye Sakho, agr\u00e9g\u00e9 de Droit priv\u00e9, directeur fondateur du Master de droit de la r\u00e9gulation et du Master de droit du sport. Il \u00e9tait l\u2019invit\u00e9 du JDD.<\/strong><\/p>\n<p>L\u2019organisation d\u2019une coupe du monde n\u00e9cessite beaucoup de moyens. C\u2019est pourquoi apr\u00e8s le Qatar 2022, les USA, le Mexique et le Canada vont se regrouper pour organiser le mondial. Devant le Jury du Dimanche, le Pr Abdoulaye Sakho, agr\u00e9g\u00e9 de Droit priv\u00e9, directeur fondateur du Master de droit de la r\u00e9gulation et du Master de droit du sport, d\u00e9clar\u00e9 que : \u00ab <em>la co-organisation c\u2019est une opportunit\u00e9 \u00e9norme et nous africains devons saisir cela. Que ce soient ces pays de l\u2019Am\u00e9rique du nord qui s\u2019organisent pour faire ces genres de choses l\u00e0 \u00e7a veut dire que le sport et particuli\u00e8rement le football c\u2019est universel. La fronti\u00e8re, l'\u00c9tat nation ne suffit plus du tout. Le spectacle sportif pour qu\u2019il soit rentable il faudrait qu\u2019il s\u2019\u00e9tende sur plusieurs espaces<\/em>\u00a0\u00bb, a d\u00e9clar\u00e9 le co-auteur du livre \"Gestion du football s\u00e9n\u00e9galais : 11 \u00e9l\u00e9ments pour comprendre\".<\/p>\n<p>\u00abS<em>i on voulait se fonder sur l\u2019Etat nation on ne l'organiserait jamais. Parce que les cahiers de charge sont devenus extraordinairement lourds pour un seul Etat, pour le budget d\u2019un seul Etat. Donc, que l\u2019on puisse se regrouper entre Etats ou entre communaut\u00e9 \u00e9conomique r\u00e9gionale comme la Cedeao, que l\u2019on puisse dire on va organiser la Coupe du monde qui passe \u00e0 48 Etats c\u2019est tant mieux. Il faudrait qu\u2019on y aille dans ce sens-l\u00e0 en Afrique<\/em>\u00a0\u00bb.<\/p>\n<p>Pour finir, il invite l\u2019Union africaine ou les communaut\u00e9s \u00e9conomiques r\u00e9gionales \u00e0 ouvrir les discussions pour organiser quelque chose en Afrique.<\/p>\n<div class='share-to-whatsapp-wrapper'><div class='share-on-whsp'>PARTAGER SUR : <\/div><a data-text='PR ABDOULAYE SAKHO - \"La Cedeao doit organiser une coupe du monde en Afrique\"' data-link='https:\/\/www.nettali.com\/2022\/11\/20\/pr-abdoulaye-sakho-la-cedeao-doit-organiser-une-coupe-du-monde-en-afrique\/' class='whatsapp-button whatsapp-share'>WhatsApp<\/a><div class='clear '><\/div><\/div>","protected":false},"excerpt":{"rendered":"<p>NETTALI.COM - Les pays membres de la Cedeao doivent pouvoir se regrouper pour organiser la coupe du monde. C\u2019est du moins ce que pr\u00e9conise le Pr Abdoulaye Sakho, agr\u00e9g\u00e9 de Droit priv\u00e9, directeur fondateur du Master de droit de la r\u00e9gulation et du Master de droit du sport. Il \u00e9tait l\u2019invit\u00e9 du JDD. L\u2019organisation d\u2019une [&hellip;]<\/p>\n","protected":false},"author":6,"featured_media":97989,"comment_status":"open","ping_status":"open","sticky":false,"template":"","format":"standard","meta":{"_et_pb_use_builder":"","_et_pb_old_content":""},"categories":[6],"tags":[],"yoast_head":"<!-- This site is optimized with the Yoast SEO Premium plugin v17.8 (Yoast SEO v17.8) - https:\/\/yoast.com\/wordpress\/plugins\/seo\/ -->\n<title>PR ABDOULAYE SAKHO - &quot;La Cedeao doit organiser une coupe du monde en Afrique&quot; | Nettali.com<\/title>\n<meta name=\"robots\" content=\"index, follow, max-snippet:-1, max-image-preview:large, max-video-preview:-1\" \/>\n<link rel=\"canonical\" href=\"https:\/\/www.nettali.com\/2022\/11\/20\/pr-abdoulaye-sakho-la-cedeao-doit-organiser-une-coupe-du-monde-en-afrique\/\" \/>\n<meta property=\"og:locale\" content=\"fr_FR\" \/>\n<meta property=\"og:type\" content=\"article\" \/>\n<meta property=\"og:title\" content=\"PR ABDOULAYE SAKHO - &quot;La Cedeao doit organiser une coupe du monde en Afrique&quot;\" \/>\n<meta property=\"og:description\" content=\"NETTALI.COM - Les pays membres de la Cedeao doivent pouvoir se regrouper pour organiser la coupe du monde. C\u2019est du moins ce que pr\u00e9conise le Pr Abdoulaye Sakho, agr\u00e9g\u00e9 de Droit priv\u00e9, directeur fondateur du Master de droit de la r\u00e9gulation et du Master de droit du sport. Il \u00e9tait l\u2019invit\u00e9 du JDD. L\u2019organisation d\u2019une [&hellip;]\" \/>\n<meta property=\"og:url\" content=\"https:\/\/www.nettali.com\/2022\/11\/20\/pr-abdoulaye-sakho-la-cedeao-doit-organiser-une-coupe-du-monde-en-afrique\/\" \/>\n<meta property=\"og:site_name\" content=\"Nettali.com\" \/>\n<meta property=\"article:publisher\" content=\"https:\/\/www.facebook.com\/nettalicom\" \/>\n<meta property=\"article:published_time\" content=\"2022-11-20T20:46:14+00:00\" \/>\n<meta property=\"article:modified_time\" content=\"2022-11-20T21:42:41+00:00\" \/>\n<meta property=\"og:image\" content=\"https:\/\/www.nettali.com\/wp-content\/uploads\/2022\/11\/IMG-20221120-WA0055.jpg\" \/>\n\t<meta property=\"og:image:width\" content=\"1024\" \/>\n\t<meta property=\"og:image:height\" content=\"683\" \/>\n<meta name=\"twitter:card\" content=\"summary_large_image\" \/>\n<meta name=\"twitter:label1\" content=\"\u00c9crit par\" \/>\n\t<meta name=\"twitter:data1\" content=\"Fatou\" \/>\n\t<meta name=\"twitter:label2\" content=\"Dur\u00e9e de lecture estim\u00e9e\" \/>\n\t<meta name=\"twitter:data2\" content=\"2 minutes\" \/>\n<script type=\"application\/ld+json\" class=\"yoast-schema-graph\">{\"@context\":\"https:\/\/schema.org\",\"@graph\":[{\"@type\":\"WebSite\",\"@id\":\"https:\/\/www.nettali.com\/#website\",\"url\":\"https:\/\/www.nettali.com\/\",\"name\":\"Nettali.com\",\"description\":\"Le rendez-vous critique du Net\",\"potentialAction\":[{\"@type\":\"SearchAction\",\"target\":{\"@type\":\"EntryPoint\",\"urlTemplate\":\"https:\/\/www.nettali.com\/?s={search_term_string}\"},\"query-input\":\"required name=search_term_string\"}],\"inLanguage\":\"fr-FR\"},{\"@type\":\"ImageObject\",\"@id\":\"https:\/\/www.nettali.com\/2022\/11\/20\/pr-abdoulaye-sakho-la-cedeao-doit-organiser-une-coupe-du-monde-en-afrique\/#primaryimage\",\"inLanguage\":\"fr-FR\",\"url\":\"https:\/\/www.nettali.com\/wp-content\/uploads\/2022\/11\/IMG-20221120-WA0055.jpg\",\"contentUrl\":\"https:\/\/www.nettali.com\/wp-content\/uploads\/2022\/11\/IMG-20221120-WA0055.jpg\",\"width\":1024,\"height\":683},{\"@type\":\"WebPage\",\"@id\":\"https:\/\/www.nettali.com\/2022\/11\/20\/pr-abdoulaye-sakho-la-cedeao-doit-organiser-une-coupe-du-monde-en-afrique\/#webpage\",\"url\":\"https:\/\/www.nettali.com\/2022\/11\/20\/pr-abdoulaye-sakho-la-cedeao-doit-organiser-une-coupe-du-monde-en-afrique\/\",\"name\":\"PR ABDOULAYE SAKHO - \\\"La Cedeao doit organiser une coupe du monde en Afrique\\\" | Nettali.com\",\"isPartOf\":{\"@id\":\"https:\/\/www.nettali.com\/#website\"},\"primaryImageOfPage\":{\"@id\":\"https:\/\/www.nettali.com\/2022\/11\/20\/pr-abdoulaye-sakho-la-cedeao-doit-organiser-une-coupe-du-monde-en-afrique\/#primaryimage\"},\"datePublished\":\"2022-11-20T20:46:14+00:00\",\"dateModified\":\"2022-11-20T21:42:41+00:00\",\"author\":{\"@id\":\"https:\/\/www.nettali.com\/#\/schema\/person\/418274a86bdf87caff7a3ef476bd0bbf\"},\"breadcrumb\":{\"@id\":\"https:\/\/www.nettali.com\/2022\/11\/20\/pr-abdoulaye-sakho-la-cedeao-doit-organiser-une-coupe-du-monde-en-afrique\/#breadcrumb\"},\"inLanguage\":\"fr-FR\",\"potentialAction\":[{\"@type\":\"ReadAction\",\"target\":[\"https:\/\/www.nettali.com\/2022\/11\/20\/pr-abdoulaye-sakho-la-cedeao-doit-organiser-une-coupe-du-monde-en-afrique\/\"]}]},{\"@type\":\"BreadcrumbList\",\"@id\":\"https:\/\/www.nettali.com\/2022\/11\/20\/pr-abdoulaye-sakho-la-cedeao-doit-organiser-une-coupe-du-monde-en-afrique\/#breadcrumb\",\"itemListElement\":[{\"@type\":\"ListItem\",\"position\":1,\"name\":\"Accueil\",\"item\":\"https:\/\/www.nettali.com\/\"},{\"@type\":\"ListItem\",\"position\":2,\"name\":\"PR ABDOULAYE SAKHO - \\\"La Cedeao doit organiser une coupe du monde en Afrique\\\"\"}]},{\"@type\":\"Person\",\"@id\":\"https:\/\/www.nettali.com\/#\/schema\/person\/418274a86bdf87caff7a3ef476bd0bbf\",\"name\":\"Fatou\",\"image\":{\"@type\":\"ImageObject\",\"@id\":\"https:\/\/www.nettali.com\/#personlogo\",\"inLanguage\":\"fr-FR\",\"url\":\"https:\/\/secure.gravatar.com\/avatar\/5a9442a2bee7b4dcf167cab035858e9a?s=96&d=mm&r=g\",\"contentUrl\":\"https:\/\/secure.gravatar.com\/avatar\/5a9442a2bee7b4dcf167cab035858e9a?s=96&d=mm&r=g\",\"caption\":\"Fatou\"},\"sameAs\":[\"https:\/\/www.nettali.com\"]}]}<\/script>\n<!-- \/ Yoast SEO Premium plugin. -->","yoast_head_json":{"title":"PR ABDOULAYE SAKHO - \"La Cedeao doit organiser une coupe du monde en Afrique\" | Nettali.com","robots":{"index":"index","follow":"follow","max-snippet":"max-snippet:-1","max-image-preview":"max-image-preview:large","max-video-preview":"max-video-preview:-1"},"canonical":"https:\/\/www.nettali.com\/2022\/11\/20\/pr-abdoulaye-sakho-la-cedeao-doit-organiser-une-coupe-du-monde-en-afrique\/","og_locale":"fr_FR","og_type":"article","og_title":"PR ABDOULAYE SAKHO - \"La Cedeao doit organiser une coupe du monde en Afrique\"","og_description":"NETTALI.COM - Les pays membres de la Cedeao doivent pouvoir se regrouper pour organiser la coupe du monde. C\u2019est du moins ce que pr\u00e9conise le Pr Abdoulaye Sakho, agr\u00e9g\u00e9 de Droit priv\u00e9, directeur fondateur du Master de droit de la r\u00e9gulation et du Master de droit du sport. Il \u00e9tait l\u2019invit\u00e9 du JDD. L\u2019organisation d\u2019une [&hellip;]","og_url":"https:\/\/www.nettali.com\/2022\/11\/20\/pr-abdoulaye-sakho-la-cedeao-doit-organiser-une-coupe-du-monde-en-afrique\/","og_site_name":"Nettali.com","article_publisher":"https:\/\/www.facebook.com\/nettalicom","article_published_time":"2022-11-20T20:46:14+00:00","article_modified_time":"2022-11-20T21:42:41+00:00","og_image":[{"width":1024,"height":683,"url":"https:\/\/www.nettali.com\/wp-content\/uploads\/2022\/11\/IMG-20221120-WA0055.jpg","type":"image\/jpeg"}],"twitter_card":"summary_large_image","twitter_misc":{"\u00c9crit par":"Fatou","Dur\u00e9e de lecture estim\u00e9e":"2 minutes"},"schema":{"@context":"https:\/\/schema.org","@graph":[{"@type":"WebSite","@id":"https:\/\/www.nettali.com\/#website","url":"https:\/\/www.nettali.com\/","name":"Nettali.com","description":"Le rendez-vous critique du Net","potentialAction":[{"@type":"SearchAction","target":{"@type":"EntryPoint","urlTemplate":"https:\/\/www.nettali.com\/?s={search_term_string}"},"query-input":"required name=search_term_string"}],"inLanguage":"fr-FR"},{"@type":"ImageObject","@id":"https:\/\/www.nettali.com\/2022\/11\/20\/pr-abdoulaye-sakho-la-cedeao-doit-organiser-une-coupe-du-monde-en-afrique\/#primaryimage","inLanguage":"fr-FR","url":"https:\/\/www.nettali.com\/wp-content\/uploads\/2022\/11\/IMG-20221120-WA0055.jpg","contentUrl":"https:\/\/www.nettali.com\/wp-content\/uploads\/2022\/11\/IMG-20221120-WA0055.jpg","width":1024,"height":683},{"@type":"WebPage","@id":"https:\/\/www.nettali.com\/2022\/11\/20\/pr-abdoulaye-sakho-la-cedeao-doit-organiser-une-coupe-du-monde-en-afrique\/#webpage","url":"https:\/\/www.nettali.com\/2022\/11\/20\/pr-abdoulaye-sakho-la-cedeao-doit-organiser-une-coupe-du-monde-en-afrique\/","name":"PR ABDOULAYE SAKHO - \"La Cedeao doit organiser une coupe du monde en Afrique\" | Nettali.com","isPartOf":{"@id":"https:\/\/www.nettali.com\/#website"},"primaryImageOfPage":{"@id":"https:\/\/www.nettali.com\/2022\/11\/20\/pr-abdoulaye-sakho-la-cedeao-doit-organiser-une-coupe-du-monde-en-afrique\/#primaryimage"},"datePublished":"2022-11-20T20:46:14+00:00","dateModified":"2022-11-20T21:42:41+00:00","author":{"@id":"https:\/\/www.nettali.com\/#\/schema\/person\/418274a86bdf87caff7a3ef476bd0bbf"},"breadcrumb":{"@id":"https:\/\/www.nettali.com\/2022\/11\/20\/pr-abdoulaye-sakho-la-cedeao-doit-organiser-une-coupe-du-monde-en-afrique\/#breadcrumb"},"inLanguage":"fr-FR","potentialAction":[{"@type":"ReadAction","target":["https:\/\/www.nettali.com\/2022\/11\/20\/pr-abdoulaye-sakho-la-cedeao-doit-organiser-une-coupe-du-monde-en-afrique\/"]}]},{"@type":"BreadcrumbList","@id":"https:\/\/www.nettali.com\/2022\/11\/20\/pr-abdoulaye-sakho-la-cedeao-doit-organiser-une-coupe-du-monde-en-afrique\/#breadcrumb","itemListElement":[{"@type":"ListItem","position":1,"name":"Accueil","item":"https:\/\/www.nettali.com\/"},{"@type":"ListItem","position":2,"name":"PR ABDOULAYE SAKHO - \"La Cedeao doit organiser une coupe du monde en Afrique\""}]},{"@type":"Person","@id":"https:\/\/www.nettali.com\/#\/schema\/person\/418274a86bdf87caff7a3ef476bd0bbf","name":"Fatou","image":{"@type":"ImageObject","@id":"https:\/\/www.nettali.com\/#personlogo","inLanguage":"fr-FR","url":"https:\/\/secure.gravatar.com\/avatar\/5a9442a2bee7b4dcf167cab035858e9a?s=96&d=mm&r=g","contentUrl":"https:\/\/secure.gravatar.com\/avatar\/5a9442a2bee7b4dcf167cab035858e9a?s=96&d=mm&r=g","caption":"Fatou"},"sameAs":["https:\/\/www.nettali.com"]}]}},"_links":{"self":[{"href":"https:\/\/www.nettali.com\/rest\/wp\/v2\/posts\/97992"}],"collection":[{"href":"https:\/\/www.nettali.com\/rest\/wp\/v2\/posts"}],"about":[{"href":"https:\/\/www.nettali.com\/rest\/wp\/v2\/types\/post"}],"author":[{"embeddable":true,"href":"https:\/\/www.nettali.com\/rest\/wp\/v2\/users\/6"}],"replies":[{"embeddable":true,"href":"https:\/\/www.nettali.com\/rest\/wp\/v2\/comments?post=97992"}],"version-history":[{"count":3,"href":"https:\/\/www.nettali.com\/rest\/wp\/v2\/posts\/97992\/revisions"}],"predecessor-version":[{"id":98022,"href":"https:\/\/www.nettali.com\/rest\/wp\/v2\/posts\/97992\/revisions\/98022"}],"wp:featuredmedia":[{"embeddable":true,"href":"https:\/\/www.nettali.com\/rest\/wp\/v2\/media\/97989"}],"wp:attachment":[{"href":"https:\/\/www.nettali.com\/rest\/wp\/v2\/media?parent=97992"}],"wp:term":[{"taxonomy":"category","embeddable":true,"href":"https:\/\/www.nettali.com\/rest\/wp\/v2\/categories?post=97992"},{"taxonomy":"post_tag","embeddable":true,"href":"https:\/\/www.nettali.com\/rest\/wp\/v2\/tags?post=97992"}],"curies":[{"name":"wp","href":"https:\/\/api.w.org\/{rel}","templated":true}]}}