{"id":97885,"date":"2022-11-18T13:37:54","date_gmt":"2022-11-18T13:37:54","guid":{"rendered":"https:\/\/www.nettali.com\/?p=97885"},"modified":"2022-11-18T13:37:54","modified_gmt":"2022-11-18T13:37:54","slug":"pr-amsatou-sow-sidibe-exige-la-liberation-immediate-de-pape-ale-niang","status":"publish","type":"post","link":"https:\/\/www.nettali.com\/2022\/11\/18\/pr-amsatou-sow-sidibe-exige-la-liberation-immediate-de-pape-ale-niang\/","title":{"rendered":"Pr Amsatou Sow Sidib\u00e9 exige la lib\u00e9ration imm\u00e9diate de Pape Al\u00e9 Niang"},"content":{"rendered":"<p><strong>NETTALI.COM - La vague de soutiens au journaliste Pape Al\u00e9 Niang s\u2019\u00e9largit de jour en jour. Le Professeur en Droit, Amsatou Sow Sidib\u00e9, a demand\u00e9 sa lib\u00e9ration imm\u00e9diate.<\/strong><\/p>\n<p>\"<em>Il me semble important de garantir \u00e0 la fois l\u2019Etat de droit et la libert\u00e9 de la presse qui est un des fondements de la d\u00e9mocratie en ce qu\u2019elle permet la transmission de l\u2019information et la compr\u00e9hension de ce qui se passe. La libert\u00e9 d\u2019information conna\u00eet cependant des limites objectives. D\u2019abord, les droits et libert\u00e9s des uns s\u2019arr\u00eatent l\u00e0 o\u00f9 commencent ceux des autres. Ensuite, sp\u00e9cialement concernant les journalistes, l\u2019article 5 du code de la presse qui fixe leur droit au libre acc\u00e8s \u00e0 toutes les sources d\u2019information et d\u2019enqu\u00eate sans entrave sur tous les faits d\u2019ordre public, pr\u00e9voit comme r\u00e9serve le respect du secret- d\u00e9fense, du secret de l\u2019enqu\u00eate et de l\u2019instruction et de la r\u00e9glementation applicable \u00e0 l\u2019acc\u00e8s \u00e0 certains sites ou structures. Mais, m\u00eame si nul n\u2019est au-dessus des lois, au nom de la d\u00e9mocratie, de la Paix et de la stabilit\u00e9 du pays, dans un contexte d\u2019\u00e9chauffement des esprits, nous sollicitons vivement la lib\u00e9ration imm\u00e9diate du journaliste Pape Al\u00e9 Niang<\/em>\", a soulign\u00e9 le Pr agr\u00e9g\u00e9e de droit, titulaire de classe exceptionnelle.<\/p>\n<p>Qui ajoute : \"<em>Le S\u00e9n\u00e9gal a toujours \u00e9t\u00e9 un exemple\u00a0de d\u00e9mocratie.\u00a0Aujourd\u2019hui, deux images frappent les esprits\u00a0\u00e0 travers le monde : celle de la coupe du monde avec les Lions de la T\u00e9ranga et celle de l\u2019emprisonnement d\u2019un journaliste qui\u00a0a quand m\u00eame soutenu l\u2019actuel pr\u00e9sident de la R\u00e9publique qui\u00a0s\u2019\u00e9tait engag\u00e9 \u00e0 ne jamais emprisonner un journaliste durant\u00a0son magist\u00e8re. La m\u00e9diation ne sera jamais de trop. Toutes les\u00a0m\u00e9diations favorables seront les bienvenues. Quand la Nation\u00a0est menac\u00e9e de d\u00e9s\u00e9quilibres, chacun et chacune de nous devrait \u00eatre en mesure de faire des concessions<\/em>\".<\/p>\n<p>Rappelons qu'une grande marche est organis\u00e9e ce vendredi \u00e0 partir de 15 heures \u00e0 Dakar par les journalistes pour exiger la lib\u00e9ration de Pape Al\u00e9 Niang.<\/p>\n<div class='share-to-whatsapp-wrapper'><div class='share-on-whsp'>PARTAGER SUR : <\/div><a data-text='Pr Amsatou Sow Sidib\u00e9 exige la lib\u00e9ration imm\u00e9diate de Pape Al\u00e9 Niang' data-link='https:\/\/www.nettali.com\/2022\/11\/18\/pr-amsatou-sow-sidibe-exige-la-liberation-immediate-de-pape-ale-niang\/' class='whatsapp-button whatsapp-share'>WhatsApp<\/a><div class='clear '><\/div><\/div>","protected":false},"excerpt":{"rendered":"<p>NETTALI.COM - La vague de soutiens au journaliste Pape Al\u00e9 Niang s\u2019\u00e9largit de jour en jour. Le Professeur en Droit, Amsatou Sow Sidib\u00e9, a demand\u00e9 sa lib\u00e9ration imm\u00e9diate. \"Il me semble important de garantir \u00e0 la fois l\u2019Etat de droit et la libert\u00e9 de la presse qui est un des fondements de la d\u00e9mocratie en [&hellip;]<\/p>\n","protected":false},"author":5,"featured_media":97886,"comment_status":"open","ping_status":"open","sticky":false,"template":"","format":"standard","meta":{"_et_pb_use_builder":"","_et_pb_old_content":""},"categories":[3],"tags":[],"yoast_head":"<!-- This site is optimized with the Yoast SEO Premium plugin v17.8 (Yoast SEO v17.8) - https:\/\/yoast.com\/wordpress\/plugins\/seo\/ -->\n<title>Pr Amsatou Sow Sidib\u00e9 exige la lib\u00e9ration imm\u00e9diate de Pape Al\u00e9 Niang | Nettali.com<\/title>\n<meta name=\"robots\" content=\"index, follow, max-snippet:-1, max-image-preview:large, max-video-preview:-1\" \/>\n<link rel=\"canonical\" href=\"https:\/\/www.nettali.com\/2022\/11\/18\/pr-amsatou-sow-sidibe-exige-la-liberation-immediate-de-pape-ale-niang\/\" \/>\n<meta property=\"og:locale\" content=\"fr_FR\" \/>\n<meta property=\"og:type\" content=\"article\" \/>\n<meta property=\"og:title\" content=\"Pr Amsatou Sow Sidib\u00e9 exige la lib\u00e9ration imm\u00e9diate de Pape Al\u00e9 Niang\" \/>\n<meta property=\"og:description\" content=\"NETTALI.COM - La vague de soutiens au journaliste Pape Al\u00e9 Niang s\u2019\u00e9largit de jour en jour. Le Professeur en Droit, Amsatou Sow Sidib\u00e9, a demand\u00e9 sa lib\u00e9ration imm\u00e9diate. &quot;Il me semble important de garantir \u00e0 la fois l\u2019Etat de droit et la libert\u00e9 de la presse qui est un des fondements de la d\u00e9mocratie en [&hellip;]\" \/>\n<meta property=\"og:url\" content=\"https:\/\/www.nettali.com\/2022\/11\/18\/pr-amsatou-sow-sidibe-exige-la-liberation-immediate-de-pape-ale-niang\/\" \/>\n<meta property=\"og:site_name\" content=\"Nettali.com\" \/>\n<meta property=\"article:publisher\" content=\"https:\/\/www.facebook.com\/nettalicom\" \/>\n<meta property=\"article:published_time\" content=\"2022-11-18T13:37:54+00:00\" \/>\n<meta property=\"og:image\" content=\"https:\/\/www.nettali.com\/wp-content\/uploads\/2022\/11\/1c0ab8cc221fe5be53b05de8a0c5553d.jpg\" \/>\n\t<meta property=\"og:image:width\" content=\"600\" \/>\n\t<meta property=\"og:image:height\" content=\"400\" \/>\n<meta name=\"twitter:card\" content=\"summary_large_image\" \/>\n<meta name=\"twitter:label1\" content=\"\u00c9crit par\" \/>\n\t<meta name=\"twitter:data1\" content=\"Ibrahima\" \/>\n\t<meta name=\"twitter:label2\" content=\"Dur\u00e9e de lecture estim\u00e9e\" \/>\n\t<meta name=\"twitter:data2\" content=\"2 minutes\" \/>\n<script type=\"application\/ld+json\" class=\"yoast-schema-graph\">{\"@context\":\"https:\/\/schema.org\",\"@graph\":[{\"@type\":\"WebSite\",\"@id\":\"https:\/\/www.nettali.com\/#website\",\"url\":\"https:\/\/www.nettali.com\/\",\"name\":\"Nettali.com\",\"description\":\"Le rendez-vous critique du Net\",\"potentialAction\":[{\"@type\":\"SearchAction\",\"target\":{\"@type\":\"EntryPoint\",\"urlTemplate\":\"https:\/\/www.nettali.com\/?s={search_term_string}\"},\"query-input\":\"required name=search_term_string\"}],\"inLanguage\":\"fr-FR\"},{\"@type\":\"ImageObject\",\"@id\":\"https:\/\/www.nettali.com\/2022\/11\/18\/pr-amsatou-sow-sidibe-exige-la-liberation-immediate-de-pape-ale-niang\/#primaryimage\",\"inLanguage\":\"fr-FR\",\"url\":\"https:\/\/www.nettali.com\/wp-content\/uploads\/2022\/11\/1c0ab8cc221fe5be53b05de8a0c5553d.jpg\",\"contentUrl\":\"https:\/\/www.nettali.com\/wp-content\/uploads\/2022\/11\/1c0ab8cc221fe5be53b05de8a0c5553d.jpg\",\"width\":600,\"height\":400},{\"@type\":\"WebPage\",\"@id\":\"https:\/\/www.nettali.com\/2022\/11\/18\/pr-amsatou-sow-sidibe-exige-la-liberation-immediate-de-pape-ale-niang\/#webpage\",\"url\":\"https:\/\/www.nettali.com\/2022\/11\/18\/pr-amsatou-sow-sidibe-exige-la-liberation-immediate-de-pape-ale-niang\/\",\"name\":\"Pr Amsatou Sow Sidib\\u00e9 exige la lib\\u00e9ration imm\\u00e9diate de Pape Al\\u00e9 Niang | Nettali.com\",\"isPartOf\":{\"@id\":\"https:\/\/www.nettali.com\/#website\"},\"primaryImageOfPage\":{\"@id\":\"https:\/\/www.nettali.com\/2022\/11\/18\/pr-amsatou-sow-sidibe-exige-la-liberation-immediate-de-pape-ale-niang\/#primaryimage\"},\"datePublished\":\"2022-11-18T13:37:54+00:00\",\"dateModified\":\"2022-11-18T13:37:54+00:00\",\"author\":{\"@id\":\"https:\/\/www.nettali.com\/#\/schema\/person\/bb147657c2986240405a608162b9bb23\"},\"breadcrumb\":{\"@id\":\"https:\/\/www.nettali.com\/2022\/11\/18\/pr-amsatou-sow-sidibe-exige-la-liberation-immediate-de-pape-ale-niang\/#breadcrumb\"},\"inLanguage\":\"fr-FR\",\"potentialAction\":[{\"@type\":\"ReadAction\",\"target\":[\"https:\/\/www.nettali.com\/2022\/11\/18\/pr-amsatou-sow-sidibe-exige-la-liberation-immediate-de-pape-ale-niang\/\"]}]},{\"@type\":\"BreadcrumbList\",\"@id\":\"https:\/\/www.nettali.com\/2022\/11\/18\/pr-amsatou-sow-sidibe-exige-la-liberation-immediate-de-pape-ale-niang\/#breadcrumb\",\"itemListElement\":[{\"@type\":\"ListItem\",\"position\":1,\"name\":\"Accueil\",\"item\":\"https:\/\/www.nettali.com\/\"},{\"@type\":\"ListItem\",\"position\":2,\"name\":\"Pr Amsatou Sow Sidib\\u00e9 exige la lib\\u00e9ration imm\\u00e9diate de Pape Al\\u00e9 Niang\"}]},{\"@type\":\"Person\",\"@id\":\"https:\/\/www.nettali.com\/#\/schema\/person\/bb147657c2986240405a608162b9bb23\",\"name\":\"Ibrahima\",\"image\":{\"@type\":\"ImageObject\",\"@id\":\"https:\/\/www.nettali.com\/#personlogo\",\"inLanguage\":\"fr-FR\",\"url\":\"https:\/\/secure.gravatar.com\/avatar\/26a8a81f09f0dd7624c9d5c36c9ba3a2?s=96&d=mm&r=g\",\"contentUrl\":\"https:\/\/secure.gravatar.com\/avatar\/26a8a81f09f0dd7624c9d5c36c9ba3a2?s=96&d=mm&r=g\",\"caption\":\"Ibrahima\"},\"sameAs\":[\"https:\/\/www.nettali.com\"]}]}<\/script>\n<!-- \/ Yoast SEO Premium plugin. -->","yoast_head_json":{"title":"Pr Amsatou Sow Sidib\u00e9 exige la lib\u00e9ration imm\u00e9diate de Pape Al\u00e9 Niang | Nettali.com","robots":{"index":"index","follow":"follow","max-snippet":"max-snippet:-1","max-image-preview":"max-image-preview:large","max-video-preview":"max-video-preview:-1"},"canonical":"https:\/\/www.nettali.com\/2022\/11\/18\/pr-amsatou-sow-sidibe-exige-la-liberation-immediate-de-pape-ale-niang\/","og_locale":"fr_FR","og_type":"article","og_title":"Pr Amsatou Sow Sidib\u00e9 exige la lib\u00e9ration imm\u00e9diate de Pape Al\u00e9 Niang","og_description":"NETTALI.COM - La vague de soutiens au journaliste Pape Al\u00e9 Niang s\u2019\u00e9largit de jour en jour. Le Professeur en Droit, Amsatou Sow Sidib\u00e9, a demand\u00e9 sa lib\u00e9ration imm\u00e9diate. \"Il me semble important de garantir \u00e0 la fois l\u2019Etat de droit et la libert\u00e9 de la presse qui est un des fondements de la d\u00e9mocratie en [&hellip;]","og_url":"https:\/\/www.nettali.com\/2022\/11\/18\/pr-amsatou-sow-sidibe-exige-la-liberation-immediate-de-pape-ale-niang\/","og_site_name":"Nettali.com","article_publisher":"https:\/\/www.facebook.com\/nettalicom","article_published_time":"2022-11-18T13:37:54+00:00","og_image":[{"width":600,"height":400,"url":"https:\/\/www.nettali.com\/wp-content\/uploads\/2022\/11\/1c0ab8cc221fe5be53b05de8a0c5553d.jpg","type":"image\/jpeg"}],"twitter_card":"summary_large_image","twitter_misc":{"\u00c9crit par":"Ibrahima","Dur\u00e9e de lecture estim\u00e9e":"2 minutes"},"schema":{"@context":"https:\/\/schema.org","@graph":[{"@type":"WebSite","@id":"https:\/\/www.nettali.com\/#website","url":"https:\/\/www.nettali.com\/","name":"Nettali.com","description":"Le rendez-vous critique du Net","potentialAction":[{"@type":"SearchAction","target":{"@type":"EntryPoint","urlTemplate":"https:\/\/www.nettali.com\/?s={search_term_string}"},"query-input":"required name=search_term_string"}],"inLanguage":"fr-FR"},{"@type":"ImageObject","@id":"https:\/\/www.nettali.com\/2022\/11\/18\/pr-amsatou-sow-sidibe-exige-la-liberation-immediate-de-pape-ale-niang\/#primaryimage","inLanguage":"fr-FR","url":"https:\/\/www.nettali.com\/wp-content\/uploads\/2022\/11\/1c0ab8cc221fe5be53b05de8a0c5553d.jpg","contentUrl":"https:\/\/www.nettali.com\/wp-content\/uploads\/2022\/11\/1c0ab8cc221fe5be53b05de8a0c5553d.jpg","width":600,"height":400},{"@type":"WebPage","@id":"https:\/\/www.nettali.com\/2022\/11\/18\/pr-amsatou-sow-sidibe-exige-la-liberation-immediate-de-pape-ale-niang\/#webpage","url":"https:\/\/www.nettali.com\/2022\/11\/18\/pr-amsatou-sow-sidibe-exige-la-liberation-immediate-de-pape-ale-niang\/","name":"Pr Amsatou Sow Sidib\u00e9 exige la lib\u00e9ration imm\u00e9diate de Pape Al\u00e9 Niang | Nettali.com","isPartOf":{"@id":"https:\/\/www.nettali.com\/#website"},"primaryImageOfPage":{"@id":"https:\/\/www.nettali.com\/2022\/11\/18\/pr-amsatou-sow-sidibe-exige-la-liberation-immediate-de-pape-ale-niang\/#primaryimage"},"datePublished":"2022-11-18T13:37:54+00:00","dateModified":"2022-11-18T13:37:54+00:00","author":{"@id":"https:\/\/www.nettali.com\/#\/schema\/person\/bb147657c2986240405a608162b9bb23"},"breadcrumb":{"@id":"https:\/\/www.nettali.com\/2022\/11\/18\/pr-amsatou-sow-sidibe-exige-la-liberation-immediate-de-pape-ale-niang\/#breadcrumb"},"inLanguage":"fr-FR","potentialAction":[{"@type":"ReadAction","target":["https:\/\/www.nettali.com\/2022\/11\/18\/pr-amsatou-sow-sidibe-exige-la-liberation-immediate-de-pape-ale-niang\/"]}]},{"@type":"BreadcrumbList","@id":"https:\/\/www.nettali.com\/2022\/11\/18\/pr-amsatou-sow-sidibe-exige-la-liberation-immediate-de-pape-ale-niang\/#breadcrumb","itemListElement":[{"@type":"ListItem","position":1,"name":"Accueil","item":"https:\/\/www.nettali.com\/"},{"@type":"ListItem","position":2,"name":"Pr Amsatou Sow Sidib\u00e9 exige la lib\u00e9ration imm\u00e9diate de Pape Al\u00e9 Niang"}]},{"@type":"Person","@id":"https:\/\/www.nettali.com\/#\/schema\/person\/bb147657c2986240405a608162b9bb23","name":"Ibrahima","image":{"@type":"ImageObject","@id":"https:\/\/www.nettali.com\/#personlogo","inLanguage":"fr-FR","url":"https:\/\/secure.gravatar.com\/avatar\/26a8a81f09f0dd7624c9d5c36c9ba3a2?s=96&d=mm&r=g","contentUrl":"https:\/\/secure.gravatar.com\/avatar\/26a8a81f09f0dd7624c9d5c36c9ba3a2?s=96&d=mm&r=g","caption":"Ibrahima"},"sameAs":["https:\/\/www.nettali.com"]}]}},"_links":{"self":[{"href":"https:\/\/www.nettali.com\/rest\/wp\/v2\/posts\/97885"}],"collection":[{"href":"https:\/\/www.nettali.com\/rest\/wp\/v2\/posts"}],"about":[{"href":"https:\/\/www.nettali.com\/rest\/wp\/v2\/types\/post"}],"author":[{"embeddable":true,"href":"https:\/\/www.nettali.com\/rest\/wp\/v2\/users\/5"}],"replies":[{"embeddable":true,"href":"https:\/\/www.nettali.com\/rest\/wp\/v2\/comments?post=97885"}],"version-history":[{"count":4,"href":"https:\/\/www.nettali.com\/rest\/wp\/v2\/posts\/97885\/revisions"}],"predecessor-version":[{"id":97890,"href":"https:\/\/www.nettali.com\/rest\/wp\/v2\/posts\/97885\/revisions\/97890"}],"wp:featuredmedia":[{"embeddable":true,"href":"https:\/\/www.nettali.com\/rest\/wp\/v2\/media\/97886"}],"wp:attachment":[{"href":"https:\/\/www.nettali.com\/rest\/wp\/v2\/media?parent=97885"}],"wp:term":[{"taxonomy":"category","embeddable":true,"href":"https:\/\/www.nettali.com\/rest\/wp\/v2\/categories?post=97885"},{"taxonomy":"post_tag","embeddable":true,"href":"https:\/\/www.nettali.com\/rest\/wp\/v2\/tags?post=97885"}],"curies":[{"name":"wp","href":"https:\/\/api.w.org\/{rel}","templated":true}]}}