{"id":97728,"date":"2022-11-16T13:28:34","date_gmt":"2022-11-16T13:28:34","guid":{"rendered":"https:\/\/www.nettali.com\/?p=97728"},"modified":"2022-11-16T13:28:34","modified_gmt":"2022-11-16T13:28:34","slug":"equipe-de-france-nkunku-forfait-deschamps-rappelle-kolo-muani","status":"publish","type":"post","link":"https:\/\/www.nettali.com\/2022\/11\/16\/equipe-de-france-nkunku-forfait-deschamps-rappelle-kolo-muani\/","title":{"rendered":"EQUIPE DE FRANCE - Nkunku forfait, Deschamps rappelle Kolo Muani"},"content":{"rendered":"<p><strong>NETTALI.COM - Comme pressenti, Randal Kolo Muani (2 s\u00e9lections) va rejoindre l'\u00e9quipe de France pour le Mondial qui d\u00e9bute dimanche au Qatar. L'attaquant, s\u00e9lectionn\u00e9 pour la premi\u00e8re fois en septembre, remplace Chistopher Nkunku contraint au forfait suite \u00e0 une entorse au genou gauche.<\/strong><\/p>\n<p>L'annonce \u00e9tait attendue, elle est d\u00e9sormais officielle. Quelques heures seulement apr\u00e8s le forfait de Christopher Nkunku, victime d'une entorse au genou gauche \u00e0 l'entra\u00eenement mardi soir, le staff de l'\u00e9quipe de France a appel\u00e9 Randal Kolo Muani pour le suppl\u00e9er en vue du Mondial (20 novembre - 18 d\u00e9cembre). Actuellement au Japon avec l'Eintracht Francfort, l'attaquant de 23 ans se rendra jeudi \u00e0 Doha (Qatar) o\u00f9 les Bleus vont atterrir ce mercredi.<\/p>\n<p>Le natif de Bondy s'est montr\u00e9 d\u00e9cisif en championnat d'Allemagne, mais \u00e9galement en C1 avec huit buts et onze passes d\u00e9cisives toutes comp\u00e9titions confondues \u00e0 son actif. Le football va tr\u00e8s vite et Randal Kolo Muani est bien plac\u00e9 pour le savoir. Il y a encore deux ans, l'attaquant \u00e9voluait \u00e0 Boulogne en National. D\u00e9sormais, il s'appr\u00eate \u00e0 mettre le cap sur Doha pour disputer la Coupe du monde avec l'\u00e9quipe de France.<\/p>\n<div class='share-to-whatsapp-wrapper'><div class='share-on-whsp'>PARTAGER SUR : <\/div><a data-text='EQUIPE DE FRANCE - Nkunku forfait, Deschamps rappelle Kolo Muani' data-link='https:\/\/www.nettali.com\/2022\/11\/16\/equipe-de-france-nkunku-forfait-deschamps-rappelle-kolo-muani\/' class='whatsapp-button whatsapp-share'>WhatsApp<\/a><div class='clear '><\/div><\/div>","protected":false},"excerpt":{"rendered":"<p>NETTALI.COM - Comme pressenti, Randal Kolo Muani (2 s\u00e9lections) va rejoindre l'\u00e9quipe de France pour le Mondial qui d\u00e9bute dimanche au Qatar. L'attaquant, s\u00e9lectionn\u00e9 pour la premi\u00e8re fois en septembre, remplace Chistopher Nkunku contraint au forfait suite \u00e0 une entorse au genou gauche. L'annonce \u00e9tait attendue, elle est d\u00e9sormais officielle. Quelques heures seulement apr\u00e8s le [&hellip;]<\/p>\n","protected":false},"author":5,"featured_media":97729,"comment_status":"open","ping_status":"open","sticky":false,"template":"","format":"standard","meta":{"_et_pb_use_builder":"","_et_pb_old_content":""},"categories":[6],"tags":[],"yoast_head":"<!-- This site is optimized with the Yoast SEO Premium plugin v17.8 (Yoast SEO v17.8) - https:\/\/yoast.com\/wordpress\/plugins\/seo\/ -->\n<title>EQUIPE DE FRANCE - Nkunku forfait, Deschamps rappelle Kolo Muani | Nettali.com<\/title>\n<meta name=\"robots\" content=\"index, follow, max-snippet:-1, max-image-preview:large, max-video-preview:-1\" \/>\n<link rel=\"canonical\" href=\"https:\/\/www.nettali.com\/2022\/11\/16\/equipe-de-france-nkunku-forfait-deschamps-rappelle-kolo-muani\/\" \/>\n<meta property=\"og:locale\" content=\"fr_FR\" \/>\n<meta property=\"og:type\" content=\"article\" \/>\n<meta property=\"og:title\" content=\"EQUIPE DE FRANCE - Nkunku forfait, Deschamps rappelle Kolo Muani\" \/>\n<meta property=\"og:description\" content=\"NETTALI.COM - Comme pressenti, Randal Kolo Muani (2 s\u00e9lections) va rejoindre l&#039;\u00e9quipe de France pour le Mondial qui d\u00e9bute dimanche au Qatar. L&#039;attaquant, s\u00e9lectionn\u00e9 pour la premi\u00e8re fois en septembre, remplace Chistopher Nkunku contraint au forfait suite \u00e0 une entorse au genou gauche. L&#039;annonce \u00e9tait attendue, elle est d\u00e9sormais officielle. Quelques heures seulement apr\u00e8s le [&hellip;]\" \/>\n<meta property=\"og:url\" content=\"https:\/\/www.nettali.com\/2022\/11\/16\/equipe-de-france-nkunku-forfait-deschamps-rappelle-kolo-muani\/\" \/>\n<meta property=\"og:site_name\" content=\"Nettali.com\" \/>\n<meta property=\"article:publisher\" content=\"https:\/\/www.facebook.com\/nettalicom\" \/>\n<meta property=\"article:published_time\" content=\"2022-11-16T13:28:34+00:00\" \/>\n<meta property=\"og:image\" content=\"https:\/\/www.nettali.com\/wp-content\/uploads\/2022\/11\/kolo-muani-france-sourire.jpg\" \/>\n\t<meta property=\"og:image:width\" content=\"730\" \/>\n\t<meta property=\"og:image:height\" content=\"411\" \/>\n<meta name=\"twitter:card\" content=\"summary_large_image\" \/>\n<meta name=\"twitter:label1\" content=\"\u00c9crit par\" \/>\n\t<meta name=\"twitter:data1\" content=\"Ibrahima\" \/>\n\t<meta name=\"twitter:label2\" content=\"Dur\u00e9e de lecture estim\u00e9e\" \/>\n\t<meta name=\"twitter:data2\" content=\"1 minute\" \/>\n<script type=\"application\/ld+json\" class=\"yoast-schema-graph\">{\"@context\":\"https:\/\/schema.org\",\"@graph\":[{\"@type\":\"WebSite\",\"@id\":\"https:\/\/www.nettali.com\/#website\",\"url\":\"https:\/\/www.nettali.com\/\",\"name\":\"Nettali.com\",\"description\":\"Le rendez-vous critique du Net\",\"potentialAction\":[{\"@type\":\"SearchAction\",\"target\":{\"@type\":\"EntryPoint\",\"urlTemplate\":\"https:\/\/www.nettali.com\/?s={search_term_string}\"},\"query-input\":\"required name=search_term_string\"}],\"inLanguage\":\"fr-FR\"},{\"@type\":\"ImageObject\",\"@id\":\"https:\/\/www.nettali.com\/2022\/11\/16\/equipe-de-france-nkunku-forfait-deschamps-rappelle-kolo-muani\/#primaryimage\",\"inLanguage\":\"fr-FR\",\"url\":\"https:\/\/www.nettali.com\/wp-content\/uploads\/2022\/11\/kolo-muani-france-sourire.jpg\",\"contentUrl\":\"https:\/\/www.nettali.com\/wp-content\/uploads\/2022\/11\/kolo-muani-france-sourire.jpg\",\"width\":730,\"height\":411},{\"@type\":\"WebPage\",\"@id\":\"https:\/\/www.nettali.com\/2022\/11\/16\/equipe-de-france-nkunku-forfait-deschamps-rappelle-kolo-muani\/#webpage\",\"url\":\"https:\/\/www.nettali.com\/2022\/11\/16\/equipe-de-france-nkunku-forfait-deschamps-rappelle-kolo-muani\/\",\"name\":\"EQUIPE DE FRANCE - Nkunku forfait, Deschamps rappelle Kolo Muani | Nettali.com\",\"isPartOf\":{\"@id\":\"https:\/\/www.nettali.com\/#website\"},\"primaryImageOfPage\":{\"@id\":\"https:\/\/www.nettali.com\/2022\/11\/16\/equipe-de-france-nkunku-forfait-deschamps-rappelle-kolo-muani\/#primaryimage\"},\"datePublished\":\"2022-11-16T13:28:34+00:00\",\"dateModified\":\"2022-11-16T13:28:34+00:00\",\"author\":{\"@id\":\"https:\/\/www.nettali.com\/#\/schema\/person\/bb147657c2986240405a608162b9bb23\"},\"breadcrumb\":{\"@id\":\"https:\/\/www.nettali.com\/2022\/11\/16\/equipe-de-france-nkunku-forfait-deschamps-rappelle-kolo-muani\/#breadcrumb\"},\"inLanguage\":\"fr-FR\",\"potentialAction\":[{\"@type\":\"ReadAction\",\"target\":[\"https:\/\/www.nettali.com\/2022\/11\/16\/equipe-de-france-nkunku-forfait-deschamps-rappelle-kolo-muani\/\"]}]},{\"@type\":\"BreadcrumbList\",\"@id\":\"https:\/\/www.nettali.com\/2022\/11\/16\/equipe-de-france-nkunku-forfait-deschamps-rappelle-kolo-muani\/#breadcrumb\",\"itemListElement\":[{\"@type\":\"ListItem\",\"position\":1,\"name\":\"Accueil\",\"item\":\"https:\/\/www.nettali.com\/\"},{\"@type\":\"ListItem\",\"position\":2,\"name\":\"EQUIPE DE FRANCE - Nkunku forfait, Deschamps rappelle Kolo Muani\"}]},{\"@type\":\"Person\",\"@id\":\"https:\/\/www.nettali.com\/#\/schema\/person\/bb147657c2986240405a608162b9bb23\",\"name\":\"Ibrahima\",\"image\":{\"@type\":\"ImageObject\",\"@id\":\"https:\/\/www.nettali.com\/#personlogo\",\"inLanguage\":\"fr-FR\",\"url\":\"https:\/\/secure.gravatar.com\/avatar\/26a8a81f09f0dd7624c9d5c36c9ba3a2?s=96&d=mm&r=g\",\"contentUrl\":\"https:\/\/secure.gravatar.com\/avatar\/26a8a81f09f0dd7624c9d5c36c9ba3a2?s=96&d=mm&r=g\",\"caption\":\"Ibrahima\"},\"sameAs\":[\"https:\/\/www.nettali.com\"]}]}<\/script>\n<!-- \/ Yoast SEO Premium plugin. -->","yoast_head_json":{"title":"EQUIPE DE FRANCE - Nkunku forfait, Deschamps rappelle Kolo Muani | Nettali.com","robots":{"index":"index","follow":"follow","max-snippet":"max-snippet:-1","max-image-preview":"max-image-preview:large","max-video-preview":"max-video-preview:-1"},"canonical":"https:\/\/www.nettali.com\/2022\/11\/16\/equipe-de-france-nkunku-forfait-deschamps-rappelle-kolo-muani\/","og_locale":"fr_FR","og_type":"article","og_title":"EQUIPE DE FRANCE - Nkunku forfait, Deschamps rappelle Kolo Muani","og_description":"NETTALI.COM - Comme pressenti, Randal Kolo Muani (2 s\u00e9lections) va rejoindre l'\u00e9quipe de France pour le Mondial qui d\u00e9bute dimanche au Qatar. L'attaquant, s\u00e9lectionn\u00e9 pour la premi\u00e8re fois en septembre, remplace Chistopher Nkunku contraint au forfait suite \u00e0 une entorse au genou gauche. L'annonce \u00e9tait attendue, elle est d\u00e9sormais officielle. Quelques heures seulement apr\u00e8s le [&hellip;]","og_url":"https:\/\/www.nettali.com\/2022\/11\/16\/equipe-de-france-nkunku-forfait-deschamps-rappelle-kolo-muani\/","og_site_name":"Nettali.com","article_publisher":"https:\/\/www.facebook.com\/nettalicom","article_published_time":"2022-11-16T13:28:34+00:00","og_image":[{"width":730,"height":411,"url":"https:\/\/www.nettali.com\/wp-content\/uploads\/2022\/11\/kolo-muani-france-sourire.jpg","type":"image\/jpeg"}],"twitter_card":"summary_large_image","twitter_misc":{"\u00c9crit par":"Ibrahima","Dur\u00e9e de lecture estim\u00e9e":"1 minute"},"schema":{"@context":"https:\/\/schema.org","@graph":[{"@type":"WebSite","@id":"https:\/\/www.nettali.com\/#website","url":"https:\/\/www.nettali.com\/","name":"Nettali.com","description":"Le rendez-vous critique du Net","potentialAction":[{"@type":"SearchAction","target":{"@type":"EntryPoint","urlTemplate":"https:\/\/www.nettali.com\/?s={search_term_string}"},"query-input":"required name=search_term_string"}],"inLanguage":"fr-FR"},{"@type":"ImageObject","@id":"https:\/\/www.nettali.com\/2022\/11\/16\/equipe-de-france-nkunku-forfait-deschamps-rappelle-kolo-muani\/#primaryimage","inLanguage":"fr-FR","url":"https:\/\/www.nettali.com\/wp-content\/uploads\/2022\/11\/kolo-muani-france-sourire.jpg","contentUrl":"https:\/\/www.nettali.com\/wp-content\/uploads\/2022\/11\/kolo-muani-france-sourire.jpg","width":730,"height":411},{"@type":"WebPage","@id":"https:\/\/www.nettali.com\/2022\/11\/16\/equipe-de-france-nkunku-forfait-deschamps-rappelle-kolo-muani\/#webpage","url":"https:\/\/www.nettali.com\/2022\/11\/16\/equipe-de-france-nkunku-forfait-deschamps-rappelle-kolo-muani\/","name":"EQUIPE DE FRANCE - Nkunku forfait, Deschamps rappelle Kolo Muani | Nettali.com","isPartOf":{"@id":"https:\/\/www.nettali.com\/#website"},"primaryImageOfPage":{"@id":"https:\/\/www.nettali.com\/2022\/11\/16\/equipe-de-france-nkunku-forfait-deschamps-rappelle-kolo-muani\/#primaryimage"},"datePublished":"2022-11-16T13:28:34+00:00","dateModified":"2022-11-16T13:28:34+00:00","author":{"@id":"https:\/\/www.nettali.com\/#\/schema\/person\/bb147657c2986240405a608162b9bb23"},"breadcrumb":{"@id":"https:\/\/www.nettali.com\/2022\/11\/16\/equipe-de-france-nkunku-forfait-deschamps-rappelle-kolo-muani\/#breadcrumb"},"inLanguage":"fr-FR","potentialAction":[{"@type":"ReadAction","target":["https:\/\/www.nettali.com\/2022\/11\/16\/equipe-de-france-nkunku-forfait-deschamps-rappelle-kolo-muani\/"]}]},{"@type":"BreadcrumbList","@id":"https:\/\/www.nettali.com\/2022\/11\/16\/equipe-de-france-nkunku-forfait-deschamps-rappelle-kolo-muani\/#breadcrumb","itemListElement":[{"@type":"ListItem","position":1,"name":"Accueil","item":"https:\/\/www.nettali.com\/"},{"@type":"ListItem","position":2,"name":"EQUIPE DE FRANCE - Nkunku forfait, Deschamps rappelle Kolo Muani"}]},{"@type":"Person","@id":"https:\/\/www.nettali.com\/#\/schema\/person\/bb147657c2986240405a608162b9bb23","name":"Ibrahima","image":{"@type":"ImageObject","@id":"https:\/\/www.nettali.com\/#personlogo","inLanguage":"fr-FR","url":"https:\/\/secure.gravatar.com\/avatar\/26a8a81f09f0dd7624c9d5c36c9ba3a2?s=96&d=mm&r=g","contentUrl":"https:\/\/secure.gravatar.com\/avatar\/26a8a81f09f0dd7624c9d5c36c9ba3a2?s=96&d=mm&r=g","caption":"Ibrahima"},"sameAs":["https:\/\/www.nettali.com"]}]}},"_links":{"self":[{"href":"https:\/\/www.nettali.com\/rest\/wp\/v2\/posts\/97728"}],"collection":[{"href":"https:\/\/www.nettali.com\/rest\/wp\/v2\/posts"}],"about":[{"href":"https:\/\/www.nettali.com\/rest\/wp\/v2\/types\/post"}],"author":[{"embeddable":true,"href":"https:\/\/www.nettali.com\/rest\/wp\/v2\/users\/5"}],"replies":[{"embeddable":true,"href":"https:\/\/www.nettali.com\/rest\/wp\/v2\/comments?post=97728"}],"version-history":[{"count":3,"href":"https:\/\/www.nettali.com\/rest\/wp\/v2\/posts\/97728\/revisions"}],"predecessor-version":[{"id":97744,"href":"https:\/\/www.nettali.com\/rest\/wp\/v2\/posts\/97728\/revisions\/97744"}],"wp:featuredmedia":[{"embeddable":true,"href":"https:\/\/www.nettali.com\/rest\/wp\/v2\/media\/97729"}],"wp:attachment":[{"href":"https:\/\/www.nettali.com\/rest\/wp\/v2\/media?parent=97728"}],"wp:term":[{"taxonomy":"category","embeddable":true,"href":"https:\/\/www.nettali.com\/rest\/wp\/v2\/categories?post=97728"},{"taxonomy":"post_tag","embeddable":true,"href":"https:\/\/www.nettali.com\/rest\/wp\/v2\/tags?post=97728"}],"curies":[{"name":"wp","href":"https:\/\/api.w.org\/{rel}","templated":true}]}}