{"id":97715,"date":"2022-11-17T07:00:06","date_gmt":"2022-11-17T07:00:06","guid":{"rendered":"https:\/\/www.nettali.com\/?p=97715"},"modified":"2022-11-21T07:38:15","modified_gmt":"2022-11-21T07:38:15","slug":"idiovisuel-au-nom-du-controle-de-nos-pensees","status":"publish","type":"post","link":"https:\/\/www.nettali.com\/2022\/11\/17\/idiovisuel-au-nom-du-controle-de-nos-pensees\/","title":{"rendered":"IDIOVISUEL - Au nom du contr\u00f4le de nos pens\u00e9es\u00a0!"},"content":{"rendered":"<p><strong>NETTALI.COM - Une publicit\u00e9 qui a attir\u00e9 l\u2019attention en ce mois de novembre 2022, c\u2019est celle d\u00e9clin\u00e9e sous forme d\u2019affichettes placard\u00e9es sur les poteaux \u00e9lectriques install\u00e9s le long des routes de la capitale s\u00e9n\u00e9galaise. Elles annon\u00e7aient la 2<sup>\u00e8me<\/sup> conf\u00e9rence internationale sur ce nouveau concept qu\u2019est \u00ab la masculinit\u00e9 positive \u00bb. Une annonce illustr\u00e9e par la photo d\u2019un couple avec un seul enfant. Une publicit\u00e9, symbole des nombreuses tentatives de contr\u00f4le de la pens\u00e9e des Africains.<\/strong><\/p>\n<p>Pr\u00e9sid\u00e9e par le chef de l\u2019Etat s\u00e9n\u00e9galais Macky Sall en tant que pr\u00e9sident en exercice de l\u2019Union africaine, la conf\u00e9rence est un pr\u00e9texte pour faire un plaidoyer en faveur des femmes. Une conf\u00e9rence dont les bases ont d\u00e9j\u00e0 \u00e9t\u00e9 jet\u00e9es depuis le 25\u00a0novembre\u00a02021 \u00e0 Kinshasa, lors de la Journ\u00e9e internationale pour l\u2019\u00e9limination de la violence \u00e0 l\u2019\u00e9gard des femmes. Six chefs d\u2019Etat africains s\u2019\u00e9taient press\u00e9s \u00e0 l\u2019H\u00f4tel Fleuve Congo pour participer \u00e0 un sommet in\u00e9dit\u00a0: la Conf\u00e9rence des hommes sur la masculinit\u00e9 positive. Les\u00a0<em>\u00ab\u00a0champions de la cause f\u00e9minine\u00a0\u00bb<\/em>, comme ils se sont autoproclam\u00e9s \u00e0 l\u2019issue de la rencontre, ont parl\u00e9 d\u2019une seule voix pour condamner les discriminations et les maltraitances envers les femmes du continent.\u00a0<em>\u00ab\u00a0Nous devons peser de tout notre poids pour faire cesser ces violences\u00a0\u00bb,<\/em>\u00a0avait d\u00e9clar\u00e9 le pr\u00e9sident s\u00e9n\u00e9galais, Macky Sall.<\/p>\n<p>Lanc\u00e9e par l\u2019Union africaine (UA) et son pr\u00e9sident en exercice, le Congolais F\u00e9lix Tshisekedi, ainsi que par l\u2019African Women Leaders Network (AWLN), l\u2019organisation d\u2019Ellen Johnson Sirleaf, ex-pr\u00e9sidente du Liberia, cette rencontre a inaugur\u00e9 l\u2019apparition dans le discours politique, d\u2019un concept jusque-l\u00e0 cantonn\u00e9 aux sph\u00e8res f\u00e9ministes et universitaires\u00a0: la \u00ab\u00a0masculinit\u00e9 positive\u00a0\u00bb. Ce qui veut dire que c\u2019est la logique d\u2019un combat qui se poursuit et qui change d\u2019acteurs et qui sont les hommes.<em> \u00a0<\/em><\/p>\n<p>A la conf\u00e9rence de Dakar des 9 et 10 novembre 2022, apr\u00e8s avoir encens\u00e9 ces \u00ab\u00a0<em>vaillantes femmes africaines\u00a0\u00bb, \u00ab\u00a0ces filles qui \u00e9galent ou d\u00e9passent des gar\u00e7ons (dans les \u00e9coles, lyc\u00e9es, universit\u00e9s), ces femmes d\u2019affaires\u00a0\u00bb, \u00ab\u00a0ces vendeuses au march\u00e9\u00a0<\/em>\u00bb, le pr\u00e9sident Macky Sall a lanc\u00e9 un appel en faveur de l\u2019arr\u00eat de <em>la maltraitance, du harc\u00e8lement, des brimades, des insanit\u00e9s, du viol et autres sollicitations non d\u00e9sir\u00e9es.\u00a0\u00bb\u00a0Pour Macky Sall, \u00ab\u00a0il ne suffit pas de dire \u00e7a suffit. Il faut agir ; agir pour que cesse l\u2019omerta du silence, en temps de paix comme en temps de guerre.\u00a0 \u00a0Oui, il faut que \u00e7a cesse ! C\u2019est ce que veut l\u2019Agenda 2063 de l\u2019Union Africaine\u00a0\u00bb, <\/em><\/p>\n<p>Il y a en tout cas de quoi s\u2019interroger sur un tel concept, \u00ab <em>la masculinit\u00e9 positive<\/em>\u00bb, tant il interpelle \u00e0 la premi\u00e8re lecture. Sa construction est lourde, en plus de ne pas \u00eatre s\u00e9duisant et encore moins bienveillant \u00e0 l\u2019\u00e9gard des hommes. Il est tout simplement pompeux et induit une charge plut\u00f4t n\u00e9gative, tout en diffusant un sentiment de contrainte \u00e0 l\u2019\u00e9gard de la gente masculine. Le pire, c\u2019est ce message diffus du couple avec un enfant qui montre la voie qu\u2019on cherche \u00e0 faire suivre et qui est celle de la bien-pensance occidentale qui n\u2019a d\u2019autre dessein que de v\u00e9hiculer l\u2019id\u00e9e du contr\u00f4le des naissances aux Africains. Emmanuel Macron sera certainement content, lui qui a une position trop teint\u00e9 de pr\u00e9jug\u00e9s sur la question de la natalit\u00e9 en Afrique.<\/p>\n<p>Mais au-del\u00e0 de l\u2019id\u00e9e diffuse, veut-on faire passer l\u2019id\u00e9e que les hommes africains n\u2019ont jamais \u00e9t\u00e9 positifs et bienveillants dans leurs actes envers les femmes\u00a0? Qu\u2019ils seraient ces barbares et violents qui battraient les femmes \u00e0 chaque fois que cela leur pla\u00eet ? Qu\u2019ils les harc\u00e8leraient en en faisant des mineures, voire des objets de d\u00e9sir\u00a0? On aimerait bien comprendre. Il ne s\u2019agit nullement de nier l\u2019existence d\u2019actes de violence de la part d\u2019hommes envers des femmes en Afrique, et de par le monde d\u2019ailleurs. Mais cette propension \u00e0 vouloir faire prendre en charge des sujets qui ne sont pas pens\u00e9s par les Africains, peut laisser penser que ces derniers ne savent pas choisir ce qui constitue des probl\u00e8mes et a de l\u2019int\u00e9r\u00eat pour eux . Nos chefs d\u2019\u00e9tat ont sans doute mieux \u00e0 faire, comme par exemple se battre pour la promotion de la bonne gouvernance et le d\u00e9veloppement \u00e9conomique et social de leurs propres pays, en montrant la voie, plut\u00f4t que d\u2019embrasser certaines causes qui ne sont que des fabrications occidentales \u00e0 eux impos\u00e9es. Ils ne doivent point \u00eatre les r\u00e9ceptacles de ces combats qu\u2019on cherche subtilement \u00e0 mener sous nos cieux.<\/p>\n<p>Il y en a \u00e9videmment des violences chez les femmes en Occident, c\u2019est s\u00fbr, mais eux r\u00e8glent ces questions par la voie judiciaire. \u00a0Pourquoi en serait-il autrement en Afrique\u00a0? Qu\u2019ils nous laissent donc r\u00e9gler nos probl\u00e8mes \u00e0 notre mani\u00e8re, suivant nos strat\u00e9gies, us et coutumes et s\u2019occuper des leurs. Chaque soci\u00e9t\u00e9 a en effet ses r\u00e9alit\u00e9s, ses contradictions, mais c\u2019est \u00e0 chacune d\u2019elle d\u2019en prendre conscience et de les surmonter \u00e0 sa mani\u00e8re. Mais au lieu de se pr\u00e9occuper de leurs probl\u00e8mes, ils pr\u00e9f\u00e8rent nous gaver de termes tels que \u00ab\u00a0f\u00e9minicide\u00a0\u00bb, \u00ab\u00a0parit\u00e9\u00a0\u00bb, etc.<\/p>\n<p>Que fait-on de ces femmes qui \u00e9bouillantent leurs maris en Afrique\u00a0? Ou de celles qui d\u00e9pouillent des hommes \u00e0 travers ces escroqueries au mariage ou ce ph\u00e9nom\u00e8ne qui consiste \u00e0 d\u00e9pouiller certains hommes, victimes de leurs sentiments voire de leur na\u00efvet\u00e9\u00a0? Ne sont-ce pas des formes de violence\u00a0? Il y a d\u00e9sormais un nouveau ph\u00e9nom\u00e8ne, le chantage sexuel contre des hommes, mais contre des femmes \u00e9galement. Des histoires qui occupent de plus en plus les pages \u00ab\u00a0faits divers\u00a0\u00bb ou \u00ab\u00a0soci\u00e9t\u00e9\u00a0\u00bb des journaux s\u00e9n\u00e9galais. Pourquoi pas, pour verser dans l\u2019ironie, ne pas organiser une contre conf\u00e9rence sur la \u00ab\u00a0F\u00e9minit\u00e9 positive\u00a0\u00bb\u00a0?<\/p>\n<p>Pour parler plus s\u00e9rieusement, il ne s\u2019agit nullement d\u2019opposer les hommes aux femmes, mais de laisser les peuples d\u00e9cider par eux-m\u00eames.<\/p>\n<p>A la v\u00e9rit\u00e9, tous ces concepts import\u00e9s que l\u2019on cherche \u00e0 imposer \u00e0 nos soci\u00e9t\u00e9s, n\u2019int\u00e9ressent pas la plupart des femmes qui ne se reconnaissent point dans le combat de ces suppos\u00e9es f\u00e9ministes. Tout comme les hommes de ce pays ne sont pas ces ignobles salopards qui cautionnent les violences exerc\u00e9es sur des femmes. Ceux qui se livrent \u00e0 des actes de cruaut\u00e9, en tuant, battant ou en manquant du respect aux femmes, doivent voir les lois s\u2019abattre sur eux dans toute leur rigueur.<\/p>\n<p>Ces occidentaux qui s\u2019\u00e9rigent en ma\u00eetres \u00e0 penser, ne se rendent certainement pas compte que dans nos pays, les femmes sont partout et dans toutes les sph\u00e8res professionnelles de la soci\u00e9t\u00e9, y compris dans les forces de s\u00e9curit\u00e9 o\u00f9 elles \u00e9taient jusqu\u2019ici absentes. C\u2019est la preuve qu\u2019elles ne font pas l\u2019objet de discrimination institutionnalis\u00e9e comme on semble le penser parce qu\u2019elles occupent des postes tr\u00e8s importants. Que l\u2019on ne nous cherche surtout pas des poux. Aucune soci\u00e9t\u00e9 n\u2019est parfaite et chacune \u00e9volue dans le temps, suivant ce qu\u2019elle doit consid\u00e9rer comme perspective positive pour elle. Les solutions doivent venir de chacune d\u2019elle et non pas transiter par ces canaux indirects que sont ces Organisations non Gouvernementales qui ne font qu\u2019inoculer une certaine pens\u00e9e occidentale, avec des repr\u00e9sentants locaux dans certains cas, uniquement attir\u00e9s par l\u2019app\u00e2t du gain.<\/p>\n<p>Tenez, la notion m\u00eame de parit\u00e9 qu\u2019on nous a si souvent vendue au point m\u00eame de pourrir nos listes \u00e9lectorales et \u00e9lections, n\u2019est pas par exemple une trouvaille des plus pertinentes. Elle permet de laisser sur le bord de la route, quantit\u00e9s de femmes comp\u00e9tentes et quantit\u00e9s d\u2019hommes comp\u00e9tents, sous le pr\u00e9texte fallacieux de l\u2019\u00e9galitarisme qui rel\u00e8gue au second plan, la comp\u00e9tence.<\/p>\n<p>Loin de promouvoir une quelconque brutalit\u00e9 ou domination masculine, ces bien-pensants d\u2019occidentaux qui passent par de multiples canaux pour faire passer des messages ou fa\u00e7onner notre mani\u00e8re d\u2019\u00eatre, bref pour transformer nos soci\u00e9t\u00e9s \u00e0 leur image, doivent cesser de croire qu\u2019ils doivent toujours dire aux autres ce qu\u2019ils doivent faire ou penser. Nos dirigeants ne doivent plus accepter cela, la posture occidentale \u00e9tant aussi scandaleuse que d\u00e9plac\u00e9e. Le pire que ces derniers courent derri\u00e8re un si\u00e8ge permanent de l\u2019Afrique au sein des pays membres du G-20. C\u2019est d\u2019ailleurs ce que le chef de l\u2019Etat s\u00e9n\u00e9galais et pr\u00e9sident en exercice de l\u2019Union africaine, Macky Sall, invit\u00e9 par le pr\u00e9sident indon\u00e9sien \u00e0 prendre part au 17<sup>\u00e8me<\/sup> sommet des leaders des 19 pays les plus riches du monde et de l\u2019Union europ\u00e9enne (G 20), mardi 15 et mercredi 16 novembre, va demander.<\/p>\n<p>De m\u00eame lors du Forum de Paris sur la paix, le pr\u00e9sident de la R\u00e9publique Macky ne s'en \u00e9tait-il pas pris au Conseil de s\u00e9curit\u00e9 de l'Onu, d\u00e9plorant l'absence de l'Afrique au Conseil de s\u00e9curit\u00e9 de l'Onu.. <em>\u00abNous (pays africains) n\u2019\u00e9tions pas l\u00e0 quand on formait les Nations Unies. Donc, les r\u00e8gles qui sont l\u00e0 et qui les gouvernent ne sont pas dans notre int\u00e9r\u00eat. Toute l\u2019Afrique a 54 Etats. Aucun Etat n\u2019est membre permanent du Conseil de s\u00e9curit\u00e9 de l\u2019Onu. C\u2019est une injustice ! Alors que l\u2019essentiel de l\u2019agenda, c\u2019est l\u2019Afrique. On n\u2019est pas pr\u00e9sent. On fait des rotations, mais ce n\u2019est pas juste. Il faut que nous osions, avec vous, remettre en cause ces r\u00e8gles d\u00e9pass\u00e9es<\/em>\u00a0\u00bb, avait d\u00e9plor\u00e9 le pr\u00e9sident Macky Sall.<\/p>\n<p>Tout cela prouve que l\u2019Afrique n\u2019a pas voix au chapitre et n\u2019est pas audible dans les instances de cette m\u00eame organisation des Nations Unies qui a parrain\u00e9 cette conf\u00e9rence sur la masculinit\u00e9 positive. Tout au plus, notre continent se contente-t-il de consommer les concepts et d\u00e9cisions prises par les pays occidentaux.<\/p>\n<p><strong>L\u2019occident face \u00e0 ses contradictions<\/strong><\/p>\n<p>Elle est en tout cas bien loin l\u2019\u00e9poque de la colonisation. Ce fardeau si lourd \u00e0 porter et dont l\u2019Afrique n\u2019arrive toujours pas \u00e0 se d\u00e9barrasser. Elle se poursuit de mani\u00e8re un peu plus subtile en \u00e9pousant d\u2019autres formes, les unes aussi insidieuses que les autres. Lorsque la France par exemple (le syst\u00e8me \u00e0 diff\u00e9rencier avec le peuple fran\u00e7ais) \u00a0garantit le FCFA et trouve une autre d\u00e9nomination l\u2019ECO, n\u2019est-ce pas pour att\u00e9nuer le symbole du colonialisme que la monnaie refl\u00e8te ; mais aussi de faire moins sentir une tutelle si pesante. N\u2019est-elle pas en m\u00eame temps en train de contr\u00f4ler notre souverainet\u00e9 \u00e9conomique ? Si les \u00e9conomies des pays francophones en \u00e9taient au moins plus performantes que celles anglophones d\u2019Afrique !<\/p>\n<p>Lorsque des entreprises fran\u00e7aises d\u00e9cident de venir \u00ab<em>chasser en meutes<\/em> \u00bb, ne cherchent-elles pas \u00e0 capter davantage de march\u00e9s\u00a0? Mais dans leur inconscient, elles s\u2019imaginent juste en terrain conquis. Elles sont en r\u00e9alit\u00e9 revenues en force depuis qu\u2019elles ont not\u00e9 l\u2019offensive des Chinois, Turcs, Marocains, etc.<\/p>\n<p>Aujourd\u2019hui, la France officielle contr\u00f4le en partie notre mani\u00e8re de consommer avec les acteurs de la grande distribution (Auchan, Carrefour, etc) qui essaiment nos grandes villes, l\u2019existence d\u2019une classe moyenne \u00e9mergente justifiant cela. Path\u00e9 Cin\u00e9ma a r\u00e9ussi \u00e0 attirer nos enfants dans les salles de cin\u00e9ma r\u00e9cemment inaugur\u00e9es \u00e0 Mermoz. Il suffit de faire un tour dans ce quartier, le week-end, pour se rendre compte de l\u2019affluence qui y r\u00e8gne. Il est vrai, cela dit, que depuis la mort de la SIDEC, le cin\u00e9ma est mort de sa belle mort, sous nos cieux, m\u00eame si Netflix et la t\u00e9l\u00e9vision par internet (IPTV) et ces cha\u00eenes payantes tentent d\u2019occuper la place. Le cin\u00e9ma vu sous cet angle, est plus consid\u00e9r\u00e9 comme un loisir, une sortie et non comme l\u2019id\u00e9e d\u2019aller simplement voir un film, avec d\u2019autres activit\u00e9s commerciales connexes. Ils ont en tout cas fait une belle affaire, ces Fran\u00e7ais en regroupant sur un m\u00eame espace \u00e0 Mermoz, leurs enseignes telles que D\u00e9cathlon, Auchan et Path\u00e9 avec dans le lot, une enseigne am\u00e9ricaine KFC, exploit\u00e9e sous forme de franchise par la famille de Babacar Ngom.<\/p>\n<p>La v\u00e9rit\u00e9 est que ces occidentaux veulent dire aux Africains et aux autres quoi penser, quoi manger et comment s\u2019amuser. Que restera-t-il aux Africains lorsqu\u2019ils auront fini de contr\u00f4ler leur pens\u00e9e, leur argent et leur mani\u00e8re de consommer et de s\u2019amuser ? L\u2019Africain deviendra assur\u00e9ment l\u2019esclave qui m\u00e9connait qu\u2019il l\u2019est.<\/p>\n<p>A l\u2019inverse, l\u2019on se rend compte que sur la question du voile islamique, la Burka par exemple, \u00a0jug\u00e9e d\u2019ailleurs \u00e0 tort comme un accoutrement islamique, il y a un amalgame terrible qui en est fait. Certains m\u00e9dias Fran\u00e7ais ont fait de la question de l\u2019Islam, leur sujet favori, organisant des d\u00e9bats sans fin, confondant all\u00e8grement certaines tenues qui ne sont en r\u00e9alit\u00e9 que des apparats culturels. Il n\u2019en ont cure. Ce n\u2019est pas la v\u00e9rit\u00e9 qui les int\u00e9resse. Ils veulent bien dicter leur mode de vie, mais n\u2019acceptent que les autres soient eux-m\u00eames. Ce qui les int\u00e9resse, ce n\u2019est point d\u2019informer sur l\u2019Islam, mais d\u2019amener \u00e0 le d\u00e9tester car il repr\u00e9senterait un danger pour L\u2019occident chr\u00e9tien.\u00a0 Eric Zemmour, l\u2019essayiste et d\u00e9sormais homme politique, n\u2019a-t-il pas pris l\u2019habitude de dire \u00ab\u00a0<em>\u00e0 Rome, on fait comme les Romains<\/em>\u00a0\u00bb\u00a0? Une mani\u00e8re de d\u00e9clarer \u00a0qu\u2019on ne peut pas \u00eatre en France et se comporter comme si on \u00e9tait chez soi. Il faut s\u2019assimiler, se mettre \u00e0 l\u2019heure fran\u00e7aise.<\/p>\n<p>Figurez-vous bien que ce m\u00eame Eric Zemmour est parrain\u00e9 par Bollor\u00e9, l'oligarque fran\u00e7ais qui a fait fortune en Afrique en vendant aussi (\u00e0 c\u00f4t\u00e9 du transport, de la logistique ), du sport, des loisirs et les t\u00e9l\u00e9films africains -\u00e0 travers Sunu Yeuf). Sa cha\u00eene \"C News\" sur Canal+ passe pourtant son temps \u00e0 promouvoir des messages de haine, de racisme et de x\u00e9nophobie, en ayant offert pendant la p\u00e9riode pr\u00e9\u00e9lectorale de la pr\u00e9sidentielle en France, une tribune au pol\u00e9miste qui avait fini par booster l'audience, tellement ses propos faisaient \u00e9cho. Ce dernier aura heureusement vite vu sa bulle se d\u00e9gonfler comme un ballon de baudruche. Le pol\u00e9miste a si souvent pris une interdiction islamique pour l\u2019Islam. Comme lorsqu\u2019il parle de l\u2019apostasie, c\u2019est pour juste dire que l\u2019Islam est r\u00e9trograde et barbare. Ce qui s\u2019appelle prendre une infime partie pour le tout ! L\u2019amalgame est volontaire et cherche tout simplement \u00e0 discr\u00e9diter la religion islamique qui est bien plus forte qu\u2019il ne saurait l\u2019imaginer.<\/p>\n<p>Sur la question de l\u2019homosexualit\u00e9 par exemple, l\u2019occident pense devoir la promouvoir par tous les moyens. Ne tente-t-il pas tous les jours de la faire l\u00e9galiser, malgr\u00e9 des oppositions dans des pays comme le S\u00e9n\u00e9gal\u00a0? Des homosexuels, il en existe certes depuis belle lurette dans nos soci\u00e9t\u00e9s, mais pourquoi diable cherche-t-on par tous les moyens \u00e0 vouloir l\u2019imposer aux autres\u00a0? Il y a en effet une offensive qui s\u2019exerce de nos jours dans la promotion de l\u2019homosexualit\u00e9 et \u00a0qui passe par diff\u00e9rents canaux, notamment le sport, les loisirs, les films et les dessins anim\u00e9s pour enfants. Dans le championnat anglais, les ballons sont d\u00e9sormais aux couleurs LGBT, les brassards de capitaines aussi. La qu\u00eate de la banalisation est \u00e0 l\u2019\u0153uvre. Il est d\u2019ailleurs de plus en plus rare de suivre un film sans que des sc\u00e8nes ne montrent des femmes qui s\u2019embrassent, font l\u2019amour\u00a0; de m\u00eame que des hommes qui s\u2019embrassent ; et parfois ce sont des enfants de m\u00eame sexe qui d\u00e9couvrent leur attirance pour d\u2019autres enfants de m\u00eame sexe qui sont mis en sc\u00e8ne. L\u2019objectif est clair, faire accepter l\u2019homosexualit\u00e9 en la montrant sous ses aspects les plus impudiques et les plus extr\u00eames, \u00e0 un point o\u00f9 elle cessera de choquer.<\/p>\n<p>Que ces occidentaux arr\u00eatent tout simplement de vouloir nous imposer leurs recettes import\u00e9es, ils ont eux-m\u00eames des probl\u00e8mes avec les recettes import\u00e9es de l\u2019\u00e9tranger.<\/p>\n<p>Voil\u00e0 donc autant de raisons qui doivent faire r\u00e9fl\u00e9chir ces occidentaux qui ne devraient point faire aux autres, ce qu\u2019ils ne voudraient pas qu\u2019on leur fasse.<\/p>\n<p>A l\u2019heure de la mondialisation o\u00f9 il est difficile d\u2019\u00e9riger des murs, les Africains doivent se battre en se dotant de puissants groupes m\u00e9diatiques, \u00e0 m\u00eame de traverser le continent et de pouvoir montrer un autre visage de l\u2019Afrique positive qui avance, plut\u00f4t que de continuer \u00e0 subir les assauts occidentaux qui n\u2019ont aucun int\u00e9r\u00eat \u00e0 ce que l\u2019Afrique s\u2019\u00e9mancipe. Tous ces pays disposent de puissante cha\u00eenes de t\u00e9l\u00e9, de radio \u00e0 l\u2019image de France 24, I 24, Al Jazeera, RFI, TV5, etc<\/p>\n<div class='share-to-whatsapp-wrapper'><div class='share-on-whsp'>PARTAGER SUR : <\/div><a data-text='IDIOVISUEL - Au nom du contr\u00f4le de nos pens\u00e9es\u00a0!' data-link='https:\/\/www.nettali.com\/2022\/11\/17\/idiovisuel-au-nom-du-controle-de-nos-pensees\/' class='whatsapp-button whatsapp-share'>WhatsApp<\/a><div class='clear '><\/div><\/div>","protected":false},"excerpt":{"rendered":"<p>NETTALI.COM - Une publicit\u00e9 qui a attir\u00e9 l\u2019attention en ce mois de novembre 2022, c\u2019est celle d\u00e9clin\u00e9e sous forme d\u2019affichettes placard\u00e9es sur les poteaux \u00e9lectriques install\u00e9s le long des routes de la capitale s\u00e9n\u00e9galaise. Elles annon\u00e7aient la 2\u00e8me conf\u00e9rence internationale sur ce nouveau concept qu\u2019est \u00ab la masculinit\u00e9 positive \u00bb. Une annonce illustr\u00e9e par la [&hellip;]<\/p>\n","protected":false},"author":2,"featured_media":97722,"comment_status":"open","ping_status":"open","sticky":false,"template":"","format":"standard","meta":{"_et_pb_use_builder":"","_et_pb_old_content":""},"categories":[9],"tags":[],"yoast_head":"<!-- This site is optimized with the Yoast SEO Premium plugin v17.8 (Yoast SEO v17.8) - https:\/\/yoast.com\/wordpress\/plugins\/seo\/ -->\n<title>IDIOVISUEL - Au nom du contr\u00f4le de nos pens\u00e9es\u00a0! | Nettali.com<\/title>\n<meta name=\"robots\" content=\"index, follow, max-snippet:-1, max-image-preview:large, max-video-preview:-1\" \/>\n<link rel=\"canonical\" href=\"https:\/\/www.nettali.com\/2022\/11\/17\/idiovisuel-au-nom-du-controle-de-nos-pensees\/\" \/>\n<meta property=\"og:locale\" content=\"fr_FR\" \/>\n<meta property=\"og:type\" content=\"article\" \/>\n<meta property=\"og:title\" content=\"IDIOVISUEL - Au nom du contr\u00f4le de nos pens\u00e9es\u00a0!\" \/>\n<meta property=\"og:description\" content=\"NETTALI.COM - Une publicit\u00e9 qui a attir\u00e9 l\u2019attention en ce mois de novembre 2022, c\u2019est celle d\u00e9clin\u00e9e sous forme d\u2019affichettes placard\u00e9es sur les poteaux \u00e9lectriques install\u00e9s le long des routes de la capitale s\u00e9n\u00e9galaise. Elles annon\u00e7aient la 2\u00e8me conf\u00e9rence internationale sur ce nouveau concept qu\u2019est \u00ab la masculinit\u00e9 positive \u00bb. Une annonce illustr\u00e9e par la [&hellip;]\" \/>\n<meta property=\"og:url\" content=\"https:\/\/www.nettali.com\/2022\/11\/17\/idiovisuel-au-nom-du-controle-de-nos-pensees\/\" \/>\n<meta property=\"og:site_name\" content=\"Nettali.com\" \/>\n<meta property=\"article:publisher\" content=\"https:\/\/www.facebook.com\/nettalicom\" \/>\n<meta property=\"article:published_time\" content=\"2022-11-17T07:00:06+00:00\" \/>\n<meta property=\"article:modified_time\" content=\"2022-11-21T07:38:15+00:00\" \/>\n<meta property=\"og:image\" content=\"https:\/\/www.nettali.com\/wp-content\/uploads\/2022\/11\/conf-sall-macron-bollore.jpg\" \/>\n\t<meta property=\"og:image:width\" content=\"1280\" \/>\n\t<meta property=\"og:image:height\" content=\"600\" \/>\n<meta name=\"twitter:card\" content=\"summary_large_image\" \/>\n<meta name=\"twitter:label1\" content=\"\u00c9crit par\" \/>\n\t<meta name=\"twitter:data1\" content=\"CK\" \/>\n\t<meta name=\"twitter:label2\" content=\"Dur\u00e9e de lecture estim\u00e9e\" \/>\n\t<meta name=\"twitter:data2\" content=\"14 minutes\" \/>\n<script type=\"application\/ld+json\" class=\"yoast-schema-graph\">{\"@context\":\"https:\/\/schema.org\",\"@graph\":[{\"@type\":\"WebSite\",\"@id\":\"https:\/\/www.nettali.com\/#website\",\"url\":\"https:\/\/www.nettali.com\/\",\"name\":\"Nettali.com\",\"description\":\"Le rendez-vous critique du Net\",\"potentialAction\":[{\"@type\":\"SearchAction\",\"target\":{\"@type\":\"EntryPoint\",\"urlTemplate\":\"https:\/\/www.nettali.com\/?s={search_term_string}\"},\"query-input\":\"required name=search_term_string\"}],\"inLanguage\":\"fr-FR\"},{\"@type\":\"ImageObject\",\"@id\":\"https:\/\/www.nettali.com\/2022\/11\/17\/idiovisuel-au-nom-du-controle-de-nos-pensees\/#primaryimage\",\"inLanguage\":\"fr-FR\",\"url\":\"https:\/\/www.nettali.com\/wp-content\/uploads\/2022\/11\/conf-sall-macron-bollore.jpg\",\"contentUrl\":\"https:\/\/www.nettali.com\/wp-content\/uploads\/2022\/11\/conf-sall-macron-bollore.jpg\",\"width\":1280,\"height\":600},{\"@type\":\"WebPage\",\"@id\":\"https:\/\/www.nettali.com\/2022\/11\/17\/idiovisuel-au-nom-du-controle-de-nos-pensees\/#webpage\",\"url\":\"https:\/\/www.nettali.com\/2022\/11\/17\/idiovisuel-au-nom-du-controle-de-nos-pensees\/\",\"name\":\"IDIOVISUEL - Au nom du contr\\u00f4le de nos pens\\u00e9es\\u00a0! | Nettali.com\",\"isPartOf\":{\"@id\":\"https:\/\/www.nettali.com\/#website\"},\"primaryImageOfPage\":{\"@id\":\"https:\/\/www.nettali.com\/2022\/11\/17\/idiovisuel-au-nom-du-controle-de-nos-pensees\/#primaryimage\"},\"datePublished\":\"2022-11-17T07:00:06+00:00\",\"dateModified\":\"2022-11-21T07:38:15+00:00\",\"author\":{\"@id\":\"https:\/\/www.nettali.com\/#\/schema\/person\/d8ac7b7e27ddad43f1c0d2ef090d7f71\"},\"breadcrumb\":{\"@id\":\"https:\/\/www.nettali.com\/2022\/11\/17\/idiovisuel-au-nom-du-controle-de-nos-pensees\/#breadcrumb\"},\"inLanguage\":\"fr-FR\",\"potentialAction\":[{\"@type\":\"ReadAction\",\"target\":[\"https:\/\/www.nettali.com\/2022\/11\/17\/idiovisuel-au-nom-du-controle-de-nos-pensees\/\"]}]},{\"@type\":\"BreadcrumbList\",\"@id\":\"https:\/\/www.nettali.com\/2022\/11\/17\/idiovisuel-au-nom-du-controle-de-nos-pensees\/#breadcrumb\",\"itemListElement\":[{\"@type\":\"ListItem\",\"position\":1,\"name\":\"Accueil\",\"item\":\"https:\/\/www.nettali.com\/\"},{\"@type\":\"ListItem\",\"position\":2,\"name\":\"IDIOVISUEL - Au nom du contr\\u00f4le de nos pens\\u00e9es\\u00a0!\"}]},{\"@type\":\"Person\",\"@id\":\"https:\/\/www.nettali.com\/#\/schema\/person\/d8ac7b7e27ddad43f1c0d2ef090d7f71\",\"name\":\"CK\",\"image\":{\"@type\":\"ImageObject\",\"@id\":\"https:\/\/www.nettali.com\/#personlogo\",\"inLanguage\":\"fr-FR\",\"url\":\"https:\/\/secure.gravatar.com\/avatar\/1d8d5118b9327d94da7cd4ce7f17fec2?s=96&d=mm&r=g\",\"contentUrl\":\"https:\/\/secure.gravatar.com\/avatar\/1d8d5118b9327d94da7cd4ce7f17fec2?s=96&d=mm&r=g\",\"caption\":\"CK\"},\"sameAs\":[\"https:\/\/www.nettali.com\"]}]}<\/script>\n<!-- \/ Yoast SEO Premium plugin. -->","yoast_head_json":{"title":"IDIOVISUEL - Au nom du contr\u00f4le de nos pens\u00e9es\u00a0! | Nettali.com","robots":{"index":"index","follow":"follow","max-snippet":"max-snippet:-1","max-image-preview":"max-image-preview:large","max-video-preview":"max-video-preview:-1"},"canonical":"https:\/\/www.nettali.com\/2022\/11\/17\/idiovisuel-au-nom-du-controle-de-nos-pensees\/","og_locale":"fr_FR","og_type":"article","og_title":"IDIOVISUEL - Au nom du contr\u00f4le de nos pens\u00e9es\u00a0!","og_description":"NETTALI.COM - Une publicit\u00e9 qui a attir\u00e9 l\u2019attention en ce mois de novembre 2022, c\u2019est celle d\u00e9clin\u00e9e sous forme d\u2019affichettes placard\u00e9es sur les poteaux \u00e9lectriques install\u00e9s le long des routes de la capitale s\u00e9n\u00e9galaise. Elles annon\u00e7aient la 2\u00e8me conf\u00e9rence internationale sur ce nouveau concept qu\u2019est \u00ab la masculinit\u00e9 positive \u00bb. Une annonce illustr\u00e9e par la [&hellip;]","og_url":"https:\/\/www.nettali.com\/2022\/11\/17\/idiovisuel-au-nom-du-controle-de-nos-pensees\/","og_site_name":"Nettali.com","article_publisher":"https:\/\/www.facebook.com\/nettalicom","article_published_time":"2022-11-17T07:00:06+00:00","article_modified_time":"2022-11-21T07:38:15+00:00","og_image":[{"width":1280,"height":600,"url":"https:\/\/www.nettali.com\/wp-content\/uploads\/2022\/11\/conf-sall-macron-bollore.jpg","type":"image\/jpeg"}],"twitter_card":"summary_large_image","twitter_misc":{"\u00c9crit par":"CK","Dur\u00e9e de lecture estim\u00e9e":"14 minutes"},"schema":{"@context":"https:\/\/schema.org","@graph":[{"@type":"WebSite","@id":"https:\/\/www.nettali.com\/#website","url":"https:\/\/www.nettali.com\/","name":"Nettali.com","description":"Le rendez-vous critique du Net","potentialAction":[{"@type":"SearchAction","target":{"@type":"EntryPoint","urlTemplate":"https:\/\/www.nettali.com\/?s={search_term_string}"},"query-input":"required name=search_term_string"}],"inLanguage":"fr-FR"},{"@type":"ImageObject","@id":"https:\/\/www.nettali.com\/2022\/11\/17\/idiovisuel-au-nom-du-controle-de-nos-pensees\/#primaryimage","inLanguage":"fr-FR","url":"https:\/\/www.nettali.com\/wp-content\/uploads\/2022\/11\/conf-sall-macron-bollore.jpg","contentUrl":"https:\/\/www.nettali.com\/wp-content\/uploads\/2022\/11\/conf-sall-macron-bollore.jpg","width":1280,"height":600},{"@type":"WebPage","@id":"https:\/\/www.nettali.com\/2022\/11\/17\/idiovisuel-au-nom-du-controle-de-nos-pensees\/#webpage","url":"https:\/\/www.nettali.com\/2022\/11\/17\/idiovisuel-au-nom-du-controle-de-nos-pensees\/","name":"IDIOVISUEL - Au nom du contr\u00f4le de nos pens\u00e9es\u00a0! | Nettali.com","isPartOf":{"@id":"https:\/\/www.nettali.com\/#website"},"primaryImageOfPage":{"@id":"https:\/\/www.nettali.com\/2022\/11\/17\/idiovisuel-au-nom-du-controle-de-nos-pensees\/#primaryimage"},"datePublished":"2022-11-17T07:00:06+00:00","dateModified":"2022-11-21T07:38:15+00:00","author":{"@id":"https:\/\/www.nettali.com\/#\/schema\/person\/d8ac7b7e27ddad43f1c0d2ef090d7f71"},"breadcrumb":{"@id":"https:\/\/www.nettali.com\/2022\/11\/17\/idiovisuel-au-nom-du-controle-de-nos-pensees\/#breadcrumb"},"inLanguage":"fr-FR","potentialAction":[{"@type":"ReadAction","target":["https:\/\/www.nettali.com\/2022\/11\/17\/idiovisuel-au-nom-du-controle-de-nos-pensees\/"]}]},{"@type":"BreadcrumbList","@id":"https:\/\/www.nettali.com\/2022\/11\/17\/idiovisuel-au-nom-du-controle-de-nos-pensees\/#breadcrumb","itemListElement":[{"@type":"ListItem","position":1,"name":"Accueil","item":"https:\/\/www.nettali.com\/"},{"@type":"ListItem","position":2,"name":"IDIOVISUEL - Au nom du contr\u00f4le de nos pens\u00e9es\u00a0!"}]},{"@type":"Person","@id":"https:\/\/www.nettali.com\/#\/schema\/person\/d8ac7b7e27ddad43f1c0d2ef090d7f71","name":"CK","image":{"@type":"ImageObject","@id":"https:\/\/www.nettali.com\/#personlogo","inLanguage":"fr-FR","url":"https:\/\/secure.gravatar.com\/avatar\/1d8d5118b9327d94da7cd4ce7f17fec2?s=96&d=mm&r=g","contentUrl":"https:\/\/secure.gravatar.com\/avatar\/1d8d5118b9327d94da7cd4ce7f17fec2?s=96&d=mm&r=g","caption":"CK"},"sameAs":["https:\/\/www.nettali.com"]}]}},"_links":{"self":[{"href":"https:\/\/www.nettali.com\/rest\/wp\/v2\/posts\/97715"}],"collection":[{"href":"https:\/\/www.nettali.com\/rest\/wp\/v2\/posts"}],"about":[{"href":"https:\/\/www.nettali.com\/rest\/wp\/v2\/types\/post"}],"author":[{"embeddable":true,"href":"https:\/\/www.nettali.com\/rest\/wp\/v2\/users\/2"}],"replies":[{"embeddable":true,"href":"https:\/\/www.nettali.com\/rest\/wp\/v2\/comments?post=97715"}],"version-history":[{"count":2,"href":"https:\/\/www.nettali.com\/rest\/wp\/v2\/posts\/97715\/revisions"}],"predecessor-version":[{"id":97766,"href":"https:\/\/www.nettali.com\/rest\/wp\/v2\/posts\/97715\/revisions\/97766"}],"wp:featuredmedia":[{"embeddable":true,"href":"https:\/\/www.nettali.com\/rest\/wp\/v2\/media\/97722"}],"wp:attachment":[{"href":"https:\/\/www.nettali.com\/rest\/wp\/v2\/media?parent=97715"}],"wp:term":[{"taxonomy":"category","embeddable":true,"href":"https:\/\/www.nettali.com\/rest\/wp\/v2\/categories?post=97715"},{"taxonomy":"post_tag","embeddable":true,"href":"https:\/\/www.nettali.com\/rest\/wp\/v2\/tags?post=97715"}],"curies":[{"name":"wp","href":"https:\/\/api.w.org\/{rel}","templated":true}]}}