{"id":97659,"date":"2022-11-15T18:25:40","date_gmt":"2022-11-15T18:25:40","guid":{"rendered":"https:\/\/www.nettali.com\/?p=97659"},"modified":"2022-11-15T18:25:55","modified_gmt":"2022-11-15T18:25:55","slug":"chambre-criminelle-de-dakar-boy-djine-condamne-a-cinq-ans","status":"publish","type":"post","link":"https:\/\/www.nettali.com\/2022\/11\/15\/chambre-criminelle-de-dakar-boy-djine-condamne-a-cinq-ans\/","title":{"rendered":"CHAMBRE CRIMINELLE DE DAKAR- Boy Djinn\u00e9 condamn\u00e9 \u00e0 cinq ans"},"content":{"rendered":"<p><strong>NETTALI.COM- Alors que le parquet avait requis\u00a0 20 ans de r\u00e9clusion criminelle contre lui, Baye Modou Fall alias Boy Djin\u00e9 a \u00e9cop\u00e9 une peine de 5 ans de r\u00e9clusion criminelle.\u00a0<\/strong><strong>L'as de l'\u00e9vasion est condamn\u00e9 par la Chambre Criminelle du tribunal de grande Instance de Dakar pour des faits de vol aggrav\u00e9 survenus entre 2007 et 2008.<\/strong><\/p>\n<p>Cinq ans de r\u00e9clusion criminelle et une amende de 500.000 F Cfa. C'est la sanction\u00a0 que la chambre criminelle de Dakar a inflig\u00e9e\u00a0 ce mardi 15 novembre 2022 \u00e0\u00a0 Modou Fall alias Boy Djin\u00e9.\u00a0 Le d\u00e9tenu de 32 ans, rendu c\u00e9l\u00e8bre par ses nombreuses \u00e9vasions, r\u00e9pondait des chefs de vol en r\u00e9union avec escalade et usage de moyens de locomotion, association de malfaiteurs etc. Des faits survenus entre 2007-2008.<\/p>\n<p>Face aux juges le 4 octobre 2022, Baye Modou Fall avait reconnu avoir particip\u00e9 \u00e0 deux vols dont un \u00e0 Mbour et au Lagon avant de faire son mea culpa. \u00ab <em>Je suis entr\u00e9 dans l'h\u00f4tel Lagon o\u00f9 j'ai vol\u00e9. \u00c0 Mbour aussi, j'ai commis un vol. Je regrette et je pr\u00e9sente mes excuses<\/em> \u00bb, avait-t-il soutenu avant de d\u00e9noncer un acharnement sur sa personne.\u00a0 <em>\"Il y a un acharnement contre ma personne\",<\/em> avait-il dit.<\/p>\n<p>En prison depuis 2008, Boy Djin\u00e9 avait \u00e9t\u00e9 attrait en 2017 pour les m\u00eames faits. Mais la proc\u00e9dure avait \u00e9t\u00e9 annul\u00e9e suite \u00e0 une requ\u00eate de ses avocats. Le parquet, non satisfait, avait interjet\u00e9 appel. Lors du proc\u00e8s tenu le 4 octobre 2022, il avait requis une peine de \u00a020 ans de r\u00e9clusion criminelle.<\/p>\n<p>La d\u00e9fense avait plaid\u00e9 l\u2019acquittement mais dans sa d\u00e9cision, le juge n'a \u00e9cart\u00e9 que l'association de malfaiteurs et a condamn\u00e9\u00a0 Boy Djin\u00e9 pour vol.<\/p>\n<div class='share-to-whatsapp-wrapper'><div class='share-on-whsp'>PARTAGER SUR : <\/div><a data-text='CHAMBRE CRIMINELLE DE DAKAR- Boy Djinn\u00e9 condamn\u00e9 \u00e0 cinq ans' data-link='https:\/\/www.nettali.com\/2022\/11\/15\/chambre-criminelle-de-dakar-boy-djine-condamne-a-cinq-ans\/' class='whatsapp-button whatsapp-share'>WhatsApp<\/a><div class='clear '><\/div><\/div>","protected":false},"excerpt":{"rendered":"<p>NETTALI.COM- Alors que le parquet avait requis\u00a0 20 ans de r\u00e9clusion criminelle contre lui, Baye Modou Fall alias Boy Djin\u00e9 a \u00e9cop\u00e9 une peine de 5 ans de r\u00e9clusion criminelle.\u00a0L'as de l'\u00e9vasion est condamn\u00e9 par la Chambre Criminelle du tribunal de grande Instance de Dakar pour des faits de vol aggrav\u00e9 survenus entre 2007 et [&hellip;]<\/p>\n","protected":false},"author":6,"featured_media":95041,"comment_status":"open","ping_status":"open","sticky":false,"template":"","format":"standard","meta":{"_et_pb_use_builder":"","_et_pb_old_content":""},"categories":[3],"tags":[],"yoast_head":"<!-- This site is optimized with the Yoast SEO Premium plugin v17.8 (Yoast SEO v17.8) - https:\/\/yoast.com\/wordpress\/plugins\/seo\/ -->\n<title>CHAMBRE CRIMINELLE DE DAKAR- Boy Djinn\u00e9 condamn\u00e9 \u00e0 cinq ans | Nettali.com<\/title>\n<meta name=\"robots\" content=\"index, follow, max-snippet:-1, max-image-preview:large, max-video-preview:-1\" \/>\n<link rel=\"canonical\" href=\"https:\/\/www.nettali.com\/2022\/11\/15\/chambre-criminelle-de-dakar-boy-djine-condamne-a-cinq-ans\/\" \/>\n<meta property=\"og:locale\" content=\"fr_FR\" \/>\n<meta property=\"og:type\" content=\"article\" \/>\n<meta property=\"og:title\" content=\"CHAMBRE CRIMINELLE DE DAKAR- Boy Djinn\u00e9 condamn\u00e9 \u00e0 cinq ans\" \/>\n<meta property=\"og:description\" content=\"NETTALI.COM- Alors que le parquet avait requis\u00a0 20 ans de r\u00e9clusion criminelle contre lui, Baye Modou Fall alias Boy Djin\u00e9 a \u00e9cop\u00e9 une peine de 5 ans de r\u00e9clusion criminelle.\u00a0L&#039;as de l&#039;\u00e9vasion est condamn\u00e9 par la Chambre Criminelle du tribunal de grande Instance de Dakar pour des faits de vol aggrav\u00e9 survenus entre 2007 et [&hellip;]\" \/>\n<meta property=\"og:url\" content=\"https:\/\/www.nettali.com\/2022\/11\/15\/chambre-criminelle-de-dakar-boy-djine-condamne-a-cinq-ans\/\" \/>\n<meta property=\"og:site_name\" content=\"Nettali.com\" \/>\n<meta property=\"article:publisher\" content=\"https:\/\/www.facebook.com\/nettalicom\" \/>\n<meta property=\"article:published_time\" content=\"2022-11-15T18:25:40+00:00\" \/>\n<meta property=\"article:modified_time\" content=\"2022-11-15T18:25:55+00:00\" \/>\n<meta property=\"og:image\" content=\"https:\/\/www.nettali.com\/wp-content\/uploads\/2022\/10\/boy-djinne.jpg\" \/>\n\t<meta property=\"og:image:width\" content=\"631\" \/>\n\t<meta property=\"og:image:height\" content=\"386\" \/>\n<meta name=\"twitter:card\" content=\"summary_large_image\" \/>\n<meta name=\"twitter:label1\" content=\"\u00c9crit par\" \/>\n\t<meta name=\"twitter:data1\" content=\"Fatou\" \/>\n\t<meta name=\"twitter:label2\" content=\"Dur\u00e9e de lecture estim\u00e9e\" \/>\n\t<meta name=\"twitter:data2\" content=\"2 minutes\" \/>\n<script type=\"application\/ld+json\" class=\"yoast-schema-graph\">{\"@context\":\"https:\/\/schema.org\",\"@graph\":[{\"@type\":\"WebSite\",\"@id\":\"https:\/\/www.nettali.com\/#website\",\"url\":\"https:\/\/www.nettali.com\/\",\"name\":\"Nettali.com\",\"description\":\"Le rendez-vous critique du Net\",\"potentialAction\":[{\"@type\":\"SearchAction\",\"target\":{\"@type\":\"EntryPoint\",\"urlTemplate\":\"https:\/\/www.nettali.com\/?s={search_term_string}\"},\"query-input\":\"required name=search_term_string\"}],\"inLanguage\":\"fr-FR\"},{\"@type\":\"ImageObject\",\"@id\":\"https:\/\/www.nettali.com\/2022\/11\/15\/chambre-criminelle-de-dakar-boy-djine-condamne-a-cinq-ans\/#primaryimage\",\"inLanguage\":\"fr-FR\",\"url\":\"https:\/\/www.nettali.com\/wp-content\/uploads\/2022\/10\/boy-djinne.jpg\",\"contentUrl\":\"https:\/\/www.nettali.com\/wp-content\/uploads\/2022\/10\/boy-djinne.jpg\",\"width\":631,\"height\":386},{\"@type\":\"WebPage\",\"@id\":\"https:\/\/www.nettali.com\/2022\/11\/15\/chambre-criminelle-de-dakar-boy-djine-condamne-a-cinq-ans\/#webpage\",\"url\":\"https:\/\/www.nettali.com\/2022\/11\/15\/chambre-criminelle-de-dakar-boy-djine-condamne-a-cinq-ans\/\",\"name\":\"CHAMBRE CRIMINELLE DE DAKAR- Boy Djinn\\u00e9 condamn\\u00e9 \\u00e0 cinq ans | Nettali.com\",\"isPartOf\":{\"@id\":\"https:\/\/www.nettali.com\/#website\"},\"primaryImageOfPage\":{\"@id\":\"https:\/\/www.nettali.com\/2022\/11\/15\/chambre-criminelle-de-dakar-boy-djine-condamne-a-cinq-ans\/#primaryimage\"},\"datePublished\":\"2022-11-15T18:25:40+00:00\",\"dateModified\":\"2022-11-15T18:25:55+00:00\",\"author\":{\"@id\":\"https:\/\/www.nettali.com\/#\/schema\/person\/418274a86bdf87caff7a3ef476bd0bbf\"},\"breadcrumb\":{\"@id\":\"https:\/\/www.nettali.com\/2022\/11\/15\/chambre-criminelle-de-dakar-boy-djine-condamne-a-cinq-ans\/#breadcrumb\"},\"inLanguage\":\"fr-FR\",\"potentialAction\":[{\"@type\":\"ReadAction\",\"target\":[\"https:\/\/www.nettali.com\/2022\/11\/15\/chambre-criminelle-de-dakar-boy-djine-condamne-a-cinq-ans\/\"]}]},{\"@type\":\"BreadcrumbList\",\"@id\":\"https:\/\/www.nettali.com\/2022\/11\/15\/chambre-criminelle-de-dakar-boy-djine-condamne-a-cinq-ans\/#breadcrumb\",\"itemListElement\":[{\"@type\":\"ListItem\",\"position\":1,\"name\":\"Accueil\",\"item\":\"https:\/\/www.nettali.com\/\"},{\"@type\":\"ListItem\",\"position\":2,\"name\":\"CHAMBRE CRIMINELLE DE DAKAR- Boy Djinn\\u00e9 condamn\\u00e9 \\u00e0 cinq ans\"}]},{\"@type\":\"Person\",\"@id\":\"https:\/\/www.nettali.com\/#\/schema\/person\/418274a86bdf87caff7a3ef476bd0bbf\",\"name\":\"Fatou\",\"image\":{\"@type\":\"ImageObject\",\"@id\":\"https:\/\/www.nettali.com\/#personlogo\",\"inLanguage\":\"fr-FR\",\"url\":\"https:\/\/secure.gravatar.com\/avatar\/5a9442a2bee7b4dcf167cab035858e9a?s=96&d=mm&r=g\",\"contentUrl\":\"https:\/\/secure.gravatar.com\/avatar\/5a9442a2bee7b4dcf167cab035858e9a?s=96&d=mm&r=g\",\"caption\":\"Fatou\"},\"sameAs\":[\"https:\/\/www.nettali.com\"]}]}<\/script>\n<!-- \/ Yoast SEO Premium plugin. -->","yoast_head_json":{"title":"CHAMBRE CRIMINELLE DE DAKAR- Boy Djinn\u00e9 condamn\u00e9 \u00e0 cinq ans | Nettali.com","robots":{"index":"index","follow":"follow","max-snippet":"max-snippet:-1","max-image-preview":"max-image-preview:large","max-video-preview":"max-video-preview:-1"},"canonical":"https:\/\/www.nettali.com\/2022\/11\/15\/chambre-criminelle-de-dakar-boy-djine-condamne-a-cinq-ans\/","og_locale":"fr_FR","og_type":"article","og_title":"CHAMBRE CRIMINELLE DE DAKAR- Boy Djinn\u00e9 condamn\u00e9 \u00e0 cinq ans","og_description":"NETTALI.COM- Alors que le parquet avait requis\u00a0 20 ans de r\u00e9clusion criminelle contre lui, Baye Modou Fall alias Boy Djin\u00e9 a \u00e9cop\u00e9 une peine de 5 ans de r\u00e9clusion criminelle.\u00a0L'as de l'\u00e9vasion est condamn\u00e9 par la Chambre Criminelle du tribunal de grande Instance de Dakar pour des faits de vol aggrav\u00e9 survenus entre 2007 et [&hellip;]","og_url":"https:\/\/www.nettali.com\/2022\/11\/15\/chambre-criminelle-de-dakar-boy-djine-condamne-a-cinq-ans\/","og_site_name":"Nettali.com","article_publisher":"https:\/\/www.facebook.com\/nettalicom","article_published_time":"2022-11-15T18:25:40+00:00","article_modified_time":"2022-11-15T18:25:55+00:00","og_image":[{"width":631,"height":386,"url":"https:\/\/www.nettali.com\/wp-content\/uploads\/2022\/10\/boy-djinne.jpg","type":"image\/jpeg"}],"twitter_card":"summary_large_image","twitter_misc":{"\u00c9crit par":"Fatou","Dur\u00e9e de lecture estim\u00e9e":"2 minutes"},"schema":{"@context":"https:\/\/schema.org","@graph":[{"@type":"WebSite","@id":"https:\/\/www.nettali.com\/#website","url":"https:\/\/www.nettali.com\/","name":"Nettali.com","description":"Le rendez-vous critique du Net","potentialAction":[{"@type":"SearchAction","target":{"@type":"EntryPoint","urlTemplate":"https:\/\/www.nettali.com\/?s={search_term_string}"},"query-input":"required name=search_term_string"}],"inLanguage":"fr-FR"},{"@type":"ImageObject","@id":"https:\/\/www.nettali.com\/2022\/11\/15\/chambre-criminelle-de-dakar-boy-djine-condamne-a-cinq-ans\/#primaryimage","inLanguage":"fr-FR","url":"https:\/\/www.nettali.com\/wp-content\/uploads\/2022\/10\/boy-djinne.jpg","contentUrl":"https:\/\/www.nettali.com\/wp-content\/uploads\/2022\/10\/boy-djinne.jpg","width":631,"height":386},{"@type":"WebPage","@id":"https:\/\/www.nettali.com\/2022\/11\/15\/chambre-criminelle-de-dakar-boy-djine-condamne-a-cinq-ans\/#webpage","url":"https:\/\/www.nettali.com\/2022\/11\/15\/chambre-criminelle-de-dakar-boy-djine-condamne-a-cinq-ans\/","name":"CHAMBRE CRIMINELLE DE DAKAR- Boy Djinn\u00e9 condamn\u00e9 \u00e0 cinq ans | Nettali.com","isPartOf":{"@id":"https:\/\/www.nettali.com\/#website"},"primaryImageOfPage":{"@id":"https:\/\/www.nettali.com\/2022\/11\/15\/chambre-criminelle-de-dakar-boy-djine-condamne-a-cinq-ans\/#primaryimage"},"datePublished":"2022-11-15T18:25:40+00:00","dateModified":"2022-11-15T18:25:55+00:00","author":{"@id":"https:\/\/www.nettali.com\/#\/schema\/person\/418274a86bdf87caff7a3ef476bd0bbf"},"breadcrumb":{"@id":"https:\/\/www.nettali.com\/2022\/11\/15\/chambre-criminelle-de-dakar-boy-djine-condamne-a-cinq-ans\/#breadcrumb"},"inLanguage":"fr-FR","potentialAction":[{"@type":"ReadAction","target":["https:\/\/www.nettali.com\/2022\/11\/15\/chambre-criminelle-de-dakar-boy-djine-condamne-a-cinq-ans\/"]}]},{"@type":"BreadcrumbList","@id":"https:\/\/www.nettali.com\/2022\/11\/15\/chambre-criminelle-de-dakar-boy-djine-condamne-a-cinq-ans\/#breadcrumb","itemListElement":[{"@type":"ListItem","position":1,"name":"Accueil","item":"https:\/\/www.nettali.com\/"},{"@type":"ListItem","position":2,"name":"CHAMBRE CRIMINELLE DE DAKAR- Boy Djinn\u00e9 condamn\u00e9 \u00e0 cinq ans"}]},{"@type":"Person","@id":"https:\/\/www.nettali.com\/#\/schema\/person\/418274a86bdf87caff7a3ef476bd0bbf","name":"Fatou","image":{"@type":"ImageObject","@id":"https:\/\/www.nettali.com\/#personlogo","inLanguage":"fr-FR","url":"https:\/\/secure.gravatar.com\/avatar\/5a9442a2bee7b4dcf167cab035858e9a?s=96&d=mm&r=g","contentUrl":"https:\/\/secure.gravatar.com\/avatar\/5a9442a2bee7b4dcf167cab035858e9a?s=96&d=mm&r=g","caption":"Fatou"},"sameAs":["https:\/\/www.nettali.com"]}]}},"_links":{"self":[{"href":"https:\/\/www.nettali.com\/rest\/wp\/v2\/posts\/97659"}],"collection":[{"href":"https:\/\/www.nettali.com\/rest\/wp\/v2\/posts"}],"about":[{"href":"https:\/\/www.nettali.com\/rest\/wp\/v2\/types\/post"}],"author":[{"embeddable":true,"href":"https:\/\/www.nettali.com\/rest\/wp\/v2\/users\/6"}],"replies":[{"embeddable":true,"href":"https:\/\/www.nettali.com\/rest\/wp\/v2\/comments?post=97659"}],"version-history":[{"count":2,"href":"https:\/\/www.nettali.com\/rest\/wp\/v2\/posts\/97659\/revisions"}],"predecessor-version":[{"id":97683,"href":"https:\/\/www.nettali.com\/rest\/wp\/v2\/posts\/97659\/revisions\/97683"}],"wp:featuredmedia":[{"embeddable":true,"href":"https:\/\/www.nettali.com\/rest\/wp\/v2\/media\/95041"}],"wp:attachment":[{"href":"https:\/\/www.nettali.com\/rest\/wp\/v2\/media?parent=97659"}],"wp:term":[{"taxonomy":"category","embeddable":true,"href":"https:\/\/www.nettali.com\/rest\/wp\/v2\/categories?post=97659"},{"taxonomy":"post_tag","embeddable":true,"href":"https:\/\/www.nettali.com\/rest\/wp\/v2\/tags?post=97659"}],"curies":[{"name":"wp","href":"https:\/\/api.w.org\/{rel}","templated":true}]}}