{"id":97515,"date":"2022-11-13T17:43:14","date_gmt":"2022-11-13T17:43:14","guid":{"rendered":"https:\/\/www.nettali.com\/?p=97515"},"modified":"2022-11-13T17:43:14","modified_gmt":"2022-11-13T17:43:14","slug":"affaire-dachat-darmements-me-moussa-bocar-thiam-brandit-des-menaces","status":"publish","type":"post","link":"https:\/\/www.nettali.com\/2022\/11\/13\/affaire-dachat-darmements-me-moussa-bocar-thiam-brandit-des-menaces\/","title":{"rendered":"AFFAIRE D'ACHAT D'ARMEMENTS - Me Moussa Bocar Thiam brandit des m\u00e9naces"},"content":{"rendered":"<p><strong>NETTALI.COM - \"<em>Ces infractions ne seront pas impunies. Je suis clair<\/em>\". C\u2019est ainsi que le ministre de la Communication, des T\u00e9l\u00e9communications et de l\u2019Economie num\u00e9rique, Moussa Bocar Thiam, a menac\u00e9 de poursuites judiciaires les journalistes ayant publi\u00e9 l\u2019affaire d\u2019achat d\u2019armements d\u2019une valeur de 45 milliards FCFA qu\u2019il a class\u00e9 de \"<em>secret d\u00e9fense<\/em>\", lors de l\u2019\u00e9mission Grand Jury de la Rfm ce dimanche 13 novembre 2022.<\/strong><\/p>\n<p>\"<em>Je vous r\u00e9ponds clairement que ces infractions ne seront pas impunies. Je suis clair. Il est clair que l\u2019\u00c9tat du S\u00e9n\u00e9gal qui a la responsabilit\u00e9 de veiller aux lois et r\u00e8glements prendra toute les mesures n\u00e9cessaires (\u2026) Nous allons revenir \u00e0 l\u2019ordre. Ne pas autoriser qu\u2019un journaliste ou qu\u2019un consortium de journalistes puisse violer d\u00e9lib\u00e9r\u00e9ment les secrets d\u00e9fense qui peuvent nuire \u00e0 la stabilit\u00e9 de notre pays, \u00e0 l\u2019honorabilit\u00e9 de nos forces de d\u00e9fense et de s\u00e9curit\u00e9. Nous devons tous y veiller et il appartient \u00e0 l\u2019\u00c9tat de prendre ses responsabilit\u00e9 et il le fera. Quel qu\u2019en soit les cons\u00e9quences<\/em>\", a menac\u00e9 le ministre.<\/p>\n<p>Avant de rappeler que le m\u00e9tier de journalisme est encadr\u00e9. \"<em>Un journaliste ne peut pas tout dire, tout r\u00e9v\u00e9ler quitte \u00e0 nuire aux int\u00e9r\u00eats sup\u00e9rieurs de la nation. C\u2019est intol\u00e9rable et inadmissible. Cet int\u00e9r\u00eat public \u00e0 informer dispara\u00eet d\u00e8s lors qu\u2019il y a un int\u00e9r\u00eat public qui appartient \u00e0 l\u2019Etat du S\u00e9n\u00e9gal \u00e0 travers la stabilit\u00e9 du pays<\/em>\".<\/p>\n<div class='share-to-whatsapp-wrapper'><div class='share-on-whsp'>PARTAGER SUR : <\/div><a data-text='AFFAIRE D'ACHAT D'ARMEMENTS - Me Moussa Bocar Thiam brandit des m\u00e9naces' data-link='https:\/\/www.nettali.com\/2022\/11\/13\/affaire-dachat-darmements-me-moussa-bocar-thiam-brandit-des-menaces\/' class='whatsapp-button whatsapp-share'>WhatsApp<\/a><div class='clear '><\/div><\/div>","protected":false},"excerpt":{"rendered":"<p>NETTALI.COM - \"Ces infractions ne seront pas impunies. Je suis clair\". C\u2019est ainsi que le ministre de la Communication, des T\u00e9l\u00e9communications et de l\u2019Economie num\u00e9rique, Moussa Bocar Thiam, a menac\u00e9 de poursuites judiciaires les journalistes ayant publi\u00e9 l\u2019affaire d\u2019achat d\u2019armements d\u2019une valeur de 45 milliards FCFA qu\u2019il a class\u00e9 de \"secret d\u00e9fense\", lors de l\u2019\u00e9mission [&hellip;]<\/p>\n","protected":false},"author":5,"featured_media":97511,"comment_status":"open","ping_status":"open","sticky":false,"template":"","format":"standard","meta":{"_et_pb_use_builder":"","_et_pb_old_content":""},"categories":[2],"tags":[],"yoast_head":"<!-- This site is optimized with the Yoast SEO Premium plugin v17.8 (Yoast SEO v17.8) - https:\/\/yoast.com\/wordpress\/plugins\/seo\/ -->\n<title>AFFAIRE D&#039;ACHAT D&#039;ARMEMENTS - Me Moussa Bocar Thiam brandit des m\u00e9naces | Nettali.com<\/title>\n<meta name=\"robots\" content=\"index, follow, max-snippet:-1, max-image-preview:large, max-video-preview:-1\" \/>\n<link rel=\"canonical\" href=\"https:\/\/www.nettali.com\/2022\/11\/13\/affaire-dachat-darmements-me-moussa-bocar-thiam-brandit-des-menaces\/\" \/>\n<meta property=\"og:locale\" content=\"fr_FR\" \/>\n<meta property=\"og:type\" content=\"article\" \/>\n<meta property=\"og:title\" content=\"AFFAIRE D&#039;ACHAT D&#039;ARMEMENTS - Me Moussa Bocar Thiam brandit des m\u00e9naces\" \/>\n<meta property=\"og:description\" content=\"NETTALI.COM - &quot;Ces infractions ne seront pas impunies. Je suis clair&quot;. C\u2019est ainsi que le ministre de la Communication, des T\u00e9l\u00e9communications et de l\u2019Economie num\u00e9rique, Moussa Bocar Thiam, a menac\u00e9 de poursuites judiciaires les journalistes ayant publi\u00e9 l\u2019affaire d\u2019achat d\u2019armements d\u2019une valeur de 45 milliards FCFA qu\u2019il a class\u00e9 de &quot;secret d\u00e9fense&quot;, lors de l\u2019\u00e9mission [&hellip;]\" \/>\n<meta property=\"og:url\" content=\"https:\/\/www.nettali.com\/2022\/11\/13\/affaire-dachat-darmements-me-moussa-bocar-thiam-brandit-des-menaces\/\" \/>\n<meta property=\"og:site_name\" content=\"Nettali.com\" \/>\n<meta property=\"article:publisher\" content=\"https:\/\/www.facebook.com\/nettalicom\" \/>\n<meta property=\"article:published_time\" content=\"2022-11-13T17:43:14+00:00\" \/>\n<meta property=\"og:image\" content=\"https:\/\/www.nettali.com\/wp-content\/uploads\/2022\/11\/37434194-33060160.jpg\" \/>\n\t<meta property=\"og:image:width\" content=\"650\" \/>\n\t<meta property=\"og:image:height\" content=\"433\" \/>\n<meta name=\"twitter:card\" content=\"summary_large_image\" \/>\n<meta name=\"twitter:label1\" content=\"\u00c9crit par\" \/>\n\t<meta name=\"twitter:data1\" content=\"Ibrahima\" \/>\n\t<meta name=\"twitter:label2\" content=\"Dur\u00e9e de lecture estim\u00e9e\" \/>\n\t<meta name=\"twitter:data2\" content=\"2 minutes\" \/>\n<script type=\"application\/ld+json\" class=\"yoast-schema-graph\">{\"@context\":\"https:\/\/schema.org\",\"@graph\":[{\"@type\":\"WebSite\",\"@id\":\"https:\/\/www.nettali.com\/#website\",\"url\":\"https:\/\/www.nettali.com\/\",\"name\":\"Nettali.com\",\"description\":\"Le rendez-vous critique du Net\",\"potentialAction\":[{\"@type\":\"SearchAction\",\"target\":{\"@type\":\"EntryPoint\",\"urlTemplate\":\"https:\/\/www.nettali.com\/?s={search_term_string}\"},\"query-input\":\"required name=search_term_string\"}],\"inLanguage\":\"fr-FR\"},{\"@type\":\"ImageObject\",\"@id\":\"https:\/\/www.nettali.com\/2022\/11\/13\/affaire-dachat-darmements-me-moussa-bocar-thiam-brandit-des-menaces\/#primaryimage\",\"inLanguage\":\"fr-FR\",\"url\":\"https:\/\/www.nettali.com\/wp-content\/uploads\/2022\/11\/37434194-33060160.jpg\",\"contentUrl\":\"https:\/\/www.nettali.com\/wp-content\/uploads\/2022\/11\/37434194-33060160.jpg\",\"width\":650,\"height\":433},{\"@type\":\"WebPage\",\"@id\":\"https:\/\/www.nettali.com\/2022\/11\/13\/affaire-dachat-darmements-me-moussa-bocar-thiam-brandit-des-menaces\/#webpage\",\"url\":\"https:\/\/www.nettali.com\/2022\/11\/13\/affaire-dachat-darmements-me-moussa-bocar-thiam-brandit-des-menaces\/\",\"name\":\"AFFAIRE D'ACHAT D'ARMEMENTS - Me Moussa Bocar Thiam brandit des m\\u00e9naces | Nettali.com\",\"isPartOf\":{\"@id\":\"https:\/\/www.nettali.com\/#website\"},\"primaryImageOfPage\":{\"@id\":\"https:\/\/www.nettali.com\/2022\/11\/13\/affaire-dachat-darmements-me-moussa-bocar-thiam-brandit-des-menaces\/#primaryimage\"},\"datePublished\":\"2022-11-13T17:43:14+00:00\",\"dateModified\":\"2022-11-13T17:43:14+00:00\",\"author\":{\"@id\":\"https:\/\/www.nettali.com\/#\/schema\/person\/bb147657c2986240405a608162b9bb23\"},\"breadcrumb\":{\"@id\":\"https:\/\/www.nettali.com\/2022\/11\/13\/affaire-dachat-darmements-me-moussa-bocar-thiam-brandit-des-menaces\/#breadcrumb\"},\"inLanguage\":\"fr-FR\",\"potentialAction\":[{\"@type\":\"ReadAction\",\"target\":[\"https:\/\/www.nettali.com\/2022\/11\/13\/affaire-dachat-darmements-me-moussa-bocar-thiam-brandit-des-menaces\/\"]}]},{\"@type\":\"BreadcrumbList\",\"@id\":\"https:\/\/www.nettali.com\/2022\/11\/13\/affaire-dachat-darmements-me-moussa-bocar-thiam-brandit-des-menaces\/#breadcrumb\",\"itemListElement\":[{\"@type\":\"ListItem\",\"position\":1,\"name\":\"Accueil\",\"item\":\"https:\/\/www.nettali.com\/\"},{\"@type\":\"ListItem\",\"position\":2,\"name\":\"AFFAIRE D'ACHAT D'ARMEMENTS - Me Moussa Bocar Thiam brandit des m\\u00e9naces\"}]},{\"@type\":\"Person\",\"@id\":\"https:\/\/www.nettali.com\/#\/schema\/person\/bb147657c2986240405a608162b9bb23\",\"name\":\"Ibrahima\",\"image\":{\"@type\":\"ImageObject\",\"@id\":\"https:\/\/www.nettali.com\/#personlogo\",\"inLanguage\":\"fr-FR\",\"url\":\"https:\/\/secure.gravatar.com\/avatar\/26a8a81f09f0dd7624c9d5c36c9ba3a2?s=96&d=mm&r=g\",\"contentUrl\":\"https:\/\/secure.gravatar.com\/avatar\/26a8a81f09f0dd7624c9d5c36c9ba3a2?s=96&d=mm&r=g\",\"caption\":\"Ibrahima\"},\"sameAs\":[\"https:\/\/www.nettali.com\"]}]}<\/script>\n<!-- \/ Yoast SEO Premium plugin. -->","yoast_head_json":{"title":"AFFAIRE D'ACHAT D'ARMEMENTS - Me Moussa Bocar Thiam brandit des m\u00e9naces | Nettali.com","robots":{"index":"index","follow":"follow","max-snippet":"max-snippet:-1","max-image-preview":"max-image-preview:large","max-video-preview":"max-video-preview:-1"},"canonical":"https:\/\/www.nettali.com\/2022\/11\/13\/affaire-dachat-darmements-me-moussa-bocar-thiam-brandit-des-menaces\/","og_locale":"fr_FR","og_type":"article","og_title":"AFFAIRE D'ACHAT D'ARMEMENTS - Me Moussa Bocar Thiam brandit des m\u00e9naces","og_description":"NETTALI.COM - \"Ces infractions ne seront pas impunies. Je suis clair\". C\u2019est ainsi que le ministre de la Communication, des T\u00e9l\u00e9communications et de l\u2019Economie num\u00e9rique, Moussa Bocar Thiam, a menac\u00e9 de poursuites judiciaires les journalistes ayant publi\u00e9 l\u2019affaire d\u2019achat d\u2019armements d\u2019une valeur de 45 milliards FCFA qu\u2019il a class\u00e9 de \"secret d\u00e9fense\", lors de l\u2019\u00e9mission [&hellip;]","og_url":"https:\/\/www.nettali.com\/2022\/11\/13\/affaire-dachat-darmements-me-moussa-bocar-thiam-brandit-des-menaces\/","og_site_name":"Nettali.com","article_publisher":"https:\/\/www.facebook.com\/nettalicom","article_published_time":"2022-11-13T17:43:14+00:00","og_image":[{"width":650,"height":433,"url":"https:\/\/www.nettali.com\/wp-content\/uploads\/2022\/11\/37434194-33060160.jpg","type":"image\/jpeg"}],"twitter_card":"summary_large_image","twitter_misc":{"\u00c9crit par":"Ibrahima","Dur\u00e9e de lecture estim\u00e9e":"2 minutes"},"schema":{"@context":"https:\/\/schema.org","@graph":[{"@type":"WebSite","@id":"https:\/\/www.nettali.com\/#website","url":"https:\/\/www.nettali.com\/","name":"Nettali.com","description":"Le rendez-vous critique du Net","potentialAction":[{"@type":"SearchAction","target":{"@type":"EntryPoint","urlTemplate":"https:\/\/www.nettali.com\/?s={search_term_string}"},"query-input":"required name=search_term_string"}],"inLanguage":"fr-FR"},{"@type":"ImageObject","@id":"https:\/\/www.nettali.com\/2022\/11\/13\/affaire-dachat-darmements-me-moussa-bocar-thiam-brandit-des-menaces\/#primaryimage","inLanguage":"fr-FR","url":"https:\/\/www.nettali.com\/wp-content\/uploads\/2022\/11\/37434194-33060160.jpg","contentUrl":"https:\/\/www.nettali.com\/wp-content\/uploads\/2022\/11\/37434194-33060160.jpg","width":650,"height":433},{"@type":"WebPage","@id":"https:\/\/www.nettali.com\/2022\/11\/13\/affaire-dachat-darmements-me-moussa-bocar-thiam-brandit-des-menaces\/#webpage","url":"https:\/\/www.nettali.com\/2022\/11\/13\/affaire-dachat-darmements-me-moussa-bocar-thiam-brandit-des-menaces\/","name":"AFFAIRE D'ACHAT D'ARMEMENTS - Me Moussa Bocar Thiam brandit des m\u00e9naces | Nettali.com","isPartOf":{"@id":"https:\/\/www.nettali.com\/#website"},"primaryImageOfPage":{"@id":"https:\/\/www.nettali.com\/2022\/11\/13\/affaire-dachat-darmements-me-moussa-bocar-thiam-brandit-des-menaces\/#primaryimage"},"datePublished":"2022-11-13T17:43:14+00:00","dateModified":"2022-11-13T17:43:14+00:00","author":{"@id":"https:\/\/www.nettali.com\/#\/schema\/person\/bb147657c2986240405a608162b9bb23"},"breadcrumb":{"@id":"https:\/\/www.nettali.com\/2022\/11\/13\/affaire-dachat-darmements-me-moussa-bocar-thiam-brandit-des-menaces\/#breadcrumb"},"inLanguage":"fr-FR","potentialAction":[{"@type":"ReadAction","target":["https:\/\/www.nettali.com\/2022\/11\/13\/affaire-dachat-darmements-me-moussa-bocar-thiam-brandit-des-menaces\/"]}]},{"@type":"BreadcrumbList","@id":"https:\/\/www.nettali.com\/2022\/11\/13\/affaire-dachat-darmements-me-moussa-bocar-thiam-brandit-des-menaces\/#breadcrumb","itemListElement":[{"@type":"ListItem","position":1,"name":"Accueil","item":"https:\/\/www.nettali.com\/"},{"@type":"ListItem","position":2,"name":"AFFAIRE D'ACHAT D'ARMEMENTS - Me Moussa Bocar Thiam brandit des m\u00e9naces"}]},{"@type":"Person","@id":"https:\/\/www.nettali.com\/#\/schema\/person\/bb147657c2986240405a608162b9bb23","name":"Ibrahima","image":{"@type":"ImageObject","@id":"https:\/\/www.nettali.com\/#personlogo","inLanguage":"fr-FR","url":"https:\/\/secure.gravatar.com\/avatar\/26a8a81f09f0dd7624c9d5c36c9ba3a2?s=96&d=mm&r=g","contentUrl":"https:\/\/secure.gravatar.com\/avatar\/26a8a81f09f0dd7624c9d5c36c9ba3a2?s=96&d=mm&r=g","caption":"Ibrahima"},"sameAs":["https:\/\/www.nettali.com"]}]}},"_links":{"self":[{"href":"https:\/\/www.nettali.com\/rest\/wp\/v2\/posts\/97515"}],"collection":[{"href":"https:\/\/www.nettali.com\/rest\/wp\/v2\/posts"}],"about":[{"href":"https:\/\/www.nettali.com\/rest\/wp\/v2\/types\/post"}],"author":[{"embeddable":true,"href":"https:\/\/www.nettali.com\/rest\/wp\/v2\/users\/5"}],"replies":[{"embeddable":true,"href":"https:\/\/www.nettali.com\/rest\/wp\/v2\/comments?post=97515"}],"version-history":[{"count":1,"href":"https:\/\/www.nettali.com\/rest\/wp\/v2\/posts\/97515\/revisions"}],"predecessor-version":[{"id":97516,"href":"https:\/\/www.nettali.com\/rest\/wp\/v2\/posts\/97515\/revisions\/97516"}],"wp:featuredmedia":[{"embeddable":true,"href":"https:\/\/www.nettali.com\/rest\/wp\/v2\/media\/97511"}],"wp:attachment":[{"href":"https:\/\/www.nettali.com\/rest\/wp\/v2\/media?parent=97515"}],"wp:term":[{"taxonomy":"category","embeddable":true,"href":"https:\/\/www.nettali.com\/rest\/wp\/v2\/categories?post=97515"},{"taxonomy":"post_tag","embeddable":true,"href":"https:\/\/www.nettali.com\/rest\/wp\/v2\/tags?post=97515"}],"curies":[{"name":"wp","href":"https:\/\/api.w.org\/{rel}","templated":true}]}}