{"id":97507,"date":"2022-11-13T18:28:28","date_gmt":"2022-11-13T18:28:28","guid":{"rendered":"https:\/\/www.nettali.com\/?p=97507"},"modified":"2022-11-13T18:28:28","modified_gmt":"2022-11-13T18:28:28","slug":"amadou-tidiane-wone-je-deconseille-a-macky-de-se-presenter-en-2024","status":"publish","type":"post","link":"https:\/\/www.nettali.com\/2022\/11\/13\/amadou-tidiane-wone-je-deconseille-a-macky-de-se-presenter-en-2024\/","title":{"rendered":"AMADOU TIDIANE WONE - \u00ab\u00a0Je d\u00e9conseille \u00e0 Macky de se pr\u00e9senter en 2024\u00a0\u00bb"},"content":{"rendered":"<p><strong>NETTALI.COM-\u00a0La question du 3e mandat ou 3e candidature du pr\u00e9sident Macky Sall en 2024 a \u00e9t\u00e9 encore une fois \u00e9voqu\u00e9e devant le jury du Dimanche. Sur les ondes de la 90.3 IRadio, Amadou Tidiane Wone, ancien ministre de la Culture sous Wade, d\u00e9conseille \u00e0 Macky Sall de se pr\u00e9senter lors de la prochaine \u00e9lection pr\u00e9sidentielle.<\/strong><\/p>\n<p>\u00ab\u00a0<em>M\u00eame si du point de vue du droit on ne peut l\u2019emp\u00eacher de risquer, je lui rappelle son engagement d\u00e9j\u00e0 pris de ne pas \u00eatre candidat \u00e0 une 3e candidature<\/em> \u00bb, a-t-il d\u00e9clar\u00e9. \u00ab S<em>i j\u2019\u00e9tais conseiller du pr\u00e9sident Macky Sall, je lui dirais monsieur le Pr\u00e9sident, vous avez fait 12 ans, vous avez des gens qui sont vos fans \u00e0 100%. D\u2019autres sont vos ennemis. \u00c7a, c\u2019est la vie. Vous avez pris un engagement moral, lors du r\u00e9f\u00e9rendum de 2016 de ne pas briguer une 3e candidature. Respectez votre parole. Ce faisant, vous entrez dans l\u2019histoire du S\u00e9n\u00e9gal. Rien ne vous emp\u00eache d\u2019attendre 5 ans apr\u00e8s, parce que vous \u00eates jeune, de revenir si jamais celui qui vous remplace ne fait pas le job<\/em>\u00bb, ajoute-t-il.<\/p>\n<div class='share-to-whatsapp-wrapper'><div class='share-on-whsp'>PARTAGER SUR : <\/div><a data-text='AMADOU TIDIANE WONE - \u00ab\u00a0Je d\u00e9conseille \u00e0 Macky de se pr\u00e9senter en 2024\u00a0\u00bb' data-link='https:\/\/www.nettali.com\/2022\/11\/13\/amadou-tidiane-wone-je-deconseille-a-macky-de-se-presenter-en-2024\/' class='whatsapp-button whatsapp-share'>WhatsApp<\/a><div class='clear '><\/div><\/div>","protected":false},"excerpt":{"rendered":"<p>NETTALI.COM-\u00a0La question du 3e mandat ou 3e candidature du pr\u00e9sident Macky Sall en 2024 a \u00e9t\u00e9 encore une fois \u00e9voqu\u00e9e devant le jury du Dimanche. Sur les ondes de la 90.3 IRadio, Amadou Tidiane Wone, ancien ministre de la Culture sous Wade, d\u00e9conseille \u00e0 Macky Sall de se pr\u00e9senter lors de la prochaine \u00e9lection pr\u00e9sidentielle. [&hellip;]<\/p>\n","protected":false},"author":6,"featured_media":97524,"comment_status":"open","ping_status":"open","sticky":false,"template":"","format":"standard","meta":{"_et_pb_use_builder":"","_et_pb_old_content":""},"categories":[2],"tags":[],"yoast_head":"<!-- This site is optimized with the Yoast SEO Premium plugin v17.8 (Yoast SEO v17.8) - https:\/\/yoast.com\/wordpress\/plugins\/seo\/ -->\n<title>AMADOU TIDIANE WONE - \u00ab\u00a0Je d\u00e9conseille \u00e0 Macky de se pr\u00e9senter en 2024\u00a0\u00bb | Nettali.com<\/title>\n<meta name=\"robots\" content=\"index, follow, max-snippet:-1, max-image-preview:large, max-video-preview:-1\" \/>\n<link rel=\"canonical\" href=\"https:\/\/www.nettali.com\/2022\/11\/13\/amadou-tidiane-wone-je-deconseille-a-macky-de-se-presenter-en-2024\/\" \/>\n<meta property=\"og:locale\" content=\"fr_FR\" \/>\n<meta property=\"og:type\" content=\"article\" \/>\n<meta property=\"og:title\" content=\"AMADOU TIDIANE WONE - \u00ab\u00a0Je d\u00e9conseille \u00e0 Macky de se pr\u00e9senter en 2024\u00a0\u00bb\" \/>\n<meta property=\"og:description\" content=\"NETTALI.COM-\u00a0La question du 3e mandat ou 3e candidature du pr\u00e9sident Macky Sall en 2024 a \u00e9t\u00e9 encore une fois \u00e9voqu\u00e9e devant le jury du Dimanche. Sur les ondes de la 90.3 IRadio, Amadou Tidiane Wone, ancien ministre de la Culture sous Wade, d\u00e9conseille \u00e0 Macky Sall de se pr\u00e9senter lors de la prochaine \u00e9lection pr\u00e9sidentielle. [&hellip;]\" \/>\n<meta property=\"og:url\" content=\"https:\/\/www.nettali.com\/2022\/11\/13\/amadou-tidiane-wone-je-deconseille-a-macky-de-se-presenter-en-2024\/\" \/>\n<meta property=\"og:site_name\" content=\"Nettali.com\" \/>\n<meta property=\"article:publisher\" content=\"https:\/\/www.facebook.com\/nettalicom\" \/>\n<meta property=\"article:published_time\" content=\"2022-11-13T18:28:28+00:00\" \/>\n<meta property=\"og:image\" content=\"https:\/\/www.nettali.com\/wp-content\/uploads\/2022\/11\/amadou-tidiane-wonne.jpeg\" \/>\n\t<meta property=\"og:image:width\" content=\"755\" \/>\n\t<meta property=\"og:image:height\" content=\"449\" \/>\n<meta name=\"twitter:card\" content=\"summary_large_image\" \/>\n<meta name=\"twitter:label1\" content=\"\u00c9crit par\" \/>\n\t<meta name=\"twitter:data1\" content=\"Fatou\" \/>\n\t<meta name=\"twitter:label2\" content=\"Dur\u00e9e de lecture estim\u00e9e\" \/>\n\t<meta name=\"twitter:data2\" content=\"1 minute\" \/>\n<script type=\"application\/ld+json\" class=\"yoast-schema-graph\">{\"@context\":\"https:\/\/schema.org\",\"@graph\":[{\"@type\":\"WebSite\",\"@id\":\"https:\/\/www.nettali.com\/#website\",\"url\":\"https:\/\/www.nettali.com\/\",\"name\":\"Nettali.com\",\"description\":\"Le rendez-vous critique du Net\",\"potentialAction\":[{\"@type\":\"SearchAction\",\"target\":{\"@type\":\"EntryPoint\",\"urlTemplate\":\"https:\/\/www.nettali.com\/?s={search_term_string}\"},\"query-input\":\"required name=search_term_string\"}],\"inLanguage\":\"fr-FR\"},{\"@type\":\"ImageObject\",\"@id\":\"https:\/\/www.nettali.com\/2022\/11\/13\/amadou-tidiane-wone-je-deconseille-a-macky-de-se-presenter-en-2024\/#primaryimage\",\"inLanguage\":\"fr-FR\",\"url\":\"https:\/\/www.nettali.com\/wp-content\/uploads\/2022\/11\/amadou-tidiane-wonne.jpeg\",\"contentUrl\":\"https:\/\/www.nettali.com\/wp-content\/uploads\/2022\/11\/amadou-tidiane-wonne.jpeg\",\"width\":755,\"height\":449},{\"@type\":\"WebPage\",\"@id\":\"https:\/\/www.nettali.com\/2022\/11\/13\/amadou-tidiane-wone-je-deconseille-a-macky-de-se-presenter-en-2024\/#webpage\",\"url\":\"https:\/\/www.nettali.com\/2022\/11\/13\/amadou-tidiane-wone-je-deconseille-a-macky-de-se-presenter-en-2024\/\",\"name\":\"AMADOU TIDIANE WONE - \\u00ab\\u00a0Je d\\u00e9conseille \\u00e0 Macky de se pr\\u00e9senter en 2024\\u00a0\\u00bb | Nettali.com\",\"isPartOf\":{\"@id\":\"https:\/\/www.nettali.com\/#website\"},\"primaryImageOfPage\":{\"@id\":\"https:\/\/www.nettali.com\/2022\/11\/13\/amadou-tidiane-wone-je-deconseille-a-macky-de-se-presenter-en-2024\/#primaryimage\"},\"datePublished\":\"2022-11-13T18:28:28+00:00\",\"dateModified\":\"2022-11-13T18:28:28+00:00\",\"author\":{\"@id\":\"https:\/\/www.nettali.com\/#\/schema\/person\/418274a86bdf87caff7a3ef476bd0bbf\"},\"breadcrumb\":{\"@id\":\"https:\/\/www.nettali.com\/2022\/11\/13\/amadou-tidiane-wone-je-deconseille-a-macky-de-se-presenter-en-2024\/#breadcrumb\"},\"inLanguage\":\"fr-FR\",\"potentialAction\":[{\"@type\":\"ReadAction\",\"target\":[\"https:\/\/www.nettali.com\/2022\/11\/13\/amadou-tidiane-wone-je-deconseille-a-macky-de-se-presenter-en-2024\/\"]}]},{\"@type\":\"BreadcrumbList\",\"@id\":\"https:\/\/www.nettali.com\/2022\/11\/13\/amadou-tidiane-wone-je-deconseille-a-macky-de-se-presenter-en-2024\/#breadcrumb\",\"itemListElement\":[{\"@type\":\"ListItem\",\"position\":1,\"name\":\"Accueil\",\"item\":\"https:\/\/www.nettali.com\/\"},{\"@type\":\"ListItem\",\"position\":2,\"name\":\"AMADOU TIDIANE WONE - \\u00ab\\u00a0Je d\\u00e9conseille \\u00e0 Macky de se pr\\u00e9senter en 2024\\u00a0\\u00bb\"}]},{\"@type\":\"Person\",\"@id\":\"https:\/\/www.nettali.com\/#\/schema\/person\/418274a86bdf87caff7a3ef476bd0bbf\",\"name\":\"Fatou\",\"image\":{\"@type\":\"ImageObject\",\"@id\":\"https:\/\/www.nettali.com\/#personlogo\",\"inLanguage\":\"fr-FR\",\"url\":\"https:\/\/secure.gravatar.com\/avatar\/5a9442a2bee7b4dcf167cab035858e9a?s=96&d=mm&r=g\",\"contentUrl\":\"https:\/\/secure.gravatar.com\/avatar\/5a9442a2bee7b4dcf167cab035858e9a?s=96&d=mm&r=g\",\"caption\":\"Fatou\"},\"sameAs\":[\"https:\/\/www.nettali.com\"]}]}<\/script>\n<!-- \/ Yoast SEO Premium plugin. -->","yoast_head_json":{"title":"AMADOU TIDIANE WONE - \u00ab\u00a0Je d\u00e9conseille \u00e0 Macky de se pr\u00e9senter en 2024\u00a0\u00bb | Nettali.com","robots":{"index":"index","follow":"follow","max-snippet":"max-snippet:-1","max-image-preview":"max-image-preview:large","max-video-preview":"max-video-preview:-1"},"canonical":"https:\/\/www.nettali.com\/2022\/11\/13\/amadou-tidiane-wone-je-deconseille-a-macky-de-se-presenter-en-2024\/","og_locale":"fr_FR","og_type":"article","og_title":"AMADOU TIDIANE WONE - \u00ab\u00a0Je d\u00e9conseille \u00e0 Macky de se pr\u00e9senter en 2024\u00a0\u00bb","og_description":"NETTALI.COM-\u00a0La question du 3e mandat ou 3e candidature du pr\u00e9sident Macky Sall en 2024 a \u00e9t\u00e9 encore une fois \u00e9voqu\u00e9e devant le jury du Dimanche. Sur les ondes de la 90.3 IRadio, Amadou Tidiane Wone, ancien ministre de la Culture sous Wade, d\u00e9conseille \u00e0 Macky Sall de se pr\u00e9senter lors de la prochaine \u00e9lection pr\u00e9sidentielle. [&hellip;]","og_url":"https:\/\/www.nettali.com\/2022\/11\/13\/amadou-tidiane-wone-je-deconseille-a-macky-de-se-presenter-en-2024\/","og_site_name":"Nettali.com","article_publisher":"https:\/\/www.facebook.com\/nettalicom","article_published_time":"2022-11-13T18:28:28+00:00","og_image":[{"width":755,"height":449,"url":"https:\/\/www.nettali.com\/wp-content\/uploads\/2022\/11\/amadou-tidiane-wonne.jpeg","type":"image\/jpeg"}],"twitter_card":"summary_large_image","twitter_misc":{"\u00c9crit par":"Fatou","Dur\u00e9e de lecture estim\u00e9e":"1 minute"},"schema":{"@context":"https:\/\/schema.org","@graph":[{"@type":"WebSite","@id":"https:\/\/www.nettali.com\/#website","url":"https:\/\/www.nettali.com\/","name":"Nettali.com","description":"Le rendez-vous critique du Net","potentialAction":[{"@type":"SearchAction","target":{"@type":"EntryPoint","urlTemplate":"https:\/\/www.nettali.com\/?s={search_term_string}"},"query-input":"required name=search_term_string"}],"inLanguage":"fr-FR"},{"@type":"ImageObject","@id":"https:\/\/www.nettali.com\/2022\/11\/13\/amadou-tidiane-wone-je-deconseille-a-macky-de-se-presenter-en-2024\/#primaryimage","inLanguage":"fr-FR","url":"https:\/\/www.nettali.com\/wp-content\/uploads\/2022\/11\/amadou-tidiane-wonne.jpeg","contentUrl":"https:\/\/www.nettali.com\/wp-content\/uploads\/2022\/11\/amadou-tidiane-wonne.jpeg","width":755,"height":449},{"@type":"WebPage","@id":"https:\/\/www.nettali.com\/2022\/11\/13\/amadou-tidiane-wone-je-deconseille-a-macky-de-se-presenter-en-2024\/#webpage","url":"https:\/\/www.nettali.com\/2022\/11\/13\/amadou-tidiane-wone-je-deconseille-a-macky-de-se-presenter-en-2024\/","name":"AMADOU TIDIANE WONE - \u00ab\u00a0Je d\u00e9conseille \u00e0 Macky de se pr\u00e9senter en 2024\u00a0\u00bb | Nettali.com","isPartOf":{"@id":"https:\/\/www.nettali.com\/#website"},"primaryImageOfPage":{"@id":"https:\/\/www.nettali.com\/2022\/11\/13\/amadou-tidiane-wone-je-deconseille-a-macky-de-se-presenter-en-2024\/#primaryimage"},"datePublished":"2022-11-13T18:28:28+00:00","dateModified":"2022-11-13T18:28:28+00:00","author":{"@id":"https:\/\/www.nettali.com\/#\/schema\/person\/418274a86bdf87caff7a3ef476bd0bbf"},"breadcrumb":{"@id":"https:\/\/www.nettali.com\/2022\/11\/13\/amadou-tidiane-wone-je-deconseille-a-macky-de-se-presenter-en-2024\/#breadcrumb"},"inLanguage":"fr-FR","potentialAction":[{"@type":"ReadAction","target":["https:\/\/www.nettali.com\/2022\/11\/13\/amadou-tidiane-wone-je-deconseille-a-macky-de-se-presenter-en-2024\/"]}]},{"@type":"BreadcrumbList","@id":"https:\/\/www.nettali.com\/2022\/11\/13\/amadou-tidiane-wone-je-deconseille-a-macky-de-se-presenter-en-2024\/#breadcrumb","itemListElement":[{"@type":"ListItem","position":1,"name":"Accueil","item":"https:\/\/www.nettali.com\/"},{"@type":"ListItem","position":2,"name":"AMADOU TIDIANE WONE - \u00ab\u00a0Je d\u00e9conseille \u00e0 Macky de se pr\u00e9senter en 2024\u00a0\u00bb"}]},{"@type":"Person","@id":"https:\/\/www.nettali.com\/#\/schema\/person\/418274a86bdf87caff7a3ef476bd0bbf","name":"Fatou","image":{"@type":"ImageObject","@id":"https:\/\/www.nettali.com\/#personlogo","inLanguage":"fr-FR","url":"https:\/\/secure.gravatar.com\/avatar\/5a9442a2bee7b4dcf167cab035858e9a?s=96&d=mm&r=g","contentUrl":"https:\/\/secure.gravatar.com\/avatar\/5a9442a2bee7b4dcf167cab035858e9a?s=96&d=mm&r=g","caption":"Fatou"},"sameAs":["https:\/\/www.nettali.com"]}]}},"_links":{"self":[{"href":"https:\/\/www.nettali.com\/rest\/wp\/v2\/posts\/97507"}],"collection":[{"href":"https:\/\/www.nettali.com\/rest\/wp\/v2\/posts"}],"about":[{"href":"https:\/\/www.nettali.com\/rest\/wp\/v2\/types\/post"}],"author":[{"embeddable":true,"href":"https:\/\/www.nettali.com\/rest\/wp\/v2\/users\/6"}],"replies":[{"embeddable":true,"href":"https:\/\/www.nettali.com\/rest\/wp\/v2\/comments?post=97507"}],"version-history":[{"count":3,"href":"https:\/\/www.nettali.com\/rest\/wp\/v2\/posts\/97507\/revisions"}],"predecessor-version":[{"id":97526,"href":"https:\/\/www.nettali.com\/rest\/wp\/v2\/posts\/97507\/revisions\/97526"}],"wp:featuredmedia":[{"embeddable":true,"href":"https:\/\/www.nettali.com\/rest\/wp\/v2\/media\/97524"}],"wp:attachment":[{"href":"https:\/\/www.nettali.com\/rest\/wp\/v2\/media?parent=97507"}],"wp:term":[{"taxonomy":"category","embeddable":true,"href":"https:\/\/www.nettali.com\/rest\/wp\/v2\/categories?post=97507"},{"taxonomy":"post_tag","embeddable":true,"href":"https:\/\/www.nettali.com\/rest\/wp\/v2\/tags?post=97507"}],"curies":[{"name":"wp","href":"https:\/\/api.w.org\/{rel}","templated":true}]}}