{"id":97469,"date":"2022-11-12T08:53:25","date_gmt":"2022-11-12T08:53:25","guid":{"rendered":"https:\/\/www.nettali.com\/?p=97469"},"modified":"2022-11-12T08:53:25","modified_gmt":"2022-11-12T08:53:25","slug":"etats-unis-trump-officialisera-mardi-sa-candidature-a-la-presidentielle-de-2024","status":"publish","type":"post","link":"https:\/\/www.nettali.com\/2022\/11\/12\/etats-unis-trump-officialisera-mardi-sa-candidature-a-la-presidentielle-de-2024\/","title":{"rendered":"ETATS-UNIS - Trump officialisera mardi sa candidature \u00e0 la pr\u00e9sidentielle de 2024"},"content":{"rendered":"<p class=\"fig-standfirst\"><strong>NETTALI.COM - M\u00eame si son influence sur le parti r\u00e9publicain reste ind\u00e9niable, il sort toutefois fragilis\u00e9 des \u00e9lections de mi-mandat, lors desquelles nombre de ses lieutenants ont d\u00e9\u00e7u.<\/strong><\/p>\n<div class=\"fig-content-body\" data-agora-base-url=\"https:\/\/connect.lefigaro.fr\" data-component=\"fig-content-body\" data-context=\"was @visible\" data-id=\"bGVmaWdhcm8uZnJfX2EyZWVlMGQzLTYyMGEtMTFlZC04ZmYwLWEwMzY5ZjkxZjMwNF9fTmV3c0ZsYXNo\" data-module=\"fig-body\" data-premium=\"false\">\n<p class=\"fig-paragraph\">L'ancien pr\u00e9sident am\u00e9ricain Donald Trump, que toutes les rumeurs disaient pr\u00eat \u00e0 se lancer une nouvelle fois dans la course \u00e0 la Maison Blanche, d\u00e9clarera mardi qu'il est \u00ab<em>candidat \u00e0 l'\u00e9lection<\/em>\u00bb de 2024, a confirm\u00e9 vendredi un de ses proches conseillers. Le magnat de l'immobilier avait jusque-l\u00e0 laiss\u00e9 entendre qu'il pourrait se pr\u00e9senter, promettant qu'il ferait depuis sa r\u00e9sidence de Floride, Mar-A-Lago, une \u00ab<em>grande annonce<\/em>\u00bb - dont la teneur ne suscitait plus vraiment de suspense ces derniers jours.<\/p>\n<div class=\"fig-newsletter-box fig-container\">\n<div class=\"fignl fignl--article\" data-module=\"fig-newsletter-box\" data-context=\"was @visible\" data-url=\"https:\/\/static.lefigaro.fr\/agora\/widget-newsletter\/fignewsletter-short-ttl.js\" data-variant=\"article\" data-site-name=\"lefigaro\"><\/div>\n<\/div>\n<p class=\"fig-paragraph\">\u00ab<em>Le pr\u00e9sident Trump annoncera mardi qu'il est candidat \u00e0 l'\u00e9lection pr\u00e9sidentielle. Et ce sera une annonce tr\u00e8s professionnelle, tr\u00e8s soign\u00e9e<\/em>\u00bb, a d\u00e9clar\u00e9 son conseiller Jason Miller sur \u00ab<em>War Room<\/em>\u00bb, le podcast de Steve Bannon, autre proche de Donald Trump. Le r\u00e9publicain de 76 ans juge que la question de sa candidature \u00ab<em>ne se pose m\u00eame pas<\/em>\u00bb, a expliqu\u00e9 M. Miller, disant lui avoir parl\u00e9 plus t\u00f4t dans la journ\u00e9e.<\/p>\n<div id=\"inarticle\" data-figtag=\"inarticle\" data-google-query-id=\"CJTrq96hqPsCFf-vJwIdpOAH4A\"><\/div>\n<p class=\"fig-paragraph\">\u00ab<em>Bien s\u00fbr que je me pr\u00e9sente. Je vais le faire, et je veux m'assurer que les gens savent que je suis gonfl\u00e9 \u00e0 bloc et que nous devons remettre le pays sur les rails<\/em>\u00bb, lui aurait assur\u00e9 Donald Trump. \u00ab<em>Tout le monde sait que je vais me pr\u00e9senter, donc allons-y<\/em>\u00bb, aurait-il ajout\u00e9. La candidature de Donald Trump sera sa troisi\u00e8me \u00e0 la Maison Blanche. Mais m\u00eame si son influence sur le parti r\u00e9publicain reste ind\u00e9niable, il sort fragilis\u00e9 des \u00e9lections de mi-mandat de mardi dernier, lors desquelles nombre de ses lieutenants ont d\u00e9\u00e7u.<\/p>\n<h2 id=\"subhead-a3c66c65-d803-4b3a-992f-e6ae6bd61ae2\" class=\"fig-body-heading\">Pas de vague conservatrice<\/h2>\n<p class=\"fig-paragraph\">La \u00ab<em>vague<\/em>\u00bb conservatrice tant esp\u00e9r\u00e9e par ses soutiens n'a pas d\u00e9ferl\u00e9 et, m\u00eame si les r\u00e9sultats d\u00e9finitifs ne sont pas encore connus, les d\u00e9mocrates semblent avoir r\u00e9ussi \u00e0 limiter la casse. Plusieurs jours apr\u00e8s le scrutin, un d\u00e9pouillement charg\u00e9 de suspense se poursuivait vendredi, le contr\u00f4le du Congr\u00e8s restant incertain. Les r\u00e9publicains semblaient bien partis pour conqu\u00e9rir la majorit\u00e9 \u00e0 la Chambre des repr\u00e9sentants, mais il leur manquait encore sept si\u00e8ges.<\/p>\n<p class=\"fig-paragraph\">Concernant le S\u00e9nat, un scrutin dans le Nevada et un autre dans l'Arizona pourraient \u00eatre d\u00e9terminants. Si un parti emporte ces deux si\u00e8ges, il met la main sur la chambre haute. Mais si l'un va aux r\u00e9publicains et l'autre aux d\u00e9mocrates, les Am\u00e9ricains devront s'armer de patience. Tout se jouera alors en G\u00e9orgie o\u00f9, aucun des candidats n'ayant r\u00e9colt\u00e9 les 50% des voix n\u00e9cessaires pour emporter le si\u00e8ge de s\u00e9nateur en jeu mardi, un deuxi\u00e8me tour sera organis\u00e9... le 6 d\u00e9cembre.<\/p>\n<p class=\"fig-paragraph\">\u00c0 l\u2019inverse de Donald Trump, le gouverneur de Floride Ron DeSantis, r\u00e9\u00e9lu triomphalement, est aur\u00e9ol\u00e9 de l'image de grand gagnant de cette saison \u00e9lectorale. La victoire de cette nouvelle star de la droite dure a confort\u00e9 sa place de potentiel rival de l'ex-pr\u00e9sident pour l'investiture r\u00e9publicaine. Cela n'a pas \u00e9chapp\u00e9 au milliardaire, qui a encha\u00een\u00e9 cette semaine piques et moqueries contre celui qu'il surnomme \u00ab<em>Ron-la-Morale<\/em>\u00bb. Et, hasard du calendrier ou pas, mardi sera aussi le jour de la sortie des m\u00e9moires d'un autre concurrent possible de Donald Trump, son ancien vice-pr\u00e9sident Mike Pence.<\/p>\n<p class=\"fig-paragraph\">L'\u00e9lection de 2024 pourrait tenir du remake de celle de 2020: son adversaire d'alors, l'actuel pr\u00e9sident d\u00e9mocrate Joe Biden, a r\u00e9affirm\u00e9 cette semaine son \u00ab<em>intention<\/em>\u00bb de briguer un deuxi\u00e8me mandat. Mais lui a pris soin de repousser toute d\u00e9cision d\u00e9finitive \u00e0 l'ann\u00e9e prochaine.<\/p>\n<\/div>\n<div class='share-to-whatsapp-wrapper'><div class='share-on-whsp'>PARTAGER SUR : <\/div><a data-text='ETATS-UNIS - Trump officialisera mardi sa candidature \u00e0 la pr\u00e9sidentielle de 2024' data-link='https:\/\/www.nettali.com\/2022\/11\/12\/etats-unis-trump-officialisera-mardi-sa-candidature-a-la-presidentielle-de-2024\/' class='whatsapp-button whatsapp-share'>WhatsApp<\/a><div class='clear '><\/div><\/div>","protected":false},"excerpt":{"rendered":"<p>NETTALI.COM - M\u00eame si son influence sur le parti r\u00e9publicain reste ind\u00e9niable, il sort toutefois fragilis\u00e9 des \u00e9lections de mi-mandat, lors desquelles nombre de ses lieutenants ont d\u00e9\u00e7u. L'ancien pr\u00e9sident am\u00e9ricain Donald Trump, que toutes les rumeurs disaient pr\u00eat \u00e0 se lancer une nouvelle fois dans la course \u00e0 la Maison Blanche, d\u00e9clarera mardi qu'il [&hellip;]<\/p>\n","protected":false},"author":4,"featured_media":21095,"comment_status":"open","ping_status":"open","sticky":false,"template":"","format":"standard","meta":{"_et_pb_use_builder":"","_et_pb_old_content":""},"categories":[8],"tags":[],"yoast_head":"<!-- This site is optimized with the Yoast SEO Premium plugin v17.8 (Yoast SEO v17.8) - https:\/\/yoast.com\/wordpress\/plugins\/seo\/ -->\n<title>ETATS-UNIS - Trump officialisera mardi sa candidature \u00e0 la pr\u00e9sidentielle de 2024 | Nettali.com<\/title>\n<meta name=\"robots\" content=\"index, follow, max-snippet:-1, max-image-preview:large, max-video-preview:-1\" \/>\n<link rel=\"canonical\" href=\"https:\/\/www.nettali.com\/2022\/11\/12\/etats-unis-trump-officialisera-mardi-sa-candidature-a-la-presidentielle-de-2024\/\" \/>\n<meta property=\"og:locale\" content=\"fr_FR\" \/>\n<meta property=\"og:type\" content=\"article\" \/>\n<meta property=\"og:title\" content=\"ETATS-UNIS - Trump officialisera mardi sa candidature \u00e0 la pr\u00e9sidentielle de 2024\" \/>\n<meta property=\"og:description\" content=\"NETTALI.COM - M\u00eame si son influence sur le parti r\u00e9publicain reste ind\u00e9niable, il sort toutefois fragilis\u00e9 des \u00e9lections de mi-mandat, lors desquelles nombre de ses lieutenants ont d\u00e9\u00e7u. L&#039;ancien pr\u00e9sident am\u00e9ricain Donald Trump, que toutes les rumeurs disaient pr\u00eat \u00e0 se lancer une nouvelle fois dans la course \u00e0 la Maison Blanche, d\u00e9clarera mardi qu&#039;il [&hellip;]\" \/>\n<meta property=\"og:url\" content=\"https:\/\/www.nettali.com\/2022\/11\/12\/etats-unis-trump-officialisera-mardi-sa-candidature-a-la-presidentielle-de-2024\/\" \/>\n<meta property=\"og:site_name\" content=\"Nettali.com\" \/>\n<meta property=\"article:publisher\" content=\"https:\/\/www.facebook.com\/nettalicom\" \/>\n<meta property=\"article:published_time\" content=\"2022-11-12T08:53:25+00:00\" \/>\n<meta property=\"og:image\" content=\"https:\/\/www.nettali.com\/wp-content\/uploads\/2019\/10\/Trump.jpg\" \/>\n\t<meta property=\"og:image:width\" content=\"880\" \/>\n\t<meta property=\"og:image:height\" content=\"586\" \/>\n<meta name=\"twitter:card\" content=\"summary_large_image\" \/>\n<meta name=\"twitter:label1\" content=\"\u00c9crit par\" \/>\n\t<meta name=\"twitter:data1\" content=\"Daouda\" \/>\n\t<meta name=\"twitter:label2\" content=\"Dur\u00e9e de lecture estim\u00e9e\" \/>\n\t<meta name=\"twitter:data2\" content=\"3 minutes\" \/>\n<script type=\"application\/ld+json\" class=\"yoast-schema-graph\">{\"@context\":\"https:\/\/schema.org\",\"@graph\":[{\"@type\":\"WebSite\",\"@id\":\"https:\/\/www.nettali.com\/#website\",\"url\":\"https:\/\/www.nettali.com\/\",\"name\":\"Nettali.com\",\"description\":\"Le rendez-vous critique du Net\",\"potentialAction\":[{\"@type\":\"SearchAction\",\"target\":{\"@type\":\"EntryPoint\",\"urlTemplate\":\"https:\/\/www.nettali.com\/?s={search_term_string}\"},\"query-input\":\"required name=search_term_string\"}],\"inLanguage\":\"fr-FR\"},{\"@type\":\"ImageObject\",\"@id\":\"https:\/\/www.nettali.com\/2022\/11\/12\/etats-unis-trump-officialisera-mardi-sa-candidature-a-la-presidentielle-de-2024\/#primaryimage\",\"inLanguage\":\"fr-FR\",\"url\":\"https:\/\/www.nettali.com\/wp-content\/uploads\/2019\/10\/Trump.jpg\",\"contentUrl\":\"https:\/\/www.nettali.com\/wp-content\/uploads\/2019\/10\/Trump.jpg\",\"width\":880,\"height\":586,\"caption\":\"US President Donald Trump speaks during a signing of a US-Japanese trade agreement in the Roosevelt Room of the White House October 7, 2019, in Washington, DC. (Photo by Brendan Smialowski \/ AFP)\"},{\"@type\":\"WebPage\",\"@id\":\"https:\/\/www.nettali.com\/2022\/11\/12\/etats-unis-trump-officialisera-mardi-sa-candidature-a-la-presidentielle-de-2024\/#webpage\",\"url\":\"https:\/\/www.nettali.com\/2022\/11\/12\/etats-unis-trump-officialisera-mardi-sa-candidature-a-la-presidentielle-de-2024\/\",\"name\":\"ETATS-UNIS - Trump officialisera mardi sa candidature \\u00e0 la pr\\u00e9sidentielle de 2024 | Nettali.com\",\"isPartOf\":{\"@id\":\"https:\/\/www.nettali.com\/#website\"},\"primaryImageOfPage\":{\"@id\":\"https:\/\/www.nettali.com\/2022\/11\/12\/etats-unis-trump-officialisera-mardi-sa-candidature-a-la-presidentielle-de-2024\/#primaryimage\"},\"datePublished\":\"2022-11-12T08:53:25+00:00\",\"dateModified\":\"2022-11-12T08:53:25+00:00\",\"author\":{\"@id\":\"https:\/\/www.nettali.com\/#\/schema\/person\/3317e0bb3aa1da309fbf7b2780901bf4\"},\"breadcrumb\":{\"@id\":\"https:\/\/www.nettali.com\/2022\/11\/12\/etats-unis-trump-officialisera-mardi-sa-candidature-a-la-presidentielle-de-2024\/#breadcrumb\"},\"inLanguage\":\"fr-FR\",\"potentialAction\":[{\"@type\":\"ReadAction\",\"target\":[\"https:\/\/www.nettali.com\/2022\/11\/12\/etats-unis-trump-officialisera-mardi-sa-candidature-a-la-presidentielle-de-2024\/\"]}]},{\"@type\":\"BreadcrumbList\",\"@id\":\"https:\/\/www.nettali.com\/2022\/11\/12\/etats-unis-trump-officialisera-mardi-sa-candidature-a-la-presidentielle-de-2024\/#breadcrumb\",\"itemListElement\":[{\"@type\":\"ListItem\",\"position\":1,\"name\":\"Accueil\",\"item\":\"https:\/\/www.nettali.com\/\"},{\"@type\":\"ListItem\",\"position\":2,\"name\":\"ETATS-UNIS - Trump officialisera mardi sa candidature \\u00e0 la pr\\u00e9sidentielle de 2024\"}]},{\"@type\":\"Person\",\"@id\":\"https:\/\/www.nettali.com\/#\/schema\/person\/3317e0bb3aa1da309fbf7b2780901bf4\",\"name\":\"Daouda\",\"image\":{\"@type\":\"ImageObject\",\"@id\":\"https:\/\/www.nettali.com\/#personlogo\",\"inLanguage\":\"fr-FR\",\"url\":\"https:\/\/secure.gravatar.com\/avatar\/8d143b5a49345098ddcfee1c49c2f47c?s=96&d=mm&r=g\",\"contentUrl\":\"https:\/\/secure.gravatar.com\/avatar\/8d143b5a49345098ddcfee1c49c2f47c?s=96&d=mm&r=g\",\"caption\":\"Daouda\"},\"sameAs\":[\"https:\/\/www.nettali.com\"]}]}<\/script>\n<!-- \/ Yoast SEO Premium plugin. -->","yoast_head_json":{"title":"ETATS-UNIS - Trump officialisera mardi sa candidature \u00e0 la pr\u00e9sidentielle de 2024 | Nettali.com","robots":{"index":"index","follow":"follow","max-snippet":"max-snippet:-1","max-image-preview":"max-image-preview:large","max-video-preview":"max-video-preview:-1"},"canonical":"https:\/\/www.nettali.com\/2022\/11\/12\/etats-unis-trump-officialisera-mardi-sa-candidature-a-la-presidentielle-de-2024\/","og_locale":"fr_FR","og_type":"article","og_title":"ETATS-UNIS - Trump officialisera mardi sa candidature \u00e0 la pr\u00e9sidentielle de 2024","og_description":"NETTALI.COM - M\u00eame si son influence sur le parti r\u00e9publicain reste ind\u00e9niable, il sort toutefois fragilis\u00e9 des \u00e9lections de mi-mandat, lors desquelles nombre de ses lieutenants ont d\u00e9\u00e7u. L'ancien pr\u00e9sident am\u00e9ricain Donald Trump, que toutes les rumeurs disaient pr\u00eat \u00e0 se lancer une nouvelle fois dans la course \u00e0 la Maison Blanche, d\u00e9clarera mardi qu'il [&hellip;]","og_url":"https:\/\/www.nettali.com\/2022\/11\/12\/etats-unis-trump-officialisera-mardi-sa-candidature-a-la-presidentielle-de-2024\/","og_site_name":"Nettali.com","article_publisher":"https:\/\/www.facebook.com\/nettalicom","article_published_time":"2022-11-12T08:53:25+00:00","og_image":[{"width":880,"height":586,"url":"https:\/\/www.nettali.com\/wp-content\/uploads\/2019\/10\/Trump.jpg","type":"image\/jpeg"}],"twitter_card":"summary_large_image","twitter_misc":{"\u00c9crit par":"Daouda","Dur\u00e9e de lecture estim\u00e9e":"3 minutes"},"schema":{"@context":"https:\/\/schema.org","@graph":[{"@type":"WebSite","@id":"https:\/\/www.nettali.com\/#website","url":"https:\/\/www.nettali.com\/","name":"Nettali.com","description":"Le rendez-vous critique du Net","potentialAction":[{"@type":"SearchAction","target":{"@type":"EntryPoint","urlTemplate":"https:\/\/www.nettali.com\/?s={search_term_string}"},"query-input":"required name=search_term_string"}],"inLanguage":"fr-FR"},{"@type":"ImageObject","@id":"https:\/\/www.nettali.com\/2022\/11\/12\/etats-unis-trump-officialisera-mardi-sa-candidature-a-la-presidentielle-de-2024\/#primaryimage","inLanguage":"fr-FR","url":"https:\/\/www.nettali.com\/wp-content\/uploads\/2019\/10\/Trump.jpg","contentUrl":"https:\/\/www.nettali.com\/wp-content\/uploads\/2019\/10\/Trump.jpg","width":880,"height":586,"caption":"US President Donald Trump speaks during a signing of a US-Japanese trade agreement in the Roosevelt Room of the White House October 7, 2019, in Washington, DC. (Photo by Brendan Smialowski \/ AFP)"},{"@type":"WebPage","@id":"https:\/\/www.nettali.com\/2022\/11\/12\/etats-unis-trump-officialisera-mardi-sa-candidature-a-la-presidentielle-de-2024\/#webpage","url":"https:\/\/www.nettali.com\/2022\/11\/12\/etats-unis-trump-officialisera-mardi-sa-candidature-a-la-presidentielle-de-2024\/","name":"ETATS-UNIS - Trump officialisera mardi sa candidature \u00e0 la pr\u00e9sidentielle de 2024 | Nettali.com","isPartOf":{"@id":"https:\/\/www.nettali.com\/#website"},"primaryImageOfPage":{"@id":"https:\/\/www.nettali.com\/2022\/11\/12\/etats-unis-trump-officialisera-mardi-sa-candidature-a-la-presidentielle-de-2024\/#primaryimage"},"datePublished":"2022-11-12T08:53:25+00:00","dateModified":"2022-11-12T08:53:25+00:00","author":{"@id":"https:\/\/www.nettali.com\/#\/schema\/person\/3317e0bb3aa1da309fbf7b2780901bf4"},"breadcrumb":{"@id":"https:\/\/www.nettali.com\/2022\/11\/12\/etats-unis-trump-officialisera-mardi-sa-candidature-a-la-presidentielle-de-2024\/#breadcrumb"},"inLanguage":"fr-FR","potentialAction":[{"@type":"ReadAction","target":["https:\/\/www.nettali.com\/2022\/11\/12\/etats-unis-trump-officialisera-mardi-sa-candidature-a-la-presidentielle-de-2024\/"]}]},{"@type":"BreadcrumbList","@id":"https:\/\/www.nettali.com\/2022\/11\/12\/etats-unis-trump-officialisera-mardi-sa-candidature-a-la-presidentielle-de-2024\/#breadcrumb","itemListElement":[{"@type":"ListItem","position":1,"name":"Accueil","item":"https:\/\/www.nettali.com\/"},{"@type":"ListItem","position":2,"name":"ETATS-UNIS - Trump officialisera mardi sa candidature \u00e0 la pr\u00e9sidentielle de 2024"}]},{"@type":"Person","@id":"https:\/\/www.nettali.com\/#\/schema\/person\/3317e0bb3aa1da309fbf7b2780901bf4","name":"Daouda","image":{"@type":"ImageObject","@id":"https:\/\/www.nettali.com\/#personlogo","inLanguage":"fr-FR","url":"https:\/\/secure.gravatar.com\/avatar\/8d143b5a49345098ddcfee1c49c2f47c?s=96&d=mm&r=g","contentUrl":"https:\/\/secure.gravatar.com\/avatar\/8d143b5a49345098ddcfee1c49c2f47c?s=96&d=mm&r=g","caption":"Daouda"},"sameAs":["https:\/\/www.nettali.com"]}]}},"_links":{"self":[{"href":"https:\/\/www.nettali.com\/rest\/wp\/v2\/posts\/97469"}],"collection":[{"href":"https:\/\/www.nettali.com\/rest\/wp\/v2\/posts"}],"about":[{"href":"https:\/\/www.nettali.com\/rest\/wp\/v2\/types\/post"}],"author":[{"embeddable":true,"href":"https:\/\/www.nettali.com\/rest\/wp\/v2\/users\/4"}],"replies":[{"embeddable":true,"href":"https:\/\/www.nettali.com\/rest\/wp\/v2\/comments?post=97469"}],"version-history":[{"count":1,"href":"https:\/\/www.nettali.com\/rest\/wp\/v2\/posts\/97469\/revisions"}],"predecessor-version":[{"id":97470,"href":"https:\/\/www.nettali.com\/rest\/wp\/v2\/posts\/97469\/revisions\/97470"}],"wp:featuredmedia":[{"embeddable":true,"href":"https:\/\/www.nettali.com\/rest\/wp\/v2\/media\/21095"}],"wp:attachment":[{"href":"https:\/\/www.nettali.com\/rest\/wp\/v2\/media?parent=97469"}],"wp:term":[{"taxonomy":"category","embeddable":true,"href":"https:\/\/www.nettali.com\/rest\/wp\/v2\/categories?post=97469"},{"taxonomy":"post_tag","embeddable":true,"href":"https:\/\/www.nettali.com\/rest\/wp\/v2\/tags?post=97469"}],"curies":[{"name":"wp","href":"https:\/\/api.w.org\/{rel}","templated":true}]}}