{"id":97462,"date":"2022-11-12T07:20:52","date_gmt":"2022-11-12T07:20:52","guid":{"rendered":"https:\/\/www.nettali.com\/?p=97462"},"modified":"2022-11-12T07:20:52","modified_gmt":"2022-11-12T07:20:52","slug":"van-gaal-memphis-ne-sera-pas-titulaire-contre-le-senegal","status":"publish","type":"post","link":"https:\/\/www.nettali.com\/2022\/11\/12\/van-gaal-memphis-ne-sera-pas-titulaire-contre-le-senegal\/","title":{"rendered":"VAN GAAL - \"Memphis ne sera pas titulaire contre le S\u00e9n\u00e9gal\""},"content":{"rendered":"<p><strong>NETTALI.COM - L\u2019\u00e9quipe nationale du S\u00e9n\u00e9gal jouera son match de la Coupe du monde contre les Pays-Bas le 21 novembre 2022. Une rencontre pour laquelle la star n\u00e9erlandaise, Memphis Depay ne sera pas titulaire, si on en croit Louis Van Gaal.<\/strong><\/p>\n<p>Comme son homologue Aliou Ciss\u00e9, Louis van Gaal a d\u00e9voil\u00e9 ce vendredi sa liste de joueurs n\u00e9erlandais qui iront au Qatar. Bless\u00e9 depuis pr\u00e8s de deux mois, l\u2019attaquant Memphis Depay ne sera pas titulaire pour ce match. C\u2019est du moins ce qu\u2019a annonc\u00e9 le s\u00e9lectionneur des Oranjes, lors d\u2019une conf\u00e9rence de presse ce vendredi 11 novembre.<\/p>\n<p>\"<em>Memphis est toujours bless\u00e9 ou n\u2019a pas encore totalement r\u00e9cup\u00e9r\u00e9. Il est m\u00e9dicalement apte. Nous devons construire avec lui, car Memphis n\u2019a pas jou\u00e9 de match depuis deux mois. Cela signifie qu\u2019il ne jouera pas titulaire contre le S\u00e9n\u00e9gal, mais il peut entrer en jeu. Memphis a \u00e9t\u00e9 si important pour cette \u00e9quipe, non seulement en tant que footballeur mais aussi en tant que personne. Il est le meilleur buteur et le roi des passes d\u00e9cisives<\/em>\", a laiss\u00e9 entendre Luis Van Gaal.<\/p>\n<p>A rappeler que l\u2019attaquant du Bar\u00e7a s\u2019est bless\u00e9, il y a deux mois et ce en marge du match opposant son \u00e9quipe nationale \u00e0 la Pologne. Et malgr\u00e9 cela, il a \u00e9t\u00e9 convoqu\u00e9 par Van Gaal qui explique : \"<em>j\u2019avais d\u00e9j\u00e0 dit, il y a deux mois, quand il s\u2019est bless\u00e9, que je lui garderai toujours une place en s\u00e9lection. Cela s\u2019applique \u00e9galement pour Frenkie de Jong<\/em>\".<\/p>\n<p>Selon lui, \"<em>si Memphis ne joue pas, Vincent Janssen sera titularis\u00e9<\/em>.\"<\/p>\n<div class='share-to-whatsapp-wrapper'><div class='share-on-whsp'>PARTAGER SUR : <\/div><a data-text='VAN GAAL - \"Memphis ne sera pas titulaire contre le S\u00e9n\u00e9gal\"' data-link='https:\/\/www.nettali.com\/2022\/11\/12\/van-gaal-memphis-ne-sera-pas-titulaire-contre-le-senegal\/' class='whatsapp-button whatsapp-share'>WhatsApp<\/a><div class='clear '><\/div><\/div>","protected":false},"excerpt":{"rendered":"<p>NETTALI.COM - L\u2019\u00e9quipe nationale du S\u00e9n\u00e9gal jouera son match de la Coupe du monde contre les Pays-Bas le 21 novembre 2022. Une rencontre pour laquelle la star n\u00e9erlandaise, Memphis Depay ne sera pas titulaire, si on en croit Louis Van Gaal. Comme son homologue Aliou Ciss\u00e9, Louis van Gaal a d\u00e9voil\u00e9 ce vendredi sa liste [&hellip;]<\/p>\n","protected":false},"author":5,"featured_media":97463,"comment_status":"open","ping_status":"open","sticky":false,"template":"","format":"standard","meta":{"_et_pb_use_builder":"","_et_pb_old_content":""},"categories":[6],"tags":[],"yoast_head":"<!-- This site is optimized with the Yoast SEO Premium plugin v17.8 (Yoast SEO v17.8) - https:\/\/yoast.com\/wordpress\/plugins\/seo\/ -->\n<title>VAN GAAL - &quot;Memphis ne sera pas titulaire contre le S\u00e9n\u00e9gal&quot; | Nettali.com<\/title>\n<meta name=\"robots\" content=\"index, follow, max-snippet:-1, max-image-preview:large, max-video-preview:-1\" \/>\n<link rel=\"canonical\" href=\"https:\/\/www.nettali.com\/2022\/11\/12\/van-gaal-memphis-ne-sera-pas-titulaire-contre-le-senegal\/\" \/>\n<meta property=\"og:locale\" content=\"fr_FR\" \/>\n<meta property=\"og:type\" content=\"article\" \/>\n<meta property=\"og:title\" content=\"VAN GAAL - &quot;Memphis ne sera pas titulaire contre le S\u00e9n\u00e9gal&quot;\" \/>\n<meta property=\"og:description\" content=\"NETTALI.COM - L\u2019\u00e9quipe nationale du S\u00e9n\u00e9gal jouera son match de la Coupe du monde contre les Pays-Bas le 21 novembre 2022. Une rencontre pour laquelle la star n\u00e9erlandaise, Memphis Depay ne sera pas titulaire, si on en croit Louis Van Gaal. Comme son homologue Aliou Ciss\u00e9, Louis van Gaal a d\u00e9voil\u00e9 ce vendredi sa liste [&hellip;]\" \/>\n<meta property=\"og:url\" content=\"https:\/\/www.nettali.com\/2022\/11\/12\/van-gaal-memphis-ne-sera-pas-titulaire-contre-le-senegal\/\" \/>\n<meta property=\"og:site_name\" content=\"Nettali.com\" \/>\n<meta property=\"article:publisher\" content=\"https:\/\/www.facebook.com\/nettalicom\" \/>\n<meta property=\"article:published_time\" content=\"2022-11-12T07:20:52+00:00\" \/>\n<meta property=\"og:image\" content=\"https:\/\/www.nettali.com\/wp-content\/uploads\/2022\/11\/48690907486143be98b763f7fb23a08c.jpg\" \/>\n\t<meta property=\"og:image:width\" content=\"650\" \/>\n\t<meta property=\"og:image:height\" content=\"430\" \/>\n<meta name=\"twitter:card\" content=\"summary_large_image\" \/>\n<meta name=\"twitter:label1\" content=\"\u00c9crit par\" \/>\n\t<meta name=\"twitter:data1\" content=\"Ibrahima\" \/>\n\t<meta name=\"twitter:label2\" content=\"Dur\u00e9e de lecture estim\u00e9e\" \/>\n\t<meta name=\"twitter:data2\" content=\"2 minutes\" \/>\n<script type=\"application\/ld+json\" class=\"yoast-schema-graph\">{\"@context\":\"https:\/\/schema.org\",\"@graph\":[{\"@type\":\"WebSite\",\"@id\":\"https:\/\/www.nettali.com\/#website\",\"url\":\"https:\/\/www.nettali.com\/\",\"name\":\"Nettali.com\",\"description\":\"Le rendez-vous critique du Net\",\"potentialAction\":[{\"@type\":\"SearchAction\",\"target\":{\"@type\":\"EntryPoint\",\"urlTemplate\":\"https:\/\/www.nettali.com\/?s={search_term_string}\"},\"query-input\":\"required name=search_term_string\"}],\"inLanguage\":\"fr-FR\"},{\"@type\":\"ImageObject\",\"@id\":\"https:\/\/www.nettali.com\/2022\/11\/12\/van-gaal-memphis-ne-sera-pas-titulaire-contre-le-senegal\/#primaryimage\",\"inLanguage\":\"fr-FR\",\"url\":\"https:\/\/www.nettali.com\/wp-content\/uploads\/2022\/11\/48690907486143be98b763f7fb23a08c.jpg\",\"contentUrl\":\"https:\/\/www.nettali.com\/wp-content\/uploads\/2022\/11\/48690907486143be98b763f7fb23a08c.jpg\",\"width\":650,\"height\":430},{\"@type\":\"WebPage\",\"@id\":\"https:\/\/www.nettali.com\/2022\/11\/12\/van-gaal-memphis-ne-sera-pas-titulaire-contre-le-senegal\/#webpage\",\"url\":\"https:\/\/www.nettali.com\/2022\/11\/12\/van-gaal-memphis-ne-sera-pas-titulaire-contre-le-senegal\/\",\"name\":\"VAN GAAL - \\\"Memphis ne sera pas titulaire contre le S\\u00e9n\\u00e9gal\\\" | Nettali.com\",\"isPartOf\":{\"@id\":\"https:\/\/www.nettali.com\/#website\"},\"primaryImageOfPage\":{\"@id\":\"https:\/\/www.nettali.com\/2022\/11\/12\/van-gaal-memphis-ne-sera-pas-titulaire-contre-le-senegal\/#primaryimage\"},\"datePublished\":\"2022-11-12T07:20:52+00:00\",\"dateModified\":\"2022-11-12T07:20:52+00:00\",\"author\":{\"@id\":\"https:\/\/www.nettali.com\/#\/schema\/person\/bb147657c2986240405a608162b9bb23\"},\"breadcrumb\":{\"@id\":\"https:\/\/www.nettali.com\/2022\/11\/12\/van-gaal-memphis-ne-sera-pas-titulaire-contre-le-senegal\/#breadcrumb\"},\"inLanguage\":\"fr-FR\",\"potentialAction\":[{\"@type\":\"ReadAction\",\"target\":[\"https:\/\/www.nettali.com\/2022\/11\/12\/van-gaal-memphis-ne-sera-pas-titulaire-contre-le-senegal\/\"]}]},{\"@type\":\"BreadcrumbList\",\"@id\":\"https:\/\/www.nettali.com\/2022\/11\/12\/van-gaal-memphis-ne-sera-pas-titulaire-contre-le-senegal\/#breadcrumb\",\"itemListElement\":[{\"@type\":\"ListItem\",\"position\":1,\"name\":\"Accueil\",\"item\":\"https:\/\/www.nettali.com\/\"},{\"@type\":\"ListItem\",\"position\":2,\"name\":\"VAN GAAL - \\\"Memphis ne sera pas titulaire contre le S\\u00e9n\\u00e9gal\\\"\"}]},{\"@type\":\"Person\",\"@id\":\"https:\/\/www.nettali.com\/#\/schema\/person\/bb147657c2986240405a608162b9bb23\",\"name\":\"Ibrahima\",\"image\":{\"@type\":\"ImageObject\",\"@id\":\"https:\/\/www.nettali.com\/#personlogo\",\"inLanguage\":\"fr-FR\",\"url\":\"https:\/\/secure.gravatar.com\/avatar\/26a8a81f09f0dd7624c9d5c36c9ba3a2?s=96&d=mm&r=g\",\"contentUrl\":\"https:\/\/secure.gravatar.com\/avatar\/26a8a81f09f0dd7624c9d5c36c9ba3a2?s=96&d=mm&r=g\",\"caption\":\"Ibrahima\"},\"sameAs\":[\"https:\/\/www.nettali.com\"]}]}<\/script>\n<!-- \/ Yoast SEO Premium plugin. -->","yoast_head_json":{"title":"VAN GAAL - \"Memphis ne sera pas titulaire contre le S\u00e9n\u00e9gal\" | Nettali.com","robots":{"index":"index","follow":"follow","max-snippet":"max-snippet:-1","max-image-preview":"max-image-preview:large","max-video-preview":"max-video-preview:-1"},"canonical":"https:\/\/www.nettali.com\/2022\/11\/12\/van-gaal-memphis-ne-sera-pas-titulaire-contre-le-senegal\/","og_locale":"fr_FR","og_type":"article","og_title":"VAN GAAL - \"Memphis ne sera pas titulaire contre le S\u00e9n\u00e9gal\"","og_description":"NETTALI.COM - L\u2019\u00e9quipe nationale du S\u00e9n\u00e9gal jouera son match de la Coupe du monde contre les Pays-Bas le 21 novembre 2022. Une rencontre pour laquelle la star n\u00e9erlandaise, Memphis Depay ne sera pas titulaire, si on en croit Louis Van Gaal. Comme son homologue Aliou Ciss\u00e9, Louis van Gaal a d\u00e9voil\u00e9 ce vendredi sa liste [&hellip;]","og_url":"https:\/\/www.nettali.com\/2022\/11\/12\/van-gaal-memphis-ne-sera-pas-titulaire-contre-le-senegal\/","og_site_name":"Nettali.com","article_publisher":"https:\/\/www.facebook.com\/nettalicom","article_published_time":"2022-11-12T07:20:52+00:00","og_image":[{"width":650,"height":430,"url":"https:\/\/www.nettali.com\/wp-content\/uploads\/2022\/11\/48690907486143be98b763f7fb23a08c.jpg","type":"image\/jpeg"}],"twitter_card":"summary_large_image","twitter_misc":{"\u00c9crit par":"Ibrahima","Dur\u00e9e de lecture estim\u00e9e":"2 minutes"},"schema":{"@context":"https:\/\/schema.org","@graph":[{"@type":"WebSite","@id":"https:\/\/www.nettali.com\/#website","url":"https:\/\/www.nettali.com\/","name":"Nettali.com","description":"Le rendez-vous critique du Net","potentialAction":[{"@type":"SearchAction","target":{"@type":"EntryPoint","urlTemplate":"https:\/\/www.nettali.com\/?s={search_term_string}"},"query-input":"required name=search_term_string"}],"inLanguage":"fr-FR"},{"@type":"ImageObject","@id":"https:\/\/www.nettali.com\/2022\/11\/12\/van-gaal-memphis-ne-sera-pas-titulaire-contre-le-senegal\/#primaryimage","inLanguage":"fr-FR","url":"https:\/\/www.nettali.com\/wp-content\/uploads\/2022\/11\/48690907486143be98b763f7fb23a08c.jpg","contentUrl":"https:\/\/www.nettali.com\/wp-content\/uploads\/2022\/11\/48690907486143be98b763f7fb23a08c.jpg","width":650,"height":430},{"@type":"WebPage","@id":"https:\/\/www.nettali.com\/2022\/11\/12\/van-gaal-memphis-ne-sera-pas-titulaire-contre-le-senegal\/#webpage","url":"https:\/\/www.nettali.com\/2022\/11\/12\/van-gaal-memphis-ne-sera-pas-titulaire-contre-le-senegal\/","name":"VAN GAAL - \"Memphis ne sera pas titulaire contre le S\u00e9n\u00e9gal\" | Nettali.com","isPartOf":{"@id":"https:\/\/www.nettali.com\/#website"},"primaryImageOfPage":{"@id":"https:\/\/www.nettali.com\/2022\/11\/12\/van-gaal-memphis-ne-sera-pas-titulaire-contre-le-senegal\/#primaryimage"},"datePublished":"2022-11-12T07:20:52+00:00","dateModified":"2022-11-12T07:20:52+00:00","author":{"@id":"https:\/\/www.nettali.com\/#\/schema\/person\/bb147657c2986240405a608162b9bb23"},"breadcrumb":{"@id":"https:\/\/www.nettali.com\/2022\/11\/12\/van-gaal-memphis-ne-sera-pas-titulaire-contre-le-senegal\/#breadcrumb"},"inLanguage":"fr-FR","potentialAction":[{"@type":"ReadAction","target":["https:\/\/www.nettali.com\/2022\/11\/12\/van-gaal-memphis-ne-sera-pas-titulaire-contre-le-senegal\/"]}]},{"@type":"BreadcrumbList","@id":"https:\/\/www.nettali.com\/2022\/11\/12\/van-gaal-memphis-ne-sera-pas-titulaire-contre-le-senegal\/#breadcrumb","itemListElement":[{"@type":"ListItem","position":1,"name":"Accueil","item":"https:\/\/www.nettali.com\/"},{"@type":"ListItem","position":2,"name":"VAN GAAL - \"Memphis ne sera pas titulaire contre le S\u00e9n\u00e9gal\""}]},{"@type":"Person","@id":"https:\/\/www.nettali.com\/#\/schema\/person\/bb147657c2986240405a608162b9bb23","name":"Ibrahima","image":{"@type":"ImageObject","@id":"https:\/\/www.nettali.com\/#personlogo","inLanguage":"fr-FR","url":"https:\/\/secure.gravatar.com\/avatar\/26a8a81f09f0dd7624c9d5c36c9ba3a2?s=96&d=mm&r=g","contentUrl":"https:\/\/secure.gravatar.com\/avatar\/26a8a81f09f0dd7624c9d5c36c9ba3a2?s=96&d=mm&r=g","caption":"Ibrahima"},"sameAs":["https:\/\/www.nettali.com"]}]}},"_links":{"self":[{"href":"https:\/\/www.nettali.com\/rest\/wp\/v2\/posts\/97462"}],"collection":[{"href":"https:\/\/www.nettali.com\/rest\/wp\/v2\/posts"}],"about":[{"href":"https:\/\/www.nettali.com\/rest\/wp\/v2\/types\/post"}],"author":[{"embeddable":true,"href":"https:\/\/www.nettali.com\/rest\/wp\/v2\/users\/5"}],"replies":[{"embeddable":true,"href":"https:\/\/www.nettali.com\/rest\/wp\/v2\/comments?post=97462"}],"version-history":[{"count":3,"href":"https:\/\/www.nettali.com\/rest\/wp\/v2\/posts\/97462\/revisions"}],"predecessor-version":[{"id":97466,"href":"https:\/\/www.nettali.com\/rest\/wp\/v2\/posts\/97462\/revisions\/97466"}],"wp:featuredmedia":[{"embeddable":true,"href":"https:\/\/www.nettali.com\/rest\/wp\/v2\/media\/97463"}],"wp:attachment":[{"href":"https:\/\/www.nettali.com\/rest\/wp\/v2\/media?parent=97462"}],"wp:term":[{"taxonomy":"category","embeddable":true,"href":"https:\/\/www.nettali.com\/rest\/wp\/v2\/categories?post=97462"},{"taxonomy":"post_tag","embeddable":true,"href":"https:\/\/www.nettali.com\/rest\/wp\/v2\/tags?post=97462"}],"curies":[{"name":"wp","href":"https:\/\/api.w.org\/{rel}","templated":true}]}}