{"id":97384,"date":"2022-11-10T13:37:41","date_gmt":"2022-11-10T13:37:41","guid":{"rendered":"https:\/\/www.nettali.com\/?p=97384"},"modified":"2022-11-10T13:37:41","modified_gmt":"2022-11-10T13:37:41","slug":"affaire-pape-ale-niang-la-lsdh-aussi-exige-la-liberation-immediate-du-journaliste","status":"publish","type":"post","link":"https:\/\/www.nettali.com\/2022\/11\/10\/affaire-pape-ale-niang-la-lsdh-aussi-exige-la-liberation-immediate-du-journaliste\/","title":{"rendered":"AFFAIRE PAPE AL\u00c9 NIANG - La LSDH aussi exige la lib\u00e9ration imm\u00e9diate du journaliste"},"content":{"rendered":"<p><strong>NETTALI.COM- La Ligue s\u00e9n\u00e9galaise des droits humains (Lsdh) entre dans la danse dans l\u2019affaire du journaliste Pape Al\u00e9 Niang plac\u00e9 sous mandat de d\u00e9p\u00f4t ce mercredi 9 novembre 2022.<\/strong><\/p>\n<p>Dans un communiqu\u00e9 parvenu \u00e0 notre r\u00e9daction, Alassane Seck et Cie indiquent que \u00ab <em>le droit \u00e0 l'information, \u00e0 la libre expression et \u00e0 la critique est une des libert\u00e9s fondamentales de tout \u00eatre humain<\/em>\u00a0\u00bb. Pour \u00e9tayer leur propos, ils ont invoqu\u00e9 \u00ab<em> le pr\u00e9ambule de la charte des devoirs et des droits des journalistes dite \"Charte de Munich<\/em>\", qui dit que : \u00ab<em> La responsabilit\u00e9 des journalistes vis-\u00e0-vis du public, prime sur toute autre responsabilit\u00e9, en particulier \u00e0 l'\u00e9gard de leurs employeurs et des pouvoirs publics<\/em> \u00bb.<\/p>\n<p>Poursuivant, ils \u00e9crivent : \u00ab\u00a0<em>Pour nous la libert\u00e9 des m\u00e9dias contribue en effet dans une large mesure \u00e0 la protection de tous les autres droits de l'homme. Ce sont des journalistes d'investigation qui ont r\u00e9v\u00e9l\u00e9 bien des cas de torture, de discrimination, de corruption ou d'abus de pouvoir dans beaucoup de pays. Tenant compte de tout cela, la (Lsdh) exige sa lib\u00e9ration inconditionnelle<\/em> \u00bb.<\/p>\n<p>Par ailleurs, le document renseigne que \u00ab <em>le Pr\u00e9sident Macky Sall sur une chaine Fran\u00e7aise disait : Vous ne verrez jamais, pendant ma gouvernance, un journaliste mis en prison pour un d\u00e9lit de presse. C\u2019est pourquoi, nous invitons l\u2019\u00c9tat \u00e0 diligenter cette affaire avec s\u00e9r\u00e9nit\u00e9 pour permettre aux journalistes en g\u00e9n\u00e9ral de faire convenablement leur travail. Nous invitons \u00e9galement les journalistes \u00e0 agir en toute responsabilit\u00e9 dans le traitement de l\u2019information au quotidien<\/em> \u00bb.<\/p>\n<div class='share-to-whatsapp-wrapper'><div class='share-on-whsp'>PARTAGER SUR : <\/div><a data-text='AFFAIRE PAPE AL\u00c9 NIANG - La LSDH aussi exige la lib\u00e9ration imm\u00e9diate du journaliste' data-link='https:\/\/www.nettali.com\/2022\/11\/10\/affaire-pape-ale-niang-la-lsdh-aussi-exige-la-liberation-immediate-du-journaliste\/' class='whatsapp-button whatsapp-share'>WhatsApp<\/a><div class='clear '><\/div><\/div>","protected":false},"excerpt":{"rendered":"<p>NETTALI.COM- La Ligue s\u00e9n\u00e9galaise des droits humains (Lsdh) entre dans la danse dans l\u2019affaire du journaliste Pape Al\u00e9 Niang plac\u00e9 sous mandat de d\u00e9p\u00f4t ce mercredi 9 novembre 2022. Dans un communiqu\u00e9 parvenu \u00e0 notre r\u00e9daction, Alassane Seck et Cie indiquent que \u00ab le droit \u00e0 l'information, \u00e0 la libre expression et \u00e0 la critique [&hellip;]<\/p>\n","protected":false},"author":6,"featured_media":0,"comment_status":"open","ping_status":"open","sticky":false,"template":"","format":"standard","meta":{"_et_pb_use_builder":"","_et_pb_old_content":""},"categories":[3],"tags":[],"yoast_head":"<!-- This site is optimized with the Yoast SEO Premium plugin v17.8 (Yoast SEO v17.8) - https:\/\/yoast.com\/wordpress\/plugins\/seo\/ -->\n<title>AFFAIRE PAPE AL\u00c9 NIANG - La LSDH aussi exige la lib\u00e9ration imm\u00e9diate du journaliste | Nettali.com<\/title>\n<meta name=\"robots\" content=\"index, follow, max-snippet:-1, max-image-preview:large, max-video-preview:-1\" \/>\n<link rel=\"canonical\" href=\"https:\/\/www.nettali.com\/2022\/11\/10\/affaire-pape-ale-niang-la-lsdh-aussi-exige-la-liberation-immediate-du-journaliste\/\" \/>\n<meta property=\"og:locale\" content=\"fr_FR\" \/>\n<meta property=\"og:type\" content=\"article\" \/>\n<meta property=\"og:title\" content=\"AFFAIRE PAPE AL\u00c9 NIANG - La LSDH aussi exige la lib\u00e9ration imm\u00e9diate du journaliste\" \/>\n<meta property=\"og:description\" content=\"NETTALI.COM- La Ligue s\u00e9n\u00e9galaise des droits humains (Lsdh) entre dans la danse dans l\u2019affaire du journaliste Pape Al\u00e9 Niang plac\u00e9 sous mandat de d\u00e9p\u00f4t ce mercredi 9 novembre 2022. Dans un communiqu\u00e9 parvenu \u00e0 notre r\u00e9daction, Alassane Seck et Cie indiquent que \u00ab le droit \u00e0 l&#039;information, \u00e0 la libre expression et \u00e0 la critique [&hellip;]\" \/>\n<meta property=\"og:url\" content=\"https:\/\/www.nettali.com\/2022\/11\/10\/affaire-pape-ale-niang-la-lsdh-aussi-exige-la-liberation-immediate-du-journaliste\/\" \/>\n<meta property=\"og:site_name\" content=\"Nettali.com\" \/>\n<meta property=\"article:publisher\" content=\"https:\/\/www.facebook.com\/nettalicom\" \/>\n<meta property=\"article:published_time\" content=\"2022-11-10T13:37:41+00:00\" \/>\n<meta property=\"og:image\" content=\"https:\/\/www.nettali.com\/wp-content\/uploads\/2019\/03\/nettali-placeholder-post.jpg\" \/>\n\t<meta property=\"og:image:width\" content=\"1200\" \/>\n\t<meta property=\"og:image:height\" content=\"1200\" \/>\n<meta name=\"twitter:card\" content=\"summary_large_image\" \/>\n<meta name=\"twitter:label1\" content=\"\u00c9crit par\" \/>\n\t<meta name=\"twitter:data1\" content=\"Fatou\" \/>\n\t<meta name=\"twitter:label2\" content=\"Dur\u00e9e de lecture estim\u00e9e\" \/>\n\t<meta name=\"twitter:data2\" content=\"1 minute\" \/>\n<script type=\"application\/ld+json\" class=\"yoast-schema-graph\">{\"@context\":\"https:\/\/schema.org\",\"@graph\":[{\"@type\":\"WebSite\",\"@id\":\"https:\/\/www.nettali.com\/#website\",\"url\":\"https:\/\/www.nettali.com\/\",\"name\":\"Nettali.com\",\"description\":\"Le rendez-vous critique du Net\",\"potentialAction\":[{\"@type\":\"SearchAction\",\"target\":{\"@type\":\"EntryPoint\",\"urlTemplate\":\"https:\/\/www.nettali.com\/?s={search_term_string}\"},\"query-input\":\"required name=search_term_string\"}],\"inLanguage\":\"fr-FR\"},{\"@type\":\"WebPage\",\"@id\":\"https:\/\/www.nettali.com\/2022\/11\/10\/affaire-pape-ale-niang-la-lsdh-aussi-exige-la-liberation-immediate-du-journaliste\/#webpage\",\"url\":\"https:\/\/www.nettali.com\/2022\/11\/10\/affaire-pape-ale-niang-la-lsdh-aussi-exige-la-liberation-immediate-du-journaliste\/\",\"name\":\"AFFAIRE PAPE AL\\u00c9 NIANG - La LSDH aussi exige la lib\\u00e9ration imm\\u00e9diate du journaliste | Nettali.com\",\"isPartOf\":{\"@id\":\"https:\/\/www.nettali.com\/#website\"},\"datePublished\":\"2022-11-10T13:37:41+00:00\",\"dateModified\":\"2022-11-10T13:37:41+00:00\",\"author\":{\"@id\":\"https:\/\/www.nettali.com\/#\/schema\/person\/418274a86bdf87caff7a3ef476bd0bbf\"},\"breadcrumb\":{\"@id\":\"https:\/\/www.nettali.com\/2022\/11\/10\/affaire-pape-ale-niang-la-lsdh-aussi-exige-la-liberation-immediate-du-journaliste\/#breadcrumb\"},\"inLanguage\":\"fr-FR\",\"potentialAction\":[{\"@type\":\"ReadAction\",\"target\":[\"https:\/\/www.nettali.com\/2022\/11\/10\/affaire-pape-ale-niang-la-lsdh-aussi-exige-la-liberation-immediate-du-journaliste\/\"]}]},{\"@type\":\"BreadcrumbList\",\"@id\":\"https:\/\/www.nettali.com\/2022\/11\/10\/affaire-pape-ale-niang-la-lsdh-aussi-exige-la-liberation-immediate-du-journaliste\/#breadcrumb\",\"itemListElement\":[{\"@type\":\"ListItem\",\"position\":1,\"name\":\"Accueil\",\"item\":\"https:\/\/www.nettali.com\/\"},{\"@type\":\"ListItem\",\"position\":2,\"name\":\"AFFAIRE PAPE AL\\u00c9 NIANG - La LSDH aussi exige la lib\\u00e9ration imm\\u00e9diate du journaliste\"}]},{\"@type\":\"Person\",\"@id\":\"https:\/\/www.nettali.com\/#\/schema\/person\/418274a86bdf87caff7a3ef476bd0bbf\",\"name\":\"Fatou\",\"image\":{\"@type\":\"ImageObject\",\"@id\":\"https:\/\/www.nettali.com\/#personlogo\",\"inLanguage\":\"fr-FR\",\"url\":\"https:\/\/secure.gravatar.com\/avatar\/5a9442a2bee7b4dcf167cab035858e9a?s=96&d=mm&r=g\",\"contentUrl\":\"https:\/\/secure.gravatar.com\/avatar\/5a9442a2bee7b4dcf167cab035858e9a?s=96&d=mm&r=g\",\"caption\":\"Fatou\"},\"sameAs\":[\"https:\/\/www.nettali.com\"]}]}<\/script>\n<!-- \/ Yoast SEO Premium plugin. -->","yoast_head_json":{"title":"AFFAIRE PAPE AL\u00c9 NIANG - La LSDH aussi exige la lib\u00e9ration imm\u00e9diate du journaliste | Nettali.com","robots":{"index":"index","follow":"follow","max-snippet":"max-snippet:-1","max-image-preview":"max-image-preview:large","max-video-preview":"max-video-preview:-1"},"canonical":"https:\/\/www.nettali.com\/2022\/11\/10\/affaire-pape-ale-niang-la-lsdh-aussi-exige-la-liberation-immediate-du-journaliste\/","og_locale":"fr_FR","og_type":"article","og_title":"AFFAIRE PAPE AL\u00c9 NIANG - La LSDH aussi exige la lib\u00e9ration imm\u00e9diate du journaliste","og_description":"NETTALI.COM- La Ligue s\u00e9n\u00e9galaise des droits humains (Lsdh) entre dans la danse dans l\u2019affaire du journaliste Pape Al\u00e9 Niang plac\u00e9 sous mandat de d\u00e9p\u00f4t ce mercredi 9 novembre 2022. Dans un communiqu\u00e9 parvenu \u00e0 notre r\u00e9daction, Alassane Seck et Cie indiquent que \u00ab le droit \u00e0 l'information, \u00e0 la libre expression et \u00e0 la critique [&hellip;]","og_url":"https:\/\/www.nettali.com\/2022\/11\/10\/affaire-pape-ale-niang-la-lsdh-aussi-exige-la-liberation-immediate-du-journaliste\/","og_site_name":"Nettali.com","article_publisher":"https:\/\/www.facebook.com\/nettalicom","article_published_time":"2022-11-10T13:37:41+00:00","og_image":[{"width":1200,"height":1200,"url":"https:\/\/www.nettali.com\/wp-content\/uploads\/2019\/03\/nettali-placeholder-post.jpg","type":"image\/jpeg"}],"twitter_card":"summary_large_image","twitter_misc":{"\u00c9crit par":"Fatou","Dur\u00e9e de lecture estim\u00e9e":"1 minute"},"schema":{"@context":"https:\/\/schema.org","@graph":[{"@type":"WebSite","@id":"https:\/\/www.nettali.com\/#website","url":"https:\/\/www.nettali.com\/","name":"Nettali.com","description":"Le rendez-vous critique du Net","potentialAction":[{"@type":"SearchAction","target":{"@type":"EntryPoint","urlTemplate":"https:\/\/www.nettali.com\/?s={search_term_string}"},"query-input":"required name=search_term_string"}],"inLanguage":"fr-FR"},{"@type":"WebPage","@id":"https:\/\/www.nettali.com\/2022\/11\/10\/affaire-pape-ale-niang-la-lsdh-aussi-exige-la-liberation-immediate-du-journaliste\/#webpage","url":"https:\/\/www.nettali.com\/2022\/11\/10\/affaire-pape-ale-niang-la-lsdh-aussi-exige-la-liberation-immediate-du-journaliste\/","name":"AFFAIRE PAPE AL\u00c9 NIANG - La LSDH aussi exige la lib\u00e9ration imm\u00e9diate du journaliste | Nettali.com","isPartOf":{"@id":"https:\/\/www.nettali.com\/#website"},"datePublished":"2022-11-10T13:37:41+00:00","dateModified":"2022-11-10T13:37:41+00:00","author":{"@id":"https:\/\/www.nettali.com\/#\/schema\/person\/418274a86bdf87caff7a3ef476bd0bbf"},"breadcrumb":{"@id":"https:\/\/www.nettali.com\/2022\/11\/10\/affaire-pape-ale-niang-la-lsdh-aussi-exige-la-liberation-immediate-du-journaliste\/#breadcrumb"},"inLanguage":"fr-FR","potentialAction":[{"@type":"ReadAction","target":["https:\/\/www.nettali.com\/2022\/11\/10\/affaire-pape-ale-niang-la-lsdh-aussi-exige-la-liberation-immediate-du-journaliste\/"]}]},{"@type":"BreadcrumbList","@id":"https:\/\/www.nettali.com\/2022\/11\/10\/affaire-pape-ale-niang-la-lsdh-aussi-exige-la-liberation-immediate-du-journaliste\/#breadcrumb","itemListElement":[{"@type":"ListItem","position":1,"name":"Accueil","item":"https:\/\/www.nettali.com\/"},{"@type":"ListItem","position":2,"name":"AFFAIRE PAPE AL\u00c9 NIANG - La LSDH aussi exige la lib\u00e9ration imm\u00e9diate du journaliste"}]},{"@type":"Person","@id":"https:\/\/www.nettali.com\/#\/schema\/person\/418274a86bdf87caff7a3ef476bd0bbf","name":"Fatou","image":{"@type":"ImageObject","@id":"https:\/\/www.nettali.com\/#personlogo","inLanguage":"fr-FR","url":"https:\/\/secure.gravatar.com\/avatar\/5a9442a2bee7b4dcf167cab035858e9a?s=96&d=mm&r=g","contentUrl":"https:\/\/secure.gravatar.com\/avatar\/5a9442a2bee7b4dcf167cab035858e9a?s=96&d=mm&r=g","caption":"Fatou"},"sameAs":["https:\/\/www.nettali.com"]}]}},"_links":{"self":[{"href":"https:\/\/www.nettali.com\/rest\/wp\/v2\/posts\/97384"}],"collection":[{"href":"https:\/\/www.nettali.com\/rest\/wp\/v2\/posts"}],"about":[{"href":"https:\/\/www.nettali.com\/rest\/wp\/v2\/types\/post"}],"author":[{"embeddable":true,"href":"https:\/\/www.nettali.com\/rest\/wp\/v2\/users\/6"}],"replies":[{"embeddable":true,"href":"https:\/\/www.nettali.com\/rest\/wp\/v2\/comments?post=97384"}],"version-history":[{"count":1,"href":"https:\/\/www.nettali.com\/rest\/wp\/v2\/posts\/97384\/revisions"}],"predecessor-version":[{"id":97386,"href":"https:\/\/www.nettali.com\/rest\/wp\/v2\/posts\/97384\/revisions\/97386"}],"wp:attachment":[{"href":"https:\/\/www.nettali.com\/rest\/wp\/v2\/media?parent=97384"}],"wp:term":[{"taxonomy":"category","embeddable":true,"href":"https:\/\/www.nettali.com\/rest\/wp\/v2\/categories?post=97384"},{"taxonomy":"post_tag","embeddable":true,"href":"https:\/\/www.nettali.com\/rest\/wp\/v2\/tags?post=97384"}],"curies":[{"name":"wp","href":"https:\/\/api.w.org\/{rel}","templated":true}]}}