{"id":97301,"date":"2022-11-09T09:02:28","date_gmt":"2022-11-09T09:02:28","guid":{"rendered":"https:\/\/www.nettali.com\/?p=97301"},"modified":"2022-11-09T18:03:03","modified_gmt":"2022-11-09T18:03:03","slug":"affaire-ousmane-sonko-pastef-demande-la-declassification-du-rapport-interne-de-la-gendarmerie","status":"publish","type":"post","link":"https:\/\/www.nettali.com\/2022\/11\/09\/affaire-ousmane-sonko-pastef-demande-la-declassification-du-rapport-interne-de-la-gendarmerie\/","title":{"rendered":"AFFAIRE OUSMANE SONKO - Pastef demande la d\u00e9classification du rapport interne de la gendarmerie"},"content":{"rendered":"<p><strong>NETTALI.COM - En plus de permettre au public de conna\u00eetre la v\u00e9rit\u00e9 sur un sujet devenu d\u2019int\u00e9r\u00eat national, le Bureau politique du parti de l\u2019opposition demande une enqu\u00eate parlementaire pour faire la lumi\u00e8re sur cette affaire.<\/strong><\/p>\n<p>L\u2019 audition du leader du Pastef\/Les patriotes, le 3 novembre dernier, continue d\u2019alimenter la vie politique s\u00e9n\u00e9galaise. Depuis que les d\u00e9tails de ce t\u00eate-\u00e0-t\u00eate entre le doyen des juges Omar Maham Diallo et l\u2019opposant accus\u00e9 de viol ont \u00e9t\u00e9 expos\u00e9s \u00e0 tous, c\u2019est le refus du mis en cause d\u2019effectuer un test ADN qui pr\u00eate \u00e0 interpr\u00e9tations. Mais pour les responsables de son parti, la question n\u2019est pas l\u00e0. \u2018\u2019Lors de cette audition, Ousmane Sonko a \u00e9tabli le complot dont il s\u2019est toujours dit victime. Il dit avoir mis sur la table du juge des pi\u00e8ces \u00e0 conviction irr\u00e9futables dont, jusqu\u2019ici, personne ne conteste ni l\u2019existence ni la v\u00e9racit\u00e9 du contenu. (\u2026) Si la justice veut une manifestation de la v\u00e9rit\u00e9, il n\u2019y a qu\u2019\u00e0 d\u00e9classifier le rapport que le pr\u00e9sident Ousmane Sonko dit qu\u2019il le disculpe totalement et qu\u2019il dit avoir mis \u00e0 disposition du juge\u2019\u2019, r\u00e9clame Bassirou Diomaye Faye. Le secr\u00e9taire g\u00e9n\u00e9ral du Pastef s\u2019exprimait hier, lors d\u2019une conf\u00e9rence de presse organis\u00e9e par le nouveau porte-parole du parti. Et l\u2019homme ne s\u2019arr\u00eate pas l\u00e0. \u2018\u2019C\u2019est dans ce cadre, ajoute-t-il, que notre parti, Pastef\/Les patriotes, a saisi l\u2019Assembl\u00e9e nationale pour demander que ce rapport soit d\u00e9classifi\u00e9 et mis \u00e0 la disposition du peuple s\u00e9n\u00e9galais qui a besoin de savoir\u2019\u2019.<\/p>\n<p>Le fameux rapport est une enqu\u00eate interne de la gendarmerie qui a \u00e9t\u00e9 brandie par l\u2019opposant \u00e0 la sortie de son audition et qui comporterait, selon lui, les preuves que de hautes autorit\u00e9s ont foment\u00e9 un complot \u00e0 travers les accusations de viol dont il fait l\u2019objet de la part d\u2019une jeune masseuse. Pour le militant patriote, <em>\u00abs\u2019il peut \u00eatre \u00e9tabli par la d\u00e9classification du rapport all\u00e9gu\u00e9 que le complot est vrai et v\u00e9rifi\u00e9, et que les personnes cit\u00e9es sont r\u00e9ellement impliqu\u00e9es, aucun voile de secret ne doit entourer ce rapport. L\u2019Assembl\u00e9e nationale doit mettre en place une commission parlementaire in\u00e9vitable pour situer les responsabilit\u00e9s et sanctionner les comploteurs dont les viles actions ont caus\u00e9 la mort de 14 S\u00e9n\u00e9galais, sans compter les d\u00e9g\u00e2ts mat\u00e9riels et les amputations\u2019\u2019. \u00abSonko ne donnera pas une demi-goutte de sang\u2026 pour qu\u2019on le donne \u00e0 on ne sait qui\u2019\u2019<\/em>.<\/p>\n<p>Les membres du Bureau politique du Pastef estiment que c\u2019est ce dont la justice a besoin pour dire le droit, \u2018<em>\u2019mais pas du sang du pr\u00e9sident Ousmane Sonko dont r\u00eavent certains pour aller voir on ne sait qui\u2019\u2019<\/em>. Les histoires autour de ce test d\u2019ADN d\u00e9passent les cadres scientifique et judiciaire, et semblent constituer un enjeu au-del\u00e0 du rationnel. C\u2019est dans cet esprit, assure Bassirou Diomaye Faye, <em>\u00abune chose est s\u00fbre : le parti Pastef\/Les patriotes n\u2019aurait jamais laiss\u00e9 le pr\u00e9sident Ousmane Sonko donner, ne serait-ce qu\u2019une demi goutte de son sang \u00e0 des personnes qu\u2019il accuse, preuves irr\u00e9futables \u00e0 l\u2019appui, d\u2019\u00eatre impliqu\u00e9es dans un complot visant \u00e0 le liquider politiquement. Et il ne le fera jamais\u2019\u2019<\/em>.<\/p>\n<p>Ce premier exercice de communication du nouveau Bureau politique du Pastef a permis au parti de montrer qu\u2019il ne verse pas dans la violence gratuite. Malgr\u00e9 la grosse tension qui a accompagn\u00e9 l\u2019audition du plus grand opposant du r\u00e9gime, il n\u2019y a pas eu de heurts, contrairement \u00e0 sa premi\u00e8re convocation qui avait conduit \u00e0 de violents troubles en mars 2021. La raison est toute simple, assure le secr\u00e9taire g\u00e9n\u00e9ral du Pastef : <em>\u00abAu-del\u00e0 de la bunk\u00e9risation de son domicile et de la restriction de la libert\u00e9 d\u2019aller et de venir de membres de son parti, l\u2019audition du pr\u00e9sident Ousmane Sonko s\u2019est bien pass\u00e9e, comme il avait appel\u00e9 les S\u00e9n\u00e9galais \u00e0 le faire. Si cela s\u2019est fait dans la s\u00e9r\u00e9nit\u00e9, c\u2019est parce que ses droits fondamentaux ont \u00e9t\u00e9 respect\u00e9s, contrairement \u00e0 mars 2021. Tant qu\u2019il en sera ainsi pour n\u2019importe quel leader de l\u2019opposition, les choses se passeront normalement.\u2019<\/em>\u2019<\/p>\n<p><strong>\u00a0Les raisons d\u2019une audition dans le calme<\/strong><\/p>\n<p>N\u2019emp\u00eache qu\u2019au cours de cette rencontre avec le juge, la garde rapproch\u00e9e du maire de Ziguinchor a \u00e9t\u00e9 arr\u00eat\u00e9e. Cinq de ses plus proches gardes du corps ont d\u2019ailleurs \u00e9t\u00e9 plac\u00e9s sous mandat de d\u00e9p\u00f4t, suite \u00e0 des accrochages survenus lors d\u2019une op\u00e9ration de visites de proximit\u00e9 dans la r\u00e9gion de Mbour. Des arrestations \u2018\u2019partisanes\u2019\u2019, de l\u2019avis du militant patriote qui fustige que malgr\u00e9 la pr\u00e9sence massive de gendarmes autour du convoi de l\u2019opposant, <em>\u2018\u2019cela n\u2019a pas emp\u00each\u00e9 qu\u2019il soit attaqu\u00e9 \u00e0 Thicky, que des v\u00e9hicules soient caillass\u00e9s et que des militants soient bless\u00e9s\u2019\u2019<\/em>. Tout cela ne repr\u00e9sente que de nouvelles provocations, selon l\u2019inspecteur des imp\u00f4ts. Toutefois, rassure-t-il ses partisans, le \u2018\u2019N\u00e9meeku Tour\u2019\u2019 va se poursuivre dans le calme. <em>\u00abCes visites sobres du S\u00e9n\u00e9gal des profondeurs dans le calme et la sobri\u00e9t\u00e9 vont se poursuivre. N\u2019en d\u00e9plaise au pr\u00e9sident Macky Sall et \u00e0 ses souteneurs. Les provocations qu\u2019on a not\u00e9es, avec finalement l\u2019arrestation des gardes du corps du pr\u00e9sident Ousmane Sonko, n\u2019y feront rien\u2019\u2019<\/em>.<\/p>\n<p>Malgr\u00e9 tout, les patriotes interpellent les autorit\u00e9s religieuses, les r\u00e9gulateurs sociaux, pour parler au pr\u00e9sident Macky Sall, <em>\u00abafin qu\u2019il arr\u00eate les provocations, brimades et pers\u00e9cutions, pendant qu\u2019il est encore temps. Il n\u2019y a pas encore de d\u00e9g\u00e2ts incommensurables, de vies perdues\u2019\u2019<\/em>. Une personne arr\u00eat\u00e9e plac\u00e9e sous mandat de d\u00e9p\u00f4t, pour avoir partag\u00e9 une une satirique avec 3 \u00e9moji. Des arrestations et s\u00e9questrations de citoyens sans convocation. Des personnes tortur\u00e9es en d\u00e9tention jusqu\u2019\u00e0 en perdre la vie. Des opposants disqualifi\u00e9s des listes \u00e9lectorales. Un journaliste arr\u00eat\u00e9 pour un d\u00e9lit de presse : le tableau que d\u00e9peignent les responsables politiques du Pastef\/Les patriotes d\u00e9crit une situation tr\u00e8s pr\u00e9occupante des Droits de l\u2019homme et de la libert\u00e9 de presse et d\u2019opinion sous le r\u00e9gime du pr\u00e9sident Macky Sall. Mais pour Bassirou Diomaye Faye, tout ceci ne repr\u00e9sente que des pr\u00e9mices d\u2019un r\u00e9gime finissant. C\u2019est ainsi qu\u2019il exige au gouvernement de Macky Sall de mettre fin aux violences not\u00e9es sur la presse et \u00e0 l\u2019intimidation exerc\u00e9e sur les journalistes. Troisi\u00e8me mandat : les intimidations n\u2019y pourront rien\u2026<\/p>\n<p>\u00c0 un peu plus d\u2019un an de l\u2019\u00e9lection pr\u00e9sidentielle de 2024, le pr\u00e9sident de la R\u00e9publique n\u2019a toujours pas clarifi\u00e9 ses intentions sur une troisi\u00e8me candidature \u00e0 un troisi\u00e8me mandat \u00e0 la t\u00eate du pays. Plusieurs membres de son parti et de sa coalition soutiennent d\u00e9j\u00e0 une \u00e9ventuelle candidature de Macky Sall. Face \u00e0 ces sorties de plus en plus audibles, le secr\u00e9taire g\u00e9n\u00e9ral du Pastef r\u00e9pond : <em>\u00abCeux qui croient que la militarisation excessive et ridicule du pays peut suffire \u00e0 imposer une troisi\u00e8me candidature ill\u00e9gale et immorale, et aboutir \u00e0 un vol des \u00e9lections et son maintien au pouvoir, nous leur rappelons qu\u2019il y a eu dans l\u2019histoire r\u00e9cente d\u2019autres pays des r\u00e9gimes beaucoup plus sanguinaires que celui du pr\u00e9sident Macky Sall. Cela ne les a pas emp\u00each\u00e9s de tomber.\u00a0\u00bb<\/em><\/p>\n<p>Les exemples de la Tunisie et de l\u2019\u00c9gypte ont \u00e9t\u00e9 cit\u00e9s. Les patriotes se disent croire, d\u00e9sesp\u00e9r\u00e9ment, \u00e0 un sursaut de lucidit\u00e9 du pr\u00e9sident Macky Sall, afin de renoncer \u00e0 un troisi\u00e8me mandat qui a co\u00fbt\u00e9 11 vies au S\u00e9n\u00e9gal en 2011.<\/p>\n<div class='share-to-whatsapp-wrapper'><div class='share-on-whsp'>PARTAGER SUR : <\/div><a data-text='AFFAIRE OUSMANE SONKO - Pastef demande la d\u00e9classification du rapport interne de la gendarmerie' data-link='https:\/\/www.nettali.com\/2022\/11\/09\/affaire-ousmane-sonko-pastef-demande-la-declassification-du-rapport-interne-de-la-gendarmerie\/' class='whatsapp-button whatsapp-share'>WhatsApp<\/a><div class='clear '><\/div><\/div>","protected":false},"excerpt":{"rendered":"<p>NETTALI.COM - En plus de permettre au public de conna\u00eetre la v\u00e9rit\u00e9 sur un sujet devenu d\u2019int\u00e9r\u00eat national, le Bureau politique du parti de l\u2019opposition demande une enqu\u00eate parlementaire pour faire la lumi\u00e8re sur cette affaire. L\u2019 audition du leader du Pastef\/Les patriotes, le 3 novembre dernier, continue d\u2019alimenter la vie politique s\u00e9n\u00e9galaise. Depuis que [&hellip;]<\/p>\n","protected":false},"author":4,"featured_media":74793,"comment_status":"open","ping_status":"open","sticky":false,"template":"","format":"standard","meta":{"_et_pb_use_builder":"","_et_pb_old_content":""},"categories":[2],"tags":[],"yoast_head":"<!-- This site is optimized with the Yoast SEO Premium plugin v17.8 (Yoast SEO v17.8) - https:\/\/yoast.com\/wordpress\/plugins\/seo\/ -->\n<title>AFFAIRE OUSMANE SONKO - Pastef demande la d\u00e9classification du rapport interne de la gendarmerie | Nettali.com<\/title>\n<meta name=\"robots\" content=\"index, follow, max-snippet:-1, max-image-preview:large, max-video-preview:-1\" \/>\n<link rel=\"canonical\" href=\"https:\/\/www.nettali.com\/2022\/11\/09\/affaire-ousmane-sonko-pastef-demande-la-declassification-du-rapport-interne-de-la-gendarmerie\/\" \/>\n<meta property=\"og:locale\" content=\"fr_FR\" \/>\n<meta property=\"og:type\" content=\"article\" \/>\n<meta property=\"og:title\" content=\"AFFAIRE OUSMANE SONKO - Pastef demande la d\u00e9classification du rapport interne de la gendarmerie\" \/>\n<meta property=\"og:description\" content=\"NETTALI.COM - En plus de permettre au public de conna\u00eetre la v\u00e9rit\u00e9 sur un sujet devenu d\u2019int\u00e9r\u00eat national, le Bureau politique du parti de l\u2019opposition demande une enqu\u00eate parlementaire pour faire la lumi\u00e8re sur cette affaire. L\u2019 audition du leader du Pastef\/Les patriotes, le 3 novembre dernier, continue d\u2019alimenter la vie politique s\u00e9n\u00e9galaise. Depuis que [&hellip;]\" \/>\n<meta property=\"og:url\" content=\"https:\/\/www.nettali.com\/2022\/11\/09\/affaire-ousmane-sonko-pastef-demande-la-declassification-du-rapport-interne-de-la-gendarmerie\/\" \/>\n<meta property=\"og:site_name\" content=\"Nettali.com\" \/>\n<meta property=\"article:publisher\" content=\"https:\/\/www.facebook.com\/nettalicom\" \/>\n<meta property=\"article:published_time\" content=\"2022-11-09T09:02:28+00:00\" \/>\n<meta property=\"article:modified_time\" content=\"2022-11-09T18:03:03+00:00\" \/>\n<meta property=\"og:image\" content=\"https:\/\/www.nettali.com\/wp-content\/uploads\/2021\/11\/Sonko.jpg\" \/>\n\t<meta property=\"og:image:width\" content=\"800\" \/>\n\t<meta property=\"og:image:height\" content=\"400\" \/>\n<meta name=\"twitter:card\" content=\"summary_large_image\" \/>\n<meta name=\"twitter:label1\" content=\"\u00c9crit par\" \/>\n\t<meta name=\"twitter:data1\" content=\"Daouda\" \/>\n\t<meta name=\"twitter:label2\" content=\"Dur\u00e9e de lecture estim\u00e9e\" \/>\n\t<meta name=\"twitter:data2\" content=\"6 minutes\" \/>\n<script type=\"application\/ld+json\" class=\"yoast-schema-graph\">{\"@context\":\"https:\/\/schema.org\",\"@graph\":[{\"@type\":\"WebSite\",\"@id\":\"https:\/\/www.nettali.com\/#website\",\"url\":\"https:\/\/www.nettali.com\/\",\"name\":\"Nettali.com\",\"description\":\"Le rendez-vous critique du Net\",\"potentialAction\":[{\"@type\":\"SearchAction\",\"target\":{\"@type\":\"EntryPoint\",\"urlTemplate\":\"https:\/\/www.nettali.com\/?s={search_term_string}\"},\"query-input\":\"required name=search_term_string\"}],\"inLanguage\":\"fr-FR\"},{\"@type\":\"ImageObject\",\"@id\":\"https:\/\/www.nettali.com\/2022\/11\/09\/affaire-ousmane-sonko-pastef-demande-la-declassification-du-rapport-interne-de-la-gendarmerie\/#primaryimage\",\"inLanguage\":\"fr-FR\",\"url\":\"https:\/\/www.nettali.com\/wp-content\/uploads\/2021\/11\/Sonko.jpg\",\"contentUrl\":\"https:\/\/www.nettali.com\/wp-content\/uploads\/2021\/11\/Sonko.jpg\",\"width\":800,\"height\":400},{\"@type\":\"WebPage\",\"@id\":\"https:\/\/www.nettali.com\/2022\/11\/09\/affaire-ousmane-sonko-pastef-demande-la-declassification-du-rapport-interne-de-la-gendarmerie\/#webpage\",\"url\":\"https:\/\/www.nettali.com\/2022\/11\/09\/affaire-ousmane-sonko-pastef-demande-la-declassification-du-rapport-interne-de-la-gendarmerie\/\",\"name\":\"AFFAIRE OUSMANE SONKO - Pastef demande la d\\u00e9classification du rapport interne de la gendarmerie | Nettali.com\",\"isPartOf\":{\"@id\":\"https:\/\/www.nettali.com\/#website\"},\"primaryImageOfPage\":{\"@id\":\"https:\/\/www.nettali.com\/2022\/11\/09\/affaire-ousmane-sonko-pastef-demande-la-declassification-du-rapport-interne-de-la-gendarmerie\/#primaryimage\"},\"datePublished\":\"2022-11-09T09:02:28+00:00\",\"dateModified\":\"2022-11-09T18:03:03+00:00\",\"author\":{\"@id\":\"https:\/\/www.nettali.com\/#\/schema\/person\/3317e0bb3aa1da309fbf7b2780901bf4\"},\"breadcrumb\":{\"@id\":\"https:\/\/www.nettali.com\/2022\/11\/09\/affaire-ousmane-sonko-pastef-demande-la-declassification-du-rapport-interne-de-la-gendarmerie\/#breadcrumb\"},\"inLanguage\":\"fr-FR\",\"potentialAction\":[{\"@type\":\"ReadAction\",\"target\":[\"https:\/\/www.nettali.com\/2022\/11\/09\/affaire-ousmane-sonko-pastef-demande-la-declassification-du-rapport-interne-de-la-gendarmerie\/\"]}]},{\"@type\":\"BreadcrumbList\",\"@id\":\"https:\/\/www.nettali.com\/2022\/11\/09\/affaire-ousmane-sonko-pastef-demande-la-declassification-du-rapport-interne-de-la-gendarmerie\/#breadcrumb\",\"itemListElement\":[{\"@type\":\"ListItem\",\"position\":1,\"name\":\"Accueil\",\"item\":\"https:\/\/www.nettali.com\/\"},{\"@type\":\"ListItem\",\"position\":2,\"name\":\"AFFAIRE OUSMANE SONKO - Pastef demande la d\\u00e9classification du rapport interne de la gendarmerie\"}]},{\"@type\":\"Person\",\"@id\":\"https:\/\/www.nettali.com\/#\/schema\/person\/3317e0bb3aa1da309fbf7b2780901bf4\",\"name\":\"Daouda\",\"image\":{\"@type\":\"ImageObject\",\"@id\":\"https:\/\/www.nettali.com\/#personlogo\",\"inLanguage\":\"fr-FR\",\"url\":\"https:\/\/secure.gravatar.com\/avatar\/8d143b5a49345098ddcfee1c49c2f47c?s=96&d=mm&r=g\",\"contentUrl\":\"https:\/\/secure.gravatar.com\/avatar\/8d143b5a49345098ddcfee1c49c2f47c?s=96&d=mm&r=g\",\"caption\":\"Daouda\"},\"sameAs\":[\"https:\/\/www.nettali.com\"]}]}<\/script>\n<!-- \/ Yoast SEO Premium plugin. -->","yoast_head_json":{"title":"AFFAIRE OUSMANE SONKO - Pastef demande la d\u00e9classification du rapport interne de la gendarmerie | Nettali.com","robots":{"index":"index","follow":"follow","max-snippet":"max-snippet:-1","max-image-preview":"max-image-preview:large","max-video-preview":"max-video-preview:-1"},"canonical":"https:\/\/www.nettali.com\/2022\/11\/09\/affaire-ousmane-sonko-pastef-demande-la-declassification-du-rapport-interne-de-la-gendarmerie\/","og_locale":"fr_FR","og_type":"article","og_title":"AFFAIRE OUSMANE SONKO - Pastef demande la d\u00e9classification du rapport interne de la gendarmerie","og_description":"NETTALI.COM - En plus de permettre au public de conna\u00eetre la v\u00e9rit\u00e9 sur un sujet devenu d\u2019int\u00e9r\u00eat national, le Bureau politique du parti de l\u2019opposition demande une enqu\u00eate parlementaire pour faire la lumi\u00e8re sur cette affaire. L\u2019 audition du leader du Pastef\/Les patriotes, le 3 novembre dernier, continue d\u2019alimenter la vie politique s\u00e9n\u00e9galaise. Depuis que [&hellip;]","og_url":"https:\/\/www.nettali.com\/2022\/11\/09\/affaire-ousmane-sonko-pastef-demande-la-declassification-du-rapport-interne-de-la-gendarmerie\/","og_site_name":"Nettali.com","article_publisher":"https:\/\/www.facebook.com\/nettalicom","article_published_time":"2022-11-09T09:02:28+00:00","article_modified_time":"2022-11-09T18:03:03+00:00","og_image":[{"width":800,"height":400,"url":"https:\/\/www.nettali.com\/wp-content\/uploads\/2021\/11\/Sonko.jpg","type":"image\/jpeg"}],"twitter_card":"summary_large_image","twitter_misc":{"\u00c9crit par":"Daouda","Dur\u00e9e de lecture estim\u00e9e":"6 minutes"},"schema":{"@context":"https:\/\/schema.org","@graph":[{"@type":"WebSite","@id":"https:\/\/www.nettali.com\/#website","url":"https:\/\/www.nettali.com\/","name":"Nettali.com","description":"Le rendez-vous critique du Net","potentialAction":[{"@type":"SearchAction","target":{"@type":"EntryPoint","urlTemplate":"https:\/\/www.nettali.com\/?s={search_term_string}"},"query-input":"required name=search_term_string"}],"inLanguage":"fr-FR"},{"@type":"ImageObject","@id":"https:\/\/www.nettali.com\/2022\/11\/09\/affaire-ousmane-sonko-pastef-demande-la-declassification-du-rapport-interne-de-la-gendarmerie\/#primaryimage","inLanguage":"fr-FR","url":"https:\/\/www.nettali.com\/wp-content\/uploads\/2021\/11\/Sonko.jpg","contentUrl":"https:\/\/www.nettali.com\/wp-content\/uploads\/2021\/11\/Sonko.jpg","width":800,"height":400},{"@type":"WebPage","@id":"https:\/\/www.nettali.com\/2022\/11\/09\/affaire-ousmane-sonko-pastef-demande-la-declassification-du-rapport-interne-de-la-gendarmerie\/#webpage","url":"https:\/\/www.nettali.com\/2022\/11\/09\/affaire-ousmane-sonko-pastef-demande-la-declassification-du-rapport-interne-de-la-gendarmerie\/","name":"AFFAIRE OUSMANE SONKO - Pastef demande la d\u00e9classification du rapport interne de la gendarmerie | Nettali.com","isPartOf":{"@id":"https:\/\/www.nettali.com\/#website"},"primaryImageOfPage":{"@id":"https:\/\/www.nettali.com\/2022\/11\/09\/affaire-ousmane-sonko-pastef-demande-la-declassification-du-rapport-interne-de-la-gendarmerie\/#primaryimage"},"datePublished":"2022-11-09T09:02:28+00:00","dateModified":"2022-11-09T18:03:03+00:00","author":{"@id":"https:\/\/www.nettali.com\/#\/schema\/person\/3317e0bb3aa1da309fbf7b2780901bf4"},"breadcrumb":{"@id":"https:\/\/www.nettali.com\/2022\/11\/09\/affaire-ousmane-sonko-pastef-demande-la-declassification-du-rapport-interne-de-la-gendarmerie\/#breadcrumb"},"inLanguage":"fr-FR","potentialAction":[{"@type":"ReadAction","target":["https:\/\/www.nettali.com\/2022\/11\/09\/affaire-ousmane-sonko-pastef-demande-la-declassification-du-rapport-interne-de-la-gendarmerie\/"]}]},{"@type":"BreadcrumbList","@id":"https:\/\/www.nettali.com\/2022\/11\/09\/affaire-ousmane-sonko-pastef-demande-la-declassification-du-rapport-interne-de-la-gendarmerie\/#breadcrumb","itemListElement":[{"@type":"ListItem","position":1,"name":"Accueil","item":"https:\/\/www.nettali.com\/"},{"@type":"ListItem","position":2,"name":"AFFAIRE OUSMANE SONKO - Pastef demande la d\u00e9classification du rapport interne de la gendarmerie"}]},{"@type":"Person","@id":"https:\/\/www.nettali.com\/#\/schema\/person\/3317e0bb3aa1da309fbf7b2780901bf4","name":"Daouda","image":{"@type":"ImageObject","@id":"https:\/\/www.nettali.com\/#personlogo","inLanguage":"fr-FR","url":"https:\/\/secure.gravatar.com\/avatar\/8d143b5a49345098ddcfee1c49c2f47c?s=96&d=mm&r=g","contentUrl":"https:\/\/secure.gravatar.com\/avatar\/8d143b5a49345098ddcfee1c49c2f47c?s=96&d=mm&r=g","caption":"Daouda"},"sameAs":["https:\/\/www.nettali.com"]}]}},"_links":{"self":[{"href":"https:\/\/www.nettali.com\/rest\/wp\/v2\/posts\/97301"}],"collection":[{"href":"https:\/\/www.nettali.com\/rest\/wp\/v2\/posts"}],"about":[{"href":"https:\/\/www.nettali.com\/rest\/wp\/v2\/types\/post"}],"author":[{"embeddable":true,"href":"https:\/\/www.nettali.com\/rest\/wp\/v2\/users\/4"}],"replies":[{"embeddable":true,"href":"https:\/\/www.nettali.com\/rest\/wp\/v2\/comments?post=97301"}],"version-history":[{"count":1,"href":"https:\/\/www.nettali.com\/rest\/wp\/v2\/posts\/97301\/revisions"}],"predecessor-version":[{"id":97302,"href":"https:\/\/www.nettali.com\/rest\/wp\/v2\/posts\/97301\/revisions\/97302"}],"wp:featuredmedia":[{"embeddable":true,"href":"https:\/\/www.nettali.com\/rest\/wp\/v2\/media\/74793"}],"wp:attachment":[{"href":"https:\/\/www.nettali.com\/rest\/wp\/v2\/media?parent=97301"}],"wp:term":[{"taxonomy":"category","embeddable":true,"href":"https:\/\/www.nettali.com\/rest\/wp\/v2\/categories?post=97301"},{"taxonomy":"post_tag","embeddable":true,"href":"https:\/\/www.nettali.com\/rest\/wp\/v2\/tags?post=97301"}],"curies":[{"name":"wp","href":"https:\/\/api.w.org\/{rel}","templated":true}]}}