{"id":97285,"date":"2022-11-08T20:28:24","date_gmt":"2022-11-08T20:28:24","guid":{"rendered":"https:\/\/www.nettali.com\/?p=97285"},"modified":"2022-11-09T09:56:44","modified_gmt":"2022-11-09T09:56:44","slug":"barthelemy-dias-tire-sur-lex-procureur-serigne-bassirou-gueye-aurait-ete-en-prison-dans-un-pays-normal","status":"publish","type":"post","link":"https:\/\/www.nettali.com\/2022\/11\/08\/barthelemy-dias-tire-sur-lex-procureur-serigne-bassirou-gueye-aurait-ete-en-prison-dans-un-pays-normal\/","title":{"rendered":"BARTHELEMY DIAS TIRE SUR L'EX PROCUREUR - \"Serigne Bassirou Gu\u00e8ye aurait \u00e9t\u00e9 en prison\u00a0dans un pays normal\""},"content":{"rendered":"<p><strong>NETTALI.COM - \u00ab Serigne Bassirou Gu\u00e8ye aurait \u00e9t\u00e9 en prison dans un pays normal \u00a0\u00bb. Les propos sont du maire de Dakar, Barth\u00e9l\u00e9my Dias, qui faisait face \u00e0 la presse. Il a d\u00e9nonc\u00e9 la convocation de la directrice de la Piscine\u00a0 Olympique et exig\u00e9 la lib\u00e9ration imm\u00e9diate du journaliste Pape Al\u00e9 Niang.<\/strong><\/p>\n<p>Lors d\u2019un point de presse du maire de Dakar, ce mardi, le dossier Adji Sarr \/ Ousmane Sonko a \u00e9t\u00e9 encore \u00e9voqu\u00e9. Barth\u00e9l\u00e9my Dias a rappel\u00e9 que l\u2019ancien procureur de la R\u00e9publique, Serigne Bassirou Gu\u00e8ye, a falsifi\u00e9 un proc\u00e8s-verbal et dans un pays normal, dit-il, Serigne Bassirou Gu\u00e8ye serait emprisonn\u00e9. \u00ab\u00a0<em>Quand un procureur de la R\u00e9publique se permet de falsifier un PV, quand un procureur de la R\u00e9publique se permet de dire, \u00e0 la place de la personne, ce que cette derni\u00e8re n'a pas dit, cela signifie que tous les S\u00e9n\u00e9galais sont en danger\u00a0<\/em>\u00bb, a dit Barth.<\/p>\n<p>Par ailleurs, le maire de Dakar alerte l\u2019opinion sur la pr\u00e9sence des nervis \u00e0 Baobab \u00e0 chaque fois qu\u2019un \u00e9v\u00e9nement se passe dans ce pays. Il a dit qu\u2019il n\u2019acceptera plus la pr\u00e9sence des nervis \u00e0 Baobab. \u00ab<em> Le jour de la convocation de Sonko \u00e0 moins de 100 m\u00e8tres de chez moi, il y\u2019avait la pr\u00e9sence d\u2019une centaine de nervis. Pourtant, l\u2019Etat n\u2019a pas vu cela. Mais, je leur dis ici que nous n\u2019accepterons plus la pr\u00e9sence des nervis \u00e0 Baobab. C\u2019est fini<\/em>\u00a0\u00bb, a-t-il lanc\u00e9.<\/p>\n<p><strong>\u00ab\u00a0Il n\u2019y a pas de force sp\u00e9ciale \u00e0 la mairie de Dakar\u00a0\u00bb<\/strong><\/p>\n<p>En outre, Barth\u00e9l\u00e9my Dias a inform\u00e9 que la directrice de la Piscine Olympique a fait l\u2019objet d\u2019une convocation \u00e0 la S\u00fbret\u00e9 urbaine de Dakar. L\u2019\u00e9dile de Dakar a soutenu que l\u2019audition aurait port\u00e9 sur des faits de terrorisme impliquant des personnes qui pratiquent des arts martiaux \u00e0 la piscine olympique. \u00ab <em>Je tiens \u00e0 rappeler avec force que ces pratiques d\u2019arts martiaux constituent une activit\u00e9 ordinaire \u00e0 la piscine \u00e0 l\u2019image de ce qui se fait dans les dojos de quartier<\/em> \u00bb, a-t-il d\u00e9clar\u00e9.<\/p>\n<p>Avant de poursuivre : \u00ab <em>rappelez-vous le triste sort qui a \u00e9t\u00e9 r\u00e9serv\u00e9 \u00e0 notre compatriote, feu Fran\u00e7ois Mancabou, qui a \u00e9t\u00e9 tortur\u00e9 \u00e0 mort dans les locaux de la police. Jusqu\u2019au moment o\u00f9 je vous parle, les coupables n\u2019ont jamais \u00e9t\u00e9 inqui\u00e9t\u00e9s. Nous d\u00e9non\u00e7ons avec vigueur ce banditisme et ce gangst\u00e9risme d\u2019Etat<\/em> \u00bb.<\/p>\n<p><strong>\u00ab\u00a0On exige la lib\u00e9ration imm\u00e9diate de Pape Al\u00e9 Niang\u00a0\u00bb<\/strong><\/p>\n<p>Parlant de l\u2019arrestation du journaliste Pape Al\u00e9 Niang, il a dit que cela s\u2019inscrit \u00e9galement dans cette volont\u00e9 de musellement des citoyens. \u00ab\u00a0<em>Pape All\u00e9 a \u00e9t\u00e9 toujours du c\u00f4t\u00e9 du peuple ! Je lui exprime tout mon soutien, mon affection et l\u2019expression de mes encouragements. Le Peuple S\u00e9n\u00e9galais saura, dans une mobilisation exceptionnelle et une d\u00e9termination sans faille, le soutenir et obtenir sa lib\u00e9ration imm\u00e9diate et sans condition<\/em>\u00a0\u00bb, a-t-il \u00e9crit dans un document remis \u00e0 la presse.<\/p>\n<p><strong>\u00ab\u00a0Le 3e mandat ne passera pas\u00a0\u00bb<\/strong><\/p>\n<p>Enfin, Barth\u00e9l\u00e9my Dias estime que tous les agissements du r\u00e9gime actuel ont pour objectif d\u2019ouvrir la voie \u00e0 Macky Sall pour un 3e mandat. Il a d\u00e9clar\u00e9 : \u00ab <em>Je ne suis pas candidat pour l\u2019\u00e9lection pr\u00e9sidentielle de 2024, mais Macky Sall sait tr\u00e8s bien qu\u2019il ne peut pas faire un 3\u00e8me mandat. Que ses ministres, ses responsables politiques lui balisent le chemin pour qu\u2019il renie sa parole, n\u2019entamera en rien notre engagement et notre volont\u00e9 inoxydable \u00e0 s\u2019opposer \u00e0 ce projet. Que nul n\u2019en ignore<\/em>\u00a0\u00bb.<\/p>\n<div class='share-to-whatsapp-wrapper'><div class='share-on-whsp'>PARTAGER SUR : <\/div><a data-text='BARTHELEMY DIAS TIRE SUR L'EX PROCUREUR - \"Serigne Bassirou Gu\u00e8ye aurait \u00e9t\u00e9 en prison\u00a0dans un pays normal\"' data-link='https:\/\/www.nettali.com\/2022\/11\/08\/barthelemy-dias-tire-sur-lex-procureur-serigne-bassirou-gueye-aurait-ete-en-prison-dans-un-pays-normal\/' class='whatsapp-button whatsapp-share'>WhatsApp<\/a><div class='clear '><\/div><\/div>","protected":false},"excerpt":{"rendered":"<p>NETTALI.COM - \u00ab Serigne Bassirou Gu\u00e8ye aurait \u00e9t\u00e9 en prison dans un pays normal \u00a0\u00bb. Les propos sont du maire de Dakar, Barth\u00e9l\u00e9my Dias, qui faisait face \u00e0 la presse. Il a d\u00e9nonc\u00e9 la convocation de la directrice de la Piscine\u00a0 Olympique et exig\u00e9 la lib\u00e9ration imm\u00e9diate du journaliste Pape Al\u00e9 Niang. Lors d\u2019un point [&hellip;]<\/p>\n","protected":false},"author":6,"featured_media":51548,"comment_status":"open","ping_status":"open","sticky":false,"template":"","format":"standard","meta":{"_et_pb_use_builder":"","_et_pb_old_content":""},"categories":[3],"tags":[],"yoast_head":"<!-- This site is optimized with the Yoast SEO Premium plugin v17.8 (Yoast SEO v17.8) - https:\/\/yoast.com\/wordpress\/plugins\/seo\/ -->\n<title>BARTHELEMY DIAS TIRE SUR L&#039;EX PROCUREUR - &quot;Serigne Bassirou Gu\u00e8ye aurait \u00e9t\u00e9 en prison\u00a0dans un pays normal&quot; | Nettali.com<\/title>\n<meta name=\"robots\" content=\"index, follow, max-snippet:-1, max-image-preview:large, max-video-preview:-1\" \/>\n<link rel=\"canonical\" href=\"https:\/\/www.nettali.com\/2022\/11\/08\/barthelemy-dias-tire-sur-lex-procureur-serigne-bassirou-gueye-aurait-ete-en-prison-dans-un-pays-normal\/\" \/>\n<meta property=\"og:locale\" content=\"fr_FR\" \/>\n<meta property=\"og:type\" content=\"article\" \/>\n<meta property=\"og:title\" content=\"BARTHELEMY DIAS TIRE SUR L&#039;EX PROCUREUR - &quot;Serigne Bassirou Gu\u00e8ye aurait \u00e9t\u00e9 en prison\u00a0dans un pays normal&quot;\" \/>\n<meta property=\"og:description\" content=\"NETTALI.COM - \u00ab Serigne Bassirou Gu\u00e8ye aurait \u00e9t\u00e9 en prison dans un pays normal \u00a0\u00bb. Les propos sont du maire de Dakar, Barth\u00e9l\u00e9my Dias, qui faisait face \u00e0 la presse. Il a d\u00e9nonc\u00e9 la convocation de la directrice de la Piscine\u00a0 Olympique et exig\u00e9 la lib\u00e9ration imm\u00e9diate du journaliste Pape Al\u00e9 Niang. Lors d\u2019un point [&hellip;]\" \/>\n<meta property=\"og:url\" content=\"https:\/\/www.nettali.com\/2022\/11\/08\/barthelemy-dias-tire-sur-lex-procureur-serigne-bassirou-gueye-aurait-ete-en-prison-dans-un-pays-normal\/\" \/>\n<meta property=\"og:site_name\" content=\"Nettali.com\" \/>\n<meta property=\"article:publisher\" content=\"https:\/\/www.facebook.com\/nettalicom\" \/>\n<meta property=\"article:published_time\" content=\"2022-11-08T20:28:24+00:00\" \/>\n<meta property=\"article:modified_time\" content=\"2022-11-09T09:56:44+00:00\" \/>\n<meta property=\"og:image\" content=\"https:\/\/www.nettali.com\/wp-content\/uploads\/2020\/11\/barthelemy.jpg\" \/>\n\t<meta property=\"og:image:width\" content=\"840\" \/>\n\t<meta property=\"og:image:height\" content=\"701\" \/>\n<meta name=\"twitter:card\" content=\"summary_large_image\" \/>\n<meta name=\"twitter:label1\" content=\"\u00c9crit par\" \/>\n\t<meta name=\"twitter:data1\" content=\"Fatou\" \/>\n\t<meta name=\"twitter:label2\" content=\"Dur\u00e9e de lecture estim\u00e9e\" \/>\n\t<meta name=\"twitter:data2\" content=\"3 minutes\" \/>\n<script type=\"application\/ld+json\" class=\"yoast-schema-graph\">{\"@context\":\"https:\/\/schema.org\",\"@graph\":[{\"@type\":\"WebSite\",\"@id\":\"https:\/\/www.nettali.com\/#website\",\"url\":\"https:\/\/www.nettali.com\/\",\"name\":\"Nettali.com\",\"description\":\"Le rendez-vous critique du Net\",\"potentialAction\":[{\"@type\":\"SearchAction\",\"target\":{\"@type\":\"EntryPoint\",\"urlTemplate\":\"https:\/\/www.nettali.com\/?s={search_term_string}\"},\"query-input\":\"required name=search_term_string\"}],\"inLanguage\":\"fr-FR\"},{\"@type\":\"ImageObject\",\"@id\":\"https:\/\/www.nettali.com\/2022\/11\/08\/barthelemy-dias-tire-sur-lex-procureur-serigne-bassirou-gueye-aurait-ete-en-prison-dans-un-pays-normal\/#primaryimage\",\"inLanguage\":\"fr-FR\",\"url\":\"https:\/\/www.nettali.com\/wp-content\/uploads\/2020\/11\/barthelemy.jpg\",\"contentUrl\":\"https:\/\/www.nettali.com\/wp-content\/uploads\/2020\/11\/barthelemy.jpg\",\"width\":840,\"height\":701},{\"@type\":\"WebPage\",\"@id\":\"https:\/\/www.nettali.com\/2022\/11\/08\/barthelemy-dias-tire-sur-lex-procureur-serigne-bassirou-gueye-aurait-ete-en-prison-dans-un-pays-normal\/#webpage\",\"url\":\"https:\/\/www.nettali.com\/2022\/11\/08\/barthelemy-dias-tire-sur-lex-procureur-serigne-bassirou-gueye-aurait-ete-en-prison-dans-un-pays-normal\/\",\"name\":\"BARTHELEMY DIAS TIRE SUR L'EX PROCUREUR - \\\"Serigne Bassirou Gu\\u00e8ye aurait \\u00e9t\\u00e9 en prison\\u00a0dans un pays normal\\\" | Nettali.com\",\"isPartOf\":{\"@id\":\"https:\/\/www.nettali.com\/#website\"},\"primaryImageOfPage\":{\"@id\":\"https:\/\/www.nettali.com\/2022\/11\/08\/barthelemy-dias-tire-sur-lex-procureur-serigne-bassirou-gueye-aurait-ete-en-prison-dans-un-pays-normal\/#primaryimage\"},\"datePublished\":\"2022-11-08T20:28:24+00:00\",\"dateModified\":\"2022-11-09T09:56:44+00:00\",\"author\":{\"@id\":\"https:\/\/www.nettali.com\/#\/schema\/person\/418274a86bdf87caff7a3ef476bd0bbf\"},\"breadcrumb\":{\"@id\":\"https:\/\/www.nettali.com\/2022\/11\/08\/barthelemy-dias-tire-sur-lex-procureur-serigne-bassirou-gueye-aurait-ete-en-prison-dans-un-pays-normal\/#breadcrumb\"},\"inLanguage\":\"fr-FR\",\"potentialAction\":[{\"@type\":\"ReadAction\",\"target\":[\"https:\/\/www.nettali.com\/2022\/11\/08\/barthelemy-dias-tire-sur-lex-procureur-serigne-bassirou-gueye-aurait-ete-en-prison-dans-un-pays-normal\/\"]}]},{\"@type\":\"BreadcrumbList\",\"@id\":\"https:\/\/www.nettali.com\/2022\/11\/08\/barthelemy-dias-tire-sur-lex-procureur-serigne-bassirou-gueye-aurait-ete-en-prison-dans-un-pays-normal\/#breadcrumb\",\"itemListElement\":[{\"@type\":\"ListItem\",\"position\":1,\"name\":\"Accueil\",\"item\":\"https:\/\/www.nettali.com\/\"},{\"@type\":\"ListItem\",\"position\":2,\"name\":\"BARTHELEMY DIAS TIRE SUR L'EX PROCUREUR - \\\"Serigne Bassirou Gu\\u00e8ye aurait \\u00e9t\\u00e9 en prison\\u00a0dans un pays normal\\\"\"}]},{\"@type\":\"Person\",\"@id\":\"https:\/\/www.nettali.com\/#\/schema\/person\/418274a86bdf87caff7a3ef476bd0bbf\",\"name\":\"Fatou\",\"image\":{\"@type\":\"ImageObject\",\"@id\":\"https:\/\/www.nettali.com\/#personlogo\",\"inLanguage\":\"fr-FR\",\"url\":\"https:\/\/secure.gravatar.com\/avatar\/5a9442a2bee7b4dcf167cab035858e9a?s=96&d=mm&r=g\",\"contentUrl\":\"https:\/\/secure.gravatar.com\/avatar\/5a9442a2bee7b4dcf167cab035858e9a?s=96&d=mm&r=g\",\"caption\":\"Fatou\"},\"sameAs\":[\"https:\/\/www.nettali.com\"]}]}<\/script>\n<!-- \/ Yoast SEO Premium plugin. -->","yoast_head_json":{"title":"BARTHELEMY DIAS TIRE SUR L'EX PROCUREUR - \"Serigne Bassirou Gu\u00e8ye aurait \u00e9t\u00e9 en prison\u00a0dans un pays normal\" | Nettali.com","robots":{"index":"index","follow":"follow","max-snippet":"max-snippet:-1","max-image-preview":"max-image-preview:large","max-video-preview":"max-video-preview:-1"},"canonical":"https:\/\/www.nettali.com\/2022\/11\/08\/barthelemy-dias-tire-sur-lex-procureur-serigne-bassirou-gueye-aurait-ete-en-prison-dans-un-pays-normal\/","og_locale":"fr_FR","og_type":"article","og_title":"BARTHELEMY DIAS TIRE SUR L'EX PROCUREUR - \"Serigne Bassirou Gu\u00e8ye aurait \u00e9t\u00e9 en prison\u00a0dans un pays normal\"","og_description":"NETTALI.COM - \u00ab Serigne Bassirou Gu\u00e8ye aurait \u00e9t\u00e9 en prison dans un pays normal \u00a0\u00bb. Les propos sont du maire de Dakar, Barth\u00e9l\u00e9my Dias, qui faisait face \u00e0 la presse. Il a d\u00e9nonc\u00e9 la convocation de la directrice de la Piscine\u00a0 Olympique et exig\u00e9 la lib\u00e9ration imm\u00e9diate du journaliste Pape Al\u00e9 Niang. Lors d\u2019un point [&hellip;]","og_url":"https:\/\/www.nettali.com\/2022\/11\/08\/barthelemy-dias-tire-sur-lex-procureur-serigne-bassirou-gueye-aurait-ete-en-prison-dans-un-pays-normal\/","og_site_name":"Nettali.com","article_publisher":"https:\/\/www.facebook.com\/nettalicom","article_published_time":"2022-11-08T20:28:24+00:00","article_modified_time":"2022-11-09T09:56:44+00:00","og_image":[{"width":840,"height":701,"url":"https:\/\/www.nettali.com\/wp-content\/uploads\/2020\/11\/barthelemy.jpg","type":"image\/jpeg"}],"twitter_card":"summary_large_image","twitter_misc":{"\u00c9crit par":"Fatou","Dur\u00e9e de lecture estim\u00e9e":"3 minutes"},"schema":{"@context":"https:\/\/schema.org","@graph":[{"@type":"WebSite","@id":"https:\/\/www.nettali.com\/#website","url":"https:\/\/www.nettali.com\/","name":"Nettali.com","description":"Le rendez-vous critique du Net","potentialAction":[{"@type":"SearchAction","target":{"@type":"EntryPoint","urlTemplate":"https:\/\/www.nettali.com\/?s={search_term_string}"},"query-input":"required name=search_term_string"}],"inLanguage":"fr-FR"},{"@type":"ImageObject","@id":"https:\/\/www.nettali.com\/2022\/11\/08\/barthelemy-dias-tire-sur-lex-procureur-serigne-bassirou-gueye-aurait-ete-en-prison-dans-un-pays-normal\/#primaryimage","inLanguage":"fr-FR","url":"https:\/\/www.nettali.com\/wp-content\/uploads\/2020\/11\/barthelemy.jpg","contentUrl":"https:\/\/www.nettali.com\/wp-content\/uploads\/2020\/11\/barthelemy.jpg","width":840,"height":701},{"@type":"WebPage","@id":"https:\/\/www.nettali.com\/2022\/11\/08\/barthelemy-dias-tire-sur-lex-procureur-serigne-bassirou-gueye-aurait-ete-en-prison-dans-un-pays-normal\/#webpage","url":"https:\/\/www.nettali.com\/2022\/11\/08\/barthelemy-dias-tire-sur-lex-procureur-serigne-bassirou-gueye-aurait-ete-en-prison-dans-un-pays-normal\/","name":"BARTHELEMY DIAS TIRE SUR L'EX PROCUREUR - \"Serigne Bassirou Gu\u00e8ye aurait \u00e9t\u00e9 en prison\u00a0dans un pays normal\" | Nettali.com","isPartOf":{"@id":"https:\/\/www.nettali.com\/#website"},"primaryImageOfPage":{"@id":"https:\/\/www.nettali.com\/2022\/11\/08\/barthelemy-dias-tire-sur-lex-procureur-serigne-bassirou-gueye-aurait-ete-en-prison-dans-un-pays-normal\/#primaryimage"},"datePublished":"2022-11-08T20:28:24+00:00","dateModified":"2022-11-09T09:56:44+00:00","author":{"@id":"https:\/\/www.nettali.com\/#\/schema\/person\/418274a86bdf87caff7a3ef476bd0bbf"},"breadcrumb":{"@id":"https:\/\/www.nettali.com\/2022\/11\/08\/barthelemy-dias-tire-sur-lex-procureur-serigne-bassirou-gueye-aurait-ete-en-prison-dans-un-pays-normal\/#breadcrumb"},"inLanguage":"fr-FR","potentialAction":[{"@type":"ReadAction","target":["https:\/\/www.nettali.com\/2022\/11\/08\/barthelemy-dias-tire-sur-lex-procureur-serigne-bassirou-gueye-aurait-ete-en-prison-dans-un-pays-normal\/"]}]},{"@type":"BreadcrumbList","@id":"https:\/\/www.nettali.com\/2022\/11\/08\/barthelemy-dias-tire-sur-lex-procureur-serigne-bassirou-gueye-aurait-ete-en-prison-dans-un-pays-normal\/#breadcrumb","itemListElement":[{"@type":"ListItem","position":1,"name":"Accueil","item":"https:\/\/www.nettali.com\/"},{"@type":"ListItem","position":2,"name":"BARTHELEMY DIAS TIRE SUR L'EX PROCUREUR - \"Serigne Bassirou Gu\u00e8ye aurait \u00e9t\u00e9 en prison\u00a0dans un pays normal\""}]},{"@type":"Person","@id":"https:\/\/www.nettali.com\/#\/schema\/person\/418274a86bdf87caff7a3ef476bd0bbf","name":"Fatou","image":{"@type":"ImageObject","@id":"https:\/\/www.nettali.com\/#personlogo","inLanguage":"fr-FR","url":"https:\/\/secure.gravatar.com\/avatar\/5a9442a2bee7b4dcf167cab035858e9a?s=96&d=mm&r=g","contentUrl":"https:\/\/secure.gravatar.com\/avatar\/5a9442a2bee7b4dcf167cab035858e9a?s=96&d=mm&r=g","caption":"Fatou"},"sameAs":["https:\/\/www.nettali.com"]}]}},"_links":{"self":[{"href":"https:\/\/www.nettali.com\/rest\/wp\/v2\/posts\/97285"}],"collection":[{"href":"https:\/\/www.nettali.com\/rest\/wp\/v2\/posts"}],"about":[{"href":"https:\/\/www.nettali.com\/rest\/wp\/v2\/types\/post"}],"author":[{"embeddable":true,"href":"https:\/\/www.nettali.com\/rest\/wp\/v2\/users\/6"}],"replies":[{"embeddable":true,"href":"https:\/\/www.nettali.com\/rest\/wp\/v2\/comments?post=97285"}],"version-history":[{"count":6,"href":"https:\/\/www.nettali.com\/rest\/wp\/v2\/posts\/97285\/revisions"}],"predecessor-version":[{"id":97310,"href":"https:\/\/www.nettali.com\/rest\/wp\/v2\/posts\/97285\/revisions\/97310"}],"wp:featuredmedia":[{"embeddable":true,"href":"https:\/\/www.nettali.com\/rest\/wp\/v2\/media\/51548"}],"wp:attachment":[{"href":"https:\/\/www.nettali.com\/rest\/wp\/v2\/media?parent=97285"}],"wp:term":[{"taxonomy":"category","embeddable":true,"href":"https:\/\/www.nettali.com\/rest\/wp\/v2\/categories?post=97285"},{"taxonomy":"post_tag","embeddable":true,"href":"https:\/\/www.nettali.com\/rest\/wp\/v2\/tags?post=97285"}],"curies":[{"name":"wp","href":"https:\/\/api.w.org\/{rel}","templated":true}]}}