{"id":97261,"date":"2022-11-08T08:10:15","date_gmt":"2022-11-08T08:10:15","guid":{"rendered":"https:\/\/www.nettali.com\/?p=97261"},"modified":"2022-11-08T08:10:29","modified_gmt":"2022-11-08T08:10:29","slug":"politique-la-france-se-dirige-t-elle-vers-une-dissolution-de-lassemblee","status":"publish","type":"post","link":"https:\/\/www.nettali.com\/2022\/11\/08\/politique-la-france-se-dirige-t-elle-vers-une-dissolution-de-lassemblee\/","title":{"rendered":"Politique : la France se dirige-t-elle vers une dissolution de l'Assembl\u00e9e?"},"content":{"rendered":"<p class=\"t-content__chapo\"><strong>NETTALI.COM - Emmanuel Macron pr\u00e9pare-t-il la dissolution de l'Assembl\u00e9e nationale ? Le gouvernement a d\u00e9j\u00e0 \u00e0 plusieurs reprises engag\u00e9 sa responsabilit\u00e9 sur les textes budg\u00e9taires, et les autres r\u00e9formes voulues par le chef de l'\u00c9tat devraient avoir du mal \u00e0 trouver des majorit\u00e9s dans l'h\u00e9micycle. Selon le <em>Journal du dimanche<\/em>, l'\u00c9lys\u00e9e aurait d\u00e9j\u00e0 un plan de bataille en t\u00eate pour repartir aux urnes. Mais cette option est accueillie avec r\u00e9ticence dans le camp pr\u00e9sidentiel.<\/strong><\/p>\n<div class=\"t-content__body u-clearfix\" data-empty-p=\"true\">\n<p>Les boucliers se sont aussit\u00f4t lev\u00e9s. Trois poids lourds du gouvernement ont fait part de leur opposition \u00e0 l'id\u00e9e de dissolution d\u00e8s dimanche.<\/p>\n<p>Tout d'abord le porte-parole Olivier V\u00e9ran, qui estime que \u00ab<em>\u00a0les Fran\u00e7ais ne souhaitent pas<\/em>\u00a0\u00bb\u00a0une dissolution. M\u00eame son de cloche du c\u00f4t\u00e9 du ministre de l'Int\u00e9rieur, G\u00e9rald Darmanin, qui estime que les travaux parlementaires \u00ab\u00a0<em>avancent\u00a0<\/em>\u00bb aussi bien \u00e0 l'Assembl\u00e9e qu'au S\u00e9nat. Quant au ministre de l'Agriculture Marc Fesneau, repr\u00e9sentant au gouvernement de l'influent alli\u00e9 Modem, il juge que les termes d'une dissolution ne sont pas encore r\u00e9unis.<\/p>\n<p>Bref, \u00ab\u00a0<em>c'est compl\u00e8tement con<\/em>\u00a0\u00bb, s'emporte un conseiller aupr\u00e8s de la\u00a0<strong>lettre d'information Politico<\/strong>.<\/p>\n<h2>Une fuite dirig\u00e9e vers le camp pr\u00e9sidentiel<\/h2>\n<p>Le choix de l'\u00c9lys\u00e9e de relancer la th\u00e9matique de la dissolution\u00a0<strong>via l'article du\u00a0<em>JDD<\/em><\/strong>\u00a0peut s'expliquer de plusieurs mani\u00e8res. Premi\u00e8rement, une bataille d'id\u00e9es sur le sujet au sein du camp pr\u00e9sidentiel.<\/p>\n<p>S'il y a en effet des r\u00e9ticences, des proches du chef de l'\u00c9tat militent pour cette option\u00a0: c'est d'ailleurs le nouveau patron du parti pr\u00e9sidentiel Renaissance, St\u00e9phane S\u00e9journ\u00e9,\u00a0qui s'exprime dans les colonnes du\u00a0<em>JDD<\/em>. On est l\u00e0 dans le cercle tr\u00e8s rapproch\u00e9 d'Emmanuel Macron.<\/p>\n<p>L'autre explication, mais qui peut \u00eatre compl\u00e9mentaire, c'est que le chef de l'\u00c9tat\u00a0est m\u00e9content du fonctionnement de sa majorit\u00e9 relative \u00e0 l'Assembl\u00e9e. Le vote de certains amendements par ses alli\u00e9s contre l'avis du gouvernement a fortement agac\u00e9. Et menacer d'une dissolution aux r\u00e9sultats incertains pourrait \u00eatre une mani\u00e8re de discipliner le camp pr\u00e9sidentiel.<\/p>\n<h2>Pression sur la droite<\/h2>\n<p>Mais le chiffon rouge de la dissolution vise aussi les oppositions, et en priorit\u00e9 Les R\u00e9publicains. Le pr\u00e9sident du S\u00e9nat G\u00e9rard Larcher a encore dit ce week-end que le parti LR ne s'emp\u00eacherait\u00a0pas de d\u00e9poser une motion de censure contre le gouvernement.<\/p>\n<p>Or, une motion venue de la droite pourrait raisonnablement r\u00e9unir une majorit\u00e9 pour censurer l'ex\u00e9cutif. Brandir la menace de la dissolution, c'est une arme de dissuasion, car Les R\u00e9publicains risqueraient de faire encore moins bien que les 62\u00a0d\u00e9put\u00e9s sauv\u00e9s en juin dernier.<\/p>\n<p>Mais, note un d\u00e9put\u00e9 communiste, ils pourraient aussi profiter d'une dissolution pour n\u00e9gocier un accord de gouvernement \u00e0 leur avantage, et donc affaiblir davantage l'autorit\u00e9 d'Emmanuel Macron.<\/p>\n<h2>Divisions sur la gauche<\/h2>\n<p>La possibilit\u00e9 d'une dissolution divise en tout cas, \u00e0 gauche. La France insoumise se dit pr\u00eate \u00e0 relever le d\u00e9fi. C\u2019est beaucoup moins vrai chez ses alli\u00e9s\u00a0: dans un sondage publi\u00e9 par le\u00a0<em>JDD<\/em>, la Nupes est en recul, avec 25% d'intentions de vote.<\/p>\n<p>D'o\u00f9 une certaine frilosit\u00e9\u00a0: \u00ab\u00a0<em>Ce n'est pas le moment opportun<\/em> \u00bb, juge un cadre socialiste, alors qu'une dirigeante \u00e9cologiste affirme vouloir se concentrer sur les dossiers politiques en cours plut\u00f4t qu'une hypoth\u00e9tique dissolution.<\/p>\n<p>Tous en tout cas mettent en garde les Insoumis contre des lendemains susceptibles de d\u00e9chanter. \u00ab\u00a0<em>LFI est en recul dans les sondages, et le parti ne pourra pas compter sur la dynamique de la pr\u00e9sidentielle comme la derni\u00e8re fois<\/em>\u00a0\u00bb, avertit un d\u00e9put\u00e9 PS.<\/p>\n<blockquote class=\"quote\"><p>C'est presque plus risqu\u00e9 pour eux que pour nous. D'ailleurs, en cas de nouvel accord \u00e9lectoral, nous serions sans doute en mesure d'exiger davantage de candidats que les 70 que nous avons eu ce printemps.<\/p><\/blockquote>\n<h2>Le p\u00e9ril de l\u2019extr\u00eame droite<\/h2>\n<p>Une chose est s\u00fbre\u00a0: des l\u00e9gislatives anticip\u00e9es peuvent avoir des r\u00e9sultats tr\u00e8s volatils. La participation est g\u00e9n\u00e9ralement moindre que lors des scrutins suivant la pr\u00e9sidentielle.<\/p>\n<p>\u00ab\u00a0<em>On sait o\u00f9 \u00e7a commence, mais on ne sait pas comment \u00e7a atterrit<\/em>\u00a0\u00bb, poursuit le m\u00eame d\u00e9put\u00e9 socialiste, inquiet notamment du risque de renforcement de l'extr\u00eame droite. Le Rassemblement national et Reconqu\u00eate sont en effet les seuls partis en progression dans le sondage publi\u00e9 dimanche\u00a0dans le\u00a0<em>JDD<\/em>, et en cas d'alliance, ils pourraient d\u00e9passer les 89 si\u00e8ges actuellement d\u00e9tenus.<\/p>\n<p>Le parlementaire PS estime aussi que le camp pr\u00e9sidentiel pourrait \u00eatre puni par les \u00e9lecteurs pour n'avoir pas su cr\u00e9er les conditions d'une r\u00e9elle discussion avec les oppositions \u00e0 l'Assembl\u00e9e. Et d'imaginer d\u00e9j\u00e0 Emmanuel Macron totalement d\u00e9savou\u00e9 et pouss\u00e9 \u00e0 la d\u00e9mission en cas d'\u00e9chec de sa dissolution.<\/p>\n<\/div>\n<div class='share-to-whatsapp-wrapper'><div class='share-on-whsp'>PARTAGER SUR : <\/div><a data-text='Politique : la France se dirige-t-elle vers une dissolution de l'Assembl\u00e9e?' data-link='https:\/\/www.nettali.com\/2022\/11\/08\/politique-la-france-se-dirige-t-elle-vers-une-dissolution-de-lassemblee\/' class='whatsapp-button whatsapp-share'>WhatsApp<\/a><div class='clear '><\/div><\/div>","protected":false},"excerpt":{"rendered":"<p>NETTALI.COM - Emmanuel Macron pr\u00e9pare-t-il la dissolution de l'Assembl\u00e9e nationale ? Le gouvernement a d\u00e9j\u00e0 \u00e0 plusieurs reprises engag\u00e9 sa responsabilit\u00e9 sur les textes budg\u00e9taires, et les autres r\u00e9formes voulues par le chef de l'\u00c9tat devraient avoir du mal \u00e0 trouver des majorit\u00e9s dans l'h\u00e9micycle. Selon le Journal du dimanche, l'\u00c9lys\u00e9e aurait d\u00e9j\u00e0 un plan [&hellip;]<\/p>\n","protected":false},"author":4,"featured_media":97262,"comment_status":"open","ping_status":"open","sticky":false,"template":"","format":"standard","meta":{"_et_pb_use_builder":"","_et_pb_old_content":""},"categories":[8],"tags":[],"yoast_head":"<!-- This site is optimized with the Yoast SEO Premium plugin v17.8 (Yoast SEO v17.8) - https:\/\/yoast.com\/wordpress\/plugins\/seo\/ -->\n<title>Politique : la France se dirige-t-elle vers une dissolution de l&#039;Assembl\u00e9e? | Nettali.com<\/title>\n<meta name=\"robots\" content=\"index, follow, max-snippet:-1, max-image-preview:large, max-video-preview:-1\" \/>\n<link rel=\"canonical\" href=\"https:\/\/www.nettali.com\/2022\/11\/08\/politique-la-france-se-dirige-t-elle-vers-une-dissolution-de-lassemblee\/\" \/>\n<meta property=\"og:locale\" content=\"fr_FR\" \/>\n<meta property=\"og:type\" content=\"article\" \/>\n<meta property=\"og:title\" content=\"Politique : la France se dirige-t-elle vers une dissolution de l&#039;Assembl\u00e9e?\" \/>\n<meta property=\"og:description\" content=\"NETTALI.COM - Emmanuel Macron pr\u00e9pare-t-il la dissolution de l&#039;Assembl\u00e9e nationale ? Le gouvernement a d\u00e9j\u00e0 \u00e0 plusieurs reprises engag\u00e9 sa responsabilit\u00e9 sur les textes budg\u00e9taires, et les autres r\u00e9formes voulues par le chef de l&#039;\u00c9tat devraient avoir du mal \u00e0 trouver des majorit\u00e9s dans l&#039;h\u00e9micycle. Selon le Journal du dimanche, l&#039;\u00c9lys\u00e9e aurait d\u00e9j\u00e0 un plan [&hellip;]\" \/>\n<meta property=\"og:url\" content=\"https:\/\/www.nettali.com\/2022\/11\/08\/politique-la-france-se-dirige-t-elle-vers-une-dissolution-de-lassemblee\/\" \/>\n<meta property=\"og:site_name\" content=\"Nettali.com\" \/>\n<meta property=\"article:publisher\" content=\"https:\/\/www.facebook.com\/nettalicom\" \/>\n<meta property=\"article:published_time\" content=\"2022-11-08T08:10:15+00:00\" \/>\n<meta property=\"article:modified_time\" content=\"2022-11-08T08:10:29+00:00\" \/>\n<meta property=\"og:image\" content=\"https:\/\/www.nettali.com\/wp-content\/uploads\/2022\/11\/Capture-de\u0301cran-2022-11-08-a\u0300-08.08.24.png\" \/>\n\t<meta property=\"og:image:width\" content=\"966\" \/>\n\t<meta property=\"og:image:height\" content=\"472\" \/>\n<meta name=\"twitter:card\" content=\"summary_large_image\" \/>\n<meta name=\"twitter:label1\" content=\"\u00c9crit par\" \/>\n\t<meta name=\"twitter:data1\" content=\"Daouda\" \/>\n\t<meta name=\"twitter:label2\" content=\"Dur\u00e9e de lecture estim\u00e9e\" \/>\n\t<meta name=\"twitter:data2\" content=\"4 minutes\" \/>\n<script type=\"application\/ld+json\" class=\"yoast-schema-graph\">{\"@context\":\"https:\/\/schema.org\",\"@graph\":[{\"@type\":\"WebSite\",\"@id\":\"https:\/\/www.nettali.com\/#website\",\"url\":\"https:\/\/www.nettali.com\/\",\"name\":\"Nettali.com\",\"description\":\"Le rendez-vous critique du Net\",\"potentialAction\":[{\"@type\":\"SearchAction\",\"target\":{\"@type\":\"EntryPoint\",\"urlTemplate\":\"https:\/\/www.nettali.com\/?s={search_term_string}\"},\"query-input\":\"required name=search_term_string\"}],\"inLanguage\":\"fr-FR\"},{\"@type\":\"ImageObject\",\"@id\":\"https:\/\/www.nettali.com\/2022\/11\/08\/politique-la-france-se-dirige-t-elle-vers-une-dissolution-de-lassemblee\/#primaryimage\",\"inLanguage\":\"fr-FR\",\"url\":\"https:\/\/www.nettali.com\/wp-content\/uploads\/2022\/11\/Capture-de\\u0301cran-2022-11-08-a\\u0300-08.08.24.png\",\"contentUrl\":\"https:\/\/www.nettali.com\/wp-content\/uploads\/2022\/11\/Capture-de\\u0301cran-2022-11-08-a\\u0300-08.08.24.png\",\"width\":966,\"height\":472},{\"@type\":\"WebPage\",\"@id\":\"https:\/\/www.nettali.com\/2022\/11\/08\/politique-la-france-se-dirige-t-elle-vers-une-dissolution-de-lassemblee\/#webpage\",\"url\":\"https:\/\/www.nettali.com\/2022\/11\/08\/politique-la-france-se-dirige-t-elle-vers-une-dissolution-de-lassemblee\/\",\"name\":\"Politique : la France se dirige-t-elle vers une dissolution de l'Assembl\\u00e9e? | Nettali.com\",\"isPartOf\":{\"@id\":\"https:\/\/www.nettali.com\/#website\"},\"primaryImageOfPage\":{\"@id\":\"https:\/\/www.nettali.com\/2022\/11\/08\/politique-la-france-se-dirige-t-elle-vers-une-dissolution-de-lassemblee\/#primaryimage\"},\"datePublished\":\"2022-11-08T08:10:15+00:00\",\"dateModified\":\"2022-11-08T08:10:29+00:00\",\"author\":{\"@id\":\"https:\/\/www.nettali.com\/#\/schema\/person\/3317e0bb3aa1da309fbf7b2780901bf4\"},\"breadcrumb\":{\"@id\":\"https:\/\/www.nettali.com\/2022\/11\/08\/politique-la-france-se-dirige-t-elle-vers-une-dissolution-de-lassemblee\/#breadcrumb\"},\"inLanguage\":\"fr-FR\",\"potentialAction\":[{\"@type\":\"ReadAction\",\"target\":[\"https:\/\/www.nettali.com\/2022\/11\/08\/politique-la-france-se-dirige-t-elle-vers-une-dissolution-de-lassemblee\/\"]}]},{\"@type\":\"BreadcrumbList\",\"@id\":\"https:\/\/www.nettali.com\/2022\/11\/08\/politique-la-france-se-dirige-t-elle-vers-une-dissolution-de-lassemblee\/#breadcrumb\",\"itemListElement\":[{\"@type\":\"ListItem\",\"position\":1,\"name\":\"Accueil\",\"item\":\"https:\/\/www.nettali.com\/\"},{\"@type\":\"ListItem\",\"position\":2,\"name\":\"Politique : la France se dirige-t-elle vers une dissolution de l'Assembl\\u00e9e?\"}]},{\"@type\":\"Person\",\"@id\":\"https:\/\/www.nettali.com\/#\/schema\/person\/3317e0bb3aa1da309fbf7b2780901bf4\",\"name\":\"Daouda\",\"image\":{\"@type\":\"ImageObject\",\"@id\":\"https:\/\/www.nettali.com\/#personlogo\",\"inLanguage\":\"fr-FR\",\"url\":\"https:\/\/secure.gravatar.com\/avatar\/8d143b5a49345098ddcfee1c49c2f47c?s=96&d=mm&r=g\",\"contentUrl\":\"https:\/\/secure.gravatar.com\/avatar\/8d143b5a49345098ddcfee1c49c2f47c?s=96&d=mm&r=g\",\"caption\":\"Daouda\"},\"sameAs\":[\"https:\/\/www.nettali.com\"]}]}<\/script>\n<!-- \/ Yoast SEO Premium plugin. -->","yoast_head_json":{"title":"Politique : la France se dirige-t-elle vers une dissolution de l'Assembl\u00e9e? | Nettali.com","robots":{"index":"index","follow":"follow","max-snippet":"max-snippet:-1","max-image-preview":"max-image-preview:large","max-video-preview":"max-video-preview:-1"},"canonical":"https:\/\/www.nettali.com\/2022\/11\/08\/politique-la-france-se-dirige-t-elle-vers-une-dissolution-de-lassemblee\/","og_locale":"fr_FR","og_type":"article","og_title":"Politique : la France se dirige-t-elle vers une dissolution de l'Assembl\u00e9e?","og_description":"NETTALI.COM - Emmanuel Macron pr\u00e9pare-t-il la dissolution de l'Assembl\u00e9e nationale ? Le gouvernement a d\u00e9j\u00e0 \u00e0 plusieurs reprises engag\u00e9 sa responsabilit\u00e9 sur les textes budg\u00e9taires, et les autres r\u00e9formes voulues par le chef de l'\u00c9tat devraient avoir du mal \u00e0 trouver des majorit\u00e9s dans l'h\u00e9micycle. Selon le Journal du dimanche, l'\u00c9lys\u00e9e aurait d\u00e9j\u00e0 un plan [&hellip;]","og_url":"https:\/\/www.nettali.com\/2022\/11\/08\/politique-la-france-se-dirige-t-elle-vers-une-dissolution-de-lassemblee\/","og_site_name":"Nettali.com","article_publisher":"https:\/\/www.facebook.com\/nettalicom","article_published_time":"2022-11-08T08:10:15+00:00","article_modified_time":"2022-11-08T08:10:29+00:00","og_image":[{"width":966,"height":472,"url":"https:\/\/www.nettali.com\/wp-content\/uploads\/2022\/11\/Capture-de\u0301cran-2022-11-08-a\u0300-08.08.24.png","type":"image\/png"}],"twitter_card":"summary_large_image","twitter_misc":{"\u00c9crit par":"Daouda","Dur\u00e9e de lecture estim\u00e9e":"4 minutes"},"schema":{"@context":"https:\/\/schema.org","@graph":[{"@type":"WebSite","@id":"https:\/\/www.nettali.com\/#website","url":"https:\/\/www.nettali.com\/","name":"Nettali.com","description":"Le rendez-vous critique du Net","potentialAction":[{"@type":"SearchAction","target":{"@type":"EntryPoint","urlTemplate":"https:\/\/www.nettali.com\/?s={search_term_string}"},"query-input":"required name=search_term_string"}],"inLanguage":"fr-FR"},{"@type":"ImageObject","@id":"https:\/\/www.nettali.com\/2022\/11\/08\/politique-la-france-se-dirige-t-elle-vers-une-dissolution-de-lassemblee\/#primaryimage","inLanguage":"fr-FR","url":"https:\/\/www.nettali.com\/wp-content\/uploads\/2022\/11\/Capture-de\u0301cran-2022-11-08-a\u0300-08.08.24.png","contentUrl":"https:\/\/www.nettali.com\/wp-content\/uploads\/2022\/11\/Capture-de\u0301cran-2022-11-08-a\u0300-08.08.24.png","width":966,"height":472},{"@type":"WebPage","@id":"https:\/\/www.nettali.com\/2022\/11\/08\/politique-la-france-se-dirige-t-elle-vers-une-dissolution-de-lassemblee\/#webpage","url":"https:\/\/www.nettali.com\/2022\/11\/08\/politique-la-france-se-dirige-t-elle-vers-une-dissolution-de-lassemblee\/","name":"Politique : la France se dirige-t-elle vers une dissolution de l'Assembl\u00e9e? | Nettali.com","isPartOf":{"@id":"https:\/\/www.nettali.com\/#website"},"primaryImageOfPage":{"@id":"https:\/\/www.nettali.com\/2022\/11\/08\/politique-la-france-se-dirige-t-elle-vers-une-dissolution-de-lassemblee\/#primaryimage"},"datePublished":"2022-11-08T08:10:15+00:00","dateModified":"2022-11-08T08:10:29+00:00","author":{"@id":"https:\/\/www.nettali.com\/#\/schema\/person\/3317e0bb3aa1da309fbf7b2780901bf4"},"breadcrumb":{"@id":"https:\/\/www.nettali.com\/2022\/11\/08\/politique-la-france-se-dirige-t-elle-vers-une-dissolution-de-lassemblee\/#breadcrumb"},"inLanguage":"fr-FR","potentialAction":[{"@type":"ReadAction","target":["https:\/\/www.nettali.com\/2022\/11\/08\/politique-la-france-se-dirige-t-elle-vers-une-dissolution-de-lassemblee\/"]}]},{"@type":"BreadcrumbList","@id":"https:\/\/www.nettali.com\/2022\/11\/08\/politique-la-france-se-dirige-t-elle-vers-une-dissolution-de-lassemblee\/#breadcrumb","itemListElement":[{"@type":"ListItem","position":1,"name":"Accueil","item":"https:\/\/www.nettali.com\/"},{"@type":"ListItem","position":2,"name":"Politique : la France se dirige-t-elle vers une dissolution de l'Assembl\u00e9e?"}]},{"@type":"Person","@id":"https:\/\/www.nettali.com\/#\/schema\/person\/3317e0bb3aa1da309fbf7b2780901bf4","name":"Daouda","image":{"@type":"ImageObject","@id":"https:\/\/www.nettali.com\/#personlogo","inLanguage":"fr-FR","url":"https:\/\/secure.gravatar.com\/avatar\/8d143b5a49345098ddcfee1c49c2f47c?s=96&d=mm&r=g","contentUrl":"https:\/\/secure.gravatar.com\/avatar\/8d143b5a49345098ddcfee1c49c2f47c?s=96&d=mm&r=g","caption":"Daouda"},"sameAs":["https:\/\/www.nettali.com"]}]}},"_links":{"self":[{"href":"https:\/\/www.nettali.com\/rest\/wp\/v2\/posts\/97261"}],"collection":[{"href":"https:\/\/www.nettali.com\/rest\/wp\/v2\/posts"}],"about":[{"href":"https:\/\/www.nettali.com\/rest\/wp\/v2\/types\/post"}],"author":[{"embeddable":true,"href":"https:\/\/www.nettali.com\/rest\/wp\/v2\/users\/4"}],"replies":[{"embeddable":true,"href":"https:\/\/www.nettali.com\/rest\/wp\/v2\/comments?post=97261"}],"version-history":[{"count":2,"href":"https:\/\/www.nettali.com\/rest\/wp\/v2\/posts\/97261\/revisions"}],"predecessor-version":[{"id":97264,"href":"https:\/\/www.nettali.com\/rest\/wp\/v2\/posts\/97261\/revisions\/97264"}],"wp:featuredmedia":[{"embeddable":true,"href":"https:\/\/www.nettali.com\/rest\/wp\/v2\/media\/97262"}],"wp:attachment":[{"href":"https:\/\/www.nettali.com\/rest\/wp\/v2\/media?parent=97261"}],"wp:term":[{"taxonomy":"category","embeddable":true,"href":"https:\/\/www.nettali.com\/rest\/wp\/v2\/categories?post=97261"},{"taxonomy":"post_tag","embeddable":true,"href":"https:\/\/www.nettali.com\/rest\/wp\/v2\/tags?post=97261"}],"curies":[{"name":"wp","href":"https:\/\/api.w.org\/{rel}","templated":true}]}}