{"id":97216,"date":"2022-11-07T10:42:14","date_gmt":"2022-11-07T10:42:14","guid":{"rendered":"https:\/\/www.nettali.com\/?p=97216"},"modified":"2022-11-07T14:58:58","modified_gmt":"2022-11-07T14:58:58","slug":"justice-edwy-plenel-denonce-larrestation-de-pape-ale-niang","status":"publish","type":"post","link":"https:\/\/www.nettali.com\/2022\/11\/07\/justice-edwy-plenel-denonce-larrestation-de-pape-ale-niang\/","title":{"rendered":"JUSTICE - Edwy Plenel d\u00e9nonce l'arrestation de Pape Al\u00e9 Niang"},"content":{"rendered":"<p><strong>NETTALI.COM - Edwy Plenel, le pr\u00e9sident et co-fondateur du site web d\u2019informations Mediapart apporte son soutien au journaliste s\u00e9n\u00e9galais Pape Al\u00e9 Niang entre les mailles de la justice. Dans un tweet, le journaliste fran\u00e7ais, d\u00e9fend que \"<em>l\u2019arrestation d\u2019un journaliste n\u2019est jamais bon signe<\/em>\".<\/strong><\/p>\n<p>Pour lui, le priver de libert\u00e9 : \"<em>c\u2019est s\u2019en prendre \u00e0 la libert\u00e9 d\u2019enqu\u00eater de la presse dont le devoir est de r\u00e9v\u00e9ler les faits d\u2019int\u00e9r\u00eat public que les pouvoirs cachent \u00e0 leurs concitoyens<\/em>\", a t-il indiqu\u00e9.<\/p>\n<p>Pape Al\u00e9 Niang a \u00e9t\u00e9 conduit \u00e0 la S\u00fbret\u00e9 urbaine, dimanche en d\u00e9but d\u2019apr\u00e8s-midi pour, entre autres, divulgation de documents class\u00e9s secrets d\u00e9fense.<\/p>\n<p>Une conf\u00e9rence de presse est pr\u00e9vue ce lundi \u00e0 12 heures par la Coordination des Associations de Presse (CAP) pour parler de l\u2019affaire.<\/p>\n<div class='share-to-whatsapp-wrapper'><div class='share-on-whsp'>PARTAGER SUR : <\/div><a data-text='JUSTICE - Edwy Plenel d\u00e9nonce l'arrestation de Pape Al\u00e9 Niang' data-link='https:\/\/www.nettali.com\/2022\/11\/07\/justice-edwy-plenel-denonce-larrestation-de-pape-ale-niang\/' class='whatsapp-button whatsapp-share'>WhatsApp<\/a><div class='clear '><\/div><\/div>","protected":false},"excerpt":{"rendered":"<p>NETTALI.COM - Edwy Plenel, le pr\u00e9sident et co-fondateur du site web d\u2019informations Mediapart apporte son soutien au journaliste s\u00e9n\u00e9galais Pape Al\u00e9 Niang entre les mailles de la justice. Dans un tweet, le journaliste fran\u00e7ais, d\u00e9fend que \"l\u2019arrestation d\u2019un journaliste n\u2019est jamais bon signe\". Pour lui, le priver de libert\u00e9 : \"c\u2019est s\u2019en prendre \u00e0 la [&hellip;]<\/p>\n","protected":false},"author":5,"featured_media":97217,"comment_status":"open","ping_status":"open","sticky":false,"template":"","format":"standard","meta":{"_et_pb_use_builder":"","_et_pb_old_content":""},"categories":[8],"tags":[],"yoast_head":"<!-- This site is optimized with the Yoast SEO Premium plugin v17.8 (Yoast SEO v17.8) - https:\/\/yoast.com\/wordpress\/plugins\/seo\/ -->\n<title>JUSTICE - Edwy Plenel d\u00e9nonce l&#039;arrestation de Pape Al\u00e9 Niang | Nettali.com<\/title>\n<meta name=\"robots\" content=\"index, follow, max-snippet:-1, max-image-preview:large, max-video-preview:-1\" \/>\n<link rel=\"canonical\" href=\"https:\/\/www.nettali.com\/2022\/11\/07\/justice-edwy-plenel-denonce-larrestation-de-pape-ale-niang\/\" \/>\n<meta property=\"og:locale\" content=\"fr_FR\" \/>\n<meta property=\"og:type\" content=\"article\" \/>\n<meta property=\"og:title\" content=\"JUSTICE - Edwy Plenel d\u00e9nonce l&#039;arrestation de Pape Al\u00e9 Niang\" \/>\n<meta property=\"og:description\" content=\"NETTALI.COM - Edwy Plenel, le pr\u00e9sident et co-fondateur du site web d\u2019informations Mediapart apporte son soutien au journaliste s\u00e9n\u00e9galais Pape Al\u00e9 Niang entre les mailles de la justice. Dans un tweet, le journaliste fran\u00e7ais, d\u00e9fend que &quot;l\u2019arrestation d\u2019un journaliste n\u2019est jamais bon signe&quot;. Pour lui, le priver de libert\u00e9 : &quot;c\u2019est s\u2019en prendre \u00e0 la [&hellip;]\" \/>\n<meta property=\"og:url\" content=\"https:\/\/www.nettali.com\/2022\/11\/07\/justice-edwy-plenel-denonce-larrestation-de-pape-ale-niang\/\" \/>\n<meta property=\"og:site_name\" content=\"Nettali.com\" \/>\n<meta property=\"article:publisher\" content=\"https:\/\/www.facebook.com\/nettalicom\" \/>\n<meta property=\"article:published_time\" content=\"2022-11-07T10:42:14+00:00\" \/>\n<meta property=\"article:modified_time\" content=\"2022-11-07T14:58:58+00:00\" \/>\n<meta property=\"og:image\" content=\"https:\/\/www.nettali.com\/wp-content\/uploads\/2022\/11\/edwy-plenel.jpg\" \/>\n\t<meta property=\"og:image:width\" content=\"2507\" \/>\n\t<meta property=\"og:image:height\" content=\"1671\" \/>\n<meta name=\"twitter:card\" content=\"summary_large_image\" \/>\n<meta name=\"twitter:label1\" content=\"\u00c9crit par\" \/>\n\t<meta name=\"twitter:data1\" content=\"Ibrahima\" \/>\n\t<meta name=\"twitter:label2\" content=\"Dur\u00e9e de lecture estim\u00e9e\" \/>\n\t<meta name=\"twitter:data2\" content=\"1 minute\" \/>\n<script type=\"application\/ld+json\" class=\"yoast-schema-graph\">{\"@context\":\"https:\/\/schema.org\",\"@graph\":[{\"@type\":\"WebSite\",\"@id\":\"https:\/\/www.nettali.com\/#website\",\"url\":\"https:\/\/www.nettali.com\/\",\"name\":\"Nettali.com\",\"description\":\"Le rendez-vous critique du Net\",\"potentialAction\":[{\"@type\":\"SearchAction\",\"target\":{\"@type\":\"EntryPoint\",\"urlTemplate\":\"https:\/\/www.nettali.com\/?s={search_term_string}\"},\"query-input\":\"required name=search_term_string\"}],\"inLanguage\":\"fr-FR\"},{\"@type\":\"ImageObject\",\"@id\":\"https:\/\/www.nettali.com\/2022\/11\/07\/justice-edwy-plenel-denonce-larrestation-de-pape-ale-niang\/#primaryimage\",\"inLanguage\":\"fr-FR\",\"url\":\"https:\/\/www.nettali.com\/wp-content\/uploads\/2022\/11\/edwy-plenel.jpg\",\"contentUrl\":\"https:\/\/www.nettali.com\/wp-content\/uploads\/2022\/11\/edwy-plenel.jpg\",\"width\":2507,\"height\":1671},{\"@type\":\"WebPage\",\"@id\":\"https:\/\/www.nettali.com\/2022\/11\/07\/justice-edwy-plenel-denonce-larrestation-de-pape-ale-niang\/#webpage\",\"url\":\"https:\/\/www.nettali.com\/2022\/11\/07\/justice-edwy-plenel-denonce-larrestation-de-pape-ale-niang\/\",\"name\":\"JUSTICE - Edwy Plenel d\\u00e9nonce l'arrestation de Pape Al\\u00e9 Niang | Nettali.com\",\"isPartOf\":{\"@id\":\"https:\/\/www.nettali.com\/#website\"},\"primaryImageOfPage\":{\"@id\":\"https:\/\/www.nettali.com\/2022\/11\/07\/justice-edwy-plenel-denonce-larrestation-de-pape-ale-niang\/#primaryimage\"},\"datePublished\":\"2022-11-07T10:42:14+00:00\",\"dateModified\":\"2022-11-07T14:58:58+00:00\",\"author\":{\"@id\":\"https:\/\/www.nettali.com\/#\/schema\/person\/bb147657c2986240405a608162b9bb23\"},\"breadcrumb\":{\"@id\":\"https:\/\/www.nettali.com\/2022\/11\/07\/justice-edwy-plenel-denonce-larrestation-de-pape-ale-niang\/#breadcrumb\"},\"inLanguage\":\"fr-FR\",\"potentialAction\":[{\"@type\":\"ReadAction\",\"target\":[\"https:\/\/www.nettali.com\/2022\/11\/07\/justice-edwy-plenel-denonce-larrestation-de-pape-ale-niang\/\"]}]},{\"@type\":\"BreadcrumbList\",\"@id\":\"https:\/\/www.nettali.com\/2022\/11\/07\/justice-edwy-plenel-denonce-larrestation-de-pape-ale-niang\/#breadcrumb\",\"itemListElement\":[{\"@type\":\"ListItem\",\"position\":1,\"name\":\"Accueil\",\"item\":\"https:\/\/www.nettali.com\/\"},{\"@type\":\"ListItem\",\"position\":2,\"name\":\"JUSTICE - Edwy Plenel d\\u00e9nonce l'arrestation de Pape Al\\u00e9 Niang\"}]},{\"@type\":\"Person\",\"@id\":\"https:\/\/www.nettali.com\/#\/schema\/person\/bb147657c2986240405a608162b9bb23\",\"name\":\"Ibrahima\",\"image\":{\"@type\":\"ImageObject\",\"@id\":\"https:\/\/www.nettali.com\/#personlogo\",\"inLanguage\":\"fr-FR\",\"url\":\"https:\/\/secure.gravatar.com\/avatar\/26a8a81f09f0dd7624c9d5c36c9ba3a2?s=96&d=mm&r=g\",\"contentUrl\":\"https:\/\/secure.gravatar.com\/avatar\/26a8a81f09f0dd7624c9d5c36c9ba3a2?s=96&d=mm&r=g\",\"caption\":\"Ibrahima\"},\"sameAs\":[\"https:\/\/www.nettali.com\"]}]}<\/script>\n<!-- \/ Yoast SEO Premium plugin. -->","yoast_head_json":{"title":"JUSTICE - Edwy Plenel d\u00e9nonce l'arrestation de Pape Al\u00e9 Niang | Nettali.com","robots":{"index":"index","follow":"follow","max-snippet":"max-snippet:-1","max-image-preview":"max-image-preview:large","max-video-preview":"max-video-preview:-1"},"canonical":"https:\/\/www.nettali.com\/2022\/11\/07\/justice-edwy-plenel-denonce-larrestation-de-pape-ale-niang\/","og_locale":"fr_FR","og_type":"article","og_title":"JUSTICE - Edwy Plenel d\u00e9nonce l'arrestation de Pape Al\u00e9 Niang","og_description":"NETTALI.COM - Edwy Plenel, le pr\u00e9sident et co-fondateur du site web d\u2019informations Mediapart apporte son soutien au journaliste s\u00e9n\u00e9galais Pape Al\u00e9 Niang entre les mailles de la justice. Dans un tweet, le journaliste fran\u00e7ais, d\u00e9fend que \"l\u2019arrestation d\u2019un journaliste n\u2019est jamais bon signe\". Pour lui, le priver de libert\u00e9 : \"c\u2019est s\u2019en prendre \u00e0 la [&hellip;]","og_url":"https:\/\/www.nettali.com\/2022\/11\/07\/justice-edwy-plenel-denonce-larrestation-de-pape-ale-niang\/","og_site_name":"Nettali.com","article_publisher":"https:\/\/www.facebook.com\/nettalicom","article_published_time":"2022-11-07T10:42:14+00:00","article_modified_time":"2022-11-07T14:58:58+00:00","og_image":[{"width":2507,"height":1671,"url":"https:\/\/www.nettali.com\/wp-content\/uploads\/2022\/11\/edwy-plenel.jpg","type":"image\/jpeg"}],"twitter_card":"summary_large_image","twitter_misc":{"\u00c9crit par":"Ibrahima","Dur\u00e9e de lecture estim\u00e9e":"1 minute"},"schema":{"@context":"https:\/\/schema.org","@graph":[{"@type":"WebSite","@id":"https:\/\/www.nettali.com\/#website","url":"https:\/\/www.nettali.com\/","name":"Nettali.com","description":"Le rendez-vous critique du Net","potentialAction":[{"@type":"SearchAction","target":{"@type":"EntryPoint","urlTemplate":"https:\/\/www.nettali.com\/?s={search_term_string}"},"query-input":"required name=search_term_string"}],"inLanguage":"fr-FR"},{"@type":"ImageObject","@id":"https:\/\/www.nettali.com\/2022\/11\/07\/justice-edwy-plenel-denonce-larrestation-de-pape-ale-niang\/#primaryimage","inLanguage":"fr-FR","url":"https:\/\/www.nettali.com\/wp-content\/uploads\/2022\/11\/edwy-plenel.jpg","contentUrl":"https:\/\/www.nettali.com\/wp-content\/uploads\/2022\/11\/edwy-plenel.jpg","width":2507,"height":1671},{"@type":"WebPage","@id":"https:\/\/www.nettali.com\/2022\/11\/07\/justice-edwy-plenel-denonce-larrestation-de-pape-ale-niang\/#webpage","url":"https:\/\/www.nettali.com\/2022\/11\/07\/justice-edwy-plenel-denonce-larrestation-de-pape-ale-niang\/","name":"JUSTICE - Edwy Plenel d\u00e9nonce l'arrestation de Pape Al\u00e9 Niang | Nettali.com","isPartOf":{"@id":"https:\/\/www.nettali.com\/#website"},"primaryImageOfPage":{"@id":"https:\/\/www.nettali.com\/2022\/11\/07\/justice-edwy-plenel-denonce-larrestation-de-pape-ale-niang\/#primaryimage"},"datePublished":"2022-11-07T10:42:14+00:00","dateModified":"2022-11-07T14:58:58+00:00","author":{"@id":"https:\/\/www.nettali.com\/#\/schema\/person\/bb147657c2986240405a608162b9bb23"},"breadcrumb":{"@id":"https:\/\/www.nettali.com\/2022\/11\/07\/justice-edwy-plenel-denonce-larrestation-de-pape-ale-niang\/#breadcrumb"},"inLanguage":"fr-FR","potentialAction":[{"@type":"ReadAction","target":["https:\/\/www.nettali.com\/2022\/11\/07\/justice-edwy-plenel-denonce-larrestation-de-pape-ale-niang\/"]}]},{"@type":"BreadcrumbList","@id":"https:\/\/www.nettali.com\/2022\/11\/07\/justice-edwy-plenel-denonce-larrestation-de-pape-ale-niang\/#breadcrumb","itemListElement":[{"@type":"ListItem","position":1,"name":"Accueil","item":"https:\/\/www.nettali.com\/"},{"@type":"ListItem","position":2,"name":"JUSTICE - Edwy Plenel d\u00e9nonce l'arrestation de Pape Al\u00e9 Niang"}]},{"@type":"Person","@id":"https:\/\/www.nettali.com\/#\/schema\/person\/bb147657c2986240405a608162b9bb23","name":"Ibrahima","image":{"@type":"ImageObject","@id":"https:\/\/www.nettali.com\/#personlogo","inLanguage":"fr-FR","url":"https:\/\/secure.gravatar.com\/avatar\/26a8a81f09f0dd7624c9d5c36c9ba3a2?s=96&d=mm&r=g","contentUrl":"https:\/\/secure.gravatar.com\/avatar\/26a8a81f09f0dd7624c9d5c36c9ba3a2?s=96&d=mm&r=g","caption":"Ibrahima"},"sameAs":["https:\/\/www.nettali.com"]}]}},"_links":{"self":[{"href":"https:\/\/www.nettali.com\/rest\/wp\/v2\/posts\/97216"}],"collection":[{"href":"https:\/\/www.nettali.com\/rest\/wp\/v2\/posts"}],"about":[{"href":"https:\/\/www.nettali.com\/rest\/wp\/v2\/types\/post"}],"author":[{"embeddable":true,"href":"https:\/\/www.nettali.com\/rest\/wp\/v2\/users\/5"}],"replies":[{"embeddable":true,"href":"https:\/\/www.nettali.com\/rest\/wp\/v2\/comments?post=97216"}],"version-history":[{"count":2,"href":"https:\/\/www.nettali.com\/rest\/wp\/v2\/posts\/97216\/revisions"}],"predecessor-version":[{"id":97219,"href":"https:\/\/www.nettali.com\/rest\/wp\/v2\/posts\/97216\/revisions\/97219"}],"wp:featuredmedia":[{"embeddable":true,"href":"https:\/\/www.nettali.com\/rest\/wp\/v2\/media\/97217"}],"wp:attachment":[{"href":"https:\/\/www.nettali.com\/rest\/wp\/v2\/media?parent=97216"}],"wp:term":[{"taxonomy":"category","embeddable":true,"href":"https:\/\/www.nettali.com\/rest\/wp\/v2\/categories?post=97216"},{"taxonomy":"post_tag","embeddable":true,"href":"https:\/\/www.nettali.com\/rest\/wp\/v2\/tags?post=97216"}],"curies":[{"name":"wp","href":"https:\/\/api.w.org\/{rel}","templated":true}]}}