{"id":97175,"date":"2022-11-06T20:12:12","date_gmt":"2022-11-06T20:12:12","guid":{"rendered":"https:\/\/www.nettali.com\/?p=97175"},"modified":"2022-11-07T15:51:32","modified_gmt":"2022-11-07T15:51:32","slug":"justice-ce-que-le-procureur-reproche-a-pape-ale-niang","status":"publish","type":"post","link":"https:\/\/www.nettali.com\/2022\/11\/06\/justice-ce-que-le-procureur-reproche-a-pape-ale-niang\/","title":{"rendered":"JUSTICE  - Ce que le procureur reproche \u00e0 Pape Al\u00e9 Niang"},"content":{"rendered":"<p><strong>NETTALI.COM\u00a0 - Pape Al\u00e9 Niang a \u00e9t\u00e9 interpell\u00e9 ce dimanche\u00a0 6 novembre par la S\u00fbret\u00e9 urbaine, sur ordre du procureur. Ce dernier reproche au journaliste d'avoir notamment mis sur la place publique, le rapport interne de la gendarmerie sur l'affaire Sonko-Adji Sarr.<\/strong><\/p>\n<p>Au moment o\u00f9 ces lignes sont \u00e9crites, Pape Al\u00e9 Niang est entre les mains des \u00e9l\u00e9ments de la S\u00fbret\u00e9 urbaine. Le journaliste chroniqueur a \u00e9t\u00e9 interpell\u00e9 ce dimanche autour de 15\u00a0 heures sur ordre du procureur de la R\u00e9publique. Pour l'heure, peu d'informations sont donn\u00e9es sur les motifs de cette arrestation. Toutefois, diff\u00e9rentes sources indiquent que l'interpellation du journaliste du site d'informations <em>Dakarmatin,<\/em> est li\u00e9e aux informations livr\u00e9es quelques heures apr\u00e8s l'audition d'Ousmane Sonko dans l'affaire Ousmane Sonko-Adji Sarr.<\/p>\n<p>En effet, quelques heures apr\u00e8s l'audition d'Ousmane Sonko par le doyen des juges, Pape Al\u00e9 Niang a, dans un live, relat\u00e9 les d\u00e9tails d'un rapport interne de la gendarmerie sur l'affaire Sweet beauty. Un rapport brandi par le leader de Pastef lors de son face-\u00e0-face avec le juge d'instruction Maham Diallo. Un document dans lequel sont cit\u00e9es de hautes personnalit\u00e9s dont le patron de la gendarmerie nationale, G\u00e9n\u00e9ral Moussa Fall, mais aussi l'ancien procureur Serigne Bassirou Gueye ou encore Mamadou Mamour Diallo, nomm\u00e9 r\u00e9cemment directeur g\u00e9n\u00e9ral de l'Office national de l'assainissement du S\u00e9n\u00e9gal (Onas). Suffisant pour que le procureur veuille poursuivre Pape Al\u00e9 Niang pour \"<em>recel et diffusion de documents administratifs estampill\u00e9s secret<\/em>\", mais aussi \"<em>propagation de fausses nouvelles<\/em>\".<\/p>\n<p>Pis, le journaliste pourrait aussi \u00eatre poursuivi pour \"<em>appel \u00e0 la subversion<\/em>\".<\/p>\n<p>Selon son avocat Me Cl\u00e9dor Cir\u00e9 Ly, il est poursuivi pour \"publication de documents militaires sans autorisation de la hi\u00e9rarchie de nature \u00e0 nuire \u00e0 la d\u00e9fense nationale\" .<\/p>\n<div class='share-to-whatsapp-wrapper'><div class='share-on-whsp'>PARTAGER SUR : <\/div><a data-text='JUSTICE  - Ce que le procureur reproche \u00e0 Pape Al\u00e9 Niang' data-link='https:\/\/www.nettali.com\/2022\/11\/06\/justice-ce-que-le-procureur-reproche-a-pape-ale-niang\/' class='whatsapp-button whatsapp-share'>WhatsApp<\/a><div class='clear '><\/div><\/div>","protected":false},"excerpt":{"rendered":"<p>NETTALI.COM\u00a0 - Pape Al\u00e9 Niang a \u00e9t\u00e9 interpell\u00e9 ce dimanche\u00a0 6 novembre par la S\u00fbret\u00e9 urbaine, sur ordre du procureur. Ce dernier reproche au journaliste d'avoir notamment mis sur la place publique, le rapport interne de la gendarmerie sur l'affaire Sonko-Adji Sarr. Au moment o\u00f9 ces lignes sont \u00e9crites, Pape Al\u00e9 Niang est entre les [&hellip;]<\/p>\n","protected":false},"author":3,"featured_media":97177,"comment_status":"open","ping_status":"open","sticky":false,"template":"","format":"standard","meta":{"_et_pb_use_builder":"","_et_pb_old_content":""},"categories":[3],"tags":[],"yoast_head":"<!-- This site is optimized with the Yoast SEO Premium plugin v17.8 (Yoast SEO v17.8) - https:\/\/yoast.com\/wordpress\/plugins\/seo\/ -->\n<title>JUSTICE - Ce que le procureur reproche \u00e0 Pape Al\u00e9 Niang | Nettali.com<\/title>\n<meta name=\"robots\" content=\"index, follow, max-snippet:-1, max-image-preview:large, max-video-preview:-1\" \/>\n<link rel=\"canonical\" href=\"https:\/\/www.nettali.com\/2022\/11\/06\/justice-ce-que-le-procureur-reproche-a-pape-ale-niang\/\" \/>\n<meta property=\"og:locale\" content=\"fr_FR\" \/>\n<meta property=\"og:type\" content=\"article\" \/>\n<meta property=\"og:title\" content=\"JUSTICE - Ce que le procureur reproche \u00e0 Pape Al\u00e9 Niang\" \/>\n<meta property=\"og:description\" content=\"NETTALI.COM\u00a0 - Pape Al\u00e9 Niang a \u00e9t\u00e9 interpell\u00e9 ce dimanche\u00a0 6 novembre par la S\u00fbret\u00e9 urbaine, sur ordre du procureur. Ce dernier reproche au journaliste d&#039;avoir notamment mis sur la place publique, le rapport interne de la gendarmerie sur l&#039;affaire Sonko-Adji Sarr. Au moment o\u00f9 ces lignes sont \u00e9crites, Pape Al\u00e9 Niang est entre les [&hellip;]\" \/>\n<meta property=\"og:url\" content=\"https:\/\/www.nettali.com\/2022\/11\/06\/justice-ce-que-le-procureur-reproche-a-pape-ale-niang\/\" \/>\n<meta property=\"og:site_name\" content=\"Nettali.com\" \/>\n<meta property=\"article:publisher\" content=\"https:\/\/www.facebook.com\/nettalicom\" \/>\n<meta property=\"article:published_time\" content=\"2022-11-06T20:12:12+00:00\" \/>\n<meta property=\"article:modified_time\" content=\"2022-11-07T15:51:32+00:00\" \/>\n<meta property=\"og:image\" content=\"https:\/\/www.nettali.com\/wp-content\/uploads\/2022\/11\/paale\u0301-350x250-1.png\" \/>\n\t<meta property=\"og:image:width\" content=\"350\" \/>\n\t<meta property=\"og:image:height\" content=\"250\" \/>\n<meta name=\"twitter:card\" content=\"summary_large_image\" \/>\n<meta name=\"twitter:label1\" content=\"\u00c9crit par\" \/>\n\t<meta name=\"twitter:data1\" content=\"Moustapha\" \/>\n\t<meta name=\"twitter:label2\" content=\"Dur\u00e9e de lecture estim\u00e9e\" \/>\n\t<meta name=\"twitter:data2\" content=\"2 minutes\" \/>\n<script type=\"application\/ld+json\" class=\"yoast-schema-graph\">{\"@context\":\"https:\/\/schema.org\",\"@graph\":[{\"@type\":\"WebSite\",\"@id\":\"https:\/\/www.nettali.com\/#website\",\"url\":\"https:\/\/www.nettali.com\/\",\"name\":\"Nettali.com\",\"description\":\"Le rendez-vous critique du Net\",\"potentialAction\":[{\"@type\":\"SearchAction\",\"target\":{\"@type\":\"EntryPoint\",\"urlTemplate\":\"https:\/\/www.nettali.com\/?s={search_term_string}\"},\"query-input\":\"required name=search_term_string\"}],\"inLanguage\":\"fr-FR\"},{\"@type\":\"ImageObject\",\"@id\":\"https:\/\/www.nettali.com\/2022\/11\/06\/justice-ce-que-le-procureur-reproche-a-pape-ale-niang\/#primaryimage\",\"inLanguage\":\"fr-FR\",\"url\":\"https:\/\/www.nettali.com\/wp-content\/uploads\/2022\/11\/paale\\u0301-350x250-1.png\",\"contentUrl\":\"https:\/\/www.nettali.com\/wp-content\/uploads\/2022\/11\/paale\\u0301-350x250-1.png\",\"width\":350,\"height\":250},{\"@type\":\"WebPage\",\"@id\":\"https:\/\/www.nettali.com\/2022\/11\/06\/justice-ce-que-le-procureur-reproche-a-pape-ale-niang\/#webpage\",\"url\":\"https:\/\/www.nettali.com\/2022\/11\/06\/justice-ce-que-le-procureur-reproche-a-pape-ale-niang\/\",\"name\":\"JUSTICE - Ce que le procureur reproche \\u00e0 Pape Al\\u00e9 Niang | Nettali.com\",\"isPartOf\":{\"@id\":\"https:\/\/www.nettali.com\/#website\"},\"primaryImageOfPage\":{\"@id\":\"https:\/\/www.nettali.com\/2022\/11\/06\/justice-ce-que-le-procureur-reproche-a-pape-ale-niang\/#primaryimage\"},\"datePublished\":\"2022-11-06T20:12:12+00:00\",\"dateModified\":\"2022-11-07T15:51:32+00:00\",\"author\":{\"@id\":\"https:\/\/www.nettali.com\/#\/schema\/person\/7962a12a6e0267f88f0ffa544c36469a\"},\"breadcrumb\":{\"@id\":\"https:\/\/www.nettali.com\/2022\/11\/06\/justice-ce-que-le-procureur-reproche-a-pape-ale-niang\/#breadcrumb\"},\"inLanguage\":\"fr-FR\",\"potentialAction\":[{\"@type\":\"ReadAction\",\"target\":[\"https:\/\/www.nettali.com\/2022\/11\/06\/justice-ce-que-le-procureur-reproche-a-pape-ale-niang\/\"]}]},{\"@type\":\"BreadcrumbList\",\"@id\":\"https:\/\/www.nettali.com\/2022\/11\/06\/justice-ce-que-le-procureur-reproche-a-pape-ale-niang\/#breadcrumb\",\"itemListElement\":[{\"@type\":\"ListItem\",\"position\":1,\"name\":\"Accueil\",\"item\":\"https:\/\/www.nettali.com\/\"},{\"@type\":\"ListItem\",\"position\":2,\"name\":\"JUSTICE - Ce que le procureur reproche \\u00e0 Pape Al\\u00e9 Niang\"}]},{\"@type\":\"Person\",\"@id\":\"https:\/\/www.nettali.com\/#\/schema\/person\/7962a12a6e0267f88f0ffa544c36469a\",\"name\":\"Moustapha\",\"image\":{\"@type\":\"ImageObject\",\"@id\":\"https:\/\/www.nettali.com\/#personlogo\",\"inLanguage\":\"fr-FR\",\"url\":\"https:\/\/secure.gravatar.com\/avatar\/10fdf6a071cccdcf374e3dbe45159590?s=96&d=mm&r=g\",\"contentUrl\":\"https:\/\/secure.gravatar.com\/avatar\/10fdf6a071cccdcf374e3dbe45159590?s=96&d=mm&r=g\",\"caption\":\"Moustapha\"},\"sameAs\":[\"https:\/\/www.nettali.com\"]}]}<\/script>\n<!-- \/ Yoast SEO Premium plugin. -->","yoast_head_json":{"title":"JUSTICE - Ce que le procureur reproche \u00e0 Pape Al\u00e9 Niang | Nettali.com","robots":{"index":"index","follow":"follow","max-snippet":"max-snippet:-1","max-image-preview":"max-image-preview:large","max-video-preview":"max-video-preview:-1"},"canonical":"https:\/\/www.nettali.com\/2022\/11\/06\/justice-ce-que-le-procureur-reproche-a-pape-ale-niang\/","og_locale":"fr_FR","og_type":"article","og_title":"JUSTICE - Ce que le procureur reproche \u00e0 Pape Al\u00e9 Niang","og_description":"NETTALI.COM\u00a0 - Pape Al\u00e9 Niang a \u00e9t\u00e9 interpell\u00e9 ce dimanche\u00a0 6 novembre par la S\u00fbret\u00e9 urbaine, sur ordre du procureur. Ce dernier reproche au journaliste d'avoir notamment mis sur la place publique, le rapport interne de la gendarmerie sur l'affaire Sonko-Adji Sarr. Au moment o\u00f9 ces lignes sont \u00e9crites, Pape Al\u00e9 Niang est entre les [&hellip;]","og_url":"https:\/\/www.nettali.com\/2022\/11\/06\/justice-ce-que-le-procureur-reproche-a-pape-ale-niang\/","og_site_name":"Nettali.com","article_publisher":"https:\/\/www.facebook.com\/nettalicom","article_published_time":"2022-11-06T20:12:12+00:00","article_modified_time":"2022-11-07T15:51:32+00:00","og_image":[{"width":350,"height":250,"url":"https:\/\/www.nettali.com\/wp-content\/uploads\/2022\/11\/paale\u0301-350x250-1.png","type":"image\/png"}],"twitter_card":"summary_large_image","twitter_misc":{"\u00c9crit par":"Moustapha","Dur\u00e9e de lecture estim\u00e9e":"2 minutes"},"schema":{"@context":"https:\/\/schema.org","@graph":[{"@type":"WebSite","@id":"https:\/\/www.nettali.com\/#website","url":"https:\/\/www.nettali.com\/","name":"Nettali.com","description":"Le rendez-vous critique du Net","potentialAction":[{"@type":"SearchAction","target":{"@type":"EntryPoint","urlTemplate":"https:\/\/www.nettali.com\/?s={search_term_string}"},"query-input":"required name=search_term_string"}],"inLanguage":"fr-FR"},{"@type":"ImageObject","@id":"https:\/\/www.nettali.com\/2022\/11\/06\/justice-ce-que-le-procureur-reproche-a-pape-ale-niang\/#primaryimage","inLanguage":"fr-FR","url":"https:\/\/www.nettali.com\/wp-content\/uploads\/2022\/11\/paale\u0301-350x250-1.png","contentUrl":"https:\/\/www.nettali.com\/wp-content\/uploads\/2022\/11\/paale\u0301-350x250-1.png","width":350,"height":250},{"@type":"WebPage","@id":"https:\/\/www.nettali.com\/2022\/11\/06\/justice-ce-que-le-procureur-reproche-a-pape-ale-niang\/#webpage","url":"https:\/\/www.nettali.com\/2022\/11\/06\/justice-ce-que-le-procureur-reproche-a-pape-ale-niang\/","name":"JUSTICE - Ce que le procureur reproche \u00e0 Pape Al\u00e9 Niang | Nettali.com","isPartOf":{"@id":"https:\/\/www.nettali.com\/#website"},"primaryImageOfPage":{"@id":"https:\/\/www.nettali.com\/2022\/11\/06\/justice-ce-que-le-procureur-reproche-a-pape-ale-niang\/#primaryimage"},"datePublished":"2022-11-06T20:12:12+00:00","dateModified":"2022-11-07T15:51:32+00:00","author":{"@id":"https:\/\/www.nettali.com\/#\/schema\/person\/7962a12a6e0267f88f0ffa544c36469a"},"breadcrumb":{"@id":"https:\/\/www.nettali.com\/2022\/11\/06\/justice-ce-que-le-procureur-reproche-a-pape-ale-niang\/#breadcrumb"},"inLanguage":"fr-FR","potentialAction":[{"@type":"ReadAction","target":["https:\/\/www.nettali.com\/2022\/11\/06\/justice-ce-que-le-procureur-reproche-a-pape-ale-niang\/"]}]},{"@type":"BreadcrumbList","@id":"https:\/\/www.nettali.com\/2022\/11\/06\/justice-ce-que-le-procureur-reproche-a-pape-ale-niang\/#breadcrumb","itemListElement":[{"@type":"ListItem","position":1,"name":"Accueil","item":"https:\/\/www.nettali.com\/"},{"@type":"ListItem","position":2,"name":"JUSTICE - Ce que le procureur reproche \u00e0 Pape Al\u00e9 Niang"}]},{"@type":"Person","@id":"https:\/\/www.nettali.com\/#\/schema\/person\/7962a12a6e0267f88f0ffa544c36469a","name":"Moustapha","image":{"@type":"ImageObject","@id":"https:\/\/www.nettali.com\/#personlogo","inLanguage":"fr-FR","url":"https:\/\/secure.gravatar.com\/avatar\/10fdf6a071cccdcf374e3dbe45159590?s=96&d=mm&r=g","contentUrl":"https:\/\/secure.gravatar.com\/avatar\/10fdf6a071cccdcf374e3dbe45159590?s=96&d=mm&r=g","caption":"Moustapha"},"sameAs":["https:\/\/www.nettali.com"]}]}},"_links":{"self":[{"href":"https:\/\/www.nettali.com\/rest\/wp\/v2\/posts\/97175"}],"collection":[{"href":"https:\/\/www.nettali.com\/rest\/wp\/v2\/posts"}],"about":[{"href":"https:\/\/www.nettali.com\/rest\/wp\/v2\/types\/post"}],"author":[{"embeddable":true,"href":"https:\/\/www.nettali.com\/rest\/wp\/v2\/users\/3"}],"replies":[{"embeddable":true,"href":"https:\/\/www.nettali.com\/rest\/wp\/v2\/comments?post=97175"}],"version-history":[{"count":6,"href":"https:\/\/www.nettali.com\/rest\/wp\/v2\/posts\/97175\/revisions"}],"predecessor-version":[{"id":97196,"href":"https:\/\/www.nettali.com\/rest\/wp\/v2\/posts\/97175\/revisions\/97196"}],"wp:featuredmedia":[{"embeddable":true,"href":"https:\/\/www.nettali.com\/rest\/wp\/v2\/media\/97177"}],"wp:attachment":[{"href":"https:\/\/www.nettali.com\/rest\/wp\/v2\/media?parent=97175"}],"wp:term":[{"taxonomy":"category","embeddable":true,"href":"https:\/\/www.nettali.com\/rest\/wp\/v2\/categories?post=97175"},{"taxonomy":"post_tag","embeddable":true,"href":"https:\/\/www.nettali.com\/rest\/wp\/v2\/tags?post=97175"}],"curies":[{"name":"wp","href":"https:\/\/api.w.org\/{rel}","templated":true}]}}