{"id":97072,"date":"2022-11-04T10:01:08","date_gmt":"2022-11-04T10:01:08","guid":{"rendered":"https:\/\/www.nettali.com\/?p=97072"},"modified":"2022-11-04T10:01:08","modified_gmt":"2022-11-04T10:01:08","slug":"mali-6-personnes-mis-aux-arrets-pour-propos-et-actes-blasphematoires","status":"publish","type":"post","link":"https:\/\/www.nettali.com\/2022\/11\/04\/mali-6-personnes-mis-aux-arrets-pour-propos-et-actes-blasphematoires\/","title":{"rendered":"MALI - 6 personnes mis aux arr\u00eats pour \"propos et actes blasph\u00e9matoires\""},"content":{"rendered":"<p><strong>NETTALI.COM - Six personnes, dont un \u00e9crivain, ont \u00e9t\u00e9 plac\u00e9es jeudi en d\u00e9tention provisoire au Mali pour <em>\"d\u00e9lit \u00e0 caract\u00e8re religieux pouvant causer des troubles \u00e0 l\u2019ordre public\"<\/em> apr\u00e8s que le ministre des Affaires religieuses a accus\u00e9 un homme de \"propos et actes blasph\u00e9matoires\", a indiqu\u00e9 \u00e0 l'AFP le parquet de Bamako.<\/strong><\/p>\n<p><em>\"Depuis quelques jours, une vid\u00e9o pr\u00e9sentant un homme tenant des propos d\u00e9sobligeants \u00e0 l'\u00e9gard de la communaut\u00e9 des fid\u00e8les musulmans et se livrant \u00e0 des agissements injurieux contre le coran, le proph\u00e8te Mohamed et l'islam circule sur les r\u00e9seaux sociaux\"<\/em>, a expliqu\u00e9 le procureur g\u00e9n\u00e9ral dans un communiqu\u00e9.<\/p>\n<p><em>\"Ces propos et agissements sont constitutifs de manifestations contraires \u00e0 la libert\u00e9 de conscience et de culte susceptibles de dresser les citoyens les uns contre les autres\"<\/em>, a-t-il poursuivi.<\/p>\n<p>Une enqu\u00eate a \u00e9t\u00e9 ouverte lundi et l'homme qui a tenu les propos incrimin\u00e9s est toujours en fuite. Les six plac\u00e9s sous mandat de d\u00e9p\u00f4t jeudi sont accus\u00e9s de complicit\u00e9, notamment pour avoir refus\u00e9 de dire aux autorit\u00e9s o\u00f9 se cachait l'individu, a indiqu\u00e9 \u00e0 l'AFP une source du parquet.<\/p>\n<p>L'affaire a fait grand bruit au Mali, pays musulman \u00e0 pr\u00e8s de 95%, o\u00f9 le droit de blasph\u00e9mer n'existe pas.<\/p>\n<p>Le haut conseil islamique du Mali, regroupant des associations et leaders religieux, a appel\u00e9 \u00e0 ce que l'auteur de cet acte soit \"tu\u00e9\", selon les textes de l'islam.<\/p>\n<p>Il a appel\u00e9 \u00e0 une manifestation vendredi apr\u00e8s-midi, apr\u00e8s la grande pri\u00e8re.<\/p>\n<p>Selon le procureur du tribunal de la commune 4 de Bamako, Idrissa Tour\u00e9, les six personnes arr\u00eat\u00e9es appartiennent au mouvement des kamites, consid\u00e9r\u00e9 comme une secte qui ne reconna\u00eet pas Allah et les proph\u00e8tes.<\/p>\n<p>A leur t\u00eate se trouverait selon lui l'\u00e9crivain Doumbi Fakoly, qui a pris publiquement position pour d\u00e9fendre l'auteur de la vid\u00e9o, et qui est l'un des six plac\u00e9s sous mandat de d\u00e9p\u00f4t jeudi.<\/p>\n<p>La plainte \u00e0 leur encontre a \u00e9t\u00e9 d\u00e9pos\u00e9e par l\u2019influent imam Ch\u00e9rif Ousmane Madani Haidara, pr\u00e9sident du haut conseil islamique du Mali.<\/p>\n<div class='share-to-whatsapp-wrapper'><div class='share-on-whsp'>PARTAGER SUR : <\/div><a data-text='MALI - 6 personnes mis aux arr\u00eats pour \"propos et actes blasph\u00e9matoires\"' data-link='https:\/\/www.nettali.com\/2022\/11\/04\/mali-6-personnes-mis-aux-arrets-pour-propos-et-actes-blasphematoires\/' class='whatsapp-button whatsapp-share'>WhatsApp<\/a><div class='clear '><\/div><\/div>","protected":false},"excerpt":{"rendered":"<p>NETTALI.COM - Six personnes, dont un \u00e9crivain, ont \u00e9t\u00e9 plac\u00e9es jeudi en d\u00e9tention provisoire au Mali pour \"d\u00e9lit \u00e0 caract\u00e8re religieux pouvant causer des troubles \u00e0 l\u2019ordre public\" apr\u00e8s que le ministre des Affaires religieuses a accus\u00e9 un homme de \"propos et actes blasph\u00e9matoires\", a indiqu\u00e9 \u00e0 l'AFP le parquet de Bamako. \"Depuis quelques jours, [&hellip;]<\/p>\n","protected":false},"author":4,"featured_media":90247,"comment_status":"open","ping_status":"open","sticky":false,"template":"","format":"standard","meta":{"_et_pb_use_builder":"","_et_pb_old_content":""},"categories":[3],"tags":[],"yoast_head":"<!-- This site is optimized with the Yoast SEO Premium plugin v17.8 (Yoast SEO v17.8) - https:\/\/yoast.com\/wordpress\/plugins\/seo\/ -->\n<title>MALI - 6 personnes mis aux arr\u00eats pour &quot;propos et actes blasph\u00e9matoires&quot; | Nettali.com<\/title>\n<meta name=\"robots\" content=\"index, follow, max-snippet:-1, max-image-preview:large, max-video-preview:-1\" \/>\n<link rel=\"canonical\" href=\"https:\/\/www.nettali.com\/2022\/11\/04\/mali-6-personnes-mis-aux-arrets-pour-propos-et-actes-blasphematoires\/\" \/>\n<meta property=\"og:locale\" content=\"fr_FR\" \/>\n<meta property=\"og:type\" content=\"article\" \/>\n<meta property=\"og:title\" content=\"MALI - 6 personnes mis aux arr\u00eats pour &quot;propos et actes blasph\u00e9matoires&quot;\" \/>\n<meta property=\"og:description\" content=\"NETTALI.COM - Six personnes, dont un \u00e9crivain, ont \u00e9t\u00e9 plac\u00e9es jeudi en d\u00e9tention provisoire au Mali pour &quot;d\u00e9lit \u00e0 caract\u00e8re religieux pouvant causer des troubles \u00e0 l\u2019ordre public&quot; apr\u00e8s que le ministre des Affaires religieuses a accus\u00e9 un homme de &quot;propos et actes blasph\u00e9matoires&quot;, a indiqu\u00e9 \u00e0 l&#039;AFP le parquet de Bamako. &quot;Depuis quelques jours, [&hellip;]\" \/>\n<meta property=\"og:url\" content=\"https:\/\/www.nettali.com\/2022\/11\/04\/mali-6-personnes-mis-aux-arrets-pour-propos-et-actes-blasphematoires\/\" \/>\n<meta property=\"og:site_name\" content=\"Nettali.com\" \/>\n<meta property=\"article:publisher\" content=\"https:\/\/www.facebook.com\/nettalicom\" \/>\n<meta property=\"article:published_time\" content=\"2022-11-04T10:01:08+00:00\" \/>\n<meta property=\"og:image\" content=\"https:\/\/www.nettali.com\/wp-content\/uploads\/2022\/07\/attaque-mali.png\" \/>\n\t<meta property=\"og:image:width\" content=\"977\" \/>\n\t<meta property=\"og:image:height\" content=\"548\" \/>\n<meta name=\"twitter:card\" content=\"summary_large_image\" \/>\n<meta name=\"twitter:label1\" content=\"\u00c9crit par\" \/>\n\t<meta name=\"twitter:data1\" content=\"Daouda\" \/>\n\t<meta name=\"twitter:label2\" content=\"Dur\u00e9e de lecture estim\u00e9e\" \/>\n\t<meta name=\"twitter:data2\" content=\"2 minutes\" \/>\n<script type=\"application\/ld+json\" class=\"yoast-schema-graph\">{\"@context\":\"https:\/\/schema.org\",\"@graph\":[{\"@type\":\"WebSite\",\"@id\":\"https:\/\/www.nettali.com\/#website\",\"url\":\"https:\/\/www.nettali.com\/\",\"name\":\"Nettali.com\",\"description\":\"Le rendez-vous critique du Net\",\"potentialAction\":[{\"@type\":\"SearchAction\",\"target\":{\"@type\":\"EntryPoint\",\"urlTemplate\":\"https:\/\/www.nettali.com\/?s={search_term_string}\"},\"query-input\":\"required name=search_term_string\"}],\"inLanguage\":\"fr-FR\"},{\"@type\":\"ImageObject\",\"@id\":\"https:\/\/www.nettali.com\/2022\/11\/04\/mali-6-personnes-mis-aux-arrets-pour-propos-et-actes-blasphematoires\/#primaryimage\",\"inLanguage\":\"fr-FR\",\"url\":\"https:\/\/www.nettali.com\/wp-content\/uploads\/2022\/07\/attaque-mali.png\",\"contentUrl\":\"https:\/\/www.nettali.com\/wp-content\/uploads\/2022\/07\/attaque-mali.png\",\"width\":977,\"height\":548},{\"@type\":\"WebPage\",\"@id\":\"https:\/\/www.nettali.com\/2022\/11\/04\/mali-6-personnes-mis-aux-arrets-pour-propos-et-actes-blasphematoires\/#webpage\",\"url\":\"https:\/\/www.nettali.com\/2022\/11\/04\/mali-6-personnes-mis-aux-arrets-pour-propos-et-actes-blasphematoires\/\",\"name\":\"MALI - 6 personnes mis aux arr\\u00eats pour \\\"propos et actes blasph\\u00e9matoires\\\" | Nettali.com\",\"isPartOf\":{\"@id\":\"https:\/\/www.nettali.com\/#website\"},\"primaryImageOfPage\":{\"@id\":\"https:\/\/www.nettali.com\/2022\/11\/04\/mali-6-personnes-mis-aux-arrets-pour-propos-et-actes-blasphematoires\/#primaryimage\"},\"datePublished\":\"2022-11-04T10:01:08+00:00\",\"dateModified\":\"2022-11-04T10:01:08+00:00\",\"author\":{\"@id\":\"https:\/\/www.nettali.com\/#\/schema\/person\/3317e0bb3aa1da309fbf7b2780901bf4\"},\"breadcrumb\":{\"@id\":\"https:\/\/www.nettali.com\/2022\/11\/04\/mali-6-personnes-mis-aux-arrets-pour-propos-et-actes-blasphematoires\/#breadcrumb\"},\"inLanguage\":\"fr-FR\",\"potentialAction\":[{\"@type\":\"ReadAction\",\"target\":[\"https:\/\/www.nettali.com\/2022\/11\/04\/mali-6-personnes-mis-aux-arrets-pour-propos-et-actes-blasphematoires\/\"]}]},{\"@type\":\"BreadcrumbList\",\"@id\":\"https:\/\/www.nettali.com\/2022\/11\/04\/mali-6-personnes-mis-aux-arrets-pour-propos-et-actes-blasphematoires\/#breadcrumb\",\"itemListElement\":[{\"@type\":\"ListItem\",\"position\":1,\"name\":\"Accueil\",\"item\":\"https:\/\/www.nettali.com\/\"},{\"@type\":\"ListItem\",\"position\":2,\"name\":\"MALI - 6 personnes mis aux arr\\u00eats pour \\\"propos et actes blasph\\u00e9matoires\\\"\"}]},{\"@type\":\"Person\",\"@id\":\"https:\/\/www.nettali.com\/#\/schema\/person\/3317e0bb3aa1da309fbf7b2780901bf4\",\"name\":\"Daouda\",\"image\":{\"@type\":\"ImageObject\",\"@id\":\"https:\/\/www.nettali.com\/#personlogo\",\"inLanguage\":\"fr-FR\",\"url\":\"https:\/\/secure.gravatar.com\/avatar\/8d143b5a49345098ddcfee1c49c2f47c?s=96&d=mm&r=g\",\"contentUrl\":\"https:\/\/secure.gravatar.com\/avatar\/8d143b5a49345098ddcfee1c49c2f47c?s=96&d=mm&r=g\",\"caption\":\"Daouda\"},\"sameAs\":[\"https:\/\/www.nettali.com\"]}]}<\/script>\n<!-- \/ Yoast SEO Premium plugin. -->","yoast_head_json":{"title":"MALI - 6 personnes mis aux arr\u00eats pour \"propos et actes blasph\u00e9matoires\" | Nettali.com","robots":{"index":"index","follow":"follow","max-snippet":"max-snippet:-1","max-image-preview":"max-image-preview:large","max-video-preview":"max-video-preview:-1"},"canonical":"https:\/\/www.nettali.com\/2022\/11\/04\/mali-6-personnes-mis-aux-arrets-pour-propos-et-actes-blasphematoires\/","og_locale":"fr_FR","og_type":"article","og_title":"MALI - 6 personnes mis aux arr\u00eats pour \"propos et actes blasph\u00e9matoires\"","og_description":"NETTALI.COM - Six personnes, dont un \u00e9crivain, ont \u00e9t\u00e9 plac\u00e9es jeudi en d\u00e9tention provisoire au Mali pour \"d\u00e9lit \u00e0 caract\u00e8re religieux pouvant causer des troubles \u00e0 l\u2019ordre public\" apr\u00e8s que le ministre des Affaires religieuses a accus\u00e9 un homme de \"propos et actes blasph\u00e9matoires\", a indiqu\u00e9 \u00e0 l'AFP le parquet de Bamako. \"Depuis quelques jours, [&hellip;]","og_url":"https:\/\/www.nettali.com\/2022\/11\/04\/mali-6-personnes-mis-aux-arrets-pour-propos-et-actes-blasphematoires\/","og_site_name":"Nettali.com","article_publisher":"https:\/\/www.facebook.com\/nettalicom","article_published_time":"2022-11-04T10:01:08+00:00","og_image":[{"width":977,"height":548,"url":"https:\/\/www.nettali.com\/wp-content\/uploads\/2022\/07\/attaque-mali.png","type":"image\/png"}],"twitter_card":"summary_large_image","twitter_misc":{"\u00c9crit par":"Daouda","Dur\u00e9e de lecture estim\u00e9e":"2 minutes"},"schema":{"@context":"https:\/\/schema.org","@graph":[{"@type":"WebSite","@id":"https:\/\/www.nettali.com\/#website","url":"https:\/\/www.nettali.com\/","name":"Nettali.com","description":"Le rendez-vous critique du Net","potentialAction":[{"@type":"SearchAction","target":{"@type":"EntryPoint","urlTemplate":"https:\/\/www.nettali.com\/?s={search_term_string}"},"query-input":"required name=search_term_string"}],"inLanguage":"fr-FR"},{"@type":"ImageObject","@id":"https:\/\/www.nettali.com\/2022\/11\/04\/mali-6-personnes-mis-aux-arrets-pour-propos-et-actes-blasphematoires\/#primaryimage","inLanguage":"fr-FR","url":"https:\/\/www.nettali.com\/wp-content\/uploads\/2022\/07\/attaque-mali.png","contentUrl":"https:\/\/www.nettali.com\/wp-content\/uploads\/2022\/07\/attaque-mali.png","width":977,"height":548},{"@type":"WebPage","@id":"https:\/\/www.nettali.com\/2022\/11\/04\/mali-6-personnes-mis-aux-arrets-pour-propos-et-actes-blasphematoires\/#webpage","url":"https:\/\/www.nettali.com\/2022\/11\/04\/mali-6-personnes-mis-aux-arrets-pour-propos-et-actes-blasphematoires\/","name":"MALI - 6 personnes mis aux arr\u00eats pour \"propos et actes blasph\u00e9matoires\" | Nettali.com","isPartOf":{"@id":"https:\/\/www.nettali.com\/#website"},"primaryImageOfPage":{"@id":"https:\/\/www.nettali.com\/2022\/11\/04\/mali-6-personnes-mis-aux-arrets-pour-propos-et-actes-blasphematoires\/#primaryimage"},"datePublished":"2022-11-04T10:01:08+00:00","dateModified":"2022-11-04T10:01:08+00:00","author":{"@id":"https:\/\/www.nettali.com\/#\/schema\/person\/3317e0bb3aa1da309fbf7b2780901bf4"},"breadcrumb":{"@id":"https:\/\/www.nettali.com\/2022\/11\/04\/mali-6-personnes-mis-aux-arrets-pour-propos-et-actes-blasphematoires\/#breadcrumb"},"inLanguage":"fr-FR","potentialAction":[{"@type":"ReadAction","target":["https:\/\/www.nettali.com\/2022\/11\/04\/mali-6-personnes-mis-aux-arrets-pour-propos-et-actes-blasphematoires\/"]}]},{"@type":"BreadcrumbList","@id":"https:\/\/www.nettali.com\/2022\/11\/04\/mali-6-personnes-mis-aux-arrets-pour-propos-et-actes-blasphematoires\/#breadcrumb","itemListElement":[{"@type":"ListItem","position":1,"name":"Accueil","item":"https:\/\/www.nettali.com\/"},{"@type":"ListItem","position":2,"name":"MALI - 6 personnes mis aux arr\u00eats pour \"propos et actes blasph\u00e9matoires\""}]},{"@type":"Person","@id":"https:\/\/www.nettali.com\/#\/schema\/person\/3317e0bb3aa1da309fbf7b2780901bf4","name":"Daouda","image":{"@type":"ImageObject","@id":"https:\/\/www.nettali.com\/#personlogo","inLanguage":"fr-FR","url":"https:\/\/secure.gravatar.com\/avatar\/8d143b5a49345098ddcfee1c49c2f47c?s=96&d=mm&r=g","contentUrl":"https:\/\/secure.gravatar.com\/avatar\/8d143b5a49345098ddcfee1c49c2f47c?s=96&d=mm&r=g","caption":"Daouda"},"sameAs":["https:\/\/www.nettali.com"]}]}},"_links":{"self":[{"href":"https:\/\/www.nettali.com\/rest\/wp\/v2\/posts\/97072"}],"collection":[{"href":"https:\/\/www.nettali.com\/rest\/wp\/v2\/posts"}],"about":[{"href":"https:\/\/www.nettali.com\/rest\/wp\/v2\/types\/post"}],"author":[{"embeddable":true,"href":"https:\/\/www.nettali.com\/rest\/wp\/v2\/users\/4"}],"replies":[{"embeddable":true,"href":"https:\/\/www.nettali.com\/rest\/wp\/v2\/comments?post=97072"}],"version-history":[{"count":1,"href":"https:\/\/www.nettali.com\/rest\/wp\/v2\/posts\/97072\/revisions"}],"predecessor-version":[{"id":97073,"href":"https:\/\/www.nettali.com\/rest\/wp\/v2\/posts\/97072\/revisions\/97073"}],"wp:featuredmedia":[{"embeddable":true,"href":"https:\/\/www.nettali.com\/rest\/wp\/v2\/media\/90247"}],"wp:attachment":[{"href":"https:\/\/www.nettali.com\/rest\/wp\/v2\/media?parent=97072"}],"wp:term":[{"taxonomy":"category","embeddable":true,"href":"https:\/\/www.nettali.com\/rest\/wp\/v2\/categories?post=97072"},{"taxonomy":"post_tag","embeddable":true,"href":"https:\/\/www.nettali.com\/rest\/wp\/v2\/tags?post=97072"}],"curies":[{"name":"wp","href":"https:\/\/api.w.org\/{rel}","templated":true}]}}