{"id":97026,"date":"2022-11-03T17:24:20","date_gmt":"2022-11-03T17:24:20","guid":{"rendered":"https:\/\/www.nettali.com\/?p=97026"},"modified":"2022-11-04T07:39:00","modified_gmt":"2022-11-04T07:39:00","slug":"arrestation-de-gardes-du-corps-de-sonko-les-explications-du-procureur-de-mbour","status":"publish","type":"post","link":"https:\/\/www.nettali.com\/2022\/11\/03\/arrestation-de-gardes-du-corps-de-sonko-les-explications-du-procureur-de-mbour\/","title":{"rendered":"ARRESTATION DE GARDES DU CORPS DE SONKO- Les explications du Procureur de Mbour"},"content":{"rendered":"<p><strong>NETTALI.COM- Apr\u00e8s la menace brandie par Ousmane Sonko pour d\u00e9noncer l'arrestation de ses gardes du corps,\u00a0 le Procureur de Mbour est sorti pour faire des pr\u00e9cisions.\u00a0<\/strong><\/p>\n<p>Suite \u00e0 l\u2019arrestation ce jeudi 3 novembre 2022, de trois de ses gardes du corps cit\u00e9s dans les \u00e9v\u00e8nements de Tchiky, apr\u00e8s les affrontements entre sa garde rapproch\u00e9e et des populations qui scandaient \"Adji Sarr\", Ousmane Sonko a fait dans la menace. \u00a0\u00ab<em>La gendarmerie de Macky Sall et Moussa Fall a attendu que je sois dans le bureau du Doyen des juges avec mes avocats pour kidnapper tous les \u00e9l\u00e9ments de ma s\u00e9curit\u00e9 et les conduire \u00e0 Mbour, me laissant sans protection. Cette \u00e9ni\u00e8me forfaiture ne passera pas\u00a0\u00bb<\/em>, menace-t-il.<\/p>\n<p>La r\u00e9action du Procureur de Mbour n\u2019a pas tard\u00e9. Dans un communiqu\u00e9, il justifie les arrestations. A l\u2019en croire, suite \u00e0 ces \u00e9v\u00e8nements le 30 octobre 2022, \u00ab<em> trois victimes se sont pr\u00e9sent\u00e9es \u00e0 l\u2019unit\u00e9 d\u2019enqu\u00eate avec un certificat m\u00e9dical constatant des blessures ayant entrain\u00e9 une incapacit\u00e9 totale de travail pendant 21 jours pour les deux, et un autre de 45 jours<\/em>\u00a0\u00bb D\u2019apr\u00e8s toujours le ma\u00eetre des poursuites, d\u2019autres personnes ont aussi d\u00e9pos\u00e9 une plainte pour destruction\u00a0 de leurs biens.<\/p>\n<p>\u00ab <em>Au regard de l\u2019extr\u00eame gravit\u00e9 des faits d\u00e9nonc\u00e9s, une enqu\u00eate a \u00e9t\u00e9 imm\u00e9diatement ouverte et les r\u00e9sultats obtenus ont conduit \u00e0 l\u2019arrestation de personnes formellement identifi\u00e9es comme \u00e9tant les auteurs d\u2019actes de violences ayant occasionn\u00e9 des blessures graves \u00e0 des personnes et de destructions de biens d\u2019autrui<\/em> \u00bb, explique le Procureur.<\/p>\n<div class='share-to-whatsapp-wrapper'><div class='share-on-whsp'>PARTAGER SUR : <\/div><a data-text='ARRESTATION DE GARDES DU CORPS DE SONKO- Les explications du Procureur de Mbour' data-link='https:\/\/www.nettali.com\/2022\/11\/03\/arrestation-de-gardes-du-corps-de-sonko-les-explications-du-procureur-de-mbour\/' class='whatsapp-button whatsapp-share'>WhatsApp<\/a><div class='clear '><\/div><\/div>","protected":false},"excerpt":{"rendered":"<p>NETTALI.COM- Apr\u00e8s la menace brandie par Ousmane Sonko pour d\u00e9noncer l'arrestation de ses gardes du corps,\u00a0 le Procureur de Mbour est sorti pour faire des pr\u00e9cisions.\u00a0 Suite \u00e0 l\u2019arrestation ce jeudi 3 novembre 2022, de trois de ses gardes du corps cit\u00e9s dans les \u00e9v\u00e8nements de Tchiky, apr\u00e8s les affrontements entre sa garde rapproch\u00e9e et [&hellip;]<\/p>\n","protected":false},"author":6,"featured_media":97035,"comment_status":"open","ping_status":"open","sticky":false,"template":"","format":"standard","meta":{"_et_pb_use_builder":"","_et_pb_old_content":""},"categories":[3],"tags":[],"yoast_head":"<!-- This site is optimized with the Yoast SEO Premium plugin v17.8 (Yoast SEO v17.8) - https:\/\/yoast.com\/wordpress\/plugins\/seo\/ -->\n<title>ARRESTATION DE GARDES DU CORPS DE SONKO- Les explications du Procureur de Mbour | Nettali.com<\/title>\n<meta name=\"robots\" content=\"index, follow, max-snippet:-1, max-image-preview:large, max-video-preview:-1\" \/>\n<link rel=\"canonical\" href=\"https:\/\/www.nettali.com\/2022\/11\/03\/arrestation-de-gardes-du-corps-de-sonko-les-explications-du-procureur-de-mbour\/\" \/>\n<meta property=\"og:locale\" content=\"fr_FR\" \/>\n<meta property=\"og:type\" content=\"article\" \/>\n<meta property=\"og:title\" content=\"ARRESTATION DE GARDES DU CORPS DE SONKO- Les explications du Procureur de Mbour\" \/>\n<meta property=\"og:description\" content=\"NETTALI.COM- Apr\u00e8s la menace brandie par Ousmane Sonko pour d\u00e9noncer l&#039;arrestation de ses gardes du corps,\u00a0 le Procureur de Mbour est sorti pour faire des pr\u00e9cisions.\u00a0 Suite \u00e0 l\u2019arrestation ce jeudi 3 novembre 2022, de trois de ses gardes du corps cit\u00e9s dans les \u00e9v\u00e8nements de Tchiky, apr\u00e8s les affrontements entre sa garde rapproch\u00e9e et [&hellip;]\" \/>\n<meta property=\"og:url\" content=\"https:\/\/www.nettali.com\/2022\/11\/03\/arrestation-de-gardes-du-corps-de-sonko-les-explications-du-procureur-de-mbour\/\" \/>\n<meta property=\"og:site_name\" content=\"Nettali.com\" \/>\n<meta property=\"article:publisher\" content=\"https:\/\/www.facebook.com\/nettalicom\" \/>\n<meta property=\"article:published_time\" content=\"2022-11-03T17:24:20+00:00\" \/>\n<meta property=\"article:modified_time\" content=\"2022-11-04T07:39:00+00:00\" \/>\n<meta property=\"og:image\" content=\"https:\/\/www.nettali.com\/wp-content\/uploads\/2022\/11\/securite\u0301-Sonko.png\" \/>\n\t<meta property=\"og:image:width\" content=\"612\" \/>\n\t<meta property=\"og:image:height\" content=\"298\" \/>\n<meta name=\"twitter:card\" content=\"summary_large_image\" \/>\n<meta name=\"twitter:label1\" content=\"\u00c9crit par\" \/>\n\t<meta name=\"twitter:data1\" content=\"Fatou\" \/>\n\t<meta name=\"twitter:label2\" content=\"Dur\u00e9e de lecture estim\u00e9e\" \/>\n\t<meta name=\"twitter:data2\" content=\"2 minutes\" \/>\n<script type=\"application\/ld+json\" class=\"yoast-schema-graph\">{\"@context\":\"https:\/\/schema.org\",\"@graph\":[{\"@type\":\"WebSite\",\"@id\":\"https:\/\/www.nettali.com\/#website\",\"url\":\"https:\/\/www.nettali.com\/\",\"name\":\"Nettali.com\",\"description\":\"Le rendez-vous critique du Net\",\"potentialAction\":[{\"@type\":\"SearchAction\",\"target\":{\"@type\":\"EntryPoint\",\"urlTemplate\":\"https:\/\/www.nettali.com\/?s={search_term_string}\"},\"query-input\":\"required name=search_term_string\"}],\"inLanguage\":\"fr-FR\"},{\"@type\":\"ImageObject\",\"@id\":\"https:\/\/www.nettali.com\/2022\/11\/03\/arrestation-de-gardes-du-corps-de-sonko-les-explications-du-procureur-de-mbour\/#primaryimage\",\"inLanguage\":\"fr-FR\",\"url\":\"https:\/\/www.nettali.com\/wp-content\/uploads\/2022\/11\/securite\\u0301-Sonko.png\",\"contentUrl\":\"https:\/\/www.nettali.com\/wp-content\/uploads\/2022\/11\/securite\\u0301-Sonko.png\",\"width\":612,\"height\":298},{\"@type\":\"WebPage\",\"@id\":\"https:\/\/www.nettali.com\/2022\/11\/03\/arrestation-de-gardes-du-corps-de-sonko-les-explications-du-procureur-de-mbour\/#webpage\",\"url\":\"https:\/\/www.nettali.com\/2022\/11\/03\/arrestation-de-gardes-du-corps-de-sonko-les-explications-du-procureur-de-mbour\/\",\"name\":\"ARRESTATION DE GARDES DU CORPS DE SONKO- Les explications du Procureur de Mbour | Nettali.com\",\"isPartOf\":{\"@id\":\"https:\/\/www.nettali.com\/#website\"},\"primaryImageOfPage\":{\"@id\":\"https:\/\/www.nettali.com\/2022\/11\/03\/arrestation-de-gardes-du-corps-de-sonko-les-explications-du-procureur-de-mbour\/#primaryimage\"},\"datePublished\":\"2022-11-03T17:24:20+00:00\",\"dateModified\":\"2022-11-04T07:39:00+00:00\",\"author\":{\"@id\":\"https:\/\/www.nettali.com\/#\/schema\/person\/418274a86bdf87caff7a3ef476bd0bbf\"},\"breadcrumb\":{\"@id\":\"https:\/\/www.nettali.com\/2022\/11\/03\/arrestation-de-gardes-du-corps-de-sonko-les-explications-du-procureur-de-mbour\/#breadcrumb\"},\"inLanguage\":\"fr-FR\",\"potentialAction\":[{\"@type\":\"ReadAction\",\"target\":[\"https:\/\/www.nettali.com\/2022\/11\/03\/arrestation-de-gardes-du-corps-de-sonko-les-explications-du-procureur-de-mbour\/\"]}]},{\"@type\":\"BreadcrumbList\",\"@id\":\"https:\/\/www.nettali.com\/2022\/11\/03\/arrestation-de-gardes-du-corps-de-sonko-les-explications-du-procureur-de-mbour\/#breadcrumb\",\"itemListElement\":[{\"@type\":\"ListItem\",\"position\":1,\"name\":\"Accueil\",\"item\":\"https:\/\/www.nettali.com\/\"},{\"@type\":\"ListItem\",\"position\":2,\"name\":\"ARRESTATION DE GARDES DU CORPS DE SONKO- Les explications du Procureur de Mbour\"}]},{\"@type\":\"Person\",\"@id\":\"https:\/\/www.nettali.com\/#\/schema\/person\/418274a86bdf87caff7a3ef476bd0bbf\",\"name\":\"Fatou\",\"image\":{\"@type\":\"ImageObject\",\"@id\":\"https:\/\/www.nettali.com\/#personlogo\",\"inLanguage\":\"fr-FR\",\"url\":\"https:\/\/secure.gravatar.com\/avatar\/5a9442a2bee7b4dcf167cab035858e9a?s=96&d=mm&r=g\",\"contentUrl\":\"https:\/\/secure.gravatar.com\/avatar\/5a9442a2bee7b4dcf167cab035858e9a?s=96&d=mm&r=g\",\"caption\":\"Fatou\"},\"sameAs\":[\"https:\/\/www.nettali.com\"]}]}<\/script>\n<!-- \/ Yoast SEO Premium plugin. -->","yoast_head_json":{"title":"ARRESTATION DE GARDES DU CORPS DE SONKO- Les explications du Procureur de Mbour | Nettali.com","robots":{"index":"index","follow":"follow","max-snippet":"max-snippet:-1","max-image-preview":"max-image-preview:large","max-video-preview":"max-video-preview:-1"},"canonical":"https:\/\/www.nettali.com\/2022\/11\/03\/arrestation-de-gardes-du-corps-de-sonko-les-explications-du-procureur-de-mbour\/","og_locale":"fr_FR","og_type":"article","og_title":"ARRESTATION DE GARDES DU CORPS DE SONKO- Les explications du Procureur de Mbour","og_description":"NETTALI.COM- Apr\u00e8s la menace brandie par Ousmane Sonko pour d\u00e9noncer l'arrestation de ses gardes du corps,\u00a0 le Procureur de Mbour est sorti pour faire des pr\u00e9cisions.\u00a0 Suite \u00e0 l\u2019arrestation ce jeudi 3 novembre 2022, de trois de ses gardes du corps cit\u00e9s dans les \u00e9v\u00e8nements de Tchiky, apr\u00e8s les affrontements entre sa garde rapproch\u00e9e et [&hellip;]","og_url":"https:\/\/www.nettali.com\/2022\/11\/03\/arrestation-de-gardes-du-corps-de-sonko-les-explications-du-procureur-de-mbour\/","og_site_name":"Nettali.com","article_publisher":"https:\/\/www.facebook.com\/nettalicom","article_published_time":"2022-11-03T17:24:20+00:00","article_modified_time":"2022-11-04T07:39:00+00:00","og_image":[{"width":612,"height":298,"url":"https:\/\/www.nettali.com\/wp-content\/uploads\/2022\/11\/securite\u0301-Sonko.png","type":"image\/png"}],"twitter_card":"summary_large_image","twitter_misc":{"\u00c9crit par":"Fatou","Dur\u00e9e de lecture estim\u00e9e":"2 minutes"},"schema":{"@context":"https:\/\/schema.org","@graph":[{"@type":"WebSite","@id":"https:\/\/www.nettali.com\/#website","url":"https:\/\/www.nettali.com\/","name":"Nettali.com","description":"Le rendez-vous critique du Net","potentialAction":[{"@type":"SearchAction","target":{"@type":"EntryPoint","urlTemplate":"https:\/\/www.nettali.com\/?s={search_term_string}"},"query-input":"required name=search_term_string"}],"inLanguage":"fr-FR"},{"@type":"ImageObject","@id":"https:\/\/www.nettali.com\/2022\/11\/03\/arrestation-de-gardes-du-corps-de-sonko-les-explications-du-procureur-de-mbour\/#primaryimage","inLanguage":"fr-FR","url":"https:\/\/www.nettali.com\/wp-content\/uploads\/2022\/11\/securite\u0301-Sonko.png","contentUrl":"https:\/\/www.nettali.com\/wp-content\/uploads\/2022\/11\/securite\u0301-Sonko.png","width":612,"height":298},{"@type":"WebPage","@id":"https:\/\/www.nettali.com\/2022\/11\/03\/arrestation-de-gardes-du-corps-de-sonko-les-explications-du-procureur-de-mbour\/#webpage","url":"https:\/\/www.nettali.com\/2022\/11\/03\/arrestation-de-gardes-du-corps-de-sonko-les-explications-du-procureur-de-mbour\/","name":"ARRESTATION DE GARDES DU CORPS DE SONKO- Les explications du Procureur de Mbour | Nettali.com","isPartOf":{"@id":"https:\/\/www.nettali.com\/#website"},"primaryImageOfPage":{"@id":"https:\/\/www.nettali.com\/2022\/11\/03\/arrestation-de-gardes-du-corps-de-sonko-les-explications-du-procureur-de-mbour\/#primaryimage"},"datePublished":"2022-11-03T17:24:20+00:00","dateModified":"2022-11-04T07:39:00+00:00","author":{"@id":"https:\/\/www.nettali.com\/#\/schema\/person\/418274a86bdf87caff7a3ef476bd0bbf"},"breadcrumb":{"@id":"https:\/\/www.nettali.com\/2022\/11\/03\/arrestation-de-gardes-du-corps-de-sonko-les-explications-du-procureur-de-mbour\/#breadcrumb"},"inLanguage":"fr-FR","potentialAction":[{"@type":"ReadAction","target":["https:\/\/www.nettali.com\/2022\/11\/03\/arrestation-de-gardes-du-corps-de-sonko-les-explications-du-procureur-de-mbour\/"]}]},{"@type":"BreadcrumbList","@id":"https:\/\/www.nettali.com\/2022\/11\/03\/arrestation-de-gardes-du-corps-de-sonko-les-explications-du-procureur-de-mbour\/#breadcrumb","itemListElement":[{"@type":"ListItem","position":1,"name":"Accueil","item":"https:\/\/www.nettali.com\/"},{"@type":"ListItem","position":2,"name":"ARRESTATION DE GARDES DU CORPS DE SONKO- Les explications du Procureur de Mbour"}]},{"@type":"Person","@id":"https:\/\/www.nettali.com\/#\/schema\/person\/418274a86bdf87caff7a3ef476bd0bbf","name":"Fatou","image":{"@type":"ImageObject","@id":"https:\/\/www.nettali.com\/#personlogo","inLanguage":"fr-FR","url":"https:\/\/secure.gravatar.com\/avatar\/5a9442a2bee7b4dcf167cab035858e9a?s=96&d=mm&r=g","contentUrl":"https:\/\/secure.gravatar.com\/avatar\/5a9442a2bee7b4dcf167cab035858e9a?s=96&d=mm&r=g","caption":"Fatou"},"sameAs":["https:\/\/www.nettali.com"]}]}},"_links":{"self":[{"href":"https:\/\/www.nettali.com\/rest\/wp\/v2\/posts\/97026"}],"collection":[{"href":"https:\/\/www.nettali.com\/rest\/wp\/v2\/posts"}],"about":[{"href":"https:\/\/www.nettali.com\/rest\/wp\/v2\/types\/post"}],"author":[{"embeddable":true,"href":"https:\/\/www.nettali.com\/rest\/wp\/v2\/users\/6"}],"replies":[{"embeddable":true,"href":"https:\/\/www.nettali.com\/rest\/wp\/v2\/comments?post=97026"}],"version-history":[{"count":3,"href":"https:\/\/www.nettali.com\/rest\/wp\/v2\/posts\/97026\/revisions"}],"predecessor-version":[{"id":97036,"href":"https:\/\/www.nettali.com\/rest\/wp\/v2\/posts\/97026\/revisions\/97036"}],"wp:featuredmedia":[{"embeddable":true,"href":"https:\/\/www.nettali.com\/rest\/wp\/v2\/media\/97035"}],"wp:attachment":[{"href":"https:\/\/www.nettali.com\/rest\/wp\/v2\/media?parent=97026"}],"wp:term":[{"taxonomy":"category","embeddable":true,"href":"https:\/\/www.nettali.com\/rest\/wp\/v2\/categories?post=97026"},{"taxonomy":"post_tag","embeddable":true,"href":"https:\/\/www.nettali.com\/rest\/wp\/v2\/tags?post=97026"}],"curies":[{"name":"wp","href":"https:\/\/api.w.org\/{rel}","templated":true}]}}