{"id":97022,"date":"2022-11-03T15:32:40","date_gmt":"2022-11-03T15:32:40","guid":{"rendered":"https:\/\/www.nettali.com\/?p=97022"},"modified":"2022-11-03T18:39:42","modified_gmt":"2022-11-03T18:39:42","slug":"arrestation-de-ses-gardes-du-corps-ousmane-sonko-menace","status":"publish","type":"post","link":"https:\/\/www.nettali.com\/2022\/11\/03\/arrestation-de-ses-gardes-du-corps-ousmane-sonko-menace\/","title":{"rendered":"ARRESTATION DE SES GARDES DU CORPS - Ousmane Sonko menace !"},"content":{"rendered":"<p class=\"summary_label\"><strong>NETTALI.COM - L'audition d'Ousmane Sonko est termin\u00e9e. Elle aura dur\u00e9 quelques trois tours d'horloge. A la suite de son face \u00e0 face avec le magistrat instructeur, il a fustig\u00e9 l'arrestation de ses gardes du corps.\u00a0<\/strong><\/p>\n<div id=\"printable\" class=\"text_body\">\n<p><em>\"Mon audition a pris fin et s\u2019est tr\u00e8s tr\u00e8s bien d\u00e9roul\u00e9e<\/em>\", a-t-il r\u00e9agi sans trop s'\u00e9pancher sur la question.<\/p>\n<p>Il a surtout d\u00e9plor\u00e9 l'arrestation de ses gardes du corps. \"<em>La gendarmerie de Macky Sall et Moussa Fall a attendu que je sois dans le bureau du Doyen des juges avec mes avocats pour kidnapper tous les \u00e9l\u00e9ments de ma s\u00e9curit\u00e9 et les conduire \u00e0 Mbour, me laissant sans protection. Cette \u00e9ni\u00e8me forfaiture ne passera pas\"<\/em>, menace-t-il.<\/p>\n<\/div>\n<div class='share-to-whatsapp-wrapper'><div class='share-on-whsp'>PARTAGER SUR : <\/div><a data-text='ARRESTATION DE SES GARDES DU CORPS - Ousmane Sonko menace !' data-link='https:\/\/www.nettali.com\/2022\/11\/03\/arrestation-de-ses-gardes-du-corps-ousmane-sonko-menace\/' class='whatsapp-button whatsapp-share'>WhatsApp<\/a><div class='clear '><\/div><\/div>","protected":false},"excerpt":{"rendered":"<p>NETTALI.COM - L'audition d'Ousmane Sonko est termin\u00e9e. Elle aura dur\u00e9 quelques trois tours d'horloge. A la suite de son face \u00e0 face avec le magistrat instructeur, il a fustig\u00e9 l'arrestation de ses gardes du corps.\u00a0 \"Mon audition a pris fin et s\u2019est tr\u00e8s tr\u00e8s bien d\u00e9roul\u00e9e\", a-t-il r\u00e9agi sans trop s'\u00e9pancher sur la question. Il [&hellip;]<\/p>\n","protected":false},"author":4,"featured_media":97023,"comment_status":"open","ping_status":"open","sticky":false,"template":"","format":"standard","meta":{"_et_pb_use_builder":"","_et_pb_old_content":""},"categories":[3],"tags":[],"yoast_head":"<!-- This site is optimized with the Yoast SEO Premium plugin v17.8 (Yoast SEO v17.8) - https:\/\/yoast.com\/wordpress\/plugins\/seo\/ -->\n<title>ARRESTATION DE SES GARDES DU CORPS - Ousmane Sonko menace ! | Nettali.com<\/title>\n<meta name=\"robots\" content=\"index, follow, max-snippet:-1, max-image-preview:large, max-video-preview:-1\" \/>\n<link rel=\"canonical\" href=\"https:\/\/www.nettali.com\/2022\/11\/03\/arrestation-de-ses-gardes-du-corps-ousmane-sonko-menace\/\" \/>\n<meta property=\"og:locale\" content=\"fr_FR\" \/>\n<meta property=\"og:type\" content=\"article\" \/>\n<meta property=\"og:title\" content=\"ARRESTATION DE SES GARDES DU CORPS - Ousmane Sonko menace !\" \/>\n<meta property=\"og:description\" content=\"NETTALI.COM - L&#039;audition d&#039;Ousmane Sonko est termin\u00e9e. Elle aura dur\u00e9 quelques trois tours d&#039;horloge. A la suite de son face \u00e0 face avec le magistrat instructeur, il a fustig\u00e9 l&#039;arrestation de ses gardes du corps.\u00a0 &quot;Mon audition a pris fin et s\u2019est tr\u00e8s tr\u00e8s bien d\u00e9roul\u00e9e&quot;, a-t-il r\u00e9agi sans trop s&#039;\u00e9pancher sur la question. Il [&hellip;]\" \/>\n<meta property=\"og:url\" content=\"https:\/\/www.nettali.com\/2022\/11\/03\/arrestation-de-ses-gardes-du-corps-ousmane-sonko-menace\/\" \/>\n<meta property=\"og:site_name\" content=\"Nettali.com\" \/>\n<meta property=\"article:publisher\" content=\"https:\/\/www.facebook.com\/nettalicom\" \/>\n<meta property=\"article:published_time\" content=\"2022-11-03T15:32:40+00:00\" \/>\n<meta property=\"article:modified_time\" content=\"2022-11-03T18:39:42+00:00\" \/>\n<meta property=\"og:image\" content=\"https:\/\/www.nettali.com\/wp-content\/uploads\/2022\/11\/sonko-et-garde-du-corps.jpeg\" \/>\n\t<meta property=\"og:image:width\" content=\"828\" \/>\n\t<meta property=\"og:image:height\" content=\"636\" \/>\n<meta name=\"twitter:card\" content=\"summary_large_image\" \/>\n<meta name=\"twitter:label1\" content=\"\u00c9crit par\" \/>\n\t<meta name=\"twitter:data1\" content=\"Daouda\" \/>\n\t<meta name=\"twitter:label2\" content=\"Dur\u00e9e de lecture estim\u00e9e\" \/>\n\t<meta name=\"twitter:data2\" content=\"1 minute\" \/>\n<script type=\"application\/ld+json\" class=\"yoast-schema-graph\">{\"@context\":\"https:\/\/schema.org\",\"@graph\":[{\"@type\":\"WebSite\",\"@id\":\"https:\/\/www.nettali.com\/#website\",\"url\":\"https:\/\/www.nettali.com\/\",\"name\":\"Nettali.com\",\"description\":\"Le rendez-vous critique du Net\",\"potentialAction\":[{\"@type\":\"SearchAction\",\"target\":{\"@type\":\"EntryPoint\",\"urlTemplate\":\"https:\/\/www.nettali.com\/?s={search_term_string}\"},\"query-input\":\"required name=search_term_string\"}],\"inLanguage\":\"fr-FR\"},{\"@type\":\"ImageObject\",\"@id\":\"https:\/\/www.nettali.com\/2022\/11\/03\/arrestation-de-ses-gardes-du-corps-ousmane-sonko-menace\/#primaryimage\",\"inLanguage\":\"fr-FR\",\"url\":\"https:\/\/www.nettali.com\/wp-content\/uploads\/2022\/11\/sonko-et-garde-du-corps.jpeg\",\"contentUrl\":\"https:\/\/www.nettali.com\/wp-content\/uploads\/2022\/11\/sonko-et-garde-du-corps.jpeg\",\"width\":828,\"height\":636},{\"@type\":\"WebPage\",\"@id\":\"https:\/\/www.nettali.com\/2022\/11\/03\/arrestation-de-ses-gardes-du-corps-ousmane-sonko-menace\/#webpage\",\"url\":\"https:\/\/www.nettali.com\/2022\/11\/03\/arrestation-de-ses-gardes-du-corps-ousmane-sonko-menace\/\",\"name\":\"ARRESTATION DE SES GARDES DU CORPS - Ousmane Sonko menace ! | Nettali.com\",\"isPartOf\":{\"@id\":\"https:\/\/www.nettali.com\/#website\"},\"primaryImageOfPage\":{\"@id\":\"https:\/\/www.nettali.com\/2022\/11\/03\/arrestation-de-ses-gardes-du-corps-ousmane-sonko-menace\/#primaryimage\"},\"datePublished\":\"2022-11-03T15:32:40+00:00\",\"dateModified\":\"2022-11-03T18:39:42+00:00\",\"author\":{\"@id\":\"https:\/\/www.nettali.com\/#\/schema\/person\/3317e0bb3aa1da309fbf7b2780901bf4\"},\"breadcrumb\":{\"@id\":\"https:\/\/www.nettali.com\/2022\/11\/03\/arrestation-de-ses-gardes-du-corps-ousmane-sonko-menace\/#breadcrumb\"},\"inLanguage\":\"fr-FR\",\"potentialAction\":[{\"@type\":\"ReadAction\",\"target\":[\"https:\/\/www.nettali.com\/2022\/11\/03\/arrestation-de-ses-gardes-du-corps-ousmane-sonko-menace\/\"]}]},{\"@type\":\"BreadcrumbList\",\"@id\":\"https:\/\/www.nettali.com\/2022\/11\/03\/arrestation-de-ses-gardes-du-corps-ousmane-sonko-menace\/#breadcrumb\",\"itemListElement\":[{\"@type\":\"ListItem\",\"position\":1,\"name\":\"Accueil\",\"item\":\"https:\/\/www.nettali.com\/\"},{\"@type\":\"ListItem\",\"position\":2,\"name\":\"ARRESTATION DE SES GARDES DU CORPS - Ousmane Sonko menace !\"}]},{\"@type\":\"Person\",\"@id\":\"https:\/\/www.nettali.com\/#\/schema\/person\/3317e0bb3aa1da309fbf7b2780901bf4\",\"name\":\"Daouda\",\"image\":{\"@type\":\"ImageObject\",\"@id\":\"https:\/\/www.nettali.com\/#personlogo\",\"inLanguage\":\"fr-FR\",\"url\":\"https:\/\/secure.gravatar.com\/avatar\/8d143b5a49345098ddcfee1c49c2f47c?s=96&d=mm&r=g\",\"contentUrl\":\"https:\/\/secure.gravatar.com\/avatar\/8d143b5a49345098ddcfee1c49c2f47c?s=96&d=mm&r=g\",\"caption\":\"Daouda\"},\"sameAs\":[\"https:\/\/www.nettali.com\"]}]}<\/script>\n<!-- \/ Yoast SEO Premium plugin. -->","yoast_head_json":{"title":"ARRESTATION DE SES GARDES DU CORPS - Ousmane Sonko menace ! | Nettali.com","robots":{"index":"index","follow":"follow","max-snippet":"max-snippet:-1","max-image-preview":"max-image-preview:large","max-video-preview":"max-video-preview:-1"},"canonical":"https:\/\/www.nettali.com\/2022\/11\/03\/arrestation-de-ses-gardes-du-corps-ousmane-sonko-menace\/","og_locale":"fr_FR","og_type":"article","og_title":"ARRESTATION DE SES GARDES DU CORPS - Ousmane Sonko menace !","og_description":"NETTALI.COM - L'audition d'Ousmane Sonko est termin\u00e9e. Elle aura dur\u00e9 quelques trois tours d'horloge. A la suite de son face \u00e0 face avec le magistrat instructeur, il a fustig\u00e9 l'arrestation de ses gardes du corps.\u00a0 \"Mon audition a pris fin et s\u2019est tr\u00e8s tr\u00e8s bien d\u00e9roul\u00e9e\", a-t-il r\u00e9agi sans trop s'\u00e9pancher sur la question. Il [&hellip;]","og_url":"https:\/\/www.nettali.com\/2022\/11\/03\/arrestation-de-ses-gardes-du-corps-ousmane-sonko-menace\/","og_site_name":"Nettali.com","article_publisher":"https:\/\/www.facebook.com\/nettalicom","article_published_time":"2022-11-03T15:32:40+00:00","article_modified_time":"2022-11-03T18:39:42+00:00","og_image":[{"width":828,"height":636,"url":"https:\/\/www.nettali.com\/wp-content\/uploads\/2022\/11\/sonko-et-garde-du-corps.jpeg","type":"image\/jpeg"}],"twitter_card":"summary_large_image","twitter_misc":{"\u00c9crit par":"Daouda","Dur\u00e9e de lecture estim\u00e9e":"1 minute"},"schema":{"@context":"https:\/\/schema.org","@graph":[{"@type":"WebSite","@id":"https:\/\/www.nettali.com\/#website","url":"https:\/\/www.nettali.com\/","name":"Nettali.com","description":"Le rendez-vous critique du Net","potentialAction":[{"@type":"SearchAction","target":{"@type":"EntryPoint","urlTemplate":"https:\/\/www.nettali.com\/?s={search_term_string}"},"query-input":"required name=search_term_string"}],"inLanguage":"fr-FR"},{"@type":"ImageObject","@id":"https:\/\/www.nettali.com\/2022\/11\/03\/arrestation-de-ses-gardes-du-corps-ousmane-sonko-menace\/#primaryimage","inLanguage":"fr-FR","url":"https:\/\/www.nettali.com\/wp-content\/uploads\/2022\/11\/sonko-et-garde-du-corps.jpeg","contentUrl":"https:\/\/www.nettali.com\/wp-content\/uploads\/2022\/11\/sonko-et-garde-du-corps.jpeg","width":828,"height":636},{"@type":"WebPage","@id":"https:\/\/www.nettali.com\/2022\/11\/03\/arrestation-de-ses-gardes-du-corps-ousmane-sonko-menace\/#webpage","url":"https:\/\/www.nettali.com\/2022\/11\/03\/arrestation-de-ses-gardes-du-corps-ousmane-sonko-menace\/","name":"ARRESTATION DE SES GARDES DU CORPS - Ousmane Sonko menace ! | Nettali.com","isPartOf":{"@id":"https:\/\/www.nettali.com\/#website"},"primaryImageOfPage":{"@id":"https:\/\/www.nettali.com\/2022\/11\/03\/arrestation-de-ses-gardes-du-corps-ousmane-sonko-menace\/#primaryimage"},"datePublished":"2022-11-03T15:32:40+00:00","dateModified":"2022-11-03T18:39:42+00:00","author":{"@id":"https:\/\/www.nettali.com\/#\/schema\/person\/3317e0bb3aa1da309fbf7b2780901bf4"},"breadcrumb":{"@id":"https:\/\/www.nettali.com\/2022\/11\/03\/arrestation-de-ses-gardes-du-corps-ousmane-sonko-menace\/#breadcrumb"},"inLanguage":"fr-FR","potentialAction":[{"@type":"ReadAction","target":["https:\/\/www.nettali.com\/2022\/11\/03\/arrestation-de-ses-gardes-du-corps-ousmane-sonko-menace\/"]}]},{"@type":"BreadcrumbList","@id":"https:\/\/www.nettali.com\/2022\/11\/03\/arrestation-de-ses-gardes-du-corps-ousmane-sonko-menace\/#breadcrumb","itemListElement":[{"@type":"ListItem","position":1,"name":"Accueil","item":"https:\/\/www.nettali.com\/"},{"@type":"ListItem","position":2,"name":"ARRESTATION DE SES GARDES DU CORPS - Ousmane Sonko menace !"}]},{"@type":"Person","@id":"https:\/\/www.nettali.com\/#\/schema\/person\/3317e0bb3aa1da309fbf7b2780901bf4","name":"Daouda","image":{"@type":"ImageObject","@id":"https:\/\/www.nettali.com\/#personlogo","inLanguage":"fr-FR","url":"https:\/\/secure.gravatar.com\/avatar\/8d143b5a49345098ddcfee1c49c2f47c?s=96&d=mm&r=g","contentUrl":"https:\/\/secure.gravatar.com\/avatar\/8d143b5a49345098ddcfee1c49c2f47c?s=96&d=mm&r=g","caption":"Daouda"},"sameAs":["https:\/\/www.nettali.com"]}]}},"_links":{"self":[{"href":"https:\/\/www.nettali.com\/rest\/wp\/v2\/posts\/97022"}],"collection":[{"href":"https:\/\/www.nettali.com\/rest\/wp\/v2\/posts"}],"about":[{"href":"https:\/\/www.nettali.com\/rest\/wp\/v2\/types\/post"}],"author":[{"embeddable":true,"href":"https:\/\/www.nettali.com\/rest\/wp\/v2\/users\/4"}],"replies":[{"embeddable":true,"href":"https:\/\/www.nettali.com\/rest\/wp\/v2\/comments?post=97022"}],"version-history":[{"count":1,"href":"https:\/\/www.nettali.com\/rest\/wp\/v2\/posts\/97022\/revisions"}],"predecessor-version":[{"id":97024,"href":"https:\/\/www.nettali.com\/rest\/wp\/v2\/posts\/97022\/revisions\/97024"}],"wp:featuredmedia":[{"embeddable":true,"href":"https:\/\/www.nettali.com\/rest\/wp\/v2\/media\/97023"}],"wp:attachment":[{"href":"https:\/\/www.nettali.com\/rest\/wp\/v2\/media?parent=97022"}],"wp:term":[{"taxonomy":"category","embeddable":true,"href":"https:\/\/www.nettali.com\/rest\/wp\/v2\/categories?post=97022"},{"taxonomy":"post_tag","embeddable":true,"href":"https:\/\/www.nettali.com\/rest\/wp\/v2\/tags?post=97022"}],"curies":[{"name":"wp","href":"https:\/\/api.w.org\/{rel}","templated":true}]}}