{"id":96975,"date":"2022-11-03T07:32:04","date_gmt":"2022-11-03T07:32:04","guid":{"rendered":"https:\/\/www.nettali.com\/?p=96975"},"modified":"2022-11-03T07:32:04","modified_gmt":"2022-11-03T07:32:04","slug":"double-meurtre-boubacar-sakho-tue-deux-freres-et-risque-la-perpetuite","status":"publish","type":"post","link":"https:\/\/www.nettali.com\/2022\/11\/03\/double-meurtre-boubacar-sakho-tue-deux-freres-et-risque-la-perpetuite\/","title":{"rendered":"DOUBLE MEURTRE-\u00a0Boubacar Sakho tue deux fr\u00e8res et risque la perp\u00e9tuit\u00e9\u00a0"},"content":{"rendered":"<div dir=\"auto\"><strong>NETTALI.COM- Jug\u00e9 \u00e0 la barre de la chambre criminelle de Dakar, hier mercredi, Boubacar Sakho risque de passer le reste de sa vie derri\u00e8re les barreaux. Il a tu\u00e9\u00a0 deux fr\u00e8res le m\u00eame jour, \u00e0\u00a0 Grand Yoff.<\/strong><\/div>\n<div dir=\"auto\"><\/div>\n<div dir=\"auto\">Il est reproch\u00e9 \u00e0\u00a0 Boubacar\u00a0 Sakho d\u2019avoir tu\u00e9 les fr\u00e8res Abdourahmane B\u00e2 et Nazirou B\u00e2, en septembre 2015, \u00e0 Grand Yoff. Les faits se sont d\u00e9roul\u00e9s le 6 septembre 2015 \u00e0 la cit\u00e9 millionnaire. Ce jour-l\u00e0, Abdourahmane a \u00e9t\u00e9 poignard\u00e9 au c\u0153ur, au visage et au flanc. Il est all\u00e9 retrouver sa <em>m\u00e8re dans sa chambre avant de dire : \u00ab maman, je vais mourir<\/em> \u00bb. Le second \u00e9tait en train d'agoniser dans le salon, avant de rendre l'\u00e2me lui aussi. Touch\u00e9e par ce qu\u2019elle venait de voir, la maman est \u00e9galement d\u00e9c\u00e9d\u00e9e quelques jours plus tard.<\/div>\n<div dir=\"auto\"><\/div>\n<div dir=\"auto\">Entendu, Boubacar\u00a0 Sakho a dit au juge qu\u2019il n\u2019avait pas l\u2019intention de tuer. <em>\u00ab Ils m'ont agress\u00e9 dans le bar et ont pris mon t\u00e9l\u00e9phone et mes pi\u00e8ces. C\u2019est ainsi que je les ai poursuivi. On s\u2019est battu avant qu\u2019ils ne me poignardent \u00e0 la t\u00eate et au bras. J'ai r\u00e9cup\u00e9r\u00e9 le couteau et je leur ai inflig\u00e9 des coups aveugl\u00e9ment<\/em> \u00bb, a-t-il dit pour se d\u00e9douaner. Il a fini par exprimer des regrets. <em>\u00abJe regrette ce qui s\u2019est pass\u00e9. Leur maman m\u2019appelait affectueusement \"mon fils ch\u00e9ri\". Je voulais juste r\u00e9cup\u00e9rer mes biens<\/em> \u00bb, indique-t-il avant de craquer.<\/div>\n<div dir=\"auto\"><\/div>\n<div dir=\"auto\">Invit\u00e9 \u00e0 faire son r\u00e9quisitoire dans cette affaire, le ma\u00eetre des poursuites a soutenu que rien ne prouve l'agression ainsi que la d\u00e9tention de l'arme par les victimes. Donc, il n'y a ni excuse de provocation ni l\u00e9gitime d\u00e9fense, mais l'intention de donner la mort. \u00abl<em>es certificats m\u00e9dicaux parlent de plaies au niveau des thorax. Si c'\u00e9tait pour riposter, il aurait vis\u00e9 les cuisses<\/em> \u00bb, a-t-il dit. Il a requise la r\u00e9clusion criminelle \u00e0 perp\u00e9tuit\u00e9.<\/div>\n<div dir=\"auto\"><\/div>\n<div dir=\"auto\">La d\u00e9fense a demand\u00e9 que le meurtre soit disqualifi\u00e9 en coups mortels. L\u2019affaire a \u00e9t\u00e9 mise en d\u00e9lib\u00e9r\u00e9. Le verdict sera rendu le 16 novembre prochain.<\/div>\n<div class='share-to-whatsapp-wrapper'><div class='share-on-whsp'>PARTAGER SUR : <\/div><a data-text='DOUBLE MEURTRE-\u00a0Boubacar Sakho tue deux fr\u00e8res et risque la perp\u00e9tuit\u00e9\u00a0' data-link='https:\/\/www.nettali.com\/2022\/11\/03\/double-meurtre-boubacar-sakho-tue-deux-freres-et-risque-la-perpetuite\/' class='whatsapp-button whatsapp-share'>WhatsApp<\/a><div class='clear '><\/div><\/div>","protected":false},"excerpt":{"rendered":"<p>NETTALI.COM- Jug\u00e9 \u00e0 la barre de la chambre criminelle de Dakar, hier mercredi, Boubacar Sakho risque de passer le reste de sa vie derri\u00e8re les barreaux. Il a tu\u00e9\u00a0 deux fr\u00e8res le m\u00eame jour, \u00e0\u00a0 Grand Yoff. Il est reproch\u00e9 \u00e0\u00a0 Boubacar\u00a0 Sakho d\u2019avoir tu\u00e9 les fr\u00e8res Abdourahmane B\u00e2 et Nazirou B\u00e2, en septembre 2015, [&hellip;]<\/p>\n","protected":false},"author":6,"featured_media":7128,"comment_status":"open","ping_status":"open","sticky":false,"template":"","format":"standard","meta":{"_et_pb_use_builder":"","_et_pb_old_content":""},"categories":[3],"tags":[],"yoast_head":"<!-- This site is optimized with the Yoast SEO Premium plugin v17.8 (Yoast SEO v17.8) - https:\/\/yoast.com\/wordpress\/plugins\/seo\/ -->\n<title>DOUBLE MEURTRE-\u00a0Boubacar Sakho tue deux fr\u00e8res et risque la perp\u00e9tuit\u00e9\u00a0 | Nettali.com<\/title>\n<meta name=\"robots\" content=\"index, follow, max-snippet:-1, max-image-preview:large, max-video-preview:-1\" \/>\n<link rel=\"canonical\" href=\"https:\/\/www.nettali.com\/2022\/11\/03\/double-meurtre-boubacar-sakho-tue-deux-freres-et-risque-la-perpetuite\/\" \/>\n<meta property=\"og:locale\" content=\"fr_FR\" \/>\n<meta property=\"og:type\" content=\"article\" \/>\n<meta property=\"og:title\" content=\"DOUBLE MEURTRE-\u00a0Boubacar Sakho tue deux fr\u00e8res et risque la perp\u00e9tuit\u00e9\u00a0\" \/>\n<meta property=\"og:description\" content=\"NETTALI.COM- Jug\u00e9 \u00e0 la barre de la chambre criminelle de Dakar, hier mercredi, Boubacar Sakho risque de passer le reste de sa vie derri\u00e8re les barreaux. Il a tu\u00e9\u00a0 deux fr\u00e8res le m\u00eame jour, \u00e0\u00a0 Grand Yoff. Il est reproch\u00e9 \u00e0\u00a0 Boubacar\u00a0 Sakho d\u2019avoir tu\u00e9 les fr\u00e8res Abdourahmane B\u00e2 et Nazirou B\u00e2, en septembre 2015, [&hellip;]\" \/>\n<meta property=\"og:url\" content=\"https:\/\/www.nettali.com\/2022\/11\/03\/double-meurtre-boubacar-sakho-tue-deux-freres-et-risque-la-perpetuite\/\" \/>\n<meta property=\"og:site_name\" content=\"Nettali.com\" \/>\n<meta property=\"article:publisher\" content=\"https:\/\/www.facebook.com\/nettalicom\" \/>\n<meta property=\"article:published_time\" content=\"2022-11-03T07:32:04+00:00\" \/>\n<meta property=\"og:image\" content=\"https:\/\/www.nettali.com\/wp-content\/uploads\/2019\/04\/meurtre-france.jpg\" \/>\n\t<meta property=\"og:image:width\" content=\"809\" \/>\n\t<meta property=\"og:image:height\" content=\"518\" \/>\n<meta name=\"twitter:card\" content=\"summary_large_image\" \/>\n<meta name=\"twitter:label1\" content=\"\u00c9crit par\" \/>\n\t<meta name=\"twitter:data1\" content=\"Fatou\" \/>\n\t<meta name=\"twitter:label2\" content=\"Dur\u00e9e de lecture estim\u00e9e\" \/>\n\t<meta name=\"twitter:data2\" content=\"2 minutes\" \/>\n<script type=\"application\/ld+json\" class=\"yoast-schema-graph\">{\"@context\":\"https:\/\/schema.org\",\"@graph\":[{\"@type\":\"WebSite\",\"@id\":\"https:\/\/www.nettali.com\/#website\",\"url\":\"https:\/\/www.nettali.com\/\",\"name\":\"Nettali.com\",\"description\":\"Le rendez-vous critique du Net\",\"potentialAction\":[{\"@type\":\"SearchAction\",\"target\":{\"@type\":\"EntryPoint\",\"urlTemplate\":\"https:\/\/www.nettali.com\/?s={search_term_string}\"},\"query-input\":\"required name=search_term_string\"}],\"inLanguage\":\"fr-FR\"},{\"@type\":\"ImageObject\",\"@id\":\"https:\/\/www.nettali.com\/2022\/11\/03\/double-meurtre-boubacar-sakho-tue-deux-freres-et-risque-la-perpetuite\/#primaryimage\",\"inLanguage\":\"fr-FR\",\"url\":\"https:\/\/www.nettali.com\/wp-content\/uploads\/2019\/04\/meurtre-france.jpg\",\"contentUrl\":\"https:\/\/www.nettali.com\/wp-content\/uploads\/2019\/04\/meurtre-france.jpg\",\"width\":809,\"height\":518},{\"@type\":\"WebPage\",\"@id\":\"https:\/\/www.nettali.com\/2022\/11\/03\/double-meurtre-boubacar-sakho-tue-deux-freres-et-risque-la-perpetuite\/#webpage\",\"url\":\"https:\/\/www.nettali.com\/2022\/11\/03\/double-meurtre-boubacar-sakho-tue-deux-freres-et-risque-la-perpetuite\/\",\"name\":\"DOUBLE MEURTRE-\\u00a0Boubacar Sakho tue deux fr\\u00e8res et risque la perp\\u00e9tuit\\u00e9\\u00a0 | Nettali.com\",\"isPartOf\":{\"@id\":\"https:\/\/www.nettali.com\/#website\"},\"primaryImageOfPage\":{\"@id\":\"https:\/\/www.nettali.com\/2022\/11\/03\/double-meurtre-boubacar-sakho-tue-deux-freres-et-risque-la-perpetuite\/#primaryimage\"},\"datePublished\":\"2022-11-03T07:32:04+00:00\",\"dateModified\":\"2022-11-03T07:32:04+00:00\",\"author\":{\"@id\":\"https:\/\/www.nettali.com\/#\/schema\/person\/418274a86bdf87caff7a3ef476bd0bbf\"},\"breadcrumb\":{\"@id\":\"https:\/\/www.nettali.com\/2022\/11\/03\/double-meurtre-boubacar-sakho-tue-deux-freres-et-risque-la-perpetuite\/#breadcrumb\"},\"inLanguage\":\"fr-FR\",\"potentialAction\":[{\"@type\":\"ReadAction\",\"target\":[\"https:\/\/www.nettali.com\/2022\/11\/03\/double-meurtre-boubacar-sakho-tue-deux-freres-et-risque-la-perpetuite\/\"]}]},{\"@type\":\"BreadcrumbList\",\"@id\":\"https:\/\/www.nettali.com\/2022\/11\/03\/double-meurtre-boubacar-sakho-tue-deux-freres-et-risque-la-perpetuite\/#breadcrumb\",\"itemListElement\":[{\"@type\":\"ListItem\",\"position\":1,\"name\":\"Accueil\",\"item\":\"https:\/\/www.nettali.com\/\"},{\"@type\":\"ListItem\",\"position\":2,\"name\":\"DOUBLE MEURTRE-\\u00a0Boubacar Sakho tue deux fr\\u00e8res et risque la perp\\u00e9tuit\\u00e9\\u00a0\"}]},{\"@type\":\"Person\",\"@id\":\"https:\/\/www.nettali.com\/#\/schema\/person\/418274a86bdf87caff7a3ef476bd0bbf\",\"name\":\"Fatou\",\"image\":{\"@type\":\"ImageObject\",\"@id\":\"https:\/\/www.nettali.com\/#personlogo\",\"inLanguage\":\"fr-FR\",\"url\":\"https:\/\/secure.gravatar.com\/avatar\/5a9442a2bee7b4dcf167cab035858e9a?s=96&d=mm&r=g\",\"contentUrl\":\"https:\/\/secure.gravatar.com\/avatar\/5a9442a2bee7b4dcf167cab035858e9a?s=96&d=mm&r=g\",\"caption\":\"Fatou\"},\"sameAs\":[\"https:\/\/www.nettali.com\"]}]}<\/script>\n<!-- \/ Yoast SEO Premium plugin. -->","yoast_head_json":{"title":"DOUBLE MEURTRE-\u00a0Boubacar Sakho tue deux fr\u00e8res et risque la perp\u00e9tuit\u00e9\u00a0 | Nettali.com","robots":{"index":"index","follow":"follow","max-snippet":"max-snippet:-1","max-image-preview":"max-image-preview:large","max-video-preview":"max-video-preview:-1"},"canonical":"https:\/\/www.nettali.com\/2022\/11\/03\/double-meurtre-boubacar-sakho-tue-deux-freres-et-risque-la-perpetuite\/","og_locale":"fr_FR","og_type":"article","og_title":"DOUBLE MEURTRE-\u00a0Boubacar Sakho tue deux fr\u00e8res et risque la perp\u00e9tuit\u00e9\u00a0","og_description":"NETTALI.COM- Jug\u00e9 \u00e0 la barre de la chambre criminelle de Dakar, hier mercredi, Boubacar Sakho risque de passer le reste de sa vie derri\u00e8re les barreaux. Il a tu\u00e9\u00a0 deux fr\u00e8res le m\u00eame jour, \u00e0\u00a0 Grand Yoff. Il est reproch\u00e9 \u00e0\u00a0 Boubacar\u00a0 Sakho d\u2019avoir tu\u00e9 les fr\u00e8res Abdourahmane B\u00e2 et Nazirou B\u00e2, en septembre 2015, [&hellip;]","og_url":"https:\/\/www.nettali.com\/2022\/11\/03\/double-meurtre-boubacar-sakho-tue-deux-freres-et-risque-la-perpetuite\/","og_site_name":"Nettali.com","article_publisher":"https:\/\/www.facebook.com\/nettalicom","article_published_time":"2022-11-03T07:32:04+00:00","og_image":[{"width":809,"height":518,"url":"https:\/\/www.nettali.com\/wp-content\/uploads\/2019\/04\/meurtre-france.jpg","type":"image\/jpeg"}],"twitter_card":"summary_large_image","twitter_misc":{"\u00c9crit par":"Fatou","Dur\u00e9e de lecture estim\u00e9e":"2 minutes"},"schema":{"@context":"https:\/\/schema.org","@graph":[{"@type":"WebSite","@id":"https:\/\/www.nettali.com\/#website","url":"https:\/\/www.nettali.com\/","name":"Nettali.com","description":"Le rendez-vous critique du Net","potentialAction":[{"@type":"SearchAction","target":{"@type":"EntryPoint","urlTemplate":"https:\/\/www.nettali.com\/?s={search_term_string}"},"query-input":"required name=search_term_string"}],"inLanguage":"fr-FR"},{"@type":"ImageObject","@id":"https:\/\/www.nettali.com\/2022\/11\/03\/double-meurtre-boubacar-sakho-tue-deux-freres-et-risque-la-perpetuite\/#primaryimage","inLanguage":"fr-FR","url":"https:\/\/www.nettali.com\/wp-content\/uploads\/2019\/04\/meurtre-france.jpg","contentUrl":"https:\/\/www.nettali.com\/wp-content\/uploads\/2019\/04\/meurtre-france.jpg","width":809,"height":518},{"@type":"WebPage","@id":"https:\/\/www.nettali.com\/2022\/11\/03\/double-meurtre-boubacar-sakho-tue-deux-freres-et-risque-la-perpetuite\/#webpage","url":"https:\/\/www.nettali.com\/2022\/11\/03\/double-meurtre-boubacar-sakho-tue-deux-freres-et-risque-la-perpetuite\/","name":"DOUBLE MEURTRE-\u00a0Boubacar Sakho tue deux fr\u00e8res et risque la perp\u00e9tuit\u00e9\u00a0 | Nettali.com","isPartOf":{"@id":"https:\/\/www.nettali.com\/#website"},"primaryImageOfPage":{"@id":"https:\/\/www.nettali.com\/2022\/11\/03\/double-meurtre-boubacar-sakho-tue-deux-freres-et-risque-la-perpetuite\/#primaryimage"},"datePublished":"2022-11-03T07:32:04+00:00","dateModified":"2022-11-03T07:32:04+00:00","author":{"@id":"https:\/\/www.nettali.com\/#\/schema\/person\/418274a86bdf87caff7a3ef476bd0bbf"},"breadcrumb":{"@id":"https:\/\/www.nettali.com\/2022\/11\/03\/double-meurtre-boubacar-sakho-tue-deux-freres-et-risque-la-perpetuite\/#breadcrumb"},"inLanguage":"fr-FR","potentialAction":[{"@type":"ReadAction","target":["https:\/\/www.nettali.com\/2022\/11\/03\/double-meurtre-boubacar-sakho-tue-deux-freres-et-risque-la-perpetuite\/"]}]},{"@type":"BreadcrumbList","@id":"https:\/\/www.nettali.com\/2022\/11\/03\/double-meurtre-boubacar-sakho-tue-deux-freres-et-risque-la-perpetuite\/#breadcrumb","itemListElement":[{"@type":"ListItem","position":1,"name":"Accueil","item":"https:\/\/www.nettali.com\/"},{"@type":"ListItem","position":2,"name":"DOUBLE MEURTRE-\u00a0Boubacar Sakho tue deux fr\u00e8res et risque la perp\u00e9tuit\u00e9\u00a0"}]},{"@type":"Person","@id":"https:\/\/www.nettali.com\/#\/schema\/person\/418274a86bdf87caff7a3ef476bd0bbf","name":"Fatou","image":{"@type":"ImageObject","@id":"https:\/\/www.nettali.com\/#personlogo","inLanguage":"fr-FR","url":"https:\/\/secure.gravatar.com\/avatar\/5a9442a2bee7b4dcf167cab035858e9a?s=96&d=mm&r=g","contentUrl":"https:\/\/secure.gravatar.com\/avatar\/5a9442a2bee7b4dcf167cab035858e9a?s=96&d=mm&r=g","caption":"Fatou"},"sameAs":["https:\/\/www.nettali.com"]}]}},"_links":{"self":[{"href":"https:\/\/www.nettali.com\/rest\/wp\/v2\/posts\/96975"}],"collection":[{"href":"https:\/\/www.nettali.com\/rest\/wp\/v2\/posts"}],"about":[{"href":"https:\/\/www.nettali.com\/rest\/wp\/v2\/types\/post"}],"author":[{"embeddable":true,"href":"https:\/\/www.nettali.com\/rest\/wp\/v2\/users\/6"}],"replies":[{"embeddable":true,"href":"https:\/\/www.nettali.com\/rest\/wp\/v2\/comments?post=96975"}],"version-history":[{"count":3,"href":"https:\/\/www.nettali.com\/rest\/wp\/v2\/posts\/96975\/revisions"}],"predecessor-version":[{"id":96978,"href":"https:\/\/www.nettali.com\/rest\/wp\/v2\/posts\/96975\/revisions\/96978"}],"wp:featuredmedia":[{"embeddable":true,"href":"https:\/\/www.nettali.com\/rest\/wp\/v2\/media\/7128"}],"wp:attachment":[{"href":"https:\/\/www.nettali.com\/rest\/wp\/v2\/media?parent=96975"}],"wp:term":[{"taxonomy":"category","embeddable":true,"href":"https:\/\/www.nettali.com\/rest\/wp\/v2\/categories?post=96975"},{"taxonomy":"post_tag","embeddable":true,"href":"https:\/\/www.nettali.com\/rest\/wp\/v2\/tags?post=96975"}],"curies":[{"name":"wp","href":"https:\/\/api.w.org\/{rel}","templated":true}]}}