{"id":96829,"date":"2022-10-31T07:59:17","date_gmt":"2022-10-31T07:59:17","guid":{"rendered":"https:\/\/www.nettali.com\/?p=96829"},"modified":"2022-11-01T17:31:30","modified_gmt":"2022-11-01T17:31:30","slug":"affaire-adji-sarr-ousmane-sonko-auditionne-jeudi","status":"publish","type":"post","link":"https:\/\/www.nettali.com\/2022\/10\/31\/affaire-adji-sarr-ousmane-sonko-auditionne-jeudi\/","title":{"rendered":"AFFAIRE ADJI SARR - Ousmane Sonko auditionn\u00e9 jeudi"},"content":{"rendered":"<p><strong>NETTALI.COM - Le leader de Pastef, Ousmane Sonko, sera auditionn\u00e9 le jeudi 3 novembre prochain par le Doyen des juges du tribunal de grande instance de Dakar. Une information confirm\u00e9e par l'un de ses avocats, Me Bamba Ciss\u00e9.<\/strong><\/p>\n<p>La date de l\u2019audition de Ousmane Sonko est finalement retenue. Le leader de Pastef sera entendu jeudi prochain dans le cadre de l\u2019affaire de viol qui l\u2019oppose \u00e0 la masseuse Adji Sarr. <em>\"Sauf changement de derni\u00e8re minute, notre client Ousmane Sonko sera auditionn\u00e9 ce jeudi 3 novembre 2022\"<\/em>, confirme Me Bamba Ciss\u00e9.<\/p>\n<p>Le maire de Ziguinchor, plac\u00e9 sous contr\u00f4le judiciaire suite \u00e0 la plainte de cette derni\u00e8re, fera face ainsi que Doyen des juges, Oumar Maham Diallo pour \u00eatre auditionn\u00e9 dans le fond du dossier. Le magistrat a d\u00e9cid\u00e9 ainsi de relancer le dossier apr\u00e8s son retour des vacances judiciaires.<\/p>\n<p>Ousmane Sonko va ainsi \u00eatre entendu apr\u00e8s Adji Sarr, qui accuse Sonko de viol et menaces de mort, Nd\u00e8ye Khady Ndiaye, inculp\u00e9e dans l'affaire, Mohamed Mbaye, en tant que t\u00e9moin et l'autre masseuse, coll\u00e8gue d'Adji Sarr.<\/p>\n<p>D\u00e9j\u00e0, les forces de d\u00e9fense et de s\u00e9curit\u00e9 sont en alerte maximale.\u00a0 Un message radio a \u00e9t\u00e9 lanc\u00e9 par le Commandant Masserigne Faye pour consigner tous les \u00e9l\u00e9ments du Groupement mobile d'intervention (Gmi). La gendarmerie, nous dit-on, s'est \u00e9galement mobilis\u00e9e pour parer \u00e0 toutes les \u00e9ventualit\u00e9s.<\/p>\n<div class='share-to-whatsapp-wrapper'><div class='share-on-whsp'>PARTAGER SUR : <\/div><a data-text='AFFAIRE ADJI SARR - Ousmane Sonko auditionn\u00e9 jeudi' data-link='https:\/\/www.nettali.com\/2022\/10\/31\/affaire-adji-sarr-ousmane-sonko-auditionne-jeudi\/' class='whatsapp-button whatsapp-share'>WhatsApp<\/a><div class='clear '><\/div><\/div>","protected":false},"excerpt":{"rendered":"<p>NETTALI.COM - Le leader de Pastef, Ousmane Sonko, sera auditionn\u00e9 le jeudi 3 novembre prochain par le Doyen des juges du tribunal de grande instance de Dakar. Une information confirm\u00e9e par l'un de ses avocats, Me Bamba Ciss\u00e9. La date de l\u2019audition de Ousmane Sonko est finalement retenue. Le leader de Pastef sera entendu jeudi [&hellip;]<\/p>\n","protected":false},"author":4,"featured_media":86613,"comment_status":"open","ping_status":"open","sticky":false,"template":"","format":"standard","meta":{"_et_pb_use_builder":"","_et_pb_old_content":""},"categories":[3],"tags":[],"yoast_head":"<!-- This site is optimized with the Yoast SEO Premium plugin v17.8 (Yoast SEO v17.8) - https:\/\/yoast.com\/wordpress\/plugins\/seo\/ -->\n<title>AFFAIRE ADJI SARR - Ousmane Sonko auditionn\u00e9 jeudi | Nettali.com<\/title>\n<meta name=\"robots\" content=\"index, follow, max-snippet:-1, max-image-preview:large, max-video-preview:-1\" \/>\n<link rel=\"canonical\" href=\"https:\/\/www.nettali.com\/2022\/10\/31\/affaire-adji-sarr-ousmane-sonko-auditionne-jeudi\/\" \/>\n<meta property=\"og:locale\" content=\"fr_FR\" \/>\n<meta property=\"og:type\" content=\"article\" \/>\n<meta property=\"og:title\" content=\"AFFAIRE ADJI SARR - Ousmane Sonko auditionn\u00e9 jeudi\" \/>\n<meta property=\"og:description\" content=\"NETTALI.COM - Le leader de Pastef, Ousmane Sonko, sera auditionn\u00e9 le jeudi 3 novembre prochain par le Doyen des juges du tribunal de grande instance de Dakar. Une information confirm\u00e9e par l&#039;un de ses avocats, Me Bamba Ciss\u00e9. La date de l\u2019audition de Ousmane Sonko est finalement retenue. Le leader de Pastef sera entendu jeudi [&hellip;]\" \/>\n<meta property=\"og:url\" content=\"https:\/\/www.nettali.com\/2022\/10\/31\/affaire-adji-sarr-ousmane-sonko-auditionne-jeudi\/\" \/>\n<meta property=\"og:site_name\" content=\"Nettali.com\" \/>\n<meta property=\"article:publisher\" content=\"https:\/\/www.facebook.com\/nettalicom\" \/>\n<meta property=\"article:published_time\" content=\"2022-10-31T07:59:17+00:00\" \/>\n<meta property=\"article:modified_time\" content=\"2022-11-01T17:31:30+00:00\" \/>\n<meta property=\"og:image\" content=\"https:\/\/www.nettali.com\/wp-content\/uploads\/2022\/05\/Sonko-Adji-Sarr.jpeg\" \/>\n\t<meta property=\"og:image:width\" content=\"592\" \/>\n\t<meta property=\"og:image:height\" content=\"296\" \/>\n<meta name=\"twitter:card\" content=\"summary_large_image\" \/>\n<meta name=\"twitter:label1\" content=\"\u00c9crit par\" \/>\n\t<meta name=\"twitter:data1\" content=\"Daouda\" \/>\n\t<meta name=\"twitter:label2\" content=\"Dur\u00e9e de lecture estim\u00e9e\" \/>\n\t<meta name=\"twitter:data2\" content=\"2 minutes\" \/>\n<script type=\"application\/ld+json\" class=\"yoast-schema-graph\">{\"@context\":\"https:\/\/schema.org\",\"@graph\":[{\"@type\":\"WebSite\",\"@id\":\"https:\/\/www.nettali.com\/#website\",\"url\":\"https:\/\/www.nettali.com\/\",\"name\":\"Nettali.com\",\"description\":\"Le rendez-vous critique du Net\",\"potentialAction\":[{\"@type\":\"SearchAction\",\"target\":{\"@type\":\"EntryPoint\",\"urlTemplate\":\"https:\/\/www.nettali.com\/?s={search_term_string}\"},\"query-input\":\"required name=search_term_string\"}],\"inLanguage\":\"fr-FR\"},{\"@type\":\"ImageObject\",\"@id\":\"https:\/\/www.nettali.com\/2022\/10\/31\/affaire-adji-sarr-ousmane-sonko-auditionne-jeudi\/#primaryimage\",\"inLanguage\":\"fr-FR\",\"url\":\"https:\/\/www.nettali.com\/wp-content\/uploads\/2022\/05\/Sonko-Adji-Sarr.jpeg\",\"contentUrl\":\"https:\/\/www.nettali.com\/wp-content\/uploads\/2022\/05\/Sonko-Adji-Sarr.jpeg\",\"width\":592,\"height\":296},{\"@type\":\"WebPage\",\"@id\":\"https:\/\/www.nettali.com\/2022\/10\/31\/affaire-adji-sarr-ousmane-sonko-auditionne-jeudi\/#webpage\",\"url\":\"https:\/\/www.nettali.com\/2022\/10\/31\/affaire-adji-sarr-ousmane-sonko-auditionne-jeudi\/\",\"name\":\"AFFAIRE ADJI SARR - Ousmane Sonko auditionn\\u00e9 jeudi | Nettali.com\",\"isPartOf\":{\"@id\":\"https:\/\/www.nettali.com\/#website\"},\"primaryImageOfPage\":{\"@id\":\"https:\/\/www.nettali.com\/2022\/10\/31\/affaire-adji-sarr-ousmane-sonko-auditionne-jeudi\/#primaryimage\"},\"datePublished\":\"2022-10-31T07:59:17+00:00\",\"dateModified\":\"2022-11-01T17:31:30+00:00\",\"author\":{\"@id\":\"https:\/\/www.nettali.com\/#\/schema\/person\/3317e0bb3aa1da309fbf7b2780901bf4\"},\"breadcrumb\":{\"@id\":\"https:\/\/www.nettali.com\/2022\/10\/31\/affaire-adji-sarr-ousmane-sonko-auditionne-jeudi\/#breadcrumb\"},\"inLanguage\":\"fr-FR\",\"potentialAction\":[{\"@type\":\"ReadAction\",\"target\":[\"https:\/\/www.nettali.com\/2022\/10\/31\/affaire-adji-sarr-ousmane-sonko-auditionne-jeudi\/\"]}]},{\"@type\":\"BreadcrumbList\",\"@id\":\"https:\/\/www.nettali.com\/2022\/10\/31\/affaire-adji-sarr-ousmane-sonko-auditionne-jeudi\/#breadcrumb\",\"itemListElement\":[{\"@type\":\"ListItem\",\"position\":1,\"name\":\"Accueil\",\"item\":\"https:\/\/www.nettali.com\/\"},{\"@type\":\"ListItem\",\"position\":2,\"name\":\"AFFAIRE ADJI SARR - Ousmane Sonko auditionn\\u00e9 jeudi\"}]},{\"@type\":\"Person\",\"@id\":\"https:\/\/www.nettali.com\/#\/schema\/person\/3317e0bb3aa1da309fbf7b2780901bf4\",\"name\":\"Daouda\",\"image\":{\"@type\":\"ImageObject\",\"@id\":\"https:\/\/www.nettali.com\/#personlogo\",\"inLanguage\":\"fr-FR\",\"url\":\"https:\/\/secure.gravatar.com\/avatar\/8d143b5a49345098ddcfee1c49c2f47c?s=96&d=mm&r=g\",\"contentUrl\":\"https:\/\/secure.gravatar.com\/avatar\/8d143b5a49345098ddcfee1c49c2f47c?s=96&d=mm&r=g\",\"caption\":\"Daouda\"},\"sameAs\":[\"https:\/\/www.nettali.com\"]}]}<\/script>\n<!-- \/ Yoast SEO Premium plugin. -->","yoast_head_json":{"title":"AFFAIRE ADJI SARR - Ousmane Sonko auditionn\u00e9 jeudi | Nettali.com","robots":{"index":"index","follow":"follow","max-snippet":"max-snippet:-1","max-image-preview":"max-image-preview:large","max-video-preview":"max-video-preview:-1"},"canonical":"https:\/\/www.nettali.com\/2022\/10\/31\/affaire-adji-sarr-ousmane-sonko-auditionne-jeudi\/","og_locale":"fr_FR","og_type":"article","og_title":"AFFAIRE ADJI SARR - Ousmane Sonko auditionn\u00e9 jeudi","og_description":"NETTALI.COM - Le leader de Pastef, Ousmane Sonko, sera auditionn\u00e9 le jeudi 3 novembre prochain par le Doyen des juges du tribunal de grande instance de Dakar. Une information confirm\u00e9e par l'un de ses avocats, Me Bamba Ciss\u00e9. La date de l\u2019audition de Ousmane Sonko est finalement retenue. Le leader de Pastef sera entendu jeudi [&hellip;]","og_url":"https:\/\/www.nettali.com\/2022\/10\/31\/affaire-adji-sarr-ousmane-sonko-auditionne-jeudi\/","og_site_name":"Nettali.com","article_publisher":"https:\/\/www.facebook.com\/nettalicom","article_published_time":"2022-10-31T07:59:17+00:00","article_modified_time":"2022-11-01T17:31:30+00:00","og_image":[{"width":592,"height":296,"url":"https:\/\/www.nettali.com\/wp-content\/uploads\/2022\/05\/Sonko-Adji-Sarr.jpeg","type":"image\/jpeg"}],"twitter_card":"summary_large_image","twitter_misc":{"\u00c9crit par":"Daouda","Dur\u00e9e de lecture estim\u00e9e":"2 minutes"},"schema":{"@context":"https:\/\/schema.org","@graph":[{"@type":"WebSite","@id":"https:\/\/www.nettali.com\/#website","url":"https:\/\/www.nettali.com\/","name":"Nettali.com","description":"Le rendez-vous critique du Net","potentialAction":[{"@type":"SearchAction","target":{"@type":"EntryPoint","urlTemplate":"https:\/\/www.nettali.com\/?s={search_term_string}"},"query-input":"required name=search_term_string"}],"inLanguage":"fr-FR"},{"@type":"ImageObject","@id":"https:\/\/www.nettali.com\/2022\/10\/31\/affaire-adji-sarr-ousmane-sonko-auditionne-jeudi\/#primaryimage","inLanguage":"fr-FR","url":"https:\/\/www.nettali.com\/wp-content\/uploads\/2022\/05\/Sonko-Adji-Sarr.jpeg","contentUrl":"https:\/\/www.nettali.com\/wp-content\/uploads\/2022\/05\/Sonko-Adji-Sarr.jpeg","width":592,"height":296},{"@type":"WebPage","@id":"https:\/\/www.nettali.com\/2022\/10\/31\/affaire-adji-sarr-ousmane-sonko-auditionne-jeudi\/#webpage","url":"https:\/\/www.nettali.com\/2022\/10\/31\/affaire-adji-sarr-ousmane-sonko-auditionne-jeudi\/","name":"AFFAIRE ADJI SARR - Ousmane Sonko auditionn\u00e9 jeudi | Nettali.com","isPartOf":{"@id":"https:\/\/www.nettali.com\/#website"},"primaryImageOfPage":{"@id":"https:\/\/www.nettali.com\/2022\/10\/31\/affaire-adji-sarr-ousmane-sonko-auditionne-jeudi\/#primaryimage"},"datePublished":"2022-10-31T07:59:17+00:00","dateModified":"2022-11-01T17:31:30+00:00","author":{"@id":"https:\/\/www.nettali.com\/#\/schema\/person\/3317e0bb3aa1da309fbf7b2780901bf4"},"breadcrumb":{"@id":"https:\/\/www.nettali.com\/2022\/10\/31\/affaire-adji-sarr-ousmane-sonko-auditionne-jeudi\/#breadcrumb"},"inLanguage":"fr-FR","potentialAction":[{"@type":"ReadAction","target":["https:\/\/www.nettali.com\/2022\/10\/31\/affaire-adji-sarr-ousmane-sonko-auditionne-jeudi\/"]}]},{"@type":"BreadcrumbList","@id":"https:\/\/www.nettali.com\/2022\/10\/31\/affaire-adji-sarr-ousmane-sonko-auditionne-jeudi\/#breadcrumb","itemListElement":[{"@type":"ListItem","position":1,"name":"Accueil","item":"https:\/\/www.nettali.com\/"},{"@type":"ListItem","position":2,"name":"AFFAIRE ADJI SARR - Ousmane Sonko auditionn\u00e9 jeudi"}]},{"@type":"Person","@id":"https:\/\/www.nettali.com\/#\/schema\/person\/3317e0bb3aa1da309fbf7b2780901bf4","name":"Daouda","image":{"@type":"ImageObject","@id":"https:\/\/www.nettali.com\/#personlogo","inLanguage":"fr-FR","url":"https:\/\/secure.gravatar.com\/avatar\/8d143b5a49345098ddcfee1c49c2f47c?s=96&d=mm&r=g","contentUrl":"https:\/\/secure.gravatar.com\/avatar\/8d143b5a49345098ddcfee1c49c2f47c?s=96&d=mm&r=g","caption":"Daouda"},"sameAs":["https:\/\/www.nettali.com"]}]}},"_links":{"self":[{"href":"https:\/\/www.nettali.com\/rest\/wp\/v2\/posts\/96829"}],"collection":[{"href":"https:\/\/www.nettali.com\/rest\/wp\/v2\/posts"}],"about":[{"href":"https:\/\/www.nettali.com\/rest\/wp\/v2\/types\/post"}],"author":[{"embeddable":true,"href":"https:\/\/www.nettali.com\/rest\/wp\/v2\/users\/4"}],"replies":[{"embeddable":true,"href":"https:\/\/www.nettali.com\/rest\/wp\/v2\/comments?post=96829"}],"version-history":[{"count":1,"href":"https:\/\/www.nettali.com\/rest\/wp\/v2\/posts\/96829\/revisions"}],"predecessor-version":[{"id":96831,"href":"https:\/\/www.nettali.com\/rest\/wp\/v2\/posts\/96829\/revisions\/96831"}],"wp:featuredmedia":[{"embeddable":true,"href":"https:\/\/www.nettali.com\/rest\/wp\/v2\/media\/86613"}],"wp:attachment":[{"href":"https:\/\/www.nettali.com\/rest\/wp\/v2\/media?parent=96829"}],"wp:term":[{"taxonomy":"category","embeddable":true,"href":"https:\/\/www.nettali.com\/rest\/wp\/v2\/categories?post=96829"},{"taxonomy":"post_tag","embeddable":true,"href":"https:\/\/www.nettali.com\/rest\/wp\/v2\/tags?post=96829"}],"curies":[{"name":"wp","href":"https:\/\/api.w.org\/{rel}","templated":true}]}}