{"id":96825,"date":"2022-10-31T07:47:25","date_gmt":"2022-10-31T07:47:25","guid":{"rendered":"https:\/\/www.nettali.com\/?p=96825"},"modified":"2022-10-31T07:47:25","modified_gmt":"2022-10-31T07:47:25","slug":"mondial-2022-keita-diao-balde-forfait","status":"publish","type":"post","link":"https:\/\/www.nettali.com\/2022\/10\/31\/mondial-2022-keita-diao-balde-forfait\/","title":{"rendered":"MONDIAL 2022 - Ke\u00efta Diao Bald\u00e9 forfait !"},"content":{"rendered":"<p><strong>NETTALI.COM - Pas de Mondial pour Keita Diao Bald\u00e9. Le verdict \u00e9tait redout\u00e9 par les supporters s\u00e9n\u00e9galais, il vient de tomber ce dimanche 30 octobre ! Suspendu par le Tribunal national antidopage italien lorsqu\u2019il \u00e9voluait \u00e0 Cagliari, l\u2019international s\u00e9n\u00e9galais Ke\u00efta Bald\u00e9 a d\u00e9cid\u00e9 de ne pas faire appel du jugement rendu le 17 septembre dernier.<\/strong><\/p>\n<p>Mauvaise nouvelle pour Ke\u00efta Diao Bald\u00e9 \u00e0 trois semaines du coup d'envoi de la 22\u00e8me \u00e9dition de la coupe du monde. L\u2019ailier international s\u00e9n\u00e9galais qui a r\u00e9cemment sign\u00e9 au Spartak Moscou se voit officiellement refuser le droit de pratiquer le football jusqu\u2019au 5 d\u00e9cembre prochain et ce, en raison de \"<em>violation d\u2019un contr\u00f4le antidopage<\/em>\".<\/p>\n<p>Champion d\u2019Afrique 2022, l\u2019homme aux 40 s\u00e9lections avec les Lions va ainsi bel et bien rater la prochain\u00a0Mondial\u00a0au Qatar (20 novembre-18 d\u00e9cembre).<\/p>\n<p>Ainsi, l\u2019ancien pensionnaire du FC Barcelone, de l\u2019Inter Milan et de la Lazio rejoint les malheureux\u00a0Bouna Sarr\u00a0et Moussa Niakhat\u00e9 dans la liste des joueurs s\u00e9n\u00e9galais forfaits pour le Mondial 2022 qui verra le S\u00e9n\u00e9gal croiser le fer avec les Pays-Bas, le Qatar et l\u2019Equateur.<\/p>\n<div class='share-to-whatsapp-wrapper'><div class='share-on-whsp'>PARTAGER SUR : <\/div><a data-text='MONDIAL 2022 - Ke\u00efta Diao Bald\u00e9 forfait !' data-link='https:\/\/www.nettali.com\/2022\/10\/31\/mondial-2022-keita-diao-balde-forfait\/' class='whatsapp-button whatsapp-share'>WhatsApp<\/a><div class='clear '><\/div><\/div>","protected":false},"excerpt":{"rendered":"<p>NETTALI.COM - Pas de Mondial pour Keita Diao Bald\u00e9. Le verdict \u00e9tait redout\u00e9 par les supporters s\u00e9n\u00e9galais, il vient de tomber ce dimanche 30 octobre ! Suspendu par le Tribunal national antidopage italien lorsqu\u2019il \u00e9voluait \u00e0 Cagliari, l\u2019international s\u00e9n\u00e9galais Ke\u00efta Bald\u00e9 a d\u00e9cid\u00e9 de ne pas faire appel du jugement rendu le 17 septembre dernier. [&hellip;]<\/p>\n","protected":false},"author":5,"featured_media":96820,"comment_status":"open","ping_status":"open","sticky":false,"template":"","format":"standard","meta":{"_et_pb_use_builder":"","_et_pb_old_content":""},"categories":[6],"tags":[],"yoast_head":"<!-- This site is optimized with the Yoast SEO Premium plugin v17.8 (Yoast SEO v17.8) - https:\/\/yoast.com\/wordpress\/plugins\/seo\/ -->\n<title>MONDIAL 2022 - Ke\u00efta Diao Bald\u00e9 forfait ! | Nettali.com<\/title>\n<meta name=\"robots\" content=\"index, follow, max-snippet:-1, max-image-preview:large, max-video-preview:-1\" \/>\n<link rel=\"canonical\" href=\"https:\/\/www.nettali.com\/2022\/10\/31\/mondial-2022-keita-diao-balde-forfait\/\" \/>\n<meta property=\"og:locale\" content=\"fr_FR\" \/>\n<meta property=\"og:type\" content=\"article\" \/>\n<meta property=\"og:title\" content=\"MONDIAL 2022 - Ke\u00efta Diao Bald\u00e9 forfait !\" \/>\n<meta property=\"og:description\" content=\"NETTALI.COM - Pas de Mondial pour Keita Diao Bald\u00e9. Le verdict \u00e9tait redout\u00e9 par les supporters s\u00e9n\u00e9galais, il vient de tomber ce dimanche 30 octobre ! Suspendu par le Tribunal national antidopage italien lorsqu\u2019il \u00e9voluait \u00e0 Cagliari, l\u2019international s\u00e9n\u00e9galais Ke\u00efta Bald\u00e9 a d\u00e9cid\u00e9 de ne pas faire appel du jugement rendu le 17 septembre dernier. [&hellip;]\" \/>\n<meta property=\"og:url\" content=\"https:\/\/www.nettali.com\/2022\/10\/31\/mondial-2022-keita-diao-balde-forfait\/\" \/>\n<meta property=\"og:site_name\" content=\"Nettali.com\" \/>\n<meta property=\"article:publisher\" content=\"https:\/\/www.facebook.com\/nettalicom\" \/>\n<meta property=\"article:published_time\" content=\"2022-10-31T07:47:25+00:00\" \/>\n<meta property=\"og:image\" content=\"https:\/\/www.nettali.com\/wp-content\/uploads\/2022\/10\/Keita-Balde.jpg\" \/>\n\t<meta property=\"og:image:width\" content=\"1021\" \/>\n\t<meta property=\"og:image:height\" content=\"580\" \/>\n<meta name=\"twitter:card\" content=\"summary_large_image\" \/>\n<meta name=\"twitter:label1\" content=\"\u00c9crit par\" \/>\n\t<meta name=\"twitter:data1\" content=\"Ibrahima\" \/>\n\t<meta name=\"twitter:label2\" content=\"Dur\u00e9e de lecture estim\u00e9e\" \/>\n\t<meta name=\"twitter:data2\" content=\"1 minute\" \/>\n<script type=\"application\/ld+json\" class=\"yoast-schema-graph\">{\"@context\":\"https:\/\/schema.org\",\"@graph\":[{\"@type\":\"WebSite\",\"@id\":\"https:\/\/www.nettali.com\/#website\",\"url\":\"https:\/\/www.nettali.com\/\",\"name\":\"Nettali.com\",\"description\":\"Le rendez-vous critique du Net\",\"potentialAction\":[{\"@type\":\"SearchAction\",\"target\":{\"@type\":\"EntryPoint\",\"urlTemplate\":\"https:\/\/www.nettali.com\/?s={search_term_string}\"},\"query-input\":\"required name=search_term_string\"}],\"inLanguage\":\"fr-FR\"},{\"@type\":\"ImageObject\",\"@id\":\"https:\/\/www.nettali.com\/2022\/10\/31\/mondial-2022-keita-diao-balde-forfait\/#primaryimage\",\"inLanguage\":\"fr-FR\",\"url\":\"https:\/\/www.nettali.com\/wp-content\/uploads\/2022\/10\/Keita-Balde.jpg\",\"contentUrl\":\"https:\/\/www.nettali.com\/wp-content\/uploads\/2022\/10\/Keita-Balde.jpg\",\"width\":1021,\"height\":580},{\"@type\":\"WebPage\",\"@id\":\"https:\/\/www.nettali.com\/2022\/10\/31\/mondial-2022-keita-diao-balde-forfait\/#webpage\",\"url\":\"https:\/\/www.nettali.com\/2022\/10\/31\/mondial-2022-keita-diao-balde-forfait\/\",\"name\":\"MONDIAL 2022 - Ke\\u00efta Diao Bald\\u00e9 forfait ! | Nettali.com\",\"isPartOf\":{\"@id\":\"https:\/\/www.nettali.com\/#website\"},\"primaryImageOfPage\":{\"@id\":\"https:\/\/www.nettali.com\/2022\/10\/31\/mondial-2022-keita-diao-balde-forfait\/#primaryimage\"},\"datePublished\":\"2022-10-31T07:47:25+00:00\",\"dateModified\":\"2022-10-31T07:47:25+00:00\",\"author\":{\"@id\":\"https:\/\/www.nettali.com\/#\/schema\/person\/bb147657c2986240405a608162b9bb23\"},\"breadcrumb\":{\"@id\":\"https:\/\/www.nettali.com\/2022\/10\/31\/mondial-2022-keita-diao-balde-forfait\/#breadcrumb\"},\"inLanguage\":\"fr-FR\",\"potentialAction\":[{\"@type\":\"ReadAction\",\"target\":[\"https:\/\/www.nettali.com\/2022\/10\/31\/mondial-2022-keita-diao-balde-forfait\/\"]}]},{\"@type\":\"BreadcrumbList\",\"@id\":\"https:\/\/www.nettali.com\/2022\/10\/31\/mondial-2022-keita-diao-balde-forfait\/#breadcrumb\",\"itemListElement\":[{\"@type\":\"ListItem\",\"position\":1,\"name\":\"Accueil\",\"item\":\"https:\/\/www.nettali.com\/\"},{\"@type\":\"ListItem\",\"position\":2,\"name\":\"MONDIAL 2022 - Ke\\u00efta Diao Bald\\u00e9 forfait !\"}]},{\"@type\":\"Person\",\"@id\":\"https:\/\/www.nettali.com\/#\/schema\/person\/bb147657c2986240405a608162b9bb23\",\"name\":\"Ibrahima\",\"image\":{\"@type\":\"ImageObject\",\"@id\":\"https:\/\/www.nettali.com\/#personlogo\",\"inLanguage\":\"fr-FR\",\"url\":\"https:\/\/secure.gravatar.com\/avatar\/26a8a81f09f0dd7624c9d5c36c9ba3a2?s=96&d=mm&r=g\",\"contentUrl\":\"https:\/\/secure.gravatar.com\/avatar\/26a8a81f09f0dd7624c9d5c36c9ba3a2?s=96&d=mm&r=g\",\"caption\":\"Ibrahima\"},\"sameAs\":[\"https:\/\/www.nettali.com\"]}]}<\/script>\n<!-- \/ Yoast SEO Premium plugin. -->","yoast_head_json":{"title":"MONDIAL 2022 - Ke\u00efta Diao Bald\u00e9 forfait ! | Nettali.com","robots":{"index":"index","follow":"follow","max-snippet":"max-snippet:-1","max-image-preview":"max-image-preview:large","max-video-preview":"max-video-preview:-1"},"canonical":"https:\/\/www.nettali.com\/2022\/10\/31\/mondial-2022-keita-diao-balde-forfait\/","og_locale":"fr_FR","og_type":"article","og_title":"MONDIAL 2022 - Ke\u00efta Diao Bald\u00e9 forfait !","og_description":"NETTALI.COM - Pas de Mondial pour Keita Diao Bald\u00e9. Le verdict \u00e9tait redout\u00e9 par les supporters s\u00e9n\u00e9galais, il vient de tomber ce dimanche 30 octobre ! Suspendu par le Tribunal national antidopage italien lorsqu\u2019il \u00e9voluait \u00e0 Cagliari, l\u2019international s\u00e9n\u00e9galais Ke\u00efta Bald\u00e9 a d\u00e9cid\u00e9 de ne pas faire appel du jugement rendu le 17 septembre dernier. [&hellip;]","og_url":"https:\/\/www.nettali.com\/2022\/10\/31\/mondial-2022-keita-diao-balde-forfait\/","og_site_name":"Nettali.com","article_publisher":"https:\/\/www.facebook.com\/nettalicom","article_published_time":"2022-10-31T07:47:25+00:00","og_image":[{"width":1021,"height":580,"url":"https:\/\/www.nettali.com\/wp-content\/uploads\/2022\/10\/Keita-Balde.jpg","type":"image\/jpeg"}],"twitter_card":"summary_large_image","twitter_misc":{"\u00c9crit par":"Ibrahima","Dur\u00e9e de lecture estim\u00e9e":"1 minute"},"schema":{"@context":"https:\/\/schema.org","@graph":[{"@type":"WebSite","@id":"https:\/\/www.nettali.com\/#website","url":"https:\/\/www.nettali.com\/","name":"Nettali.com","description":"Le rendez-vous critique du Net","potentialAction":[{"@type":"SearchAction","target":{"@type":"EntryPoint","urlTemplate":"https:\/\/www.nettali.com\/?s={search_term_string}"},"query-input":"required name=search_term_string"}],"inLanguage":"fr-FR"},{"@type":"ImageObject","@id":"https:\/\/www.nettali.com\/2022\/10\/31\/mondial-2022-keita-diao-balde-forfait\/#primaryimage","inLanguage":"fr-FR","url":"https:\/\/www.nettali.com\/wp-content\/uploads\/2022\/10\/Keita-Balde.jpg","contentUrl":"https:\/\/www.nettali.com\/wp-content\/uploads\/2022\/10\/Keita-Balde.jpg","width":1021,"height":580},{"@type":"WebPage","@id":"https:\/\/www.nettali.com\/2022\/10\/31\/mondial-2022-keita-diao-balde-forfait\/#webpage","url":"https:\/\/www.nettali.com\/2022\/10\/31\/mondial-2022-keita-diao-balde-forfait\/","name":"MONDIAL 2022 - Ke\u00efta Diao Bald\u00e9 forfait ! | Nettali.com","isPartOf":{"@id":"https:\/\/www.nettali.com\/#website"},"primaryImageOfPage":{"@id":"https:\/\/www.nettali.com\/2022\/10\/31\/mondial-2022-keita-diao-balde-forfait\/#primaryimage"},"datePublished":"2022-10-31T07:47:25+00:00","dateModified":"2022-10-31T07:47:25+00:00","author":{"@id":"https:\/\/www.nettali.com\/#\/schema\/person\/bb147657c2986240405a608162b9bb23"},"breadcrumb":{"@id":"https:\/\/www.nettali.com\/2022\/10\/31\/mondial-2022-keita-diao-balde-forfait\/#breadcrumb"},"inLanguage":"fr-FR","potentialAction":[{"@type":"ReadAction","target":["https:\/\/www.nettali.com\/2022\/10\/31\/mondial-2022-keita-diao-balde-forfait\/"]}]},{"@type":"BreadcrumbList","@id":"https:\/\/www.nettali.com\/2022\/10\/31\/mondial-2022-keita-diao-balde-forfait\/#breadcrumb","itemListElement":[{"@type":"ListItem","position":1,"name":"Accueil","item":"https:\/\/www.nettali.com\/"},{"@type":"ListItem","position":2,"name":"MONDIAL 2022 - Ke\u00efta Diao Bald\u00e9 forfait !"}]},{"@type":"Person","@id":"https:\/\/www.nettali.com\/#\/schema\/person\/bb147657c2986240405a608162b9bb23","name":"Ibrahima","image":{"@type":"ImageObject","@id":"https:\/\/www.nettali.com\/#personlogo","inLanguage":"fr-FR","url":"https:\/\/secure.gravatar.com\/avatar\/26a8a81f09f0dd7624c9d5c36c9ba3a2?s=96&d=mm&r=g","contentUrl":"https:\/\/secure.gravatar.com\/avatar\/26a8a81f09f0dd7624c9d5c36c9ba3a2?s=96&d=mm&r=g","caption":"Ibrahima"},"sameAs":["https:\/\/www.nettali.com"]}]}},"_links":{"self":[{"href":"https:\/\/www.nettali.com\/rest\/wp\/v2\/posts\/96825"}],"collection":[{"href":"https:\/\/www.nettali.com\/rest\/wp\/v2\/posts"}],"about":[{"href":"https:\/\/www.nettali.com\/rest\/wp\/v2\/types\/post"}],"author":[{"embeddable":true,"href":"https:\/\/www.nettali.com\/rest\/wp\/v2\/users\/5"}],"replies":[{"embeddable":true,"href":"https:\/\/www.nettali.com\/rest\/wp\/v2\/comments?post=96825"}],"version-history":[{"count":1,"href":"https:\/\/www.nettali.com\/rest\/wp\/v2\/posts\/96825\/revisions"}],"predecessor-version":[{"id":96827,"href":"https:\/\/www.nettali.com\/rest\/wp\/v2\/posts\/96825\/revisions\/96827"}],"wp:featuredmedia":[{"embeddable":true,"href":"https:\/\/www.nettali.com\/rest\/wp\/v2\/media\/96820"}],"wp:attachment":[{"href":"https:\/\/www.nettali.com\/rest\/wp\/v2\/media?parent=96825"}],"wp:term":[{"taxonomy":"category","embeddable":true,"href":"https:\/\/www.nettali.com\/rest\/wp\/v2\/categories?post=96825"},{"taxonomy":"post_tag","embeddable":true,"href":"https:\/\/www.nettali.com\/rest\/wp\/v2\/tags?post=96825"}],"curies":[{"name":"wp","href":"https:\/\/api.w.org\/{rel}","templated":true}]}}