{"id":96658,"date":"2022-10-28T16:10:30","date_gmt":"2022-10-28T16:10:30","guid":{"rendered":"https:\/\/www.nettali.com\/?p=96658"},"modified":"2022-10-28T16:12:55","modified_gmt":"2022-10-28T16:12:55","slug":"affaire-achat-darmes-le-depute-abass-fall-demande-louverture-dune-enquete-parlementaire","status":"publish","type":"post","link":"https:\/\/www.nettali.com\/2022\/10\/28\/affaire-achat-darmes-le-depute-abass-fall-demande-louverture-dune-enquete-parlementaire\/","title":{"rendered":"AFFAIRE ACHAT D'ARMES- Le d\u00e9put\u00e9 Abass Fall demande l'ouverture d'une enqu\u00eate parlementaire"},"content":{"rendered":"<p><strong>NETTALI.COM- Le groupe parlementaire Yewu veut que l\u2019Assembl\u00e9e nationale \u00e9lucide la pol\u00e9mique sur l\u2019achat d\u2019armes d\u2019une valeur de plus de 45 milliards de FCfa par le minist\u00e8re de l\u2019Environnement. L\u2019un de ses membres, Abass Fall, a saisi le pr\u00e9sident de l\u2019Assembl\u00e9e nationale pour l\u2019ouverture d\u2019une enqu\u00eate parlementaire. <\/strong><\/p>\n<p>Malgr\u00e9 le d\u00e9menti du gouvernement, le groupe parlementaire Yewi n\u2019est pas satisfait des explications donn\u00e9es sur la pol\u00e9mique li\u00e9e \u00e0 l\u2019achat d\u2019armes par le minist\u00e8re de l\u2019Environnement. Pour \u00eatre \u00e9difi\u00e9, Abass Fall a saisi le pr\u00e9sident de l\u2019Assembl\u00e9e nationale pour l\u2019ouverture d\u2019une enqu\u00eate parlementaire\u00a0 par rapport au \u00ab contrat secret \u00bb. Il s'agit d'un contrat pass\u00e9 sous le magist\u00e8re de Abdoul Karim Sall entre l'Etat du S\u00e9n\u00e9gal et la soci\u00e9t\u00e9 \"commercial brokers La vie\". Le contrat d'un montant de 45 300 000 FCfa sign\u00e9 le 30 d\u00e9cembre 2021 est relatif \u00e0 la fourniture d'\u00e9quipements de s\u00e9curit\u00e9, de v\u00e9hicules d'intervention,\u00a0 de mat\u00e9riels techniques et de logistique de transmission et de communication .<\/p>\n<p>\u00ab\u00a0<em>Ce contrat sign\u00e9 avec un homme d\u2019affaires nig\u00e9rian douteux du nom de Abubakar Hima dit \u00ab\u00a0Petit Boube \u00bb constitue une n\u00e9buleuse qu\u2019il faudra clarifier pour que les S\u00e9n\u00e9galais soient \u00e9difi\u00e9s sur cette affaire qui d\u00e9fraie la chronique depuis quelques jours\u00a0<\/em>\u00bb, \u00e9crit Abass Fall, dans la correspondance adress\u00e9e \u00e0 Dr Amadou Mame Diop.<\/p>\n<div class='share-to-whatsapp-wrapper'><div class='share-on-whsp'>PARTAGER SUR : <\/div><a data-text='AFFAIRE ACHAT D'ARMES- Le d\u00e9put\u00e9 Abass Fall demande l'ouverture d'une enqu\u00eate parlementaire' data-link='https:\/\/www.nettali.com\/2022\/10\/28\/affaire-achat-darmes-le-depute-abass-fall-demande-louverture-dune-enquete-parlementaire\/' class='whatsapp-button whatsapp-share'>WhatsApp<\/a><div class='clear '><\/div><\/div>","protected":false},"excerpt":{"rendered":"<p>NETTALI.COM- Le groupe parlementaire Yewu veut que l\u2019Assembl\u00e9e nationale \u00e9lucide la pol\u00e9mique sur l\u2019achat d\u2019armes d\u2019une valeur de plus de 45 milliards de FCfa par le minist\u00e8re de l\u2019Environnement. L\u2019un de ses membres, Abass Fall, a saisi le pr\u00e9sident de l\u2019Assembl\u00e9e nationale pour l\u2019ouverture d\u2019une enqu\u00eate parlementaire. Malgr\u00e9 le d\u00e9menti du gouvernement, le groupe parlementaire [&hellip;]<\/p>\n","protected":false},"author":6,"featured_media":0,"comment_status":"open","ping_status":"open","sticky":false,"template":"","format":"standard","meta":{"_et_pb_use_builder":"","_et_pb_old_content":""},"categories":[2],"tags":[],"yoast_head":"<!-- This site is optimized with the Yoast SEO Premium plugin v17.8 (Yoast SEO v17.8) - https:\/\/yoast.com\/wordpress\/plugins\/seo\/ -->\n<title>AFFAIRE ACHAT D&#039;ARMES- Le d\u00e9put\u00e9 Abass Fall demande l&#039;ouverture d&#039;une enqu\u00eate parlementaire | Nettali.com<\/title>\n<meta name=\"robots\" content=\"index, follow, max-snippet:-1, max-image-preview:large, max-video-preview:-1\" \/>\n<link rel=\"canonical\" href=\"https:\/\/www.nettali.com\/2022\/10\/28\/affaire-achat-darmes-le-depute-abass-fall-demande-louverture-dune-enquete-parlementaire\/\" \/>\n<meta property=\"og:locale\" content=\"fr_FR\" \/>\n<meta property=\"og:type\" content=\"article\" \/>\n<meta property=\"og:title\" content=\"AFFAIRE ACHAT D&#039;ARMES- Le d\u00e9put\u00e9 Abass Fall demande l&#039;ouverture d&#039;une enqu\u00eate parlementaire\" \/>\n<meta property=\"og:description\" content=\"NETTALI.COM- Le groupe parlementaire Yewu veut que l\u2019Assembl\u00e9e nationale \u00e9lucide la pol\u00e9mique sur l\u2019achat d\u2019armes d\u2019une valeur de plus de 45 milliards de FCfa par le minist\u00e8re de l\u2019Environnement. L\u2019un de ses membres, Abass Fall, a saisi le pr\u00e9sident de l\u2019Assembl\u00e9e nationale pour l\u2019ouverture d\u2019une enqu\u00eate parlementaire. Malgr\u00e9 le d\u00e9menti du gouvernement, le groupe parlementaire [&hellip;]\" \/>\n<meta property=\"og:url\" content=\"https:\/\/www.nettali.com\/2022\/10\/28\/affaire-achat-darmes-le-depute-abass-fall-demande-louverture-dune-enquete-parlementaire\/\" \/>\n<meta property=\"og:site_name\" content=\"Nettali.com\" \/>\n<meta property=\"article:publisher\" content=\"https:\/\/www.facebook.com\/nettalicom\" \/>\n<meta property=\"article:published_time\" content=\"2022-10-28T16:10:30+00:00\" \/>\n<meta property=\"article:modified_time\" content=\"2022-10-28T16:12:55+00:00\" \/>\n<meta property=\"og:image\" content=\"https:\/\/www.nettali.com\/wp-content\/uploads\/2019\/03\/nettali-placeholder-post.jpg\" \/>\n\t<meta property=\"og:image:width\" content=\"1200\" \/>\n\t<meta property=\"og:image:height\" content=\"1200\" \/>\n<meta name=\"twitter:card\" content=\"summary_large_image\" \/>\n<meta name=\"twitter:label1\" content=\"\u00c9crit par\" \/>\n\t<meta name=\"twitter:data1\" content=\"Fatou\" \/>\n\t<meta name=\"twitter:label2\" content=\"Dur\u00e9e de lecture estim\u00e9e\" \/>\n\t<meta name=\"twitter:data2\" content=\"2 minutes\" \/>\n<script type=\"application\/ld+json\" class=\"yoast-schema-graph\">{\"@context\":\"https:\/\/schema.org\",\"@graph\":[{\"@type\":\"WebSite\",\"@id\":\"https:\/\/www.nettali.com\/#website\",\"url\":\"https:\/\/www.nettali.com\/\",\"name\":\"Nettali.com\",\"description\":\"Le rendez-vous critique du Net\",\"potentialAction\":[{\"@type\":\"SearchAction\",\"target\":{\"@type\":\"EntryPoint\",\"urlTemplate\":\"https:\/\/www.nettali.com\/?s={search_term_string}\"},\"query-input\":\"required name=search_term_string\"}],\"inLanguage\":\"fr-FR\"},{\"@type\":\"WebPage\",\"@id\":\"https:\/\/www.nettali.com\/2022\/10\/28\/affaire-achat-darmes-le-depute-abass-fall-demande-louverture-dune-enquete-parlementaire\/#webpage\",\"url\":\"https:\/\/www.nettali.com\/2022\/10\/28\/affaire-achat-darmes-le-depute-abass-fall-demande-louverture-dune-enquete-parlementaire\/\",\"name\":\"AFFAIRE ACHAT D'ARMES- Le d\\u00e9put\\u00e9 Abass Fall demande l'ouverture d'une enqu\\u00eate parlementaire | Nettali.com\",\"isPartOf\":{\"@id\":\"https:\/\/www.nettali.com\/#website\"},\"datePublished\":\"2022-10-28T16:10:30+00:00\",\"dateModified\":\"2022-10-28T16:12:55+00:00\",\"author\":{\"@id\":\"https:\/\/www.nettali.com\/#\/schema\/person\/418274a86bdf87caff7a3ef476bd0bbf\"},\"breadcrumb\":{\"@id\":\"https:\/\/www.nettali.com\/2022\/10\/28\/affaire-achat-darmes-le-depute-abass-fall-demande-louverture-dune-enquete-parlementaire\/#breadcrumb\"},\"inLanguage\":\"fr-FR\",\"potentialAction\":[{\"@type\":\"ReadAction\",\"target\":[\"https:\/\/www.nettali.com\/2022\/10\/28\/affaire-achat-darmes-le-depute-abass-fall-demande-louverture-dune-enquete-parlementaire\/\"]}]},{\"@type\":\"BreadcrumbList\",\"@id\":\"https:\/\/www.nettali.com\/2022\/10\/28\/affaire-achat-darmes-le-depute-abass-fall-demande-louverture-dune-enquete-parlementaire\/#breadcrumb\",\"itemListElement\":[{\"@type\":\"ListItem\",\"position\":1,\"name\":\"Accueil\",\"item\":\"https:\/\/www.nettali.com\/\"},{\"@type\":\"ListItem\",\"position\":2,\"name\":\"AFFAIRE ACHAT D'ARMES- Le d\\u00e9put\\u00e9 Abass Fall demande l'ouverture d'une enqu\\u00eate parlementaire\"}]},{\"@type\":\"Person\",\"@id\":\"https:\/\/www.nettali.com\/#\/schema\/person\/418274a86bdf87caff7a3ef476bd0bbf\",\"name\":\"Fatou\",\"image\":{\"@type\":\"ImageObject\",\"@id\":\"https:\/\/www.nettali.com\/#personlogo\",\"inLanguage\":\"fr-FR\",\"url\":\"https:\/\/secure.gravatar.com\/avatar\/5a9442a2bee7b4dcf167cab035858e9a?s=96&d=mm&r=g\",\"contentUrl\":\"https:\/\/secure.gravatar.com\/avatar\/5a9442a2bee7b4dcf167cab035858e9a?s=96&d=mm&r=g\",\"caption\":\"Fatou\"},\"sameAs\":[\"https:\/\/www.nettali.com\"]}]}<\/script>\n<!-- \/ Yoast SEO Premium plugin. -->","yoast_head_json":{"title":"AFFAIRE ACHAT D'ARMES- Le d\u00e9put\u00e9 Abass Fall demande l'ouverture d'une enqu\u00eate parlementaire | Nettali.com","robots":{"index":"index","follow":"follow","max-snippet":"max-snippet:-1","max-image-preview":"max-image-preview:large","max-video-preview":"max-video-preview:-1"},"canonical":"https:\/\/www.nettali.com\/2022\/10\/28\/affaire-achat-darmes-le-depute-abass-fall-demande-louverture-dune-enquete-parlementaire\/","og_locale":"fr_FR","og_type":"article","og_title":"AFFAIRE ACHAT D'ARMES- Le d\u00e9put\u00e9 Abass Fall demande l'ouverture d'une enqu\u00eate parlementaire","og_description":"NETTALI.COM- Le groupe parlementaire Yewu veut que l\u2019Assembl\u00e9e nationale \u00e9lucide la pol\u00e9mique sur l\u2019achat d\u2019armes d\u2019une valeur de plus de 45 milliards de FCfa par le minist\u00e8re de l\u2019Environnement. L\u2019un de ses membres, Abass Fall, a saisi le pr\u00e9sident de l\u2019Assembl\u00e9e nationale pour l\u2019ouverture d\u2019une enqu\u00eate parlementaire. Malgr\u00e9 le d\u00e9menti du gouvernement, le groupe parlementaire [&hellip;]","og_url":"https:\/\/www.nettali.com\/2022\/10\/28\/affaire-achat-darmes-le-depute-abass-fall-demande-louverture-dune-enquete-parlementaire\/","og_site_name":"Nettali.com","article_publisher":"https:\/\/www.facebook.com\/nettalicom","article_published_time":"2022-10-28T16:10:30+00:00","article_modified_time":"2022-10-28T16:12:55+00:00","og_image":[{"width":1200,"height":1200,"url":"https:\/\/www.nettali.com\/wp-content\/uploads\/2019\/03\/nettali-placeholder-post.jpg","type":"image\/jpeg"}],"twitter_card":"summary_large_image","twitter_misc":{"\u00c9crit par":"Fatou","Dur\u00e9e de lecture estim\u00e9e":"2 minutes"},"schema":{"@context":"https:\/\/schema.org","@graph":[{"@type":"WebSite","@id":"https:\/\/www.nettali.com\/#website","url":"https:\/\/www.nettali.com\/","name":"Nettali.com","description":"Le rendez-vous critique du Net","potentialAction":[{"@type":"SearchAction","target":{"@type":"EntryPoint","urlTemplate":"https:\/\/www.nettali.com\/?s={search_term_string}"},"query-input":"required name=search_term_string"}],"inLanguage":"fr-FR"},{"@type":"WebPage","@id":"https:\/\/www.nettali.com\/2022\/10\/28\/affaire-achat-darmes-le-depute-abass-fall-demande-louverture-dune-enquete-parlementaire\/#webpage","url":"https:\/\/www.nettali.com\/2022\/10\/28\/affaire-achat-darmes-le-depute-abass-fall-demande-louverture-dune-enquete-parlementaire\/","name":"AFFAIRE ACHAT D'ARMES- Le d\u00e9put\u00e9 Abass Fall demande l'ouverture d'une enqu\u00eate parlementaire | Nettali.com","isPartOf":{"@id":"https:\/\/www.nettali.com\/#website"},"datePublished":"2022-10-28T16:10:30+00:00","dateModified":"2022-10-28T16:12:55+00:00","author":{"@id":"https:\/\/www.nettali.com\/#\/schema\/person\/418274a86bdf87caff7a3ef476bd0bbf"},"breadcrumb":{"@id":"https:\/\/www.nettali.com\/2022\/10\/28\/affaire-achat-darmes-le-depute-abass-fall-demande-louverture-dune-enquete-parlementaire\/#breadcrumb"},"inLanguage":"fr-FR","potentialAction":[{"@type":"ReadAction","target":["https:\/\/www.nettali.com\/2022\/10\/28\/affaire-achat-darmes-le-depute-abass-fall-demande-louverture-dune-enquete-parlementaire\/"]}]},{"@type":"BreadcrumbList","@id":"https:\/\/www.nettali.com\/2022\/10\/28\/affaire-achat-darmes-le-depute-abass-fall-demande-louverture-dune-enquete-parlementaire\/#breadcrumb","itemListElement":[{"@type":"ListItem","position":1,"name":"Accueil","item":"https:\/\/www.nettali.com\/"},{"@type":"ListItem","position":2,"name":"AFFAIRE ACHAT D'ARMES- Le d\u00e9put\u00e9 Abass Fall demande l'ouverture d'une enqu\u00eate parlementaire"}]},{"@type":"Person","@id":"https:\/\/www.nettali.com\/#\/schema\/person\/418274a86bdf87caff7a3ef476bd0bbf","name":"Fatou","image":{"@type":"ImageObject","@id":"https:\/\/www.nettali.com\/#personlogo","inLanguage":"fr-FR","url":"https:\/\/secure.gravatar.com\/avatar\/5a9442a2bee7b4dcf167cab035858e9a?s=96&d=mm&r=g","contentUrl":"https:\/\/secure.gravatar.com\/avatar\/5a9442a2bee7b4dcf167cab035858e9a?s=96&d=mm&r=g","caption":"Fatou"},"sameAs":["https:\/\/www.nettali.com"]}]}},"_links":{"self":[{"href":"https:\/\/www.nettali.com\/rest\/wp\/v2\/posts\/96658"}],"collection":[{"href":"https:\/\/www.nettali.com\/rest\/wp\/v2\/posts"}],"about":[{"href":"https:\/\/www.nettali.com\/rest\/wp\/v2\/types\/post"}],"author":[{"embeddable":true,"href":"https:\/\/www.nettali.com\/rest\/wp\/v2\/users\/6"}],"replies":[{"embeddable":true,"href":"https:\/\/www.nettali.com\/rest\/wp\/v2\/comments?post=96658"}],"version-history":[{"count":4,"href":"https:\/\/www.nettali.com\/rest\/wp\/v2\/posts\/96658\/revisions"}],"predecessor-version":[{"id":96666,"href":"https:\/\/www.nettali.com\/rest\/wp\/v2\/posts\/96658\/revisions\/96666"}],"wp:attachment":[{"href":"https:\/\/www.nettali.com\/rest\/wp\/v2\/media?parent=96658"}],"wp:term":[{"taxonomy":"category","embeddable":true,"href":"https:\/\/www.nettali.com\/rest\/wp\/v2\/categories?post=96658"},{"taxonomy":"post_tag","embeddable":true,"href":"https:\/\/www.nettali.com\/rest\/wp\/v2\/tags?post=96658"}],"curies":[{"name":"wp","href":"https:\/\/api.w.org\/{rel}","templated":true}]}}