{"id":96513,"date":"2022-10-25T17:13:28","date_gmt":"2022-10-25T17:13:28","guid":{"rendered":"https:\/\/www.nettali.com\/?p=96513"},"modified":"2022-10-26T08:10:03","modified_gmt":"2022-10-26T08:10:03","slug":"palais-saourou-sene-nomme-conseiller-special-par-le-president-macky-sall","status":"publish","type":"post","link":"https:\/\/www.nettali.com\/2022\/10\/25\/palais-saourou-sene-nomme-conseiller-special-par-le-president-macky-sall\/","title":{"rendered":"PALAIS - Saourou S\u00e8ne, nomm\u00e9 conseiller sp\u00e9cial par le pr\u00e9sident Macky Sall"},"content":{"rendered":"<p><strong>NETTALI.COM - Le syndicaliste Saourou S\u00e8ne, \u00a0ancien Secr\u00e9taire g\u00e9n\u00e9ral du Syndicat autonome des enseignants du moyen secondaire du S\u00e9n\u00e9gal (SAEMSS), a \u00e9t\u00e9 nomm\u00e9 conseiller sp\u00e9cial du pr\u00e9sident de la R\u00e9publique. <\/strong><\/p>\n<p>Saourou S\u00e8ne grossit la liste des Conseillers sp\u00e9ciaux du pr\u00e9sident de la R\u00e9publique. En effet, l\u2019ancien Secr\u00e9taire g\u00e9n\u00e9ral du Syndicat autonome des enseignants du moyen secondaire du S\u00e9n\u00e9gal (SAEMSS) a \u00e9t\u00e9 nomm\u00e9 conseiller sp\u00e9cial du chef de l\u2019Etat par le pr\u00e9sident Macky Sall. Joint au t\u00e9l\u00e9phone, l\u2019int\u00e9ress\u00e9 confirme l\u2019information.<\/p>\n<p><em>\"Je la confirme, votre information. C\u2019est un honneur que d\u2019\u00eatre choisi par le chef de l\u2019Etat comme conseiller. C\u2019est un honneur aussi pour tout le secteur de l\u2019\u00e9ducation. \u00a0Le pr\u00e9sident a consid\u00e9r\u00e9 que j\u2019avais beaucoup d\u2019id\u00e9es dans le domaine de l\u2019\u00e9ducation, \u00a0notamment la n\u00e9cessit\u00e9 d\u2019aller vers des r\u00e9formes, il m\u2019a nomm\u00e9 conseiller\u00bb,<\/em> d\u00e9clare-t-il.<\/p>\n<p>Est-ce \u00e0 dire qu\u2019il n\u2019est plus syndicaliste\u00a0? Il r\u00e9pond\u00a0: <em>\u00ab\u00a0le syndicalisme, je le porte dans mon c\u0153ur. Mais je n'ai plus aucune responsabilit\u00e9 dans le syndicat. Et tant que j\u2019\u00e9tais secr\u00e9taire g\u00e9n\u00e9ral, je n\u2019avais pas le droit d\u2019\u00eatre dans un cabinet pr\u00e9sidentiel ni minist\u00e9riel. Mais l\u00e0 je ne suis plus SG.\u00a0 Par cons\u00e9quent ,\u00a0j\u2019ai la libert\u00e9 de poursuivre mon destin\"<\/em>, se justifie-t-il.<\/p>\n<p>&nbsp;<\/p>\n<div class='share-to-whatsapp-wrapper'><div class='share-on-whsp'>PARTAGER SUR : <\/div><a data-text='PALAIS - Saourou S\u00e8ne, nomm\u00e9 conseiller sp\u00e9cial par le pr\u00e9sident Macky Sall' data-link='https:\/\/www.nettali.com\/2022\/10\/25\/palais-saourou-sene-nomme-conseiller-special-par-le-president-macky-sall\/' class='whatsapp-button whatsapp-share'>WhatsApp<\/a><div class='clear '><\/div><\/div>","protected":false},"excerpt":{"rendered":"<p>NETTALI.COM - Le syndicaliste Saourou S\u00e8ne, \u00a0ancien Secr\u00e9taire g\u00e9n\u00e9ral du Syndicat autonome des enseignants du moyen secondaire du S\u00e9n\u00e9gal (SAEMSS), a \u00e9t\u00e9 nomm\u00e9 conseiller sp\u00e9cial du pr\u00e9sident de la R\u00e9publique. Saourou S\u00e8ne grossit la liste des Conseillers sp\u00e9ciaux du pr\u00e9sident de la R\u00e9publique. En effet, l\u2019ancien Secr\u00e9taire g\u00e9n\u00e9ral du Syndicat autonome des enseignants du moyen [&hellip;]<\/p>\n","protected":false},"author":4,"featured_media":96516,"comment_status":"open","ping_status":"open","sticky":false,"template":"","format":"standard","meta":{"_et_pb_use_builder":"","_et_pb_old_content":""},"categories":[2],"tags":[],"yoast_head":"<!-- This site is optimized with the Yoast SEO Premium plugin v17.8 (Yoast SEO v17.8) - https:\/\/yoast.com\/wordpress\/plugins\/seo\/ -->\n<title>PALAIS - Saourou S\u00e8ne, nomm\u00e9 conseiller sp\u00e9cial par le pr\u00e9sident Macky Sall | Nettali.com<\/title>\n<meta name=\"robots\" content=\"index, follow, max-snippet:-1, max-image-preview:large, max-video-preview:-1\" \/>\n<link rel=\"canonical\" href=\"https:\/\/www.nettali.com\/2022\/10\/25\/palais-saourou-sene-nomme-conseiller-special-par-le-president-macky-sall\/\" \/>\n<meta property=\"og:locale\" content=\"fr_FR\" \/>\n<meta property=\"og:type\" content=\"article\" \/>\n<meta property=\"og:title\" content=\"PALAIS - Saourou S\u00e8ne, nomm\u00e9 conseiller sp\u00e9cial par le pr\u00e9sident Macky Sall\" \/>\n<meta property=\"og:description\" content=\"NETTALI.COM - Le syndicaliste Saourou S\u00e8ne, \u00a0ancien Secr\u00e9taire g\u00e9n\u00e9ral du Syndicat autonome des enseignants du moyen secondaire du S\u00e9n\u00e9gal (SAEMSS), a \u00e9t\u00e9 nomm\u00e9 conseiller sp\u00e9cial du pr\u00e9sident de la R\u00e9publique. Saourou S\u00e8ne grossit la liste des Conseillers sp\u00e9ciaux du pr\u00e9sident de la R\u00e9publique. En effet, l\u2019ancien Secr\u00e9taire g\u00e9n\u00e9ral du Syndicat autonome des enseignants du moyen [&hellip;]\" \/>\n<meta property=\"og:url\" content=\"https:\/\/www.nettali.com\/2022\/10\/25\/palais-saourou-sene-nomme-conseiller-special-par-le-president-macky-sall\/\" \/>\n<meta property=\"og:site_name\" content=\"Nettali.com\" \/>\n<meta property=\"article:publisher\" content=\"https:\/\/www.facebook.com\/nettalicom\" \/>\n<meta property=\"article:published_time\" content=\"2022-10-25T17:13:28+00:00\" \/>\n<meta property=\"article:modified_time\" content=\"2022-10-26T08:10:03+00:00\" \/>\n<meta property=\"og:image\" content=\"https:\/\/www.nettali.com\/wp-content\/uploads\/2022\/10\/Capture-de\u0301cran-2022-10-25-a\u0300-17.16.14-e1666718317825.png\" \/>\n\t<meta property=\"og:image:width\" content=\"492\" \/>\n\t<meta property=\"og:image:height\" content=\"326\" \/>\n<meta name=\"twitter:card\" content=\"summary_large_image\" \/>\n<meta name=\"twitter:label1\" content=\"\u00c9crit par\" \/>\n\t<meta name=\"twitter:data1\" content=\"Daouda\" \/>\n\t<meta name=\"twitter:label2\" content=\"Dur\u00e9e de lecture estim\u00e9e\" \/>\n\t<meta name=\"twitter:data2\" content=\"1 minute\" \/>\n<script type=\"application\/ld+json\" class=\"yoast-schema-graph\">{\"@context\":\"https:\/\/schema.org\",\"@graph\":[{\"@type\":\"WebSite\",\"@id\":\"https:\/\/www.nettali.com\/#website\",\"url\":\"https:\/\/www.nettali.com\/\",\"name\":\"Nettali.com\",\"description\":\"Le rendez-vous critique du Net\",\"potentialAction\":[{\"@type\":\"SearchAction\",\"target\":{\"@type\":\"EntryPoint\",\"urlTemplate\":\"https:\/\/www.nettali.com\/?s={search_term_string}\"},\"query-input\":\"required name=search_term_string\"}],\"inLanguage\":\"fr-FR\"},{\"@type\":\"ImageObject\",\"@id\":\"https:\/\/www.nettali.com\/2022\/10\/25\/palais-saourou-sene-nomme-conseiller-special-par-le-president-macky-sall\/#primaryimage\",\"inLanguage\":\"fr-FR\",\"url\":\"https:\/\/www.nettali.com\/wp-content\/uploads\/2022\/10\/Capture-de\\u0301cran-2022-10-25-a\\u0300-17.16.14-e1666718317825.png\",\"contentUrl\":\"https:\/\/www.nettali.com\/wp-content\/uploads\/2022\/10\/Capture-de\\u0301cran-2022-10-25-a\\u0300-17.16.14-e1666718317825.png\",\"width\":492,\"height\":326},{\"@type\":\"WebPage\",\"@id\":\"https:\/\/www.nettali.com\/2022\/10\/25\/palais-saourou-sene-nomme-conseiller-special-par-le-president-macky-sall\/#webpage\",\"url\":\"https:\/\/www.nettali.com\/2022\/10\/25\/palais-saourou-sene-nomme-conseiller-special-par-le-president-macky-sall\/\",\"name\":\"PALAIS - Saourou S\\u00e8ne, nomm\\u00e9 conseiller sp\\u00e9cial par le pr\\u00e9sident Macky Sall | Nettali.com\",\"isPartOf\":{\"@id\":\"https:\/\/www.nettali.com\/#website\"},\"primaryImageOfPage\":{\"@id\":\"https:\/\/www.nettali.com\/2022\/10\/25\/palais-saourou-sene-nomme-conseiller-special-par-le-president-macky-sall\/#primaryimage\"},\"datePublished\":\"2022-10-25T17:13:28+00:00\",\"dateModified\":\"2022-10-26T08:10:03+00:00\",\"author\":{\"@id\":\"https:\/\/www.nettali.com\/#\/schema\/person\/3317e0bb3aa1da309fbf7b2780901bf4\"},\"breadcrumb\":{\"@id\":\"https:\/\/www.nettali.com\/2022\/10\/25\/palais-saourou-sene-nomme-conseiller-special-par-le-president-macky-sall\/#breadcrumb\"},\"inLanguage\":\"fr-FR\",\"potentialAction\":[{\"@type\":\"ReadAction\",\"target\":[\"https:\/\/www.nettali.com\/2022\/10\/25\/palais-saourou-sene-nomme-conseiller-special-par-le-president-macky-sall\/\"]}]},{\"@type\":\"BreadcrumbList\",\"@id\":\"https:\/\/www.nettali.com\/2022\/10\/25\/palais-saourou-sene-nomme-conseiller-special-par-le-president-macky-sall\/#breadcrumb\",\"itemListElement\":[{\"@type\":\"ListItem\",\"position\":1,\"name\":\"Accueil\",\"item\":\"https:\/\/www.nettali.com\/\"},{\"@type\":\"ListItem\",\"position\":2,\"name\":\"PALAIS - Saourou S\\u00e8ne, nomm\\u00e9 conseiller sp\\u00e9cial par le pr\\u00e9sident Macky Sall\"}]},{\"@type\":\"Person\",\"@id\":\"https:\/\/www.nettali.com\/#\/schema\/person\/3317e0bb3aa1da309fbf7b2780901bf4\",\"name\":\"Daouda\",\"image\":{\"@type\":\"ImageObject\",\"@id\":\"https:\/\/www.nettali.com\/#personlogo\",\"inLanguage\":\"fr-FR\",\"url\":\"https:\/\/secure.gravatar.com\/avatar\/8d143b5a49345098ddcfee1c49c2f47c?s=96&d=mm&r=g\",\"contentUrl\":\"https:\/\/secure.gravatar.com\/avatar\/8d143b5a49345098ddcfee1c49c2f47c?s=96&d=mm&r=g\",\"caption\":\"Daouda\"},\"sameAs\":[\"https:\/\/www.nettali.com\"]}]}<\/script>\n<!-- \/ Yoast SEO Premium plugin. -->","yoast_head_json":{"title":"PALAIS - Saourou S\u00e8ne, nomm\u00e9 conseiller sp\u00e9cial par le pr\u00e9sident Macky Sall | Nettali.com","robots":{"index":"index","follow":"follow","max-snippet":"max-snippet:-1","max-image-preview":"max-image-preview:large","max-video-preview":"max-video-preview:-1"},"canonical":"https:\/\/www.nettali.com\/2022\/10\/25\/palais-saourou-sene-nomme-conseiller-special-par-le-president-macky-sall\/","og_locale":"fr_FR","og_type":"article","og_title":"PALAIS - Saourou S\u00e8ne, nomm\u00e9 conseiller sp\u00e9cial par le pr\u00e9sident Macky Sall","og_description":"NETTALI.COM - Le syndicaliste Saourou S\u00e8ne, \u00a0ancien Secr\u00e9taire g\u00e9n\u00e9ral du Syndicat autonome des enseignants du moyen secondaire du S\u00e9n\u00e9gal (SAEMSS), a \u00e9t\u00e9 nomm\u00e9 conseiller sp\u00e9cial du pr\u00e9sident de la R\u00e9publique. Saourou S\u00e8ne grossit la liste des Conseillers sp\u00e9ciaux du pr\u00e9sident de la R\u00e9publique. En effet, l\u2019ancien Secr\u00e9taire g\u00e9n\u00e9ral du Syndicat autonome des enseignants du moyen [&hellip;]","og_url":"https:\/\/www.nettali.com\/2022\/10\/25\/palais-saourou-sene-nomme-conseiller-special-par-le-president-macky-sall\/","og_site_name":"Nettali.com","article_publisher":"https:\/\/www.facebook.com\/nettalicom","article_published_time":"2022-10-25T17:13:28+00:00","article_modified_time":"2022-10-26T08:10:03+00:00","og_image":[{"width":492,"height":326,"url":"https:\/\/www.nettali.com\/wp-content\/uploads\/2022\/10\/Capture-de\u0301cran-2022-10-25-a\u0300-17.16.14-e1666718317825.png","type":"image\/png"}],"twitter_card":"summary_large_image","twitter_misc":{"\u00c9crit par":"Daouda","Dur\u00e9e de lecture estim\u00e9e":"1 minute"},"schema":{"@context":"https:\/\/schema.org","@graph":[{"@type":"WebSite","@id":"https:\/\/www.nettali.com\/#website","url":"https:\/\/www.nettali.com\/","name":"Nettali.com","description":"Le rendez-vous critique du Net","potentialAction":[{"@type":"SearchAction","target":{"@type":"EntryPoint","urlTemplate":"https:\/\/www.nettali.com\/?s={search_term_string}"},"query-input":"required name=search_term_string"}],"inLanguage":"fr-FR"},{"@type":"ImageObject","@id":"https:\/\/www.nettali.com\/2022\/10\/25\/palais-saourou-sene-nomme-conseiller-special-par-le-president-macky-sall\/#primaryimage","inLanguage":"fr-FR","url":"https:\/\/www.nettali.com\/wp-content\/uploads\/2022\/10\/Capture-de\u0301cran-2022-10-25-a\u0300-17.16.14-e1666718317825.png","contentUrl":"https:\/\/www.nettali.com\/wp-content\/uploads\/2022\/10\/Capture-de\u0301cran-2022-10-25-a\u0300-17.16.14-e1666718317825.png","width":492,"height":326},{"@type":"WebPage","@id":"https:\/\/www.nettali.com\/2022\/10\/25\/palais-saourou-sene-nomme-conseiller-special-par-le-president-macky-sall\/#webpage","url":"https:\/\/www.nettali.com\/2022\/10\/25\/palais-saourou-sene-nomme-conseiller-special-par-le-president-macky-sall\/","name":"PALAIS - Saourou S\u00e8ne, nomm\u00e9 conseiller sp\u00e9cial par le pr\u00e9sident Macky Sall | Nettali.com","isPartOf":{"@id":"https:\/\/www.nettali.com\/#website"},"primaryImageOfPage":{"@id":"https:\/\/www.nettali.com\/2022\/10\/25\/palais-saourou-sene-nomme-conseiller-special-par-le-president-macky-sall\/#primaryimage"},"datePublished":"2022-10-25T17:13:28+00:00","dateModified":"2022-10-26T08:10:03+00:00","author":{"@id":"https:\/\/www.nettali.com\/#\/schema\/person\/3317e0bb3aa1da309fbf7b2780901bf4"},"breadcrumb":{"@id":"https:\/\/www.nettali.com\/2022\/10\/25\/palais-saourou-sene-nomme-conseiller-special-par-le-president-macky-sall\/#breadcrumb"},"inLanguage":"fr-FR","potentialAction":[{"@type":"ReadAction","target":["https:\/\/www.nettali.com\/2022\/10\/25\/palais-saourou-sene-nomme-conseiller-special-par-le-president-macky-sall\/"]}]},{"@type":"BreadcrumbList","@id":"https:\/\/www.nettali.com\/2022\/10\/25\/palais-saourou-sene-nomme-conseiller-special-par-le-president-macky-sall\/#breadcrumb","itemListElement":[{"@type":"ListItem","position":1,"name":"Accueil","item":"https:\/\/www.nettali.com\/"},{"@type":"ListItem","position":2,"name":"PALAIS - Saourou S\u00e8ne, nomm\u00e9 conseiller sp\u00e9cial par le pr\u00e9sident Macky Sall"}]},{"@type":"Person","@id":"https:\/\/www.nettali.com\/#\/schema\/person\/3317e0bb3aa1da309fbf7b2780901bf4","name":"Daouda","image":{"@type":"ImageObject","@id":"https:\/\/www.nettali.com\/#personlogo","inLanguage":"fr-FR","url":"https:\/\/secure.gravatar.com\/avatar\/8d143b5a49345098ddcfee1c49c2f47c?s=96&d=mm&r=g","contentUrl":"https:\/\/secure.gravatar.com\/avatar\/8d143b5a49345098ddcfee1c49c2f47c?s=96&d=mm&r=g","caption":"Daouda"},"sameAs":["https:\/\/www.nettali.com"]}]}},"_links":{"self":[{"href":"https:\/\/www.nettali.com\/rest\/wp\/v2\/posts\/96513"}],"collection":[{"href":"https:\/\/www.nettali.com\/rest\/wp\/v2\/posts"}],"about":[{"href":"https:\/\/www.nettali.com\/rest\/wp\/v2\/types\/post"}],"author":[{"embeddable":true,"href":"https:\/\/www.nettali.com\/rest\/wp\/v2\/users\/4"}],"replies":[{"embeddable":true,"href":"https:\/\/www.nettali.com\/rest\/wp\/v2\/comments?post=96513"}],"version-history":[{"count":2,"href":"https:\/\/www.nettali.com\/rest\/wp\/v2\/posts\/96513\/revisions"}],"predecessor-version":[{"id":96535,"href":"https:\/\/www.nettali.com\/rest\/wp\/v2\/posts\/96513\/revisions\/96535"}],"wp:featuredmedia":[{"embeddable":true,"href":"https:\/\/www.nettali.com\/rest\/wp\/v2\/media\/96516"}],"wp:attachment":[{"href":"https:\/\/www.nettali.com\/rest\/wp\/v2\/media?parent=96513"}],"wp:term":[{"taxonomy":"category","embeddable":true,"href":"https:\/\/www.nettali.com\/rest\/wp\/v2\/categories?post=96513"},{"taxonomy":"post_tag","embeddable":true,"href":"https:\/\/www.nettali.com\/rest\/wp\/v2\/tags?post=96513"}],"curies":[{"name":"wp","href":"https:\/\/api.w.org\/{rel}","templated":true}]}}