{"id":96503,"date":"2022-10-25T16:20:06","date_gmt":"2022-10-25T16:20:06","guid":{"rendered":"https:\/\/www.nettali.com\/?p=96503"},"modified":"2022-10-25T16:20:06","modified_gmt":"2022-10-25T16:20:06","slug":"session-ordinaire-lexploitation-du-gaz-au-menu-du-cese","status":"publish","type":"post","link":"https:\/\/www.nettali.com\/2022\/10\/25\/session-ordinaire-lexploitation-du-gaz-au-menu-du-cese\/","title":{"rendered":"SESSION ORDINAIRE \u2013 L\u2019exploitation du gaz au menu du Cese"},"content":{"rendered":"<p><strong>NETTALI.COM - Pour la premi\u00e8re fois depuis l\u2019av\u00e8nement du Covid-19, une session ordinaire du conseil \u00e9conomique, social et environnemental (CESE) s\u2019est tenue en pr\u00e9sentiel, ce mardi 25 octobre 2022. Cela faisait deux ans que cette derni\u00e8re \u00e9tait faite en ligne. Cette session sera cl\u00f4tur\u00e9e \u201c \u00e0 l\u2019expiration de l\u2019ordre du jour et au plus tard le mardi 29 novembre 2022\u201d, annonce la secr\u00e9taire g\u00e9n\u00e9rale, Dr Anta San\u00e9. Le th\u00e8me choisi cette ann\u00e9e est \u201cExploitation p\u00e9tro-gazi\u00e8re et Comp\u00e9titivit\u00e9 \u00e9conomique\u201d.<\/strong><\/p>\n<p>Pour d\u00e9buter les travaux, le pr\u00e9sident du CESE, Idrissa Seck et Dr San\u00e9 ont proc\u00e9d\u00e9 \u00e0 l\u2019installation des nouveaux conseillers, nomm\u00e9s par le pr\u00e9sident de la R\u00e9publique et qui n\u2019avaient pas pu l\u2019\u00eatre depuis deux ans, pand\u00e9mie oblige.<\/p>\n<p>Apr\u00e8s cela, le bureau du conseil s\u2019est attel\u00e9 \u00e0 pr\u00e9senter des projets de calendriers pour adoption. D\u2019une part, il y a le projet d\u2019adoption du calendrier g\u00e9n\u00e9ral des travaux de la deuxi\u00e8me session ordinaire de l\u2019ann\u00e9e 2022 et d\u2019autre part le projet d\u2019adoption des s\u00e9ances des termes de r\u00e9f\u00e9rences (TDR). Et apr\u00e8s pr\u00e9sentation et examen, ces projets ont \u00e9t\u00e9 adopt\u00e9s sans observations particuli\u00e8res des conseillers.<\/p>\n<p>Le calendrier g\u00e9n\u00e9ral des travaux de la deuxi\u00e8me session ordinaire se structure, entre autres, \u00e0 travers une r\u00e9union de cadrage de l\u2019inter-commission le mercredi 26 octobre \u201cpour stabiliser la m\u00e9thodologie de travail (\u2026) des diff\u00e9rentes commissions\u201d, explique Dr San\u00e9\u00a0; les travaux des inter-commissions du jeudi 27 octobre au lundi 07 novembre avec \u201cbeaucoup de structures qui seront pr\u00e9sentes pour \u00eatre auditionn\u00e9es\u201d, poursuit-elle\u00a0; une s\u00e9ance pl\u00e9ni\u00e8re avec le ministre du P\u00e9trole et des \u00c9nergies et une cl\u00f4ture de \"la session le mardi 29 novembre 2022\u201d conclut-elle.<\/p>\n<p>Le calendrier des s\u00e9ances des TDR est compos\u00e9 entre autres des auditions des entreprises \u00e0 partir du jeudi 27 octobre comme COS PETROGAZ et des pr\u00e9sences du minist\u00e8re des Finances et du Budget, des diff\u00e9rents services du minist\u00e8re du P\u00e9trole et des \u00c9nergies ainsi que de PETROSEN, SENELEC, ...<\/p>\n<p>Le ministre du Travail, du Dialogue social et des Relations avec les institutions, Samba Sy s\u2019est adress\u00e9 \u00e0 l\u2019assembl\u00e9e en pr\u00e9cisant le plaisir qu\u2019il \u00e9prouve d\u2019\u00eatre pr\u00e9sent \u00e0 cette session pr\u00e9sentielle \u201ceu \u00e9gard aux restrictions impos\u00e9es par la pand\u00e9mie de la COVID-19\". Ces rencontres sont des \u201csources de partage et d\u2019enrichissement\u201d analyse-t-il. M.\u00a0Sy annonce que \u201cd\u2019importantes dispositions l\u00e9gales ont \u00e9t\u00e9 prises par le gouvernement pour anticiper cette exploitation\u201d. Le gouvernement nourrit beaucoup d\u2019attente dans cette session et trouve le th\u00e8me \u201cparticuli\u00e8rement opportun\u201d \u00e0 l\u2019aube de cette p\u00e9riode p\u00e9tro-gazi\u00e8re pour le pays.<\/p>\n<p>Pour conclure cette s\u00e9ance d\u2019ouverture, le pr\u00e9sident du CESE a remerci\u00e9 le ministre et les diff\u00e9rents conseillers de leur pr\u00e9sence et la richesse de leurs contributions. Il se f\u00e9licite de \u201cla qualit\u00e9 de la composition\u201d de l\u2019assembl\u00e9e qui autorise d\u2019attendre de leurs travaux \u201cdes avis et recommandations susceptibles d\u2019am\u00e9liorer la comp\u00e9titivit\u00e9 de notre \u00e9conomie au moment o\u00f9 nous entrons dans une p\u00e9riode p\u00e9tro-gazi\u00e8re\u201d.<\/p>\n<p>&nbsp;<\/p>\n<div class='share-to-whatsapp-wrapper'><div class='share-on-whsp'>PARTAGER SUR : <\/div><a data-text='SESSION ORDINAIRE \u2013 L\u2019exploitation du gaz au menu du Cese' data-link='https:\/\/www.nettali.com\/2022\/10\/25\/session-ordinaire-lexploitation-du-gaz-au-menu-du-cese\/' class='whatsapp-button whatsapp-share'>WhatsApp<\/a><div class='clear '><\/div><\/div>","protected":false},"excerpt":{"rendered":"<p>NETTALI.COM - Pour la premi\u00e8re fois depuis l\u2019av\u00e8nement du Covid-19, une session ordinaire du conseil \u00e9conomique, social et environnemental (CESE) s\u2019est tenue en pr\u00e9sentiel, ce mardi 25 octobre 2022. Cela faisait deux ans que cette derni\u00e8re \u00e9tait faite en ligne. Cette session sera cl\u00f4tur\u00e9e \u201c \u00e0 l\u2019expiration de l\u2019ordre du jour et au plus tard [&hellip;]<\/p>\n","protected":false},"author":4,"featured_media":96507,"comment_status":"open","ping_status":"open","sticky":false,"template":"","format":"standard","meta":{"_et_pb_use_builder":"","_et_pb_old_content":""},"categories":[2],"tags":[],"yoast_head":"<!-- This site is optimized with the Yoast SEO Premium plugin v17.8 (Yoast SEO v17.8) - https:\/\/yoast.com\/wordpress\/plugins\/seo\/ -->\n<title>SESSION ORDINAIRE \u2013 L\u2019exploitation du gaz au menu du Cese | Nettali.com<\/title>\n<meta name=\"robots\" content=\"index, follow, max-snippet:-1, max-image-preview:large, max-video-preview:-1\" \/>\n<link rel=\"canonical\" href=\"https:\/\/www.nettali.com\/2022\/10\/25\/session-ordinaire-lexploitation-du-gaz-au-menu-du-cese\/\" \/>\n<meta property=\"og:locale\" content=\"fr_FR\" \/>\n<meta property=\"og:type\" content=\"article\" \/>\n<meta property=\"og:title\" content=\"SESSION ORDINAIRE \u2013 L\u2019exploitation du gaz au menu du Cese\" \/>\n<meta property=\"og:description\" content=\"NETTALI.COM - Pour la premi\u00e8re fois depuis l\u2019av\u00e8nement du Covid-19, une session ordinaire du conseil \u00e9conomique, social et environnemental (CESE) s\u2019est tenue en pr\u00e9sentiel, ce mardi 25 octobre 2022. Cela faisait deux ans que cette derni\u00e8re \u00e9tait faite en ligne. Cette session sera cl\u00f4tur\u00e9e \u201c \u00e0 l\u2019expiration de l\u2019ordre du jour et au plus tard [&hellip;]\" \/>\n<meta property=\"og:url\" content=\"https:\/\/www.nettali.com\/2022\/10\/25\/session-ordinaire-lexploitation-du-gaz-au-menu-du-cese\/\" \/>\n<meta property=\"og:site_name\" content=\"Nettali.com\" \/>\n<meta property=\"article:publisher\" content=\"https:\/\/www.facebook.com\/nettalicom\" \/>\n<meta property=\"article:published_time\" content=\"2022-10-25T16:20:06+00:00\" \/>\n<meta property=\"og:image\" content=\"https:\/\/www.nettali.com\/wp-content\/uploads\/2022\/10\/Idrissa-Seck-Cese.jpeg\" \/>\n\t<meta property=\"og:image:width\" content=\"1064\" \/>\n\t<meta property=\"og:image:height\" content=\"708\" \/>\n<meta name=\"twitter:card\" content=\"summary_large_image\" \/>\n<meta name=\"twitter:label1\" content=\"\u00c9crit par\" \/>\n\t<meta name=\"twitter:data1\" content=\"Daouda\" \/>\n\t<meta name=\"twitter:label2\" content=\"Dur\u00e9e de lecture estim\u00e9e\" \/>\n\t<meta name=\"twitter:data2\" content=\"3 minutes\" \/>\n<script type=\"application\/ld+json\" class=\"yoast-schema-graph\">{\"@context\":\"https:\/\/schema.org\",\"@graph\":[{\"@type\":\"WebSite\",\"@id\":\"https:\/\/www.nettali.com\/#website\",\"url\":\"https:\/\/www.nettali.com\/\",\"name\":\"Nettali.com\",\"description\":\"Le rendez-vous critique du Net\",\"potentialAction\":[{\"@type\":\"SearchAction\",\"target\":{\"@type\":\"EntryPoint\",\"urlTemplate\":\"https:\/\/www.nettali.com\/?s={search_term_string}\"},\"query-input\":\"required name=search_term_string\"}],\"inLanguage\":\"fr-FR\"},{\"@type\":\"ImageObject\",\"@id\":\"https:\/\/www.nettali.com\/2022\/10\/25\/session-ordinaire-lexploitation-du-gaz-au-menu-du-cese\/#primaryimage\",\"inLanguage\":\"fr-FR\",\"url\":\"https:\/\/www.nettali.com\/wp-content\/uploads\/2022\/10\/Idrissa-Seck-Cese.jpeg\",\"contentUrl\":\"https:\/\/www.nettali.com\/wp-content\/uploads\/2022\/10\/Idrissa-Seck-Cese.jpeg\",\"width\":1064,\"height\":708,\"caption\":\"CESE : Installation du nouveau pr\\u00e9sident Idrissa Seck\"},{\"@type\":\"WebPage\",\"@id\":\"https:\/\/www.nettali.com\/2022\/10\/25\/session-ordinaire-lexploitation-du-gaz-au-menu-du-cese\/#webpage\",\"url\":\"https:\/\/www.nettali.com\/2022\/10\/25\/session-ordinaire-lexploitation-du-gaz-au-menu-du-cese\/\",\"name\":\"SESSION ORDINAIRE \\u2013 L\\u2019exploitation du gaz au menu du Cese | Nettali.com\",\"isPartOf\":{\"@id\":\"https:\/\/www.nettali.com\/#website\"},\"primaryImageOfPage\":{\"@id\":\"https:\/\/www.nettali.com\/2022\/10\/25\/session-ordinaire-lexploitation-du-gaz-au-menu-du-cese\/#primaryimage\"},\"datePublished\":\"2022-10-25T16:20:06+00:00\",\"dateModified\":\"2022-10-25T16:20:06+00:00\",\"author\":{\"@id\":\"https:\/\/www.nettali.com\/#\/schema\/person\/3317e0bb3aa1da309fbf7b2780901bf4\"},\"breadcrumb\":{\"@id\":\"https:\/\/www.nettali.com\/2022\/10\/25\/session-ordinaire-lexploitation-du-gaz-au-menu-du-cese\/#breadcrumb\"},\"inLanguage\":\"fr-FR\",\"potentialAction\":[{\"@type\":\"ReadAction\",\"target\":[\"https:\/\/www.nettali.com\/2022\/10\/25\/session-ordinaire-lexploitation-du-gaz-au-menu-du-cese\/\"]}]},{\"@type\":\"BreadcrumbList\",\"@id\":\"https:\/\/www.nettali.com\/2022\/10\/25\/session-ordinaire-lexploitation-du-gaz-au-menu-du-cese\/#breadcrumb\",\"itemListElement\":[{\"@type\":\"ListItem\",\"position\":1,\"name\":\"Accueil\",\"item\":\"https:\/\/www.nettali.com\/\"},{\"@type\":\"ListItem\",\"position\":2,\"name\":\"SESSION ORDINAIRE \\u2013 L\\u2019exploitation du gaz au menu du Cese\"}]},{\"@type\":\"Person\",\"@id\":\"https:\/\/www.nettali.com\/#\/schema\/person\/3317e0bb3aa1da309fbf7b2780901bf4\",\"name\":\"Daouda\",\"image\":{\"@type\":\"ImageObject\",\"@id\":\"https:\/\/www.nettali.com\/#personlogo\",\"inLanguage\":\"fr-FR\",\"url\":\"https:\/\/secure.gravatar.com\/avatar\/8d143b5a49345098ddcfee1c49c2f47c?s=96&d=mm&r=g\",\"contentUrl\":\"https:\/\/secure.gravatar.com\/avatar\/8d143b5a49345098ddcfee1c49c2f47c?s=96&d=mm&r=g\",\"caption\":\"Daouda\"},\"sameAs\":[\"https:\/\/www.nettali.com\"]}]}<\/script>\n<!-- \/ Yoast SEO Premium plugin. -->","yoast_head_json":{"title":"SESSION ORDINAIRE \u2013 L\u2019exploitation du gaz au menu du Cese | Nettali.com","robots":{"index":"index","follow":"follow","max-snippet":"max-snippet:-1","max-image-preview":"max-image-preview:large","max-video-preview":"max-video-preview:-1"},"canonical":"https:\/\/www.nettali.com\/2022\/10\/25\/session-ordinaire-lexploitation-du-gaz-au-menu-du-cese\/","og_locale":"fr_FR","og_type":"article","og_title":"SESSION ORDINAIRE \u2013 L\u2019exploitation du gaz au menu du Cese","og_description":"NETTALI.COM - Pour la premi\u00e8re fois depuis l\u2019av\u00e8nement du Covid-19, une session ordinaire du conseil \u00e9conomique, social et environnemental (CESE) s\u2019est tenue en pr\u00e9sentiel, ce mardi 25 octobre 2022. Cela faisait deux ans que cette derni\u00e8re \u00e9tait faite en ligne. Cette session sera cl\u00f4tur\u00e9e \u201c \u00e0 l\u2019expiration de l\u2019ordre du jour et au plus tard [&hellip;]","og_url":"https:\/\/www.nettali.com\/2022\/10\/25\/session-ordinaire-lexploitation-du-gaz-au-menu-du-cese\/","og_site_name":"Nettali.com","article_publisher":"https:\/\/www.facebook.com\/nettalicom","article_published_time":"2022-10-25T16:20:06+00:00","og_image":[{"width":1064,"height":708,"url":"https:\/\/www.nettali.com\/wp-content\/uploads\/2022\/10\/Idrissa-Seck-Cese.jpeg","type":"image\/jpeg"}],"twitter_card":"summary_large_image","twitter_misc":{"\u00c9crit par":"Daouda","Dur\u00e9e de lecture estim\u00e9e":"3 minutes"},"schema":{"@context":"https:\/\/schema.org","@graph":[{"@type":"WebSite","@id":"https:\/\/www.nettali.com\/#website","url":"https:\/\/www.nettali.com\/","name":"Nettali.com","description":"Le rendez-vous critique du Net","potentialAction":[{"@type":"SearchAction","target":{"@type":"EntryPoint","urlTemplate":"https:\/\/www.nettali.com\/?s={search_term_string}"},"query-input":"required name=search_term_string"}],"inLanguage":"fr-FR"},{"@type":"ImageObject","@id":"https:\/\/www.nettali.com\/2022\/10\/25\/session-ordinaire-lexploitation-du-gaz-au-menu-du-cese\/#primaryimage","inLanguage":"fr-FR","url":"https:\/\/www.nettali.com\/wp-content\/uploads\/2022\/10\/Idrissa-Seck-Cese.jpeg","contentUrl":"https:\/\/www.nettali.com\/wp-content\/uploads\/2022\/10\/Idrissa-Seck-Cese.jpeg","width":1064,"height":708,"caption":"CESE : Installation du nouveau pr\u00e9sident Idrissa Seck"},{"@type":"WebPage","@id":"https:\/\/www.nettali.com\/2022\/10\/25\/session-ordinaire-lexploitation-du-gaz-au-menu-du-cese\/#webpage","url":"https:\/\/www.nettali.com\/2022\/10\/25\/session-ordinaire-lexploitation-du-gaz-au-menu-du-cese\/","name":"SESSION ORDINAIRE \u2013 L\u2019exploitation du gaz au menu du Cese | Nettali.com","isPartOf":{"@id":"https:\/\/www.nettali.com\/#website"},"primaryImageOfPage":{"@id":"https:\/\/www.nettali.com\/2022\/10\/25\/session-ordinaire-lexploitation-du-gaz-au-menu-du-cese\/#primaryimage"},"datePublished":"2022-10-25T16:20:06+00:00","dateModified":"2022-10-25T16:20:06+00:00","author":{"@id":"https:\/\/www.nettali.com\/#\/schema\/person\/3317e0bb3aa1da309fbf7b2780901bf4"},"breadcrumb":{"@id":"https:\/\/www.nettali.com\/2022\/10\/25\/session-ordinaire-lexploitation-du-gaz-au-menu-du-cese\/#breadcrumb"},"inLanguage":"fr-FR","potentialAction":[{"@type":"ReadAction","target":["https:\/\/www.nettali.com\/2022\/10\/25\/session-ordinaire-lexploitation-du-gaz-au-menu-du-cese\/"]}]},{"@type":"BreadcrumbList","@id":"https:\/\/www.nettali.com\/2022\/10\/25\/session-ordinaire-lexploitation-du-gaz-au-menu-du-cese\/#breadcrumb","itemListElement":[{"@type":"ListItem","position":1,"name":"Accueil","item":"https:\/\/www.nettali.com\/"},{"@type":"ListItem","position":2,"name":"SESSION ORDINAIRE \u2013 L\u2019exploitation du gaz au menu du Cese"}]},{"@type":"Person","@id":"https:\/\/www.nettali.com\/#\/schema\/person\/3317e0bb3aa1da309fbf7b2780901bf4","name":"Daouda","image":{"@type":"ImageObject","@id":"https:\/\/www.nettali.com\/#personlogo","inLanguage":"fr-FR","url":"https:\/\/secure.gravatar.com\/avatar\/8d143b5a49345098ddcfee1c49c2f47c?s=96&d=mm&r=g","contentUrl":"https:\/\/secure.gravatar.com\/avatar\/8d143b5a49345098ddcfee1c49c2f47c?s=96&d=mm&r=g","caption":"Daouda"},"sameAs":["https:\/\/www.nettali.com"]}]}},"_links":{"self":[{"href":"https:\/\/www.nettali.com\/rest\/wp\/v2\/posts\/96503"}],"collection":[{"href":"https:\/\/www.nettali.com\/rest\/wp\/v2\/posts"}],"about":[{"href":"https:\/\/www.nettali.com\/rest\/wp\/v2\/types\/post"}],"author":[{"embeddable":true,"href":"https:\/\/www.nettali.com\/rest\/wp\/v2\/users\/4"}],"replies":[{"embeddable":true,"href":"https:\/\/www.nettali.com\/rest\/wp\/v2\/comments?post=96503"}],"version-history":[{"count":1,"href":"https:\/\/www.nettali.com\/rest\/wp\/v2\/posts\/96503\/revisions"}],"predecessor-version":[{"id":96504,"href":"https:\/\/www.nettali.com\/rest\/wp\/v2\/posts\/96503\/revisions\/96504"}],"wp:featuredmedia":[{"embeddable":true,"href":"https:\/\/www.nettali.com\/rest\/wp\/v2\/media\/96507"}],"wp:attachment":[{"href":"https:\/\/www.nettali.com\/rest\/wp\/v2\/media?parent=96503"}],"wp:term":[{"taxonomy":"category","embeddable":true,"href":"https:\/\/www.nettali.com\/rest\/wp\/v2\/categories?post=96503"},{"taxonomy":"post_tag","embeddable":true,"href":"https:\/\/www.nettali.com\/rest\/wp\/v2\/tags?post=96503"}],"curies":[{"name":"wp","href":"https:\/\/api.w.org\/{rel}","templated":true}]}}