{"id":96496,"date":"2022-10-25T16:36:58","date_gmt":"2022-10-25T16:36:58","guid":{"rendered":"https:\/\/www.nettali.com\/?p=96496"},"modified":"2022-10-26T08:16:21","modified_gmt":"2022-10-26T08:16:21","slug":"forum-sur-la-paix-et-la-securite-la-cinglante-replique-du-mali-a-la-france","status":"publish","type":"post","link":"https:\/\/www.nettali.com\/2022\/10\/25\/forum-sur-la-paix-et-la-securite-la-cinglante-replique-du-mali-a-la-france\/","title":{"rendered":"FORUM SUR LA PAIX ET LA SECURITE- La cinglante r\u00e9plique du Mali \u00e0 la France"},"content":{"rendered":"<p><strong>NETTALI.COM- Apr\u00e8s les propos de la secr\u00e9taire d\u2019Etat fran\u00e7aise<\/strong>\u00a0<strong>aupr\u00e8s de la ministre de l\u2019Europe et des Affaires \u00e9trang\u00e8res soutenant que \u00able r\u00e9gime \u00e0 Bamako se bat pour sa survie\u00bb, la r\u00e9action du ministre malien des Affaires \u00e9trang\u00e8res n\u2019a pas tard\u00e9. Abdoulaye Diop s\u2019est inscrit en faux contre<\/strong> <strong>Chrysoula Zacharopoulou. <\/strong><\/p>\n<p>Lors de la c\u00e9r\u00e9monie d\u2019ouverture du 8<sup>\u00e8me<\/sup> forum sur la paix et la s\u00e9curit\u00e9 en Afrique, la secr\u00e9taire d\u2019Etat fran\u00e7aise aupr\u00e8s de la ministre de l\u2019Europe et des Affaires \u00e9trang\u00e8res, charg\u00e9e du d\u00e9veloppement, de la francophonie et des partenariats internationaux a r\u00e9agi sur la situation au Mali pour expliquer le retrait de la force Barkhane. Chrysoula Zacharopoulou a soutenu que <em>\u00ab les autorit\u00e9s maliennes ont d\u00e9cid\u00e9 de privil\u00e9gier leur propre survie politique, au d\u00e9triment de la lutte contre le terrorisme.\u00a0\u00bb<\/em><\/p>\n<p>Ces propos sont fustig\u00e9s par le ministre malien des Affaires \u00e9trang\u00e8res, ce mardi 25 octobre 2022, second jour du forum. \u00ab\u00a0<em>Elle a fait hier une grande op\u00e9ration de relation publique, mais qui manque de sinc\u00e9rit\u00e9. C\u2019\u00e9tait politiquement correct \u00e0 entendre, mais c\u2019est tr\u00e8s loin de la r\u00e9alit\u00e9 <\/em>\u00bb, a d\u00e9clar\u00e9 Abdoulaye Diop. S\u2019inscrivant en faux contre la d\u00e9claration de son homologue fran\u00e7aise, il d\u00e9clare\u00a0: \u00ab\u00a0<em>je crois qu\u2019un r\u00e9gime qui a une telle assise populaire n\u2019a pas \u00e0 s\u2019inqui\u00e9ter pour sa survie. La survie pour laquelle le Mali se bat, c\u2019est la survie du Mali en tant qu\u2019Etat.<\/em>\u00a0\u00bb<\/p>\n<p>Ces pr\u00e9cisions faites, le ministre soutient que \u00ab<em> la survie de l\u2019Etat malien a \u00e9t\u00e9 menac\u00e9e parce que la France, \u00e0 la t\u00eate d\u2019une organisation internationale, est intervenue en Libye pour une op\u00e9ration dont on ne sait pas jusqu\u2019\u00e0 aujourd\u2019hui l\u2019objectif recherch\u00e9. <\/em>\u00bb<\/p>\n<p>Tr\u00e8s critique \u00e0 l\u2019endroit de la France, il ajoute\u00a0: \u00ab\u00a0<em>qui est-ce qui a \u00e9t\u00e9 fait pour g\u00e9rer le service apr\u00e8s-vente et \u00e9viter qu\u2019une op\u00e9ration \u00e9trang\u00e8re ne finisse par une d\u00e9stabilisation de l\u2019ensemble de la r\u00e9gion. La survie dont on parle, c\u2019est la survie de nos \u00c9tats. Une d\u00e9faillance g\u00e9ostrat\u00e9gique monumentale nous a amen\u00e9 \u00e0 ces probl\u00e8mes. Et jusqu\u2019aujourd\u2019hui, personne n\u2019assume la responsabilit\u00e9. Ils sont venus pour emp\u00eacher la faillite de Bamako oui, nous le reconnaissons. Mais vous venez faire le pompier apr\u00e8s avoir allum\u00e9 le feu. Je suis reconnaissant pour les morts fran\u00e7ais au Mali.<\/em>\u00a0\u00bb<\/p>\n<p>Poursuivant son proc\u00e8s contre la France, M. Diop d\u00e9clare\u00a0: \u00ab\u00a0<em>elle a parl\u00e9 de 50 morts, mais le Mali ne compte m\u00eame pas ses morts civils ou militaires. Elle dit aussi que la France se bat pour la souverainet\u00e9 des pays africains et qu\u2019elle n\u2019entend pas se substituer aux arm\u00e9es africaines. Je vous donne un exemple, d\u2019abord elle se substitue aux arm\u00e9es africaines, parce que quand la France est venue pour aider le Mali \u00e0 lib\u00e9rer notre territoire en 2013, il y a eu trois grandes r\u00e9gions dans le nord du Mali. On a lib\u00e9r\u00e9 ensemble Gao et Tombouctou. Mais \u00e0 50 km de Kidal, l\u2019arm\u00e9e fran\u00e7aise a stopp\u00e9 nette l\u2019arm\u00e9e malienne en disant que vous ne pouvez pas entrer \u00e0 Kidal sur notre propre territoire. Aujourd\u2019hui, 10 ans apr\u00e8s, l\u2019arm\u00e9e malienne et l\u2019Etat malien ne sont pas pr\u00e9sents \u00e0 Kidal. Depuis 10 ans, elle travaille au nord du Mali avec des groupes rebelles. Elle a choisi ses amis dans le pays. Ce n\u2019est pas normal.<\/em>\u00a0\u00bb<\/p>\n<p>Tr\u00e8s en verve, le ministre malien de souligner\u00a0: \u00ab\u00a0<em>elle dit encore qu\u2019elle (La France) renforce la souverainet\u00e9 des pays africains, mais le G5 Sahel pourquoi le Mali est parti ? C\u2019est parce que la souverainet\u00e9 des pays n\u2019est pas respect\u00e9e. Le Mali est l\u2019un des pays fondateurs du G5 Sahel. La France n\u2019est pas membre, mais c\u2019est elle qui a mis le v\u00e9to pour que le Mali n\u2019assure pas la pr\u00e9sidence du G5 Sahel. Donc, je pense qu\u2019on ne vient pas faire le libre-service pour parler, pour faire plaisir aux uns et autres. Les partenariats pour \u00eatre efficaces, il faut qu\u2019ils se fassent dans la sinc\u00e9rit\u00e9 loin de tout r\u00e9flexe colonial. Mais aussi il faut une approche gagnant-gagnant. <\/em>\u00bb<\/p>\n<div class='share-to-whatsapp-wrapper'><div class='share-on-whsp'>PARTAGER SUR : <\/div><a data-text='FORUM SUR LA PAIX ET LA SECURITE- La cinglante r\u00e9plique du Mali \u00e0 la France' data-link='https:\/\/www.nettali.com\/2022\/10\/25\/forum-sur-la-paix-et-la-securite-la-cinglante-replique-du-mali-a-la-france\/' class='whatsapp-button whatsapp-share'>WhatsApp<\/a><div class='clear '><\/div><\/div>","protected":false},"excerpt":{"rendered":"<p>NETTALI.COM- Apr\u00e8s les propos de la secr\u00e9taire d\u2019Etat fran\u00e7aise\u00a0aupr\u00e8s de la ministre de l\u2019Europe et des Affaires \u00e9trang\u00e8res soutenant que \u00able r\u00e9gime \u00e0 Bamako se bat pour sa survie\u00bb, la r\u00e9action du ministre malien des Affaires \u00e9trang\u00e8res n\u2019a pas tard\u00e9. Abdoulaye Diop s\u2019est inscrit en faux contre Chrysoula Zacharopoulou. Lors de la c\u00e9r\u00e9monie d\u2019ouverture du [&hellip;]<\/p>\n","protected":false},"author":6,"featured_media":96497,"comment_status":"open","ping_status":"open","sticky":false,"template":"","format":"standard","meta":{"_et_pb_use_builder":"","_et_pb_old_content":""},"categories":[8],"tags":[],"yoast_head":"<!-- This site is optimized with the Yoast SEO Premium plugin v17.8 (Yoast SEO v17.8) - https:\/\/yoast.com\/wordpress\/plugins\/seo\/ -->\n<title>FORUM SUR LA PAIX ET LA SECURITE- La cinglante r\u00e9plique du Mali \u00e0 la France | Nettali.com<\/title>\n<meta name=\"robots\" content=\"index, follow, max-snippet:-1, max-image-preview:large, max-video-preview:-1\" \/>\n<link rel=\"canonical\" href=\"https:\/\/www.nettali.com\/2022\/10\/25\/forum-sur-la-paix-et-la-securite-la-cinglante-replique-du-mali-a-la-france\/\" \/>\n<meta property=\"og:locale\" content=\"fr_FR\" \/>\n<meta property=\"og:type\" content=\"article\" \/>\n<meta property=\"og:title\" content=\"FORUM SUR LA PAIX ET LA SECURITE- La cinglante r\u00e9plique du Mali \u00e0 la France\" \/>\n<meta property=\"og:description\" content=\"NETTALI.COM- Apr\u00e8s les propos de la secr\u00e9taire d\u2019Etat fran\u00e7aise\u00a0aupr\u00e8s de la ministre de l\u2019Europe et des Affaires \u00e9trang\u00e8res soutenant que \u00able r\u00e9gime \u00e0 Bamako se bat pour sa survie\u00bb, la r\u00e9action du ministre malien des Affaires \u00e9trang\u00e8res n\u2019a pas tard\u00e9. Abdoulaye Diop s\u2019est inscrit en faux contre Chrysoula Zacharopoulou. Lors de la c\u00e9r\u00e9monie d\u2019ouverture du [&hellip;]\" \/>\n<meta property=\"og:url\" content=\"https:\/\/www.nettali.com\/2022\/10\/25\/forum-sur-la-paix-et-la-securite-la-cinglante-replique-du-mali-a-la-france\/\" \/>\n<meta property=\"og:site_name\" content=\"Nettali.com\" \/>\n<meta property=\"article:publisher\" content=\"https:\/\/www.facebook.com\/nettalicom\" \/>\n<meta property=\"article:published_time\" content=\"2022-10-25T16:36:58+00:00\" \/>\n<meta property=\"article:modified_time\" content=\"2022-10-26T08:16:21+00:00\" \/>\n<meta property=\"og:image\" content=\"https:\/\/www.nettali.com\/wp-content\/uploads\/2022\/10\/AD.jpg\" \/>\n\t<meta property=\"og:image:width\" content=\"259\" \/>\n\t<meta property=\"og:image:height\" content=\"194\" \/>\n<meta name=\"twitter:card\" content=\"summary_large_image\" \/>\n<meta name=\"twitter:label1\" content=\"\u00c9crit par\" \/>\n\t<meta name=\"twitter:data1\" content=\"Fatou\" \/>\n\t<meta name=\"twitter:label2\" content=\"Dur\u00e9e de lecture estim\u00e9e\" \/>\n\t<meta name=\"twitter:data2\" content=\"4 minutes\" \/>\n<script type=\"application\/ld+json\" class=\"yoast-schema-graph\">{\"@context\":\"https:\/\/schema.org\",\"@graph\":[{\"@type\":\"WebSite\",\"@id\":\"https:\/\/www.nettali.com\/#website\",\"url\":\"https:\/\/www.nettali.com\/\",\"name\":\"Nettali.com\",\"description\":\"Le rendez-vous critique du Net\",\"potentialAction\":[{\"@type\":\"SearchAction\",\"target\":{\"@type\":\"EntryPoint\",\"urlTemplate\":\"https:\/\/www.nettali.com\/?s={search_term_string}\"},\"query-input\":\"required name=search_term_string\"}],\"inLanguage\":\"fr-FR\"},{\"@type\":\"ImageObject\",\"@id\":\"https:\/\/www.nettali.com\/2022\/10\/25\/forum-sur-la-paix-et-la-securite-la-cinglante-replique-du-mali-a-la-france\/#primaryimage\",\"inLanguage\":\"fr-FR\",\"url\":\"https:\/\/www.nettali.com\/wp-content\/uploads\/2022\/10\/AD.jpg\",\"contentUrl\":\"https:\/\/www.nettali.com\/wp-content\/uploads\/2022\/10\/AD.jpg\",\"width\":259,\"height\":194},{\"@type\":\"WebPage\",\"@id\":\"https:\/\/www.nettali.com\/2022\/10\/25\/forum-sur-la-paix-et-la-securite-la-cinglante-replique-du-mali-a-la-france\/#webpage\",\"url\":\"https:\/\/www.nettali.com\/2022\/10\/25\/forum-sur-la-paix-et-la-securite-la-cinglante-replique-du-mali-a-la-france\/\",\"name\":\"FORUM SUR LA PAIX ET LA SECURITE- La cinglante r\\u00e9plique du Mali \\u00e0 la France | Nettali.com\",\"isPartOf\":{\"@id\":\"https:\/\/www.nettali.com\/#website\"},\"primaryImageOfPage\":{\"@id\":\"https:\/\/www.nettali.com\/2022\/10\/25\/forum-sur-la-paix-et-la-securite-la-cinglante-replique-du-mali-a-la-france\/#primaryimage\"},\"datePublished\":\"2022-10-25T16:36:58+00:00\",\"dateModified\":\"2022-10-26T08:16:21+00:00\",\"author\":{\"@id\":\"https:\/\/www.nettali.com\/#\/schema\/person\/418274a86bdf87caff7a3ef476bd0bbf\"},\"breadcrumb\":{\"@id\":\"https:\/\/www.nettali.com\/2022\/10\/25\/forum-sur-la-paix-et-la-securite-la-cinglante-replique-du-mali-a-la-france\/#breadcrumb\"},\"inLanguage\":\"fr-FR\",\"potentialAction\":[{\"@type\":\"ReadAction\",\"target\":[\"https:\/\/www.nettali.com\/2022\/10\/25\/forum-sur-la-paix-et-la-securite-la-cinglante-replique-du-mali-a-la-france\/\"]}]},{\"@type\":\"BreadcrumbList\",\"@id\":\"https:\/\/www.nettali.com\/2022\/10\/25\/forum-sur-la-paix-et-la-securite-la-cinglante-replique-du-mali-a-la-france\/#breadcrumb\",\"itemListElement\":[{\"@type\":\"ListItem\",\"position\":1,\"name\":\"Accueil\",\"item\":\"https:\/\/www.nettali.com\/\"},{\"@type\":\"ListItem\",\"position\":2,\"name\":\"FORUM SUR LA PAIX ET LA SECURITE- La cinglante r\\u00e9plique du Mali \\u00e0 la France\"}]},{\"@type\":\"Person\",\"@id\":\"https:\/\/www.nettali.com\/#\/schema\/person\/418274a86bdf87caff7a3ef476bd0bbf\",\"name\":\"Fatou\",\"image\":{\"@type\":\"ImageObject\",\"@id\":\"https:\/\/www.nettali.com\/#personlogo\",\"inLanguage\":\"fr-FR\",\"url\":\"https:\/\/secure.gravatar.com\/avatar\/5a9442a2bee7b4dcf167cab035858e9a?s=96&d=mm&r=g\",\"contentUrl\":\"https:\/\/secure.gravatar.com\/avatar\/5a9442a2bee7b4dcf167cab035858e9a?s=96&d=mm&r=g\",\"caption\":\"Fatou\"},\"sameAs\":[\"https:\/\/www.nettali.com\"]}]}<\/script>\n<!-- \/ Yoast SEO Premium plugin. -->","yoast_head_json":{"title":"FORUM SUR LA PAIX ET LA SECURITE- La cinglante r\u00e9plique du Mali \u00e0 la France | Nettali.com","robots":{"index":"index","follow":"follow","max-snippet":"max-snippet:-1","max-image-preview":"max-image-preview:large","max-video-preview":"max-video-preview:-1"},"canonical":"https:\/\/www.nettali.com\/2022\/10\/25\/forum-sur-la-paix-et-la-securite-la-cinglante-replique-du-mali-a-la-france\/","og_locale":"fr_FR","og_type":"article","og_title":"FORUM SUR LA PAIX ET LA SECURITE- La cinglante r\u00e9plique du Mali \u00e0 la France","og_description":"NETTALI.COM- Apr\u00e8s les propos de la secr\u00e9taire d\u2019Etat fran\u00e7aise\u00a0aupr\u00e8s de la ministre de l\u2019Europe et des Affaires \u00e9trang\u00e8res soutenant que \u00able r\u00e9gime \u00e0 Bamako se bat pour sa survie\u00bb, la r\u00e9action du ministre malien des Affaires \u00e9trang\u00e8res n\u2019a pas tard\u00e9. Abdoulaye Diop s\u2019est inscrit en faux contre Chrysoula Zacharopoulou. Lors de la c\u00e9r\u00e9monie d\u2019ouverture du [&hellip;]","og_url":"https:\/\/www.nettali.com\/2022\/10\/25\/forum-sur-la-paix-et-la-securite-la-cinglante-replique-du-mali-a-la-france\/","og_site_name":"Nettali.com","article_publisher":"https:\/\/www.facebook.com\/nettalicom","article_published_time":"2022-10-25T16:36:58+00:00","article_modified_time":"2022-10-26T08:16:21+00:00","og_image":[{"width":259,"height":194,"url":"https:\/\/www.nettali.com\/wp-content\/uploads\/2022\/10\/AD.jpg","type":"image\/jpeg"}],"twitter_card":"summary_large_image","twitter_misc":{"\u00c9crit par":"Fatou","Dur\u00e9e de lecture estim\u00e9e":"4 minutes"},"schema":{"@context":"https:\/\/schema.org","@graph":[{"@type":"WebSite","@id":"https:\/\/www.nettali.com\/#website","url":"https:\/\/www.nettali.com\/","name":"Nettali.com","description":"Le rendez-vous critique du Net","potentialAction":[{"@type":"SearchAction","target":{"@type":"EntryPoint","urlTemplate":"https:\/\/www.nettali.com\/?s={search_term_string}"},"query-input":"required name=search_term_string"}],"inLanguage":"fr-FR"},{"@type":"ImageObject","@id":"https:\/\/www.nettali.com\/2022\/10\/25\/forum-sur-la-paix-et-la-securite-la-cinglante-replique-du-mali-a-la-france\/#primaryimage","inLanguage":"fr-FR","url":"https:\/\/www.nettali.com\/wp-content\/uploads\/2022\/10\/AD.jpg","contentUrl":"https:\/\/www.nettali.com\/wp-content\/uploads\/2022\/10\/AD.jpg","width":259,"height":194},{"@type":"WebPage","@id":"https:\/\/www.nettali.com\/2022\/10\/25\/forum-sur-la-paix-et-la-securite-la-cinglante-replique-du-mali-a-la-france\/#webpage","url":"https:\/\/www.nettali.com\/2022\/10\/25\/forum-sur-la-paix-et-la-securite-la-cinglante-replique-du-mali-a-la-france\/","name":"FORUM SUR LA PAIX ET LA SECURITE- La cinglante r\u00e9plique du Mali \u00e0 la France | Nettali.com","isPartOf":{"@id":"https:\/\/www.nettali.com\/#website"},"primaryImageOfPage":{"@id":"https:\/\/www.nettali.com\/2022\/10\/25\/forum-sur-la-paix-et-la-securite-la-cinglante-replique-du-mali-a-la-france\/#primaryimage"},"datePublished":"2022-10-25T16:36:58+00:00","dateModified":"2022-10-26T08:16:21+00:00","author":{"@id":"https:\/\/www.nettali.com\/#\/schema\/person\/418274a86bdf87caff7a3ef476bd0bbf"},"breadcrumb":{"@id":"https:\/\/www.nettali.com\/2022\/10\/25\/forum-sur-la-paix-et-la-securite-la-cinglante-replique-du-mali-a-la-france\/#breadcrumb"},"inLanguage":"fr-FR","potentialAction":[{"@type":"ReadAction","target":["https:\/\/www.nettali.com\/2022\/10\/25\/forum-sur-la-paix-et-la-securite-la-cinglante-replique-du-mali-a-la-france\/"]}]},{"@type":"BreadcrumbList","@id":"https:\/\/www.nettali.com\/2022\/10\/25\/forum-sur-la-paix-et-la-securite-la-cinglante-replique-du-mali-a-la-france\/#breadcrumb","itemListElement":[{"@type":"ListItem","position":1,"name":"Accueil","item":"https:\/\/www.nettali.com\/"},{"@type":"ListItem","position":2,"name":"FORUM SUR LA PAIX ET LA SECURITE- La cinglante r\u00e9plique du Mali \u00e0 la France"}]},{"@type":"Person","@id":"https:\/\/www.nettali.com\/#\/schema\/person\/418274a86bdf87caff7a3ef476bd0bbf","name":"Fatou","image":{"@type":"ImageObject","@id":"https:\/\/www.nettali.com\/#personlogo","inLanguage":"fr-FR","url":"https:\/\/secure.gravatar.com\/avatar\/5a9442a2bee7b4dcf167cab035858e9a?s=96&d=mm&r=g","contentUrl":"https:\/\/secure.gravatar.com\/avatar\/5a9442a2bee7b4dcf167cab035858e9a?s=96&d=mm&r=g","caption":"Fatou"},"sameAs":["https:\/\/www.nettali.com"]}]}},"_links":{"self":[{"href":"https:\/\/www.nettali.com\/rest\/wp\/v2\/posts\/96496"}],"collection":[{"href":"https:\/\/www.nettali.com\/rest\/wp\/v2\/posts"}],"about":[{"href":"https:\/\/www.nettali.com\/rest\/wp\/v2\/types\/post"}],"author":[{"embeddable":true,"href":"https:\/\/www.nettali.com\/rest\/wp\/v2\/users\/6"}],"replies":[{"embeddable":true,"href":"https:\/\/www.nettali.com\/rest\/wp\/v2\/comments?post=96496"}],"version-history":[{"count":5,"href":"https:\/\/www.nettali.com\/rest\/wp\/v2\/posts\/96496\/revisions"}],"predecessor-version":[{"id":96509,"href":"https:\/\/www.nettali.com\/rest\/wp\/v2\/posts\/96496\/revisions\/96509"}],"wp:featuredmedia":[{"embeddable":true,"href":"https:\/\/www.nettali.com\/rest\/wp\/v2\/media\/96497"}],"wp:attachment":[{"href":"https:\/\/www.nettali.com\/rest\/wp\/v2\/media?parent=96496"}],"wp:term":[{"taxonomy":"category","embeddable":true,"href":"https:\/\/www.nettali.com\/rest\/wp\/v2\/categories?post=96496"},{"taxonomy":"post_tag","embeddable":true,"href":"https:\/\/www.nettali.com\/rest\/wp\/v2\/tags?post=96496"}],"curies":[{"name":"wp","href":"https:\/\/api.w.org\/{rel}","templated":true}]}}