{"id":96313,"date":"2022-10-23T11:48:59","date_gmt":"2022-10-23T11:48:59","guid":{"rendered":"https:\/\/www.nettali.com\/?p=96313"},"modified":"2022-10-24T07:36:04","modified_gmt":"2022-10-24T07:36:04","slug":"mame-diarra-fam-je-vous-annonce-larrivee-imminente-de-karim-wade","status":"publish","type":"post","link":"https:\/\/www.nettali.com\/2022\/10\/23\/mame-diarra-fam-je-vous-annonce-larrivee-imminente-de-karim-wade\/","title":{"rendered":"MAME DIARRA FAM - \u00abJe vous annonce l'arriv\u00e9e imminente de Karim Wade\u00bb"},"content":{"rendered":"<p><strong>NETTALI.COM - Mame Diarra Fam estime que Karim Wade n'a pas besoin d'une loi d'amnistie venant du pr\u00e9sident Macky Sall.\u00a0 Il ne souhaite que la r\u00e9vision de son proc\u00e8s.\u00a0<\/strong><\/p>\n<p><em>\u00abLa f\u00e9d\u00e9ration du PDS de Pikine \u00e9tait en conclave aujourd'hui \u00e0 Pikine pour rassembler tous nos responsables communaux et parler du parti et de son avenir politique, vu que nous sortons des l\u00e9gislatives avec la grande victoire de la coalition Wallu dans le d\u00e9partement de Pikine, avec Yewwi. Nous avons discut\u00e9 du retour de Karim Wade, ce que tous les responsables ont souhait\u00e9. Et ce que je peux vous dire, c'est l'arriv\u00e9e imminente de Karim Wade qui sera le porte-\u00e9tendard du Parti d\u00e9mocratique S\u00e9n\u00e9galais. C'est ce qui a \u00e9t\u00e9 discut\u00e9 aujourd'hui et c'est ce que le d\u00e9partement de Pikine souhaite. Et le message sera transmis \u00e0 Karim Wade\u00bb,<\/em> a pr\u00e9cis\u00e9 Mame Diarra Fam.<\/p>\n<p>Elle s'exprimait lors d'une rencontre d\u00e9partementale des responsables lib\u00e9raux du d\u00e9partement de Pikine en vue de se pencher sur l'avenir politique du parti au sortir des derni\u00e8res l\u00e9gislatives...<\/p>\n<p>Elle ajoute que Karim Wade ne souhaite que la r\u00e9vision de son proc\u00e8s et rien d\u2019autre.<\/p>\n<p><em>\u00abTout ce que souhaite Karim Wade, c'est la r\u00e9vision de son proc\u00e8s. Car ayant gagn\u00e9 tous les proc\u00e8s internationaux, il n'a perdu que son proc\u00e8s national, et je pense que r\u00e9clamer la r\u00e9vision de son proc\u00e8s c'est son droit le plus absolu.\u00a0Donc nous exigeons la r\u00e9vision de son proc\u00e8s parce que nous souhaitons en faire notre candidat\u00bb,<\/em> soutient Mame Diarra Fam.<\/p>\n<p><em>\u00ab\u00a0Parler de loi d'amnistie, je pense que c'est vraiment sp\u00e9culer, car nous avons entendu le pr\u00e9sident Macky Sall demander d'\u00e9tudier les voies et moyens pour permettre aux personnes ayant perdu leurs droits de vote de pouvoir en b\u00e9n\u00e9ficier \u00e0 nouveau. Je pense qu'il n'est nullement mentionn\u00e9 dans le document une loi d'amnistie. Yewwi n'a jamais parl\u00e9 d'amnistie, mais propose la r\u00e9vision du proc\u00e8s de Karim, nous sommes dans une coalition et donc nous allons travailler \u00e0 faire retrouver par Khalife Sall et Karim Wade leurs droits civiques et politiques\u00bb,<\/em> ajoute la d\u00e9put\u00e9e.<\/p>\n<p>Ce qui est s\u00fbr, note la d\u00e9put\u00e9e, la demande pressante de tous les responsables PDS du d\u00e9partement de Pikine, c'est le retour de Karim.<\/p>\n<p>&nbsp;<\/p>\n<p>&nbsp;<\/p>\n<div class='share-to-whatsapp-wrapper'><div class='share-on-whsp'>PARTAGER SUR : <\/div><a data-text='MAME DIARRA FAM - \u00abJe vous annonce l'arriv\u00e9e imminente de Karim Wade\u00bb' data-link='https:\/\/www.nettali.com\/2022\/10\/23\/mame-diarra-fam-je-vous-annonce-larrivee-imminente-de-karim-wade\/' class='whatsapp-button whatsapp-share'>WhatsApp<\/a><div class='clear '><\/div><\/div>","protected":false},"excerpt":{"rendered":"<p>NETTALI.COM - Mame Diarra Fam estime que Karim Wade n'a pas besoin d'une loi d'amnistie venant du pr\u00e9sident Macky Sall.\u00a0 Il ne souhaite que la r\u00e9vision de son proc\u00e8s.\u00a0 \u00abLa f\u00e9d\u00e9ration du PDS de Pikine \u00e9tait en conclave aujourd'hui \u00e0 Pikine pour rassembler tous nos responsables communaux et parler du parti et de son avenir [&hellip;]<\/p>\n","protected":false},"author":4,"featured_media":96314,"comment_status":"open","ping_status":"open","sticky":false,"template":"","format":"standard","meta":{"_et_pb_use_builder":"","_et_pb_old_content":""},"categories":[2],"tags":[],"yoast_head":"<!-- This site is optimized with the Yoast SEO Premium plugin v17.8 (Yoast SEO v17.8) - https:\/\/yoast.com\/wordpress\/plugins\/seo\/ -->\n<title>MAME DIARRA FAM - \u00abJe vous annonce l&#039;arriv\u00e9e imminente de Karim Wade\u00bb | Nettali.com<\/title>\n<meta name=\"robots\" content=\"index, follow, max-snippet:-1, max-image-preview:large, max-video-preview:-1\" \/>\n<link rel=\"canonical\" href=\"https:\/\/www.nettali.com\/2022\/10\/23\/mame-diarra-fam-je-vous-annonce-larrivee-imminente-de-karim-wade\/\" \/>\n<meta property=\"og:locale\" content=\"fr_FR\" \/>\n<meta property=\"og:type\" content=\"article\" \/>\n<meta property=\"og:title\" content=\"MAME DIARRA FAM - \u00abJe vous annonce l&#039;arriv\u00e9e imminente de Karim Wade\u00bb\" \/>\n<meta property=\"og:description\" content=\"NETTALI.COM - Mame Diarra Fam estime que Karim Wade n&#039;a pas besoin d&#039;une loi d&#039;amnistie venant du pr\u00e9sident Macky Sall.\u00a0 Il ne souhaite que la r\u00e9vision de son proc\u00e8s.\u00a0 \u00abLa f\u00e9d\u00e9ration du PDS de Pikine \u00e9tait en conclave aujourd&#039;hui \u00e0 Pikine pour rassembler tous nos responsables communaux et parler du parti et de son avenir [&hellip;]\" \/>\n<meta property=\"og:url\" content=\"https:\/\/www.nettali.com\/2022\/10\/23\/mame-diarra-fam-je-vous-annonce-larrivee-imminente-de-karim-wade\/\" \/>\n<meta property=\"og:site_name\" content=\"Nettali.com\" \/>\n<meta property=\"article:publisher\" content=\"https:\/\/www.facebook.com\/nettalicom\" \/>\n<meta property=\"article:published_time\" content=\"2022-10-23T11:48:59+00:00\" \/>\n<meta property=\"article:modified_time\" content=\"2022-10-24T07:36:04+00:00\" \/>\n<meta property=\"og:image\" content=\"https:\/\/www.nettali.com\/wp-content\/uploads\/2022\/10\/Mame-Diara-Fam.jpeg\" \/>\n\t<meta property=\"og:image:width\" content=\"1256\" \/>\n\t<meta property=\"og:image:height\" content=\"628\" \/>\n<meta name=\"twitter:card\" content=\"summary_large_image\" \/>\n<meta name=\"twitter:label1\" content=\"\u00c9crit par\" \/>\n\t<meta name=\"twitter:data1\" content=\"Daouda\" \/>\n\t<meta name=\"twitter:label2\" content=\"Dur\u00e9e de lecture estim\u00e9e\" \/>\n\t<meta name=\"twitter:data2\" content=\"2 minutes\" \/>\n<script type=\"application\/ld+json\" class=\"yoast-schema-graph\">{\"@context\":\"https:\/\/schema.org\",\"@graph\":[{\"@type\":\"WebSite\",\"@id\":\"https:\/\/www.nettali.com\/#website\",\"url\":\"https:\/\/www.nettali.com\/\",\"name\":\"Nettali.com\",\"description\":\"Le rendez-vous critique du Net\",\"potentialAction\":[{\"@type\":\"SearchAction\",\"target\":{\"@type\":\"EntryPoint\",\"urlTemplate\":\"https:\/\/www.nettali.com\/?s={search_term_string}\"},\"query-input\":\"required name=search_term_string\"}],\"inLanguage\":\"fr-FR\"},{\"@type\":\"ImageObject\",\"@id\":\"https:\/\/www.nettali.com\/2022\/10\/23\/mame-diarra-fam-je-vous-annonce-larrivee-imminente-de-karim-wade\/#primaryimage\",\"inLanguage\":\"fr-FR\",\"url\":\"https:\/\/www.nettali.com\/wp-content\/uploads\/2022\/10\/Mame-Diara-Fam.jpeg\",\"contentUrl\":\"https:\/\/www.nettali.com\/wp-content\/uploads\/2022\/10\/Mame-Diara-Fam.jpeg\",\"width\":1256,\"height\":628},{\"@type\":\"WebPage\",\"@id\":\"https:\/\/www.nettali.com\/2022\/10\/23\/mame-diarra-fam-je-vous-annonce-larrivee-imminente-de-karim-wade\/#webpage\",\"url\":\"https:\/\/www.nettali.com\/2022\/10\/23\/mame-diarra-fam-je-vous-annonce-larrivee-imminente-de-karim-wade\/\",\"name\":\"MAME DIARRA FAM - \\u00abJe vous annonce l'arriv\\u00e9e imminente de Karim Wade\\u00bb | Nettali.com\",\"isPartOf\":{\"@id\":\"https:\/\/www.nettali.com\/#website\"},\"primaryImageOfPage\":{\"@id\":\"https:\/\/www.nettali.com\/2022\/10\/23\/mame-diarra-fam-je-vous-annonce-larrivee-imminente-de-karim-wade\/#primaryimage\"},\"datePublished\":\"2022-10-23T11:48:59+00:00\",\"dateModified\":\"2022-10-24T07:36:04+00:00\",\"author\":{\"@id\":\"https:\/\/www.nettali.com\/#\/schema\/person\/3317e0bb3aa1da309fbf7b2780901bf4\"},\"breadcrumb\":{\"@id\":\"https:\/\/www.nettali.com\/2022\/10\/23\/mame-diarra-fam-je-vous-annonce-larrivee-imminente-de-karim-wade\/#breadcrumb\"},\"inLanguage\":\"fr-FR\",\"potentialAction\":[{\"@type\":\"ReadAction\",\"target\":[\"https:\/\/www.nettali.com\/2022\/10\/23\/mame-diarra-fam-je-vous-annonce-larrivee-imminente-de-karim-wade\/\"]}]},{\"@type\":\"BreadcrumbList\",\"@id\":\"https:\/\/www.nettali.com\/2022\/10\/23\/mame-diarra-fam-je-vous-annonce-larrivee-imminente-de-karim-wade\/#breadcrumb\",\"itemListElement\":[{\"@type\":\"ListItem\",\"position\":1,\"name\":\"Accueil\",\"item\":\"https:\/\/www.nettali.com\/\"},{\"@type\":\"ListItem\",\"position\":2,\"name\":\"MAME DIARRA FAM - \\u00abJe vous annonce l'arriv\\u00e9e imminente de Karim Wade\\u00bb\"}]},{\"@type\":\"Person\",\"@id\":\"https:\/\/www.nettali.com\/#\/schema\/person\/3317e0bb3aa1da309fbf7b2780901bf4\",\"name\":\"Daouda\",\"image\":{\"@type\":\"ImageObject\",\"@id\":\"https:\/\/www.nettali.com\/#personlogo\",\"inLanguage\":\"fr-FR\",\"url\":\"https:\/\/secure.gravatar.com\/avatar\/8d143b5a49345098ddcfee1c49c2f47c?s=96&d=mm&r=g\",\"contentUrl\":\"https:\/\/secure.gravatar.com\/avatar\/8d143b5a49345098ddcfee1c49c2f47c?s=96&d=mm&r=g\",\"caption\":\"Daouda\"},\"sameAs\":[\"https:\/\/www.nettali.com\"]}]}<\/script>\n<!-- \/ Yoast SEO Premium plugin. -->","yoast_head_json":{"title":"MAME DIARRA FAM - \u00abJe vous annonce l'arriv\u00e9e imminente de Karim Wade\u00bb | Nettali.com","robots":{"index":"index","follow":"follow","max-snippet":"max-snippet:-1","max-image-preview":"max-image-preview:large","max-video-preview":"max-video-preview:-1"},"canonical":"https:\/\/www.nettali.com\/2022\/10\/23\/mame-diarra-fam-je-vous-annonce-larrivee-imminente-de-karim-wade\/","og_locale":"fr_FR","og_type":"article","og_title":"MAME DIARRA FAM - \u00abJe vous annonce l'arriv\u00e9e imminente de Karim Wade\u00bb","og_description":"NETTALI.COM - Mame Diarra Fam estime que Karim Wade n'a pas besoin d'une loi d'amnistie venant du pr\u00e9sident Macky Sall.\u00a0 Il ne souhaite que la r\u00e9vision de son proc\u00e8s.\u00a0 \u00abLa f\u00e9d\u00e9ration du PDS de Pikine \u00e9tait en conclave aujourd'hui \u00e0 Pikine pour rassembler tous nos responsables communaux et parler du parti et de son avenir [&hellip;]","og_url":"https:\/\/www.nettali.com\/2022\/10\/23\/mame-diarra-fam-je-vous-annonce-larrivee-imminente-de-karim-wade\/","og_site_name":"Nettali.com","article_publisher":"https:\/\/www.facebook.com\/nettalicom","article_published_time":"2022-10-23T11:48:59+00:00","article_modified_time":"2022-10-24T07:36:04+00:00","og_image":[{"width":1256,"height":628,"url":"https:\/\/www.nettali.com\/wp-content\/uploads\/2022\/10\/Mame-Diara-Fam.jpeg","type":"image\/jpeg"}],"twitter_card":"summary_large_image","twitter_misc":{"\u00c9crit par":"Daouda","Dur\u00e9e de lecture estim\u00e9e":"2 minutes"},"schema":{"@context":"https:\/\/schema.org","@graph":[{"@type":"WebSite","@id":"https:\/\/www.nettali.com\/#website","url":"https:\/\/www.nettali.com\/","name":"Nettali.com","description":"Le rendez-vous critique du Net","potentialAction":[{"@type":"SearchAction","target":{"@type":"EntryPoint","urlTemplate":"https:\/\/www.nettali.com\/?s={search_term_string}"},"query-input":"required name=search_term_string"}],"inLanguage":"fr-FR"},{"@type":"ImageObject","@id":"https:\/\/www.nettali.com\/2022\/10\/23\/mame-diarra-fam-je-vous-annonce-larrivee-imminente-de-karim-wade\/#primaryimage","inLanguage":"fr-FR","url":"https:\/\/www.nettali.com\/wp-content\/uploads\/2022\/10\/Mame-Diara-Fam.jpeg","contentUrl":"https:\/\/www.nettali.com\/wp-content\/uploads\/2022\/10\/Mame-Diara-Fam.jpeg","width":1256,"height":628},{"@type":"WebPage","@id":"https:\/\/www.nettali.com\/2022\/10\/23\/mame-diarra-fam-je-vous-annonce-larrivee-imminente-de-karim-wade\/#webpage","url":"https:\/\/www.nettali.com\/2022\/10\/23\/mame-diarra-fam-je-vous-annonce-larrivee-imminente-de-karim-wade\/","name":"MAME DIARRA FAM - \u00abJe vous annonce l'arriv\u00e9e imminente de Karim Wade\u00bb | Nettali.com","isPartOf":{"@id":"https:\/\/www.nettali.com\/#website"},"primaryImageOfPage":{"@id":"https:\/\/www.nettali.com\/2022\/10\/23\/mame-diarra-fam-je-vous-annonce-larrivee-imminente-de-karim-wade\/#primaryimage"},"datePublished":"2022-10-23T11:48:59+00:00","dateModified":"2022-10-24T07:36:04+00:00","author":{"@id":"https:\/\/www.nettali.com\/#\/schema\/person\/3317e0bb3aa1da309fbf7b2780901bf4"},"breadcrumb":{"@id":"https:\/\/www.nettali.com\/2022\/10\/23\/mame-diarra-fam-je-vous-annonce-larrivee-imminente-de-karim-wade\/#breadcrumb"},"inLanguage":"fr-FR","potentialAction":[{"@type":"ReadAction","target":["https:\/\/www.nettali.com\/2022\/10\/23\/mame-diarra-fam-je-vous-annonce-larrivee-imminente-de-karim-wade\/"]}]},{"@type":"BreadcrumbList","@id":"https:\/\/www.nettali.com\/2022\/10\/23\/mame-diarra-fam-je-vous-annonce-larrivee-imminente-de-karim-wade\/#breadcrumb","itemListElement":[{"@type":"ListItem","position":1,"name":"Accueil","item":"https:\/\/www.nettali.com\/"},{"@type":"ListItem","position":2,"name":"MAME DIARRA FAM - \u00abJe vous annonce l'arriv\u00e9e imminente de Karim Wade\u00bb"}]},{"@type":"Person","@id":"https:\/\/www.nettali.com\/#\/schema\/person\/3317e0bb3aa1da309fbf7b2780901bf4","name":"Daouda","image":{"@type":"ImageObject","@id":"https:\/\/www.nettali.com\/#personlogo","inLanguage":"fr-FR","url":"https:\/\/secure.gravatar.com\/avatar\/8d143b5a49345098ddcfee1c49c2f47c?s=96&d=mm&r=g","contentUrl":"https:\/\/secure.gravatar.com\/avatar\/8d143b5a49345098ddcfee1c49c2f47c?s=96&d=mm&r=g","caption":"Daouda"},"sameAs":["https:\/\/www.nettali.com"]}]}},"_links":{"self":[{"href":"https:\/\/www.nettali.com\/rest\/wp\/v2\/posts\/96313"}],"collection":[{"href":"https:\/\/www.nettali.com\/rest\/wp\/v2\/posts"}],"about":[{"href":"https:\/\/www.nettali.com\/rest\/wp\/v2\/types\/post"}],"author":[{"embeddable":true,"href":"https:\/\/www.nettali.com\/rest\/wp\/v2\/users\/4"}],"replies":[{"embeddable":true,"href":"https:\/\/www.nettali.com\/rest\/wp\/v2\/comments?post=96313"}],"version-history":[{"count":1,"href":"https:\/\/www.nettali.com\/rest\/wp\/v2\/posts\/96313\/revisions"}],"predecessor-version":[{"id":96315,"href":"https:\/\/www.nettali.com\/rest\/wp\/v2\/posts\/96313\/revisions\/96315"}],"wp:featuredmedia":[{"embeddable":true,"href":"https:\/\/www.nettali.com\/rest\/wp\/v2\/media\/96314"}],"wp:attachment":[{"href":"https:\/\/www.nettali.com\/rest\/wp\/v2\/media?parent=96313"}],"wp:term":[{"taxonomy":"category","embeddable":true,"href":"https:\/\/www.nettali.com\/rest\/wp\/v2\/categories?post=96313"},{"taxonomy":"post_tag","embeddable":true,"href":"https:\/\/www.nettali.com\/rest\/wp\/v2\/tags?post=96313"}],"curies":[{"name":"wp","href":"https:\/\/api.w.org\/{rel}","templated":true}]}}