{"id":96283,"date":"2022-10-22T09:43:25","date_gmt":"2022-10-22T09:43:25","guid":{"rendered":"https:\/\/www.nettali.com\/?p=96283"},"modified":"2022-10-24T19:46:02","modified_gmt":"2022-10-24T19:46:02","slug":"coups-de-pilon-vertiges-dun-regne","status":"publish","type":"post","link":"https:\/\/www.nettali.com\/2022\/10\/22\/coups-de-pilon-vertiges-dun-regne\/","title":{"rendered":"COUPS DE PILON - Vertiges d\u2019un r\u00e8gne !"},"content":{"rendered":"<p><strong>NETTALI.COM - Les nominations sous Macky Sall, c\u2019est d\u00e9cid\u00e9ment le sc\u00e9nario d\u2019un mauvais film qui se joue de mani\u00e8re cyclique. Matar Ba, d\u00e9mis de son poste de ministre des sports, est nomm\u00e9 chef de cabinet du pr\u00e9sident. Mamour Diallo, ancien DG des domaines, revient aux affaires apr\u00e8s une p\u00e9riode de placard. Il est cas\u00e9 \u00e0 l\u2019Office national d\u2019Assainissement du S\u00e9n\u00e9gal. <\/strong><\/p>\n<p>Isma\u00ebl Madior Fall retrouve son poste de ministre de la justice, apr\u00e8s un passage au palais comme conseiller aux affaires juridiques du pr\u00e9sident. Son bureau ne suffisait plus. Epoque de pol\u00e9miques juridiques sur l\u2019\u00e9pineux sujet du 3\u00e8me mandat, il fallait bien le mettre au-devant de la sc\u00e8ne pour affronter les nombreux d\u00e9tracteurs. M\u00eame sc\u00e9nario avec Ababacar Sadikh B\u00e8ye qui est retourn\u00e9 \u00e0 l\u2019Agence nationale de la Statistique et de la D\u00e9mographie (Ansd). Mambaye Niang, l\u2019ami de Diouf Sarr, passe du minist\u00e8re de la Jeunesse au Prodac, puis atterrit au tourisme. L\u2019ancien ministre de la Sant\u00e9 ne semble pas d\u2019accord avec sa nomination. Il lui reproche d\u2019avoir sabot\u00e9 sa campagne et plagi\u00e9 son programme des locales. Karim Fofana d\u00e9barque au commerce apr\u00e8s un passage par l\u2019urbanisme. Aly Ngouille Ndiaye, l\u2019ancien ministre de l\u2019Int\u00e9rieur, revient \u00e9galement aux affaires pour occuper le d\u00e9partement de l\u2019agriculture.<\/p>\n<p>Tout comme Amadou B\u00e2 est \u00ab ressuscit\u00e9 \u00bb apr\u00e8s sa travers\u00e9e du d\u00e9sert. Nomm\u00e9 premier ministre, les d\u00e9put\u00e9s de Wallu souhaite en tout cas qu\u2019Amadou Ba passe d\u2019abord par la case d\u00e9claration de politique g\u00e9n\u00e9rale avant l\u2019examen et le vote du budget. Ce d\u2019autant plus qu\u2019ils consid\u00e8rent \u00ab l\u2019 ancien ministre de l\u2019\u00c9conomie et des Finances de 2013 \u00e0 2019, comme le principal responsable de la crise \u00e9conomique et financi\u00e8re actuelle, puisque c\u2019est lui, estiment les lib\u00e9raux, qui a surendett\u00e9 le S\u00e9n\u00e9gal, si bien qu\u2019aujourd\u2019hui, nos ressources financi\u00e8res sont affect\u00e9es en priorit\u00e9 au paiement du service de la dette plut\u00f4t qu\u2019au financement des d\u00e9penses sociales devant soulager les S\u00e9n\u00e9galais et au r\u00e8glement de la dette int\u00e9rieure \u00bb.<\/p>\n<p>Ils pensent tout au plus que programmer, que sa d\u00e9claration de politique g\u00e9n\u00e9rale au mois de d\u00e9cembre, apr\u00e8s le vote du budget, est une \u00abd\u00e9robade inacceptable \u00bb ainsi qu\u2019 une fuite de responsabilit\u00e9s \u00bb.<\/p>\n<p>L\u2019on se rappelle \u00e9galement que limog\u00e9 de son poste de DG de La Poste, Cir\u00e9 Dia avait \u00e9t\u00e9 bombard\u00e9 Pr\u00e9sident du conseil d\u2019administration de la Lonase. M\u00eame situation que Phillipe Bohn, DG d\u2019Air S\u00e9n\u00e9gal, d\u00e9barqu\u00e9 de la direction g\u00e9n\u00e9rale, qui est devenu administrateur de la compagnie.<\/p>\n<p>Bref, la liste des allers et retours, des d\u00e9gomm\u00e9s et recas\u00e9s, est longue. On mettrait 24 heures \u00e0 la dresser qu\u2019elle ne serait pas \u00e9puis\u00e9e. Ils ont, \u00e0 la v\u00e9rit\u00e9, fondu comme neige au soleil, ces fameux slogans dont le pr\u00e9sident nous avait tant abreuv\u00e9s, au point de nous donner des espoirs de lendemains qui chantent. Mais \u00e0 l\u2019arriv\u00e9e, ce fut \u00ab le parti avant la patrie \u00bb et une gestion pas aussi vertueuse et sobre que celle promise. Comme cette liste de 150 conseillers qui n\u2019apportent rien \u00e0 la r\u00e9publique et qui compte dans ses rangs, la pl\u00e9thore d\u2019anciens parlementaires recas\u00e9s : Mberry Sylla, Sadaga Seck, Juliette Zingua, Abdou Aziz Diop, Fatou S\u00e8ne N\u00b01 et Fatou S\u00e8ne N\u00b0 2, etc que le pr\u00e9sident a tenu \u00e0 caser. Et figurez-vous que les 80 conseillers sont \u00e9lus au suffrage universel indirect et les 70 d\u00e9sign\u00e9s par le chef de l\u2019Etat lui-m\u00eame ! Autres institution inutile et budg\u00e9tivore, le Conseil Economique, social et environnemental, dirig\u00e9e par Idrissa, elle s\u2019inscrit dans la m\u00eame logique que le Hcct dirig\u00e9e par Aminata Mbengue Ndiaye ! Nos maigres sous d\u00e9di\u00e9s \u00e0 ces deux institutions aussi inutiles que budg\u00e9tivores aurait pu servir \u00e0 combler beaucoup de trous, en ces temps o\u00f9 le social semble de plus en plus int\u00e9resser Macky Sall. Avec Macky difficile de savoir le cap qu\u2019il cherche \u00e0 prendre, tant les signaux qu\u2019il \u00e9met sont contradictoires.<\/p>\n<p>Pour rester sur le terrain des nominations, puisque c\u2019est de cela dont il est question, Macky Sall semble d\u00e9sormais vouloir op\u00e9rer un recentrage dans son propre camp avec le retour au 1er plan de certains membres de l\u2019APR : Cheikh Kant\u00e9, Ma\u00ebl Thiam, Birame Faye, Pape Malick Ndour, Mambaye Niang, etc. S\u2019est-il subitement rendu compte de la faiblesse de ses alli\u00e9s (Ps et Afp) dans Benno qui ne p\u00e8seraient plus, qu\u2019il a pens\u00e9 qu\u2019il est d\u00e9sormais plus sage de retourner \u00e0 ses racines ? Une bonne question. L\u2019Afp et le PS sont plut\u00f4t pr\u00e9occup\u00e9s par des logiques de succession et de leadership, en plus d\u2019\u00eatre endormis par leur posture d\u2019alli\u00e9s qui les a longtemps enferm\u00e9s dans un r\u00f4le de figurants, les emp\u00eachant de se massifier.<\/p>\n<p>Dans l\u2019attelage, les Fatickois sont en tout cas en bonne place, le clan Faye Sall aussi. Surtout avec un Mansour Faye qui prend de plus en plus de bouteille et \u00e9tend ses tentacules un peu partout. Demandez \u00e0 Mimi, elle vous dira tout. Mimi a tellement acc\u00e9l\u00e9r\u00e9 la cadence des piques en balan\u00e7ant sa proposition de loi sur la place publique. Et ceux-l\u00e0 m\u00eame qui la critiquent pour d\u00e9lit de discrimination de sa proposition de loi, savent au fond d\u2019eux-m\u00eames, qu\u2019elle vise l\u2019installation de la famille pr\u00e9sidentielle et des amis de la famille, sans oublier cette famille \u00e9largie \u00e0 l\u2019africaine, au c\u0153ur du pouvoir. Une proposition qui en a fait une cible de choix, prise qu\u2019elle est entre plusieurs feux, en \u00e9tant attaqu\u00e9e par une arm\u00e9e o\u00f9, \u00e0 la t\u00eate tr\u00f4nent Oumar Youm et Ismael Madior dans le r\u00f4le de ceux qui la menacent de perte de son mandat. Mais comme elle n\u2019en a cure et qu\u2019elle s\u2019y attendait, elle est revenue \u00e0 la charge. Dans une lettre adress\u00e9e de nouveau, ce jeudi 20 octobre, au Pr\u00e9sident de l\u2019Assembl\u00e9e nationale, Amadou Mame Diop, l\u2019ancienne Premi\u00e8re ministre, Aminata Tour\u00e9, a donn\u00e9 des arguments pour soutenir que sa proposition de loi est bien conforme \u00e0 la Constitution.<\/p>\n<p>Elle a \u00e0 cet effet cit\u00e9 entre autres l'article L. 276 (alin\u00e9a 2) du Code \u00e9lectoral qui stipule que \u00ab<em> les conjoints et alli\u00e9s au m\u00eame degr\u00e9 ne peuvent \u00eatre simultan\u00e9ment membres du m\u00eame conseil municipal<\/em> \u00bb.<\/p>\n<p>De m\u00eame que l\u2019article 12 de la loi organique n\u00b02017-10 du 17 janvier 2017 portant statuts des magistrats, selon lequel : \u00ab <em>les parents ou alli\u00e9s jusqu'au degr\u00e9 d'oncle et de neveu inclusivement, ne peuvent \u00eatre simultan\u00e9ment membres d'une juridiction de premier degr\u00e9 ou d'appel, sans dispense du Pr\u00e9sident de la R\u00e9publique, apr\u00e8s avis du Conseil Sup\u00e9rieur de la Magistrature. Il n'est accord\u00e9 aucune dispense pour les juridictions compos\u00e9es de moins de quatre magistrats. Nul magistrat ne peut conna\u00eetre d'une affaire dans laquelle l'une des parties est repr\u00e9sent\u00e9e par un conseil ou un mandataire qui est un parent ou un alli\u00e9 jusqu'au degr\u00e9 d'oncle et de neveu inclusivement.<\/em><\/p>\n<p>Et d\u2019autres articles encore tels que celui 14 (alin\u00e9a 2) du d\u00e9cret 2020-978 portant R\u00e8glement g\u00e9n\u00e9ral de la Comptabilit\u00e9 publique stipule que \u00ab l<em>es fonctions d'ordonnateur et celles de comptable public sont incompatibles. Les conjoints, ascendants ou descendants des ordonnateurs ne peuvent \u00eatre comptables des organismes publics aupr\u00e8s desquels lesdits ordonnateurs exercent leurs fonctions<\/em> \u00bb.<\/p>\n<p>Une sortie qui risque de secouer \u00e0 nouveau ces \u00e9motifs du Macky qui vont se laisser distraire et tomber encore une fois de plus dans le pi\u00e8ge de Mimi qui tient bien sa cadence.<\/p>\n<p>Sacr\u00e9 Macky ! Avec lui ,les nominations sont comme un jeu interminable de chaises musicales avec des pions interchangeables qui semblent se valoir tous. Ce qui veut dire qu\u2019elles ne sont guid\u00e9es par aucune logique rationnelle. Entre des anciens \u00e9pingl\u00e9s dignitaires de l\u2019ancien r\u00e9gime lib\u00e9ral, ministres \u00e0 la comp\u00e9tence douteuse, certains d\u2019entre eux n\u2019ont de m\u00e9rite que de disposer d\u2019un b\u00e9tail \u00e9lectoral dans leur fief qui leur assure un si\u00e8ge autour de cette table du conseil des ministres, d\u2019ailleurs pleine comme un \u0153uf. Et dire qu\u2019on aspirait \u00e0 une certaine \u00e9poque \u00e0 la sobri\u00e9t\u00e9. 38 ministres, le menuisier a d\u00fb \u00e9puiser son stock de bois !<\/p>\n<p>Il est en tout cas \u00e0 la v\u00e9rit\u00e9 bien difficile de suivre le pr\u00e9sident \u00e0 son rythme. N\u2019importe qui en fait, peut devenir n\u2019importe quoi. Peu importe son profil, son background et sa comp\u00e9tence. Avec Macky Sall, le proc\u00e9d\u00e9 ressemble plut\u00f4t \u00e0 une logique de bouche-trous. De servir tout le monde. De ne f\u00e2cher personne ! Ministre aupr\u00e8s du ministre de\u2026, la belle et nouvelle trouvaille ! Il fallait par tous les moyens faire de certains, des ministres. Tout simplement. Car au fond, certains se sont crus n\u00e9s avec un destin de ministre. D\u2019o\u00f9 une certaine fronde not\u00e9e \u00e7a et l\u00e0 dans le but de faire c\u00e9der le pr\u00e9sident, qui d\u2019ailleurs a si peu goutt\u00e9 le proc\u00e9d\u00e9 qu\u2019il s\u2019est lanc\u00e9 dans une le\u00e7on de comportement en r\u00e9publique. C\u2019\u00e9tait lors du r\u00e9cent s\u00e9minaire gouvernemental, au cours duquel, il a fustig\u00e9 le comportement de certains, faisant savoir qu\u2019 \u00ab <em>on ne devient pas ministre pour le rester \u00e9ternellement \u00bb ; ou qu\u2019 \u00ab \u00eatre ministre, est un honneur pour avoir \u00e9t\u00e9 choisi parmi de nombreux compatriotes<\/em> \u00bb, estimant qu\u2019en cas de besoin, on peut \u00eatre rappel\u00e9 \u00bb ; ou encore que \u00ab <em>c\u2019est cet \u00e9tat d\u2019esprit qui doit conduire \u00e0 cultiver l\u2019humilit\u00e9, la discr\u00e9tion et la r\u00e9serve de fa\u00e7on permanente m\u00eame au-del\u00e0 du temps pass\u00e9 dans le gouvernement<\/em> \u00bb<\/p>\n<p>Bref cela signifie qu\u2019on est tout simplement mal barr\u00e9s et que Macky Sall a atteint un tel niveau d\u2019usure pour ne pas dire plafonnement, qu\u2019il prend les m\u00eames qu\u2019au d\u00e9but et recommence. Y compris jusque dans le PDS d\u2019o\u00f9 il est venu, allant m\u00eame jusqu\u2019\u00e0 vider le parti de son ex mentor qu\u2019a \u00e9t\u00e9 Me Wade.<\/p>\n<p>A y voir de plus pr\u00e8s, le proc\u00e9d\u00e9 semble \u00eatre celui d\u2019un pr\u00e9sident qui ne veut laisser personne au bord de la route pour s\u2019assurer les faveurs d\u2019un soutien de ses camarades de la 1\u00e8re heure, ceux du Pds, de ses alli\u00e9s, dans la perspective d\u2019un 3\u00e8me mandat. La politique, dans son entendement, c\u2019est une addition et jamais une soustraction.<\/p>\n<p>M\u00eame cette vente de 1 500 000 cartes participe de cette logique non seulement d\u2019effet d\u2019annonce, mais d\u2019un chef de parti qui se pr\u00e9pare aux \u00e9ch\u00e9ances avec des alli\u00e9s qui l\u2019y poussent. Comme dans ce fief de Gu\u00e9diawaye o\u00f9 cette mise en sc\u00e8ne qui a fait flop avec ces militants qui r\u00e9clamaient le 3\u00e8me mandat en la pr\u00e9sentant comme une demande sociale. C\u2019\u00e9tait dans le fief de Racine Talla bien actif sur le terrain de la promotion de la 3\u00e8me candidature du pr\u00e9sident Sall. Celui-l\u00e0 m\u00eame qui g\u00e9rait le temps d\u2019antenne du candidat-opposant Macky Sall et qui depuis 2012 tr\u00f4ne \u00e0 la t\u00eate de la cha\u00eene nationale, amplifiant \u00e0 longueur de jour les r\u00e9alisations de son mentor. Mais surprise, le Groupe des alli\u00e9s de la premi\u00e8re heure (Graphe) parmi lesquels Babacar Gu\u00e8ye, Ala Dieng et cie n\u2019entendent pas cette 3\u00e8me candidature de cette oreille. M\u00eame s\u2019ils ne d\u00e9nient \u00e0 Macky le droit se pr\u00e9senter en laissant le conseil constitutionnel et les \u00e9lecteurs comme seuls juges, ils auraient aim\u00e9 que le pr\u00e9sident \u00ab honore sa parole \u00bb Le Graphe s\u2019indigne m\u00eame de l\u2019attitude de certains proches du pr\u00e9sident qui le poussent \u00e0 franchir le Rubicon et incite \u00e0 tenir compte des cons\u00e9quences qui peuvent en d\u00e9couler. Ils n\u2019excluent d\u2019ailleurs pas de pr\u00e9senter un candidat, m\u00eame s\u2019ils estiment toujours \u00eatre dans la mouvance pr\u00e9sidentielle.<\/p>\n<p>Mais tout cela n\u2019est r\u00e9v\u00e9lateur que d\u2019une chose, Macky tourne en rond et s\u2019est enferm\u00e9 dans un jeu qui s\u2019appelle ni oui ni non, d\u2019o\u00f9 il ne sait plus comment s\u2019extirper. Mais \u00e0 trop vouloir calculer et jouer, il a fini par se prendre \u00e0 son propre jeu. Sa majorit\u00e9 chancelante \u00e0 l\u2019assembl\u00e9e n\u2019a pas arrang\u00e9 les choses et le plonge dans un certain inconfort, \u00e0 un point tel qu\u2019il est oblig\u00e9 de faire dans l\u2019activisme, cherchant \u00e0 \u00eatre partout en m\u00eame temps sur tous les fronts sociaux, notamment le combat contre la vie ch\u00e8re, le co\u00fbt \u00e9lev\u00e9 des loyers qu\u2019une loi avait d\u00e9j\u00e0 tent\u00e9 de combattre sans succ\u00e8s. Et figurez-vous qu\u2019\u00e0 15 mois de la fin, Macky Sall, l\u2019homme du programme S\u00e9n\u00e9gal \u00e9mergent, qui cherche par tous les moyens \u00e0 faire bonne figure, quitte \u00e0 entreprendre des chantiers pas si simples que cela, veut s\u2019inscrire dans un processus d\u2019industrialisation, le consommer S\u00e9n\u00e9galais. 10 ans apr\u00e8s ! Quelle chim\u00e8re ! Le temps est r\u00e9alit\u00e9 aujourd\u2019hui, son principal adversaire.<\/p>\n<p>Sacr\u00e9 Macky, il croit au miracle ! Il croit surtout pouvoir tromper tout le monde, tout le temps. Pour l\u2019heure, ce sont Aminata Tour\u00e9 et Ousmane Sonko qui hantent son sommeil. Mais surtout ce dernier qui a senti que le monde rural et certaines contr\u00e9es sont des zones o\u00f9 il doit se renforcer. Aussi s\u2019est-il depuis quelques jours lanc\u00e9 dans ce qu\u2019il appelle un \u00ab <em>nemekou tour<\/em> \u00bb. Un concept bien inspir\u00e9 qui fait mouche. En d\u2019autres termes, les Past\u00e9fiens vont \u00e0 la rencontre des populations. Preuve que Ousmane Sonko emp\u00eache Macky Sall de dormir, des gendarmes suivent ses convois partout dans le d\u00e9partement de Mbour, o\u00f9 il avait install\u00e9 ses quartiers. Mais qu\u2019est-ce qu\u2019ils sont peu inspir\u00e9s ces gens du pouvoir ? L\u2019on se demande d\u2019ailleurs o\u00f9 sont pass\u00e9s les ministres du gouvernement de combat ? Ils n\u2019ont pu que constater les d\u00e9g\u00e2ts caus\u00e9s par cet emmerdeur de Sonko qui se renforce de jour en jours gr\u00e2ce \u00e0 leurs maladresses et la posture de victimes dans laquelle ils le placent.<\/p>\n<p>Ce qui montre que Macky Sall, depuis le moment o\u00f9 il a fait limoger Ousmane Sonko jusqu\u2019\u00e0 pr\u00e9sent, continue de le renforcer. Et le ph\u00e9nom\u00e8ne s\u2019accentuera \u00e0 chaque fois qu\u2019il posera un acte jug\u00e9 antid\u00e9mocratique \u00e0 son encontre. Sonko est assur\u00e9ment sur ses traces avec son \u00ab nemekou tour \u00bb et cela ne peut lui faire plaisir. Les intimidations dont les membres de la caravane de Sonko font l\u2019objet, montrent que le pr\u00e9sident est aujourd\u2019hui en train de faire \u00e0 Sonko ce que Wade lui avait fait. A savoir, dresser des obstacles sur son chemin, alors qu\u2019il faisait son tour du S\u00e9n\u00e9gal. Macky Sall aimait bien \u00e0 d\u00e9noncer et \u00e0 se plaindre des mis\u00e8res que lui faisait Wade. Mais sauf que l\u00e0 il fait \u00e0 Sonko ce qu\u2019il a abhorr\u00e9 hier. Il ne fait d\u00e9cid\u00e9ment sienne cette maxime de Confucius, ce grand penseur Chinois : \u00ab<em>Ce que tu ne voudrais pas que l\u2019on te fasse, ne l\u2019inflige pas aux autres<\/em>\u00bb. Une pens\u00e9e en tout cas bien sage.<\/p>\n<div class='share-to-whatsapp-wrapper'><div class='share-on-whsp'>PARTAGER SUR : <\/div><a data-text='COUPS DE PILON - Vertiges d\u2019un r\u00e8gne !' data-link='https:\/\/www.nettali.com\/2022\/10\/22\/coups-de-pilon-vertiges-dun-regne\/' class='whatsapp-button whatsapp-share'>WhatsApp<\/a><div class='clear '><\/div><\/div>","protected":false},"excerpt":{"rendered":"<p>NETTALI.COM - Les nominations sous Macky Sall, c\u2019est d\u00e9cid\u00e9ment le sc\u00e9nario d\u2019un mauvais film qui se joue de mani\u00e8re cyclique. Matar Ba, d\u00e9mis de son poste de ministre des sports, est nomm\u00e9 chef de cabinet du pr\u00e9sident. Mamour Diallo, ancien DG des domaines, revient aux affaires apr\u00e8s une p\u00e9riode de placard. Il est cas\u00e9 \u00e0 [&hellip;]<\/p>\n","protected":false},"author":2,"featured_media":96286,"comment_status":"open","ping_status":"open","sticky":false,"template":"","format":"standard","meta":{"_et_pb_use_builder":"","_et_pb_old_content":""},"categories":[34932],"tags":[],"yoast_head":"<!-- This site is optimized with the Yoast SEO Premium plugin v17.8 (Yoast SEO v17.8) - https:\/\/yoast.com\/wordpress\/plugins\/seo\/ -->\n<title>COUPS DE PILON - Vertiges d\u2019un r\u00e8gne ! | Nettali.com<\/title>\n<meta name=\"robots\" content=\"index, follow, max-snippet:-1, max-image-preview:large, max-video-preview:-1\" \/>\n<link rel=\"canonical\" href=\"https:\/\/www.nettali.com\/2022\/10\/22\/coups-de-pilon-vertiges-dun-regne\/\" \/>\n<meta property=\"og:locale\" content=\"fr_FR\" \/>\n<meta property=\"og:type\" content=\"article\" \/>\n<meta property=\"og:title\" content=\"COUPS DE PILON - Vertiges d\u2019un r\u00e8gne !\" \/>\n<meta property=\"og:description\" content=\"NETTALI.COM - Les nominations sous Macky Sall, c\u2019est d\u00e9cid\u00e9ment le sc\u00e9nario d\u2019un mauvais film qui se joue de mani\u00e8re cyclique. Matar Ba, d\u00e9mis de son poste de ministre des sports, est nomm\u00e9 chef de cabinet du pr\u00e9sident. Mamour Diallo, ancien DG des domaines, revient aux affaires apr\u00e8s une p\u00e9riode de placard. Il est cas\u00e9 \u00e0 [&hellip;]\" \/>\n<meta property=\"og:url\" content=\"https:\/\/www.nettali.com\/2022\/10\/22\/coups-de-pilon-vertiges-dun-regne\/\" \/>\n<meta property=\"og:site_name\" content=\"Nettali.com\" \/>\n<meta property=\"article:publisher\" content=\"https:\/\/www.facebook.com\/nettalicom\" \/>\n<meta property=\"article:published_time\" content=\"2022-10-22T09:43:25+00:00\" \/>\n<meta property=\"article:modified_time\" content=\"2022-10-24T19:46:02+00:00\" \/>\n<meta property=\"og:image\" content=\"https:\/\/www.nettali.com\/wp-content\/uploads\/2022\/10\/sall_macky_8.jpg\" \/>\n\t<meta property=\"og:image:width\" content=\"900\" \/>\n\t<meta property=\"og:image:height\" content=\"506\" \/>\n<meta name=\"twitter:card\" content=\"summary_large_image\" \/>\n<meta name=\"twitter:label1\" content=\"\u00c9crit par\" \/>\n\t<meta name=\"twitter:data1\" content=\"CK\" \/>\n\t<meta name=\"twitter:label2\" content=\"Dur\u00e9e de lecture estim\u00e9e\" \/>\n\t<meta name=\"twitter:data2\" content=\"12 minutes\" \/>\n<script type=\"application\/ld+json\" class=\"yoast-schema-graph\">{\"@context\":\"https:\/\/schema.org\",\"@graph\":[{\"@type\":\"WebSite\",\"@id\":\"https:\/\/www.nettali.com\/#website\",\"url\":\"https:\/\/www.nettali.com\/\",\"name\":\"Nettali.com\",\"description\":\"Le rendez-vous critique du Net\",\"potentialAction\":[{\"@type\":\"SearchAction\",\"target\":{\"@type\":\"EntryPoint\",\"urlTemplate\":\"https:\/\/www.nettali.com\/?s={search_term_string}\"},\"query-input\":\"required name=search_term_string\"}],\"inLanguage\":\"fr-FR\"},{\"@type\":\"ImageObject\",\"@id\":\"https:\/\/www.nettali.com\/2022\/10\/22\/coups-de-pilon-vertiges-dun-regne\/#primaryimage\",\"inLanguage\":\"fr-FR\",\"url\":\"https:\/\/www.nettali.com\/wp-content\/uploads\/2022\/10\/sall_macky_8.jpg\",\"contentUrl\":\"https:\/\/www.nettali.com\/wp-content\/uploads\/2022\/10\/sall_macky_8.jpg\",\"width\":900,\"height\":506},{\"@type\":\"WebPage\",\"@id\":\"https:\/\/www.nettali.com\/2022\/10\/22\/coups-de-pilon-vertiges-dun-regne\/#webpage\",\"url\":\"https:\/\/www.nettali.com\/2022\/10\/22\/coups-de-pilon-vertiges-dun-regne\/\",\"name\":\"COUPS DE PILON - Vertiges d\\u2019un r\\u00e8gne ! | Nettali.com\",\"isPartOf\":{\"@id\":\"https:\/\/www.nettali.com\/#website\"},\"primaryImageOfPage\":{\"@id\":\"https:\/\/www.nettali.com\/2022\/10\/22\/coups-de-pilon-vertiges-dun-regne\/#primaryimage\"},\"datePublished\":\"2022-10-22T09:43:25+00:00\",\"dateModified\":\"2022-10-24T19:46:02+00:00\",\"author\":{\"@id\":\"https:\/\/www.nettali.com\/#\/schema\/person\/d8ac7b7e27ddad43f1c0d2ef090d7f71\"},\"breadcrumb\":{\"@id\":\"https:\/\/www.nettali.com\/2022\/10\/22\/coups-de-pilon-vertiges-dun-regne\/#breadcrumb\"},\"inLanguage\":\"fr-FR\",\"potentialAction\":[{\"@type\":\"ReadAction\",\"target\":[\"https:\/\/www.nettali.com\/2022\/10\/22\/coups-de-pilon-vertiges-dun-regne\/\"]}]},{\"@type\":\"BreadcrumbList\",\"@id\":\"https:\/\/www.nettali.com\/2022\/10\/22\/coups-de-pilon-vertiges-dun-regne\/#breadcrumb\",\"itemListElement\":[{\"@type\":\"ListItem\",\"position\":1,\"name\":\"Accueil\",\"item\":\"https:\/\/www.nettali.com\/\"},{\"@type\":\"ListItem\",\"position\":2,\"name\":\"COUPS DE PILON - Vertiges d\\u2019un r\\u00e8gne !\"}]},{\"@type\":\"Person\",\"@id\":\"https:\/\/www.nettali.com\/#\/schema\/person\/d8ac7b7e27ddad43f1c0d2ef090d7f71\",\"name\":\"CK\",\"image\":{\"@type\":\"ImageObject\",\"@id\":\"https:\/\/www.nettali.com\/#personlogo\",\"inLanguage\":\"fr-FR\",\"url\":\"https:\/\/secure.gravatar.com\/avatar\/1d8d5118b9327d94da7cd4ce7f17fec2?s=96&d=mm&r=g\",\"contentUrl\":\"https:\/\/secure.gravatar.com\/avatar\/1d8d5118b9327d94da7cd4ce7f17fec2?s=96&d=mm&r=g\",\"caption\":\"CK\"},\"sameAs\":[\"https:\/\/www.nettali.com\"]}]}<\/script>\n<!-- \/ Yoast SEO Premium plugin. -->","yoast_head_json":{"title":"COUPS DE PILON - Vertiges d\u2019un r\u00e8gne ! | Nettali.com","robots":{"index":"index","follow":"follow","max-snippet":"max-snippet:-1","max-image-preview":"max-image-preview:large","max-video-preview":"max-video-preview:-1"},"canonical":"https:\/\/www.nettali.com\/2022\/10\/22\/coups-de-pilon-vertiges-dun-regne\/","og_locale":"fr_FR","og_type":"article","og_title":"COUPS DE PILON - Vertiges d\u2019un r\u00e8gne !","og_description":"NETTALI.COM - Les nominations sous Macky Sall, c\u2019est d\u00e9cid\u00e9ment le sc\u00e9nario d\u2019un mauvais film qui se joue de mani\u00e8re cyclique. Matar Ba, d\u00e9mis de son poste de ministre des sports, est nomm\u00e9 chef de cabinet du pr\u00e9sident. Mamour Diallo, ancien DG des domaines, revient aux affaires apr\u00e8s une p\u00e9riode de placard. Il est cas\u00e9 \u00e0 [&hellip;]","og_url":"https:\/\/www.nettali.com\/2022\/10\/22\/coups-de-pilon-vertiges-dun-regne\/","og_site_name":"Nettali.com","article_publisher":"https:\/\/www.facebook.com\/nettalicom","article_published_time":"2022-10-22T09:43:25+00:00","article_modified_time":"2022-10-24T19:46:02+00:00","og_image":[{"width":900,"height":506,"url":"https:\/\/www.nettali.com\/wp-content\/uploads\/2022\/10\/sall_macky_8.jpg","type":"image\/jpeg"}],"twitter_card":"summary_large_image","twitter_misc":{"\u00c9crit par":"CK","Dur\u00e9e de lecture estim\u00e9e":"12 minutes"},"schema":{"@context":"https:\/\/schema.org","@graph":[{"@type":"WebSite","@id":"https:\/\/www.nettali.com\/#website","url":"https:\/\/www.nettali.com\/","name":"Nettali.com","description":"Le rendez-vous critique du Net","potentialAction":[{"@type":"SearchAction","target":{"@type":"EntryPoint","urlTemplate":"https:\/\/www.nettali.com\/?s={search_term_string}"},"query-input":"required name=search_term_string"}],"inLanguage":"fr-FR"},{"@type":"ImageObject","@id":"https:\/\/www.nettali.com\/2022\/10\/22\/coups-de-pilon-vertiges-dun-regne\/#primaryimage","inLanguage":"fr-FR","url":"https:\/\/www.nettali.com\/wp-content\/uploads\/2022\/10\/sall_macky_8.jpg","contentUrl":"https:\/\/www.nettali.com\/wp-content\/uploads\/2022\/10\/sall_macky_8.jpg","width":900,"height":506},{"@type":"WebPage","@id":"https:\/\/www.nettali.com\/2022\/10\/22\/coups-de-pilon-vertiges-dun-regne\/#webpage","url":"https:\/\/www.nettali.com\/2022\/10\/22\/coups-de-pilon-vertiges-dun-regne\/","name":"COUPS DE PILON - Vertiges d\u2019un r\u00e8gne ! | Nettali.com","isPartOf":{"@id":"https:\/\/www.nettali.com\/#website"},"primaryImageOfPage":{"@id":"https:\/\/www.nettali.com\/2022\/10\/22\/coups-de-pilon-vertiges-dun-regne\/#primaryimage"},"datePublished":"2022-10-22T09:43:25+00:00","dateModified":"2022-10-24T19:46:02+00:00","author":{"@id":"https:\/\/www.nettali.com\/#\/schema\/person\/d8ac7b7e27ddad43f1c0d2ef090d7f71"},"breadcrumb":{"@id":"https:\/\/www.nettali.com\/2022\/10\/22\/coups-de-pilon-vertiges-dun-regne\/#breadcrumb"},"inLanguage":"fr-FR","potentialAction":[{"@type":"ReadAction","target":["https:\/\/www.nettali.com\/2022\/10\/22\/coups-de-pilon-vertiges-dun-regne\/"]}]},{"@type":"BreadcrumbList","@id":"https:\/\/www.nettali.com\/2022\/10\/22\/coups-de-pilon-vertiges-dun-regne\/#breadcrumb","itemListElement":[{"@type":"ListItem","position":1,"name":"Accueil","item":"https:\/\/www.nettali.com\/"},{"@type":"ListItem","position":2,"name":"COUPS DE PILON - Vertiges d\u2019un r\u00e8gne !"}]},{"@type":"Person","@id":"https:\/\/www.nettali.com\/#\/schema\/person\/d8ac7b7e27ddad43f1c0d2ef090d7f71","name":"CK","image":{"@type":"ImageObject","@id":"https:\/\/www.nettali.com\/#personlogo","inLanguage":"fr-FR","url":"https:\/\/secure.gravatar.com\/avatar\/1d8d5118b9327d94da7cd4ce7f17fec2?s=96&d=mm&r=g","contentUrl":"https:\/\/secure.gravatar.com\/avatar\/1d8d5118b9327d94da7cd4ce7f17fec2?s=96&d=mm&r=g","caption":"CK"},"sameAs":["https:\/\/www.nettali.com"]}]}},"_links":{"self":[{"href":"https:\/\/www.nettali.com\/rest\/wp\/v2\/posts\/96283"}],"collection":[{"href":"https:\/\/www.nettali.com\/rest\/wp\/v2\/posts"}],"about":[{"href":"https:\/\/www.nettali.com\/rest\/wp\/v2\/types\/post"}],"author":[{"embeddable":true,"href":"https:\/\/www.nettali.com\/rest\/wp\/v2\/users\/2"}],"replies":[{"embeddable":true,"href":"https:\/\/www.nettali.com\/rest\/wp\/v2\/comments?post=96283"}],"version-history":[{"count":1,"href":"https:\/\/www.nettali.com\/rest\/wp\/v2\/posts\/96283\/revisions"}],"predecessor-version":[{"id":96284,"href":"https:\/\/www.nettali.com\/rest\/wp\/v2\/posts\/96283\/revisions\/96284"}],"wp:featuredmedia":[{"embeddable":true,"href":"https:\/\/www.nettali.com\/rest\/wp\/v2\/media\/96286"}],"wp:attachment":[{"href":"https:\/\/www.nettali.com\/rest\/wp\/v2\/media?parent=96283"}],"wp:term":[{"taxonomy":"category","embeddable":true,"href":"https:\/\/www.nettali.com\/rest\/wp\/v2\/categories?post=96283"},{"taxonomy":"post_tag","embeddable":true,"href":"https:\/\/www.nettali.com\/rest\/wp\/v2\/tags?post=96283"}],"curies":[{"name":"wp","href":"https:\/\/api.w.org\/{rel}","templated":true}]}}