{"id":96241,"date":"2022-10-21T15:38:53","date_gmt":"2022-10-21T15:38:53","guid":{"rendered":"https:\/\/www.nettali.com\/?p=96241"},"modified":"2022-10-21T15:38:53","modified_gmt":"2022-10-21T15:38:53","slug":"tchad-chasse-aux-manifestants-apres-une-journee-meurtriere","status":"publish","type":"post","link":"https:\/\/www.nettali.com\/2022\/10\/21\/tchad-chasse-aux-manifestants-apres-une-journee-meurtriere\/","title":{"rendered":"TCHAD - Chasse aux manifestants apr\u00e8s une journ\u00e9e meurtri\u00e8re"},"content":{"rendered":"<p class=\"t-content__chapo\"><strong>NETTALI.COM - Au lendemain de la mobilisation \u00e0 Ndjamena et dans d\u2019autres villes du pays, le calme \u00e9tait de retour ce vendredi 21 octobre au Tchad. Cependant, le pouvoir continue d\u2019interpeller des personnes soup\u00e7onn\u00e9es d\u2019avoir pris part \u00e0 la manifestation de jeudi.<\/strong><\/p>\n<div class=\"t-content__body u-clearfix\" data-empty-p=\"false\">\n<p>Un calme est revenu au Tchad \u00e0 part quelques \u00e9chauffour\u00e9es ce vendredi matin \u00e0 Ndjamena et \u00e0 Moundou. La circulation a repris, certaines voies ont m\u00eame \u00e9t\u00e9 nettoy\u00e9es. Il faut signaler qu\u2019une \u00ab<em>op\u00e9ration de ratissage<\/em>\u00bb a eu lieu dans les quartiers o\u00f9\u00a0les manifestations ont eu lieu. La police a investi les maisons une \u00e0 une \u00e0 Ndjamena et \u00e0 Moundou pour interpeler d\u2019\u00e9ventuels manifestants qui auraient \u00e9t\u00e9 identifi\u00e9s. Des dizaines d'arrestations en marge des manifestations donc, mais aucune information sur le sort des personnes interpell\u00e9es.<\/p>\n<p>Une certitude : le coup de filet de la police n\u2019a pas permis d\u2019interpeller un \u00abgros poisson\u00bb. Beaucoup de leaders de l\u2019opposition seraient en effet entr\u00e9s dans la clandestinit\u00e9 et se font tr\u00e8s discrets depuis les \u00e9v\u00e8nements de la veille.<\/p>\n<p>Cette situation a le don d\u2019amplifier les rumeurs comme celles sur le sort du rappeur\u00a0Ray's Kim. Depuis jeudi, il a \u00e9t\u00e9 annonc\u00e9 mort, avant que la nouvelle ne soit d\u00e9mentie, et actuellement, c\u2019est le flou total concernant le chanteur tr\u00e8s populaire \u00e0 Ndjamena.<\/p>\n<div class=\"m-em-audio m-em-audio--in-article\">\n<blockquote class=\"m-em-quote\">\n<p class=\"m-em-quote__body\">\n<\/blockquote>\n<\/div>\n<\/div>\n<div class='share-to-whatsapp-wrapper'><div class='share-on-whsp'>PARTAGER SUR : <\/div><a data-text='TCHAD - Chasse aux manifestants apr\u00e8s une journ\u00e9e meurtri\u00e8re' data-link='https:\/\/www.nettali.com\/2022\/10\/21\/tchad-chasse-aux-manifestants-apres-une-journee-meurtriere\/' class='whatsapp-button whatsapp-share'>WhatsApp<\/a><div class='clear '><\/div><\/div>","protected":false},"excerpt":{"rendered":"<p>NETTALI.COM - Au lendemain de la mobilisation \u00e0 Ndjamena et dans d\u2019autres villes du pays, le calme \u00e9tait de retour ce vendredi 21 octobre au Tchad. Cependant, le pouvoir continue d\u2019interpeller des personnes soup\u00e7onn\u00e9es d\u2019avoir pris part \u00e0 la manifestation de jeudi. Un calme est revenu au Tchad \u00e0 part quelques \u00e9chauffour\u00e9es ce vendredi matin [&hellip;]<\/p>\n","protected":false},"author":4,"featured_media":96242,"comment_status":"open","ping_status":"open","sticky":false,"template":"","format":"standard","meta":{"_et_pb_use_builder":"","_et_pb_old_content":""},"categories":[8],"tags":[],"yoast_head":"<!-- This site is optimized with the Yoast SEO Premium plugin v17.8 (Yoast SEO v17.8) - https:\/\/yoast.com\/wordpress\/plugins\/seo\/ -->\n<title>TCHAD - Chasse aux manifestants apr\u00e8s une journ\u00e9e meurtri\u00e8re | Nettali.com<\/title>\n<meta name=\"robots\" content=\"index, follow, max-snippet:-1, max-image-preview:large, max-video-preview:-1\" \/>\n<link rel=\"canonical\" href=\"https:\/\/www.nettali.com\/2022\/10\/21\/tchad-chasse-aux-manifestants-apres-une-journee-meurtriere\/\" \/>\n<meta property=\"og:locale\" content=\"fr_FR\" \/>\n<meta property=\"og:type\" content=\"article\" \/>\n<meta property=\"og:title\" content=\"TCHAD - Chasse aux manifestants apr\u00e8s une journ\u00e9e meurtri\u00e8re\" \/>\n<meta property=\"og:description\" content=\"NETTALI.COM - Au lendemain de la mobilisation \u00e0 Ndjamena et dans d\u2019autres villes du pays, le calme \u00e9tait de retour ce vendredi 21 octobre au Tchad. Cependant, le pouvoir continue d\u2019interpeller des personnes soup\u00e7onn\u00e9es d\u2019avoir pris part \u00e0 la manifestation de jeudi. Un calme est revenu au Tchad \u00e0 part quelques \u00e9chauffour\u00e9es ce vendredi matin [&hellip;]\" \/>\n<meta property=\"og:url\" content=\"https:\/\/www.nettali.com\/2022\/10\/21\/tchad-chasse-aux-manifestants-apres-une-journee-meurtriere\/\" \/>\n<meta property=\"og:site_name\" content=\"Nettali.com\" \/>\n<meta property=\"article:publisher\" content=\"https:\/\/www.facebook.com\/nettalicom\" \/>\n<meta property=\"article:published_time\" content=\"2022-10-21T15:38:53+00:00\" \/>\n<meta property=\"og:image\" content=\"https:\/\/www.nettali.com\/wp-content\/uploads\/2022\/10\/Capture-de\u0301cran-2022-10-21-a\u0300-15.26.36.png\" \/>\n\t<meta property=\"og:image:width\" content=\"950\" \/>\n\t<meta property=\"og:image:height\" content=\"472\" \/>\n<meta name=\"twitter:card\" content=\"summary_large_image\" \/>\n<meta name=\"twitter:label1\" content=\"\u00c9crit par\" \/>\n\t<meta name=\"twitter:data1\" content=\"Daouda\" \/>\n\t<meta name=\"twitter:label2\" content=\"Dur\u00e9e de lecture estim\u00e9e\" \/>\n\t<meta name=\"twitter:data2\" content=\"2 minutes\" \/>\n<script type=\"application\/ld+json\" class=\"yoast-schema-graph\">{\"@context\":\"https:\/\/schema.org\",\"@graph\":[{\"@type\":\"WebSite\",\"@id\":\"https:\/\/www.nettali.com\/#website\",\"url\":\"https:\/\/www.nettali.com\/\",\"name\":\"Nettali.com\",\"description\":\"Le rendez-vous critique du Net\",\"potentialAction\":[{\"@type\":\"SearchAction\",\"target\":{\"@type\":\"EntryPoint\",\"urlTemplate\":\"https:\/\/www.nettali.com\/?s={search_term_string}\"},\"query-input\":\"required name=search_term_string\"}],\"inLanguage\":\"fr-FR\"},{\"@type\":\"ImageObject\",\"@id\":\"https:\/\/www.nettali.com\/2022\/10\/21\/tchad-chasse-aux-manifestants-apres-une-journee-meurtriere\/#primaryimage\",\"inLanguage\":\"fr-FR\",\"url\":\"https:\/\/www.nettali.com\/wp-content\/uploads\/2022\/10\/Capture-de\\u0301cran-2022-10-21-a\\u0300-15.26.36.png\",\"contentUrl\":\"https:\/\/www.nettali.com\/wp-content\/uploads\/2022\/10\/Capture-de\\u0301cran-2022-10-21-a\\u0300-15.26.36.png\",\"width\":950,\"height\":472},{\"@type\":\"WebPage\",\"@id\":\"https:\/\/www.nettali.com\/2022\/10\/21\/tchad-chasse-aux-manifestants-apres-une-journee-meurtriere\/#webpage\",\"url\":\"https:\/\/www.nettali.com\/2022\/10\/21\/tchad-chasse-aux-manifestants-apres-une-journee-meurtriere\/\",\"name\":\"TCHAD - Chasse aux manifestants apr\\u00e8s une journ\\u00e9e meurtri\\u00e8re | Nettali.com\",\"isPartOf\":{\"@id\":\"https:\/\/www.nettali.com\/#website\"},\"primaryImageOfPage\":{\"@id\":\"https:\/\/www.nettali.com\/2022\/10\/21\/tchad-chasse-aux-manifestants-apres-une-journee-meurtriere\/#primaryimage\"},\"datePublished\":\"2022-10-21T15:38:53+00:00\",\"dateModified\":\"2022-10-21T15:38:53+00:00\",\"author\":{\"@id\":\"https:\/\/www.nettali.com\/#\/schema\/person\/3317e0bb3aa1da309fbf7b2780901bf4\"},\"breadcrumb\":{\"@id\":\"https:\/\/www.nettali.com\/2022\/10\/21\/tchad-chasse-aux-manifestants-apres-une-journee-meurtriere\/#breadcrumb\"},\"inLanguage\":\"fr-FR\",\"potentialAction\":[{\"@type\":\"ReadAction\",\"target\":[\"https:\/\/www.nettali.com\/2022\/10\/21\/tchad-chasse-aux-manifestants-apres-une-journee-meurtriere\/\"]}]},{\"@type\":\"BreadcrumbList\",\"@id\":\"https:\/\/www.nettali.com\/2022\/10\/21\/tchad-chasse-aux-manifestants-apres-une-journee-meurtriere\/#breadcrumb\",\"itemListElement\":[{\"@type\":\"ListItem\",\"position\":1,\"name\":\"Accueil\",\"item\":\"https:\/\/www.nettali.com\/\"},{\"@type\":\"ListItem\",\"position\":2,\"name\":\"TCHAD - Chasse aux manifestants apr\\u00e8s une journ\\u00e9e meurtri\\u00e8re\"}]},{\"@type\":\"Person\",\"@id\":\"https:\/\/www.nettali.com\/#\/schema\/person\/3317e0bb3aa1da309fbf7b2780901bf4\",\"name\":\"Daouda\",\"image\":{\"@type\":\"ImageObject\",\"@id\":\"https:\/\/www.nettali.com\/#personlogo\",\"inLanguage\":\"fr-FR\",\"url\":\"https:\/\/secure.gravatar.com\/avatar\/8d143b5a49345098ddcfee1c49c2f47c?s=96&d=mm&r=g\",\"contentUrl\":\"https:\/\/secure.gravatar.com\/avatar\/8d143b5a49345098ddcfee1c49c2f47c?s=96&d=mm&r=g\",\"caption\":\"Daouda\"},\"sameAs\":[\"https:\/\/www.nettali.com\"]}]}<\/script>\n<!-- \/ Yoast SEO Premium plugin. -->","yoast_head_json":{"title":"TCHAD - Chasse aux manifestants apr\u00e8s une journ\u00e9e meurtri\u00e8re | Nettali.com","robots":{"index":"index","follow":"follow","max-snippet":"max-snippet:-1","max-image-preview":"max-image-preview:large","max-video-preview":"max-video-preview:-1"},"canonical":"https:\/\/www.nettali.com\/2022\/10\/21\/tchad-chasse-aux-manifestants-apres-une-journee-meurtriere\/","og_locale":"fr_FR","og_type":"article","og_title":"TCHAD - Chasse aux manifestants apr\u00e8s une journ\u00e9e meurtri\u00e8re","og_description":"NETTALI.COM - Au lendemain de la mobilisation \u00e0 Ndjamena et dans d\u2019autres villes du pays, le calme \u00e9tait de retour ce vendredi 21 octobre au Tchad. Cependant, le pouvoir continue d\u2019interpeller des personnes soup\u00e7onn\u00e9es d\u2019avoir pris part \u00e0 la manifestation de jeudi. Un calme est revenu au Tchad \u00e0 part quelques \u00e9chauffour\u00e9es ce vendredi matin [&hellip;]","og_url":"https:\/\/www.nettali.com\/2022\/10\/21\/tchad-chasse-aux-manifestants-apres-une-journee-meurtriere\/","og_site_name":"Nettali.com","article_publisher":"https:\/\/www.facebook.com\/nettalicom","article_published_time":"2022-10-21T15:38:53+00:00","og_image":[{"width":950,"height":472,"url":"https:\/\/www.nettali.com\/wp-content\/uploads\/2022\/10\/Capture-de\u0301cran-2022-10-21-a\u0300-15.26.36.png","type":"image\/png"}],"twitter_card":"summary_large_image","twitter_misc":{"\u00c9crit par":"Daouda","Dur\u00e9e de lecture estim\u00e9e":"2 minutes"},"schema":{"@context":"https:\/\/schema.org","@graph":[{"@type":"WebSite","@id":"https:\/\/www.nettali.com\/#website","url":"https:\/\/www.nettali.com\/","name":"Nettali.com","description":"Le rendez-vous critique du Net","potentialAction":[{"@type":"SearchAction","target":{"@type":"EntryPoint","urlTemplate":"https:\/\/www.nettali.com\/?s={search_term_string}"},"query-input":"required name=search_term_string"}],"inLanguage":"fr-FR"},{"@type":"ImageObject","@id":"https:\/\/www.nettali.com\/2022\/10\/21\/tchad-chasse-aux-manifestants-apres-une-journee-meurtriere\/#primaryimage","inLanguage":"fr-FR","url":"https:\/\/www.nettali.com\/wp-content\/uploads\/2022\/10\/Capture-de\u0301cran-2022-10-21-a\u0300-15.26.36.png","contentUrl":"https:\/\/www.nettali.com\/wp-content\/uploads\/2022\/10\/Capture-de\u0301cran-2022-10-21-a\u0300-15.26.36.png","width":950,"height":472},{"@type":"WebPage","@id":"https:\/\/www.nettali.com\/2022\/10\/21\/tchad-chasse-aux-manifestants-apres-une-journee-meurtriere\/#webpage","url":"https:\/\/www.nettali.com\/2022\/10\/21\/tchad-chasse-aux-manifestants-apres-une-journee-meurtriere\/","name":"TCHAD - Chasse aux manifestants apr\u00e8s une journ\u00e9e meurtri\u00e8re | Nettali.com","isPartOf":{"@id":"https:\/\/www.nettali.com\/#website"},"primaryImageOfPage":{"@id":"https:\/\/www.nettali.com\/2022\/10\/21\/tchad-chasse-aux-manifestants-apres-une-journee-meurtriere\/#primaryimage"},"datePublished":"2022-10-21T15:38:53+00:00","dateModified":"2022-10-21T15:38:53+00:00","author":{"@id":"https:\/\/www.nettali.com\/#\/schema\/person\/3317e0bb3aa1da309fbf7b2780901bf4"},"breadcrumb":{"@id":"https:\/\/www.nettali.com\/2022\/10\/21\/tchad-chasse-aux-manifestants-apres-une-journee-meurtriere\/#breadcrumb"},"inLanguage":"fr-FR","potentialAction":[{"@type":"ReadAction","target":["https:\/\/www.nettali.com\/2022\/10\/21\/tchad-chasse-aux-manifestants-apres-une-journee-meurtriere\/"]}]},{"@type":"BreadcrumbList","@id":"https:\/\/www.nettali.com\/2022\/10\/21\/tchad-chasse-aux-manifestants-apres-une-journee-meurtriere\/#breadcrumb","itemListElement":[{"@type":"ListItem","position":1,"name":"Accueil","item":"https:\/\/www.nettali.com\/"},{"@type":"ListItem","position":2,"name":"TCHAD - Chasse aux manifestants apr\u00e8s une journ\u00e9e meurtri\u00e8re"}]},{"@type":"Person","@id":"https:\/\/www.nettali.com\/#\/schema\/person\/3317e0bb3aa1da309fbf7b2780901bf4","name":"Daouda","image":{"@type":"ImageObject","@id":"https:\/\/www.nettali.com\/#personlogo","inLanguage":"fr-FR","url":"https:\/\/secure.gravatar.com\/avatar\/8d143b5a49345098ddcfee1c49c2f47c?s=96&d=mm&r=g","contentUrl":"https:\/\/secure.gravatar.com\/avatar\/8d143b5a49345098ddcfee1c49c2f47c?s=96&d=mm&r=g","caption":"Daouda"},"sameAs":["https:\/\/www.nettali.com"]}]}},"_links":{"self":[{"href":"https:\/\/www.nettali.com\/rest\/wp\/v2\/posts\/96241"}],"collection":[{"href":"https:\/\/www.nettali.com\/rest\/wp\/v2\/posts"}],"about":[{"href":"https:\/\/www.nettali.com\/rest\/wp\/v2\/types\/post"}],"author":[{"embeddable":true,"href":"https:\/\/www.nettali.com\/rest\/wp\/v2\/users\/4"}],"replies":[{"embeddable":true,"href":"https:\/\/www.nettali.com\/rest\/wp\/v2\/comments?post=96241"}],"version-history":[{"count":1,"href":"https:\/\/www.nettali.com\/rest\/wp\/v2\/posts\/96241\/revisions"}],"predecessor-version":[{"id":96243,"href":"https:\/\/www.nettali.com\/rest\/wp\/v2\/posts\/96241\/revisions\/96243"}],"wp:featuredmedia":[{"embeddable":true,"href":"https:\/\/www.nettali.com\/rest\/wp\/v2\/media\/96242"}],"wp:attachment":[{"href":"https:\/\/www.nettali.com\/rest\/wp\/v2\/media?parent=96241"}],"wp:term":[{"taxonomy":"category","embeddable":true,"href":"https:\/\/www.nettali.com\/rest\/wp\/v2\/categories?post=96241"},{"taxonomy":"post_tag","embeddable":true,"href":"https:\/\/www.nettali.com\/rest\/wp\/v2\/tags?post=96241"}],"curies":[{"name":"wp","href":"https:\/\/api.w.org\/{rel}","templated":true}]}}