{"id":96238,"date":"2022-10-21T15:25:25","date_gmt":"2022-10-21T15:25:25","guid":{"rendered":"https:\/\/www.nettali.com\/?p=96238"},"modified":"2022-10-21T15:25:25","modified_gmt":"2022-10-21T15:25:25","slug":"burkina-le-capitaine-ibrahim-traore-officiellement-investi-president-de-la-transition","status":"publish","type":"post","link":"https:\/\/www.nettali.com\/2022\/10\/21\/burkina-le-capitaine-ibrahim-traore-officiellement-investi-president-de-la-transition\/","title":{"rendered":"BURKINA -  Le capitaine Ibrahim Traor\u00e9 officiellement investi pr\u00e9sident de la transition"},"content":{"rendered":"<p class=\"t-content__chapo\"><strong>NETTALI.COM - Le capitaine Ibrahim Traor\u00e9 devient officiellement pr\u00e9sident de la transition au Burkina Faso. L'auteur du deuxi\u00e8me putsch en moins d'un an a pr\u00eat\u00e9 serment, vendredi 21 octobre, au cours d'une c\u00e9r\u00e9monie d'investiture plac\u00e9e sous le signe de la sobri\u00e9t\u00e9, avec des invit\u00e9s tri\u00e9s sur le volet.<\/strong><\/p>\n<div class=\"t-content__body u-clearfix\" data-empty-p=\"false\">\n<p>En plus de la hi\u00e9rarchie militaire, il y avait les forces paramilitaires, les autorit\u00e9s coutumi\u00e8res et religieuses, les pr\u00e9sidents d\u2019institution et les invit\u00e9s sp\u00e9ciaux du pr\u00e9sident de la transition. Face aux membres du Conseil constitutionnel,\u00a0<strong>le capitaine Ibrahim Traor\u00e9<\/strong>\u00a0a lev\u00e9 la main droite et a jur\u00e9 sur son honneur de pr\u00e9server, de respecter et faire respecter et d\u00e9fendre la Constitution, la charte de la transition et les lois. De tout mettre en \u0153uvre pour garantir la justice \u00e0 tous les habitants du Burkina Faso.<\/p>\n<h2>D\u00e9gradation de la situation s\u00e9curitaire<\/h2>\n<p>Avant la prestation de serment, le capitaine Ibrahim Traor\u00e9 a \u00e9t\u00e9 \u00e9lev\u00e9 \u00e0 la dignit\u00e9 de Grand-croix de l'\u00c9talon, la plus grande distinction, par le grand chancelier des ordres burkinab\u00e8.<\/p>\n<p>Apr\u00e8s avoir prononc\u00e9 la formule consacr\u00e9e, le pr\u00e9sident par int\u00e9rim du Conseil constitutionnel a rappel\u00e9 les raisons avanc\u00e9es pour perp\u00e9trer le coup d\u2019\u00c9tat, c\u2019est-\u00e0-dire la d\u00e9gradation continue de la situation s\u00e9curitaire et l\u2019incapacit\u00e9 du pouvoir en place d\u2019y rem\u00e9dier. \u00ab\u00a0<em>C\u2019est \u00e0 vous qu\u2019il appartient \u00e0 pr\u00e9sent d\u2019\u0153uvrer \u00e0 sortir le Burkina Faso des situations \u00e0 la base de cette instabilit\u00e9 au sommet de l\u2019\u00c9tat depuis une d\u00e9cennie<\/em>\u00a0\u00bb, a d\u00e9clar\u00e9\u00a0le pr\u00e9sident par int\u00e9rim du Conseil constitutionnel.<\/p>\n<h2><em>\u00ab\u00a0Je me battrai jusqu\u2019au dernier souffle\u00a0\u00bb<\/em><\/h2>\n<p>Le pr\u00e9sident de la transition\u00a0s\u2019est adress\u00e9 \u00e0 ses compatriotes sans un discours \u00e9crit. Selon le capitaine Ibrahim Traor\u00e9, les forces arm\u00e9es burkinab\u00e8 ne sont pas face \u00e0 une guerre non conventionnelle, mais face \u00e0 une arm\u00e9e bien organis\u00e9e. \u00ab<em>\u00a0Nos objectifs, c\u2019est la reconqu\u00eate du territoire national occup\u00e9, donner un souffle de vie nouveau \u00e0 tous ses compatriotes afflig\u00e9s et promouvoir un d\u00e9veloppement endog\u00e8ne\u00a0<\/em>\u00bb, a rappel\u00e9 le pr\u00e9sident par int\u00e9rim.<\/p>\n<p>Il rassure qu\u2019il tiendra tous les engagements pris devant tous les amis et partenaires du Burkina Faso. \u00ab\u00a0<em>Aucun sacrifice en sera de trop\u00a0pour sortir le Burkina Faso de cette situation. Notre boussole sera toujours le peuple. Pour ma nation, je me battrai jusqu\u2019au dernier souffle<\/em>\u00a0\u00bb, a-t-il soutenu.<\/p>\n<p><iframe loading=\"lazy\" title=\"Rtb  - C\u00e9r\u00e9monie de prestation de serment du Capitaine Ibrahim Traor\u00e9, Pr\u00e9sident de la transition.\" width=\"1080\" height=\"608\" src=\"https:\/\/www.youtube.com\/embed\/4q_Mlrgy61s?start=39&feature=oembed\" frameborder=\"0\" allow=\"accelerometer; autoplay; clipboard-write; encrypted-media; gyroscope; picture-in-picture\" allowfullscreen><\/iframe><\/p>\n<\/div>\n<div class='share-to-whatsapp-wrapper'><div class='share-on-whsp'>PARTAGER SUR : <\/div><a data-text='BURKINA -  Le capitaine Ibrahim Traor\u00e9 officiellement investi pr\u00e9sident de la transition' data-link='https:\/\/www.nettali.com\/2022\/10\/21\/burkina-le-capitaine-ibrahim-traore-officiellement-investi-president-de-la-transition\/' class='whatsapp-button whatsapp-share'>WhatsApp<\/a><div class='clear '><\/div><\/div>","protected":false},"excerpt":{"rendered":"<p>NETTALI.COM - Le capitaine Ibrahim Traor\u00e9 devient officiellement pr\u00e9sident de la transition au Burkina Faso. L'auteur du deuxi\u00e8me putsch en moins d'un an a pr\u00eat\u00e9 serment, vendredi 21 octobre, au cours d'une c\u00e9r\u00e9monie d'investiture plac\u00e9e sous le signe de la sobri\u00e9t\u00e9, avec des invit\u00e9s tri\u00e9s sur le volet. En plus de la hi\u00e9rarchie militaire, il [&hellip;]<\/p>\n","protected":false},"author":4,"featured_media":96239,"comment_status":"open","ping_status":"open","sticky":false,"template":"","format":"standard","meta":{"_et_pb_use_builder":"","_et_pb_old_content":""},"categories":[8],"tags":[],"yoast_head":"<!-- This site is optimized with the Yoast SEO Premium plugin v17.8 (Yoast SEO v17.8) - https:\/\/yoast.com\/wordpress\/plugins\/seo\/ -->\n<title>BURKINA - Le capitaine Ibrahim Traor\u00e9 officiellement investi pr\u00e9sident de la transition | Nettali.com<\/title>\n<meta name=\"robots\" content=\"index, follow, max-snippet:-1, max-image-preview:large, max-video-preview:-1\" \/>\n<link rel=\"canonical\" href=\"https:\/\/www.nettali.com\/2022\/10\/21\/burkina-le-capitaine-ibrahim-traore-officiellement-investi-president-de-la-transition\/\" \/>\n<meta property=\"og:locale\" content=\"fr_FR\" \/>\n<meta property=\"og:type\" content=\"article\" \/>\n<meta property=\"og:title\" content=\"BURKINA - Le capitaine Ibrahim Traor\u00e9 officiellement investi pr\u00e9sident de la transition\" \/>\n<meta property=\"og:description\" content=\"NETTALI.COM - Le capitaine Ibrahim Traor\u00e9 devient officiellement pr\u00e9sident de la transition au Burkina Faso. L&#039;auteur du deuxi\u00e8me putsch en moins d&#039;un an a pr\u00eat\u00e9 serment, vendredi 21 octobre, au cours d&#039;une c\u00e9r\u00e9monie d&#039;investiture plac\u00e9e sous le signe de la sobri\u00e9t\u00e9, avec des invit\u00e9s tri\u00e9s sur le volet. En plus de la hi\u00e9rarchie militaire, il [&hellip;]\" \/>\n<meta property=\"og:url\" content=\"https:\/\/www.nettali.com\/2022\/10\/21\/burkina-le-capitaine-ibrahim-traore-officiellement-investi-president-de-la-transition\/\" \/>\n<meta property=\"og:site_name\" content=\"Nettali.com\" \/>\n<meta property=\"article:publisher\" content=\"https:\/\/www.facebook.com\/nettalicom\" \/>\n<meta property=\"article:published_time\" content=\"2022-10-21T15:25:25+00:00\" \/>\n<meta property=\"og:image\" content=\"https:\/\/www.nettali.com\/wp-content\/uploads\/2022\/10\/Capture-de\u0301cran-2022-10-21-a\u0300-15.23.16.png\" \/>\n\t<meta property=\"og:image:width\" content=\"895\" \/>\n\t<meta property=\"og:image:height\" content=\"460\" \/>\n<meta name=\"twitter:card\" content=\"summary_large_image\" \/>\n<meta name=\"twitter:label1\" content=\"\u00c9crit par\" \/>\n\t<meta name=\"twitter:data1\" content=\"Daouda\" \/>\n\t<meta name=\"twitter:label2\" content=\"Dur\u00e9e de lecture estim\u00e9e\" \/>\n\t<meta name=\"twitter:data2\" content=\"2 minutes\" \/>\n<script type=\"application\/ld+json\" class=\"yoast-schema-graph\">{\"@context\":\"https:\/\/schema.org\",\"@graph\":[{\"@type\":\"WebSite\",\"@id\":\"https:\/\/www.nettali.com\/#website\",\"url\":\"https:\/\/www.nettali.com\/\",\"name\":\"Nettali.com\",\"description\":\"Le rendez-vous critique du Net\",\"potentialAction\":[{\"@type\":\"SearchAction\",\"target\":{\"@type\":\"EntryPoint\",\"urlTemplate\":\"https:\/\/www.nettali.com\/?s={search_term_string}\"},\"query-input\":\"required name=search_term_string\"}],\"inLanguage\":\"fr-FR\"},{\"@type\":\"ImageObject\",\"@id\":\"https:\/\/www.nettali.com\/2022\/10\/21\/burkina-le-capitaine-ibrahim-traore-officiellement-investi-president-de-la-transition\/#primaryimage\",\"inLanguage\":\"fr-FR\",\"url\":\"https:\/\/www.nettali.com\/wp-content\/uploads\/2022\/10\/Capture-de\\u0301cran-2022-10-21-a\\u0300-15.23.16.png\",\"contentUrl\":\"https:\/\/www.nettali.com\/wp-content\/uploads\/2022\/10\/Capture-de\\u0301cran-2022-10-21-a\\u0300-15.23.16.png\",\"width\":895,\"height\":460},{\"@type\":\"WebPage\",\"@id\":\"https:\/\/www.nettali.com\/2022\/10\/21\/burkina-le-capitaine-ibrahim-traore-officiellement-investi-president-de-la-transition\/#webpage\",\"url\":\"https:\/\/www.nettali.com\/2022\/10\/21\/burkina-le-capitaine-ibrahim-traore-officiellement-investi-president-de-la-transition\/\",\"name\":\"BURKINA - Le capitaine Ibrahim Traor\\u00e9 officiellement investi pr\\u00e9sident de la transition | Nettali.com\",\"isPartOf\":{\"@id\":\"https:\/\/www.nettali.com\/#website\"},\"primaryImageOfPage\":{\"@id\":\"https:\/\/www.nettali.com\/2022\/10\/21\/burkina-le-capitaine-ibrahim-traore-officiellement-investi-president-de-la-transition\/#primaryimage\"},\"datePublished\":\"2022-10-21T15:25:25+00:00\",\"dateModified\":\"2022-10-21T15:25:25+00:00\",\"author\":{\"@id\":\"https:\/\/www.nettali.com\/#\/schema\/person\/3317e0bb3aa1da309fbf7b2780901bf4\"},\"breadcrumb\":{\"@id\":\"https:\/\/www.nettali.com\/2022\/10\/21\/burkina-le-capitaine-ibrahim-traore-officiellement-investi-president-de-la-transition\/#breadcrumb\"},\"inLanguage\":\"fr-FR\",\"potentialAction\":[{\"@type\":\"ReadAction\",\"target\":[\"https:\/\/www.nettali.com\/2022\/10\/21\/burkina-le-capitaine-ibrahim-traore-officiellement-investi-president-de-la-transition\/\"]}]},{\"@type\":\"BreadcrumbList\",\"@id\":\"https:\/\/www.nettali.com\/2022\/10\/21\/burkina-le-capitaine-ibrahim-traore-officiellement-investi-president-de-la-transition\/#breadcrumb\",\"itemListElement\":[{\"@type\":\"ListItem\",\"position\":1,\"name\":\"Accueil\",\"item\":\"https:\/\/www.nettali.com\/\"},{\"@type\":\"ListItem\",\"position\":2,\"name\":\"BURKINA - Le capitaine Ibrahim Traor\\u00e9 officiellement investi pr\\u00e9sident de la transition\"}]},{\"@type\":\"Person\",\"@id\":\"https:\/\/www.nettali.com\/#\/schema\/person\/3317e0bb3aa1da309fbf7b2780901bf4\",\"name\":\"Daouda\",\"image\":{\"@type\":\"ImageObject\",\"@id\":\"https:\/\/www.nettali.com\/#personlogo\",\"inLanguage\":\"fr-FR\",\"url\":\"https:\/\/secure.gravatar.com\/avatar\/8d143b5a49345098ddcfee1c49c2f47c?s=96&d=mm&r=g\",\"contentUrl\":\"https:\/\/secure.gravatar.com\/avatar\/8d143b5a49345098ddcfee1c49c2f47c?s=96&d=mm&r=g\",\"caption\":\"Daouda\"},\"sameAs\":[\"https:\/\/www.nettali.com\"]}]}<\/script>\n<!-- \/ Yoast SEO Premium plugin. -->","yoast_head_json":{"title":"BURKINA - Le capitaine Ibrahim Traor\u00e9 officiellement investi pr\u00e9sident de la transition | Nettali.com","robots":{"index":"index","follow":"follow","max-snippet":"max-snippet:-1","max-image-preview":"max-image-preview:large","max-video-preview":"max-video-preview:-1"},"canonical":"https:\/\/www.nettali.com\/2022\/10\/21\/burkina-le-capitaine-ibrahim-traore-officiellement-investi-president-de-la-transition\/","og_locale":"fr_FR","og_type":"article","og_title":"BURKINA - Le capitaine Ibrahim Traor\u00e9 officiellement investi pr\u00e9sident de la transition","og_description":"NETTALI.COM - Le capitaine Ibrahim Traor\u00e9 devient officiellement pr\u00e9sident de la transition au Burkina Faso. L'auteur du deuxi\u00e8me putsch en moins d'un an a pr\u00eat\u00e9 serment, vendredi 21 octobre, au cours d'une c\u00e9r\u00e9monie d'investiture plac\u00e9e sous le signe de la sobri\u00e9t\u00e9, avec des invit\u00e9s tri\u00e9s sur le volet. En plus de la hi\u00e9rarchie militaire, il [&hellip;]","og_url":"https:\/\/www.nettali.com\/2022\/10\/21\/burkina-le-capitaine-ibrahim-traore-officiellement-investi-president-de-la-transition\/","og_site_name":"Nettali.com","article_publisher":"https:\/\/www.facebook.com\/nettalicom","article_published_time":"2022-10-21T15:25:25+00:00","og_image":[{"width":895,"height":460,"url":"https:\/\/www.nettali.com\/wp-content\/uploads\/2022\/10\/Capture-de\u0301cran-2022-10-21-a\u0300-15.23.16.png","type":"image\/png"}],"twitter_card":"summary_large_image","twitter_misc":{"\u00c9crit par":"Daouda","Dur\u00e9e de lecture estim\u00e9e":"2 minutes"},"schema":{"@context":"https:\/\/schema.org","@graph":[{"@type":"WebSite","@id":"https:\/\/www.nettali.com\/#website","url":"https:\/\/www.nettali.com\/","name":"Nettali.com","description":"Le rendez-vous critique du Net","potentialAction":[{"@type":"SearchAction","target":{"@type":"EntryPoint","urlTemplate":"https:\/\/www.nettali.com\/?s={search_term_string}"},"query-input":"required name=search_term_string"}],"inLanguage":"fr-FR"},{"@type":"ImageObject","@id":"https:\/\/www.nettali.com\/2022\/10\/21\/burkina-le-capitaine-ibrahim-traore-officiellement-investi-president-de-la-transition\/#primaryimage","inLanguage":"fr-FR","url":"https:\/\/www.nettali.com\/wp-content\/uploads\/2022\/10\/Capture-de\u0301cran-2022-10-21-a\u0300-15.23.16.png","contentUrl":"https:\/\/www.nettali.com\/wp-content\/uploads\/2022\/10\/Capture-de\u0301cran-2022-10-21-a\u0300-15.23.16.png","width":895,"height":460},{"@type":"WebPage","@id":"https:\/\/www.nettali.com\/2022\/10\/21\/burkina-le-capitaine-ibrahim-traore-officiellement-investi-president-de-la-transition\/#webpage","url":"https:\/\/www.nettali.com\/2022\/10\/21\/burkina-le-capitaine-ibrahim-traore-officiellement-investi-president-de-la-transition\/","name":"BURKINA - Le capitaine Ibrahim Traor\u00e9 officiellement investi pr\u00e9sident de la transition | Nettali.com","isPartOf":{"@id":"https:\/\/www.nettali.com\/#website"},"primaryImageOfPage":{"@id":"https:\/\/www.nettali.com\/2022\/10\/21\/burkina-le-capitaine-ibrahim-traore-officiellement-investi-president-de-la-transition\/#primaryimage"},"datePublished":"2022-10-21T15:25:25+00:00","dateModified":"2022-10-21T15:25:25+00:00","author":{"@id":"https:\/\/www.nettali.com\/#\/schema\/person\/3317e0bb3aa1da309fbf7b2780901bf4"},"breadcrumb":{"@id":"https:\/\/www.nettali.com\/2022\/10\/21\/burkina-le-capitaine-ibrahim-traore-officiellement-investi-president-de-la-transition\/#breadcrumb"},"inLanguage":"fr-FR","potentialAction":[{"@type":"ReadAction","target":["https:\/\/www.nettali.com\/2022\/10\/21\/burkina-le-capitaine-ibrahim-traore-officiellement-investi-president-de-la-transition\/"]}]},{"@type":"BreadcrumbList","@id":"https:\/\/www.nettali.com\/2022\/10\/21\/burkina-le-capitaine-ibrahim-traore-officiellement-investi-president-de-la-transition\/#breadcrumb","itemListElement":[{"@type":"ListItem","position":1,"name":"Accueil","item":"https:\/\/www.nettali.com\/"},{"@type":"ListItem","position":2,"name":"BURKINA - Le capitaine Ibrahim Traor\u00e9 officiellement investi pr\u00e9sident de la transition"}]},{"@type":"Person","@id":"https:\/\/www.nettali.com\/#\/schema\/person\/3317e0bb3aa1da309fbf7b2780901bf4","name":"Daouda","image":{"@type":"ImageObject","@id":"https:\/\/www.nettali.com\/#personlogo","inLanguage":"fr-FR","url":"https:\/\/secure.gravatar.com\/avatar\/8d143b5a49345098ddcfee1c49c2f47c?s=96&d=mm&r=g","contentUrl":"https:\/\/secure.gravatar.com\/avatar\/8d143b5a49345098ddcfee1c49c2f47c?s=96&d=mm&r=g","caption":"Daouda"},"sameAs":["https:\/\/www.nettali.com"]}]}},"_links":{"self":[{"href":"https:\/\/www.nettali.com\/rest\/wp\/v2\/posts\/96238"}],"collection":[{"href":"https:\/\/www.nettali.com\/rest\/wp\/v2\/posts"}],"about":[{"href":"https:\/\/www.nettali.com\/rest\/wp\/v2\/types\/post"}],"author":[{"embeddable":true,"href":"https:\/\/www.nettali.com\/rest\/wp\/v2\/users\/4"}],"replies":[{"embeddable":true,"href":"https:\/\/www.nettali.com\/rest\/wp\/v2\/comments?post=96238"}],"version-history":[{"count":1,"href":"https:\/\/www.nettali.com\/rest\/wp\/v2\/posts\/96238\/revisions"}],"predecessor-version":[{"id":96240,"href":"https:\/\/www.nettali.com\/rest\/wp\/v2\/posts\/96238\/revisions\/96240"}],"wp:featuredmedia":[{"embeddable":true,"href":"https:\/\/www.nettali.com\/rest\/wp\/v2\/media\/96239"}],"wp:attachment":[{"href":"https:\/\/www.nettali.com\/rest\/wp\/v2\/media?parent=96238"}],"wp:term":[{"taxonomy":"category","embeddable":true,"href":"https:\/\/www.nettali.com\/rest\/wp\/v2\/categories?post=96238"},{"taxonomy":"post_tag","embeddable":true,"href":"https:\/\/www.nettali.com\/rest\/wp\/v2\/tags?post=96238"}],"curies":[{"name":"wp","href":"https:\/\/api.w.org\/{rel}","templated":true}]}}