{"id":96206,"date":"2022-10-21T08:29:47","date_gmt":"2022-10-21T08:29:47","guid":{"rendered":"https:\/\/www.nettali.com\/?p=96206"},"modified":"2022-10-21T13:04:01","modified_gmt":"2022-10-21T13:04:01","slug":"salaire-des-fonctionnaires-du-secteur-primaire-thierno-alassane-sall-depose-une-question-orale","status":"publish","type":"post","link":"https:\/\/www.nettali.com\/2022\/10\/21\/salaire-des-fonctionnaires-du-secteur-primaire-thierno-alassane-sall-depose-une-question-orale\/","title":{"rendered":"SALAIRE DES FONCTIONNAIRES DU SECTEUR PRIMAIRE - Thierno Alassane Sall d\u00e9pose une question orale"},"content":{"rendered":"<p><strong>NETTALI.COM-<\/strong>\u00a0<strong>D\u00e9put\u00e9 non-inscrit \u00e0 l\u2019Assembl\u00e9e nationale, Thierno Alassane Sall a d\u00e9pos\u00e9 une question orale relative aux disparit\u00e9s et iniquit\u00e9s salariales des fonctionnaires du secteur primaire.<\/strong><\/p>\n<p>Elu sur la liste nationale de la coalition Aar S\u00e9n\u00e9gal, Thierno Alassane Sall, d\u00e9put\u00e9 non-inscrit de la 14<sup>e<\/sup>\u00a0l\u00e9gislature ne compte pas \u00eatre un figurant \u00e0 l\u2019Assembl\u00e9e nationale. Il vient de d\u00e9montrer qu\u2019il va repr\u00e9senter ceux qui l\u2019ont \u00e9lu. Il a d\u00e9pos\u00e9, \u00e0 l\u2019adresse du gouvernement, une question orale relative aux disparit\u00e9s et iniquit\u00e9s salariales des fonctionnaires du secteur primaire. Il a fait l\u2019annonce sur le r\u00e9seau social. Twitter, hier, le d\u00e9put\u00e9 Thierno Alassane Sall.<\/p>\n<p>\u00c0 cet effet, il a partag\u00e9 une photo de la lettre envoy\u00e9e. Dans la premi\u00e8re partie de cette derni\u00e8re, TAS expose les faits.\u00a0 \u00ab\u00a0<em>Le rapport \u00e9tabli au terme de l\u2019\u00e9tude sur le syst\u00e8me de r\u00e9mun\u00e9ration au sein de l\u2019Administration s\u00e9n\u00e9galaise, r\u00e9alis\u00e9 en 2015, avait confirm\u00e9 ce que tout le monde savait : l\u2019existence de fortes disparit\u00e9s et iniquit\u00e9s salariales selon les corps, les administrations et les hi\u00e9rarchies. Depuis lors, plusieurs efforts sont consentis pour essayer de supprimer, sinon att\u00e9nuer ces in\u00e9galit\u00e9s. C\u2019est dans ce cadre que s\u2019inscrivait l\u2019initiative conjointe des ministres en charge du secteur primaire visant \u00e0 am\u00e9liorer la r\u00e9mun\u00e9ration de leurs agents \u00e0 travers l\u2019octroi d\u2019indemnit\u00e9s tir\u00e9es de ressources internes<\/em>\u00a0\u00bb, rappelle-til.<\/p>\n<p>Dans ce cadre, \u2018\u2019<em>des arr\u00eat\u00e9s interminist\u00e9riels et d\u00e9crets portant octroi d\u2019indemnit\u00e9s sur ressources internes au profit de tout leur personnel furent pris. Le paiement de ces indemnit\u00e9s est devenu effectif au d\u00e9but de l\u2019ann\u00e9e 2022, pour les agents des minist\u00e8res en charge de l\u2019Agriculture et de la P\u00eache. Ils en ont b\u00e9n\u00e9fici\u00e9 pendant huit mois avant qu\u2019une note du ministre des Finances et du Budget, port\u00e9e \u00e0 la connaissance des travailleurs le 8 septembre 2022, vienne y mettre fin\u2019\u2019<\/em>, indique Thierno Alassane Sall.<\/p>\n<p>Aujourd\u2019hui, il veut conna\u00eetre \u2018\u2019<em>les mesures diligentes et imm\u00e9diates que le gouvernement compte prendre pour r\u00e9tablir le paiement d\u2019indemnit\u00e9s n\u00e9goci\u00e9es et convenues entre les organisations syndicales et les autorit\u00e9s administratives comp\u00e9tentes du secteur primaire, en sachant que : le paiement de ces indemnit\u00e9s est tir\u00e9 des ressources internes propres aux minist\u00e8res concern\u00e9s ; le paiement d\u2019indemnit\u00e9s similaires continue d\u2019avoir cours dans d\u2019autres d\u00e9partements minist\u00e9riels (un poids, deux mesures) ; le personnel du secteur primaire est le parent pauvre de l\u2019Administration s\u00e9n\u00e9galaise en termes de r\u00e9mun\u00e9ration avec toutes les cons\u00e9quences que cela implique, alors qu\u2019un rapport de l\u2019ANSD de 2021 \u00e9tablit que \u2018\u2019la croissance de l\u2019\u00e9conomie s\u00e9n\u00e9galaise en 2020 est tir\u00e9e principalement par le secteur primaire<\/em>\u2019\u2019.<\/p>\n<p>Par ailleurs, dans le m\u00eame tweet, M. Sall a annonc\u00e9 son intention de d\u00e9poser une autre question orale. Cette fois, elle portera sur \u2018\u2019l\u2019\u00e9tat alarmant de La Poste\u2019\u2019<\/p>\n<div class='share-to-whatsapp-wrapper'><div class='share-on-whsp'>PARTAGER SUR : <\/div><a data-text='SALAIRE DES FONCTIONNAIRES DU SECTEUR PRIMAIRE - Thierno Alassane Sall d\u00e9pose une question orale' data-link='https:\/\/www.nettali.com\/2022\/10\/21\/salaire-des-fonctionnaires-du-secteur-primaire-thierno-alassane-sall-depose-une-question-orale\/' class='whatsapp-button whatsapp-share'>WhatsApp<\/a><div class='clear '><\/div><\/div>","protected":false},"excerpt":{"rendered":"<p>NETTALI.COM-\u00a0D\u00e9put\u00e9 non-inscrit \u00e0 l\u2019Assembl\u00e9e nationale, Thierno Alassane Sall a d\u00e9pos\u00e9 une question orale relative aux disparit\u00e9s et iniquit\u00e9s salariales des fonctionnaires du secteur primaire. Elu sur la liste nationale de la coalition Aar S\u00e9n\u00e9gal, Thierno Alassane Sall, d\u00e9put\u00e9 non-inscrit de la 14e\u00a0l\u00e9gislature ne compte pas \u00eatre un figurant \u00e0 l\u2019Assembl\u00e9e nationale. Il vient de d\u00e9montrer [&hellip;]<\/p>\n","protected":false},"author":6,"featured_media":94957,"comment_status":"open","ping_status":"open","sticky":false,"template":"","format":"standard","meta":{"_et_pb_use_builder":"","_et_pb_old_content":""},"categories":[3],"tags":[],"yoast_head":"<!-- This site is optimized with the Yoast SEO Premium plugin v17.8 (Yoast SEO v17.8) - https:\/\/yoast.com\/wordpress\/plugins\/seo\/ -->\n<title>SALAIRE DES FONCTIONNAIRES DU SECTEUR PRIMAIRE - Thierno Alassane Sall d\u00e9pose une question orale | Nettali.com<\/title>\n<meta name=\"robots\" content=\"index, follow, max-snippet:-1, max-image-preview:large, max-video-preview:-1\" \/>\n<link rel=\"canonical\" href=\"https:\/\/www.nettali.com\/2022\/10\/21\/salaire-des-fonctionnaires-du-secteur-primaire-thierno-alassane-sall-depose-une-question-orale\/\" \/>\n<meta property=\"og:locale\" content=\"fr_FR\" \/>\n<meta property=\"og:type\" content=\"article\" \/>\n<meta property=\"og:title\" content=\"SALAIRE DES FONCTIONNAIRES DU SECTEUR PRIMAIRE - Thierno Alassane Sall d\u00e9pose une question orale\" \/>\n<meta property=\"og:description\" content=\"NETTALI.COM-\u00a0D\u00e9put\u00e9 non-inscrit \u00e0 l\u2019Assembl\u00e9e nationale, Thierno Alassane Sall a d\u00e9pos\u00e9 une question orale relative aux disparit\u00e9s et iniquit\u00e9s salariales des fonctionnaires du secteur primaire. Elu sur la liste nationale de la coalition Aar S\u00e9n\u00e9gal, Thierno Alassane Sall, d\u00e9put\u00e9 non-inscrit de la 14e\u00a0l\u00e9gislature ne compte pas \u00eatre un figurant \u00e0 l\u2019Assembl\u00e9e nationale. Il vient de d\u00e9montrer [&hellip;]\" \/>\n<meta property=\"og:url\" content=\"https:\/\/www.nettali.com\/2022\/10\/21\/salaire-des-fonctionnaires-du-secteur-primaire-thierno-alassane-sall-depose-une-question-orale\/\" \/>\n<meta property=\"og:site_name\" content=\"Nettali.com\" \/>\n<meta property=\"article:publisher\" content=\"https:\/\/www.facebook.com\/nettalicom\" \/>\n<meta property=\"article:published_time\" content=\"2022-10-21T08:29:47+00:00\" \/>\n<meta property=\"article:modified_time\" content=\"2022-10-21T13:04:01+00:00\" \/>\n<meta property=\"og:image\" content=\"https:\/\/www.nettali.com\/wp-content\/uploads\/2022\/10\/Thierno-Alassane-Sall.jpg\" \/>\n\t<meta property=\"og:image:width\" content=\"2048\" \/>\n\t<meta property=\"og:image:height\" content=\"2048\" \/>\n<meta name=\"twitter:card\" content=\"summary_large_image\" \/>\n<meta name=\"twitter:label1\" content=\"\u00c9crit par\" \/>\n\t<meta name=\"twitter:data1\" content=\"Fatou\" \/>\n\t<meta name=\"twitter:label2\" content=\"Dur\u00e9e de lecture estim\u00e9e\" \/>\n\t<meta name=\"twitter:data2\" content=\"3 minutes\" \/>\n<script type=\"application\/ld+json\" class=\"yoast-schema-graph\">{\"@context\":\"https:\/\/schema.org\",\"@graph\":[{\"@type\":\"WebSite\",\"@id\":\"https:\/\/www.nettali.com\/#website\",\"url\":\"https:\/\/www.nettali.com\/\",\"name\":\"Nettali.com\",\"description\":\"Le rendez-vous critique du Net\",\"potentialAction\":[{\"@type\":\"SearchAction\",\"target\":{\"@type\":\"EntryPoint\",\"urlTemplate\":\"https:\/\/www.nettali.com\/?s={search_term_string}\"},\"query-input\":\"required name=search_term_string\"}],\"inLanguage\":\"fr-FR\"},{\"@type\":\"ImageObject\",\"@id\":\"https:\/\/www.nettali.com\/2022\/10\/21\/salaire-des-fonctionnaires-du-secteur-primaire-thierno-alassane-sall-depose-une-question-orale\/#primaryimage\",\"inLanguage\":\"fr-FR\",\"url\":\"https:\/\/www.nettali.com\/wp-content\/uploads\/2022\/10\/Thierno-Alassane-Sall.jpg\",\"contentUrl\":\"https:\/\/www.nettali.com\/wp-content\/uploads\/2022\/10\/Thierno-Alassane-Sall.jpg\",\"width\":2048,\"height\":2048},{\"@type\":\"WebPage\",\"@id\":\"https:\/\/www.nettali.com\/2022\/10\/21\/salaire-des-fonctionnaires-du-secteur-primaire-thierno-alassane-sall-depose-une-question-orale\/#webpage\",\"url\":\"https:\/\/www.nettali.com\/2022\/10\/21\/salaire-des-fonctionnaires-du-secteur-primaire-thierno-alassane-sall-depose-une-question-orale\/\",\"name\":\"SALAIRE DES FONCTIONNAIRES DU SECTEUR PRIMAIRE - Thierno Alassane Sall d\\u00e9pose une question orale | Nettali.com\",\"isPartOf\":{\"@id\":\"https:\/\/www.nettali.com\/#website\"},\"primaryImageOfPage\":{\"@id\":\"https:\/\/www.nettali.com\/2022\/10\/21\/salaire-des-fonctionnaires-du-secteur-primaire-thierno-alassane-sall-depose-une-question-orale\/#primaryimage\"},\"datePublished\":\"2022-10-21T08:29:47+00:00\",\"dateModified\":\"2022-10-21T13:04:01+00:00\",\"author\":{\"@id\":\"https:\/\/www.nettali.com\/#\/schema\/person\/418274a86bdf87caff7a3ef476bd0bbf\"},\"breadcrumb\":{\"@id\":\"https:\/\/www.nettali.com\/2022\/10\/21\/salaire-des-fonctionnaires-du-secteur-primaire-thierno-alassane-sall-depose-une-question-orale\/#breadcrumb\"},\"inLanguage\":\"fr-FR\",\"potentialAction\":[{\"@type\":\"ReadAction\",\"target\":[\"https:\/\/www.nettali.com\/2022\/10\/21\/salaire-des-fonctionnaires-du-secteur-primaire-thierno-alassane-sall-depose-une-question-orale\/\"]}]},{\"@type\":\"BreadcrumbList\",\"@id\":\"https:\/\/www.nettali.com\/2022\/10\/21\/salaire-des-fonctionnaires-du-secteur-primaire-thierno-alassane-sall-depose-une-question-orale\/#breadcrumb\",\"itemListElement\":[{\"@type\":\"ListItem\",\"position\":1,\"name\":\"Accueil\",\"item\":\"https:\/\/www.nettali.com\/\"},{\"@type\":\"ListItem\",\"position\":2,\"name\":\"SALAIRE DES FONCTIONNAIRES DU SECTEUR PRIMAIRE - Thierno Alassane Sall d\\u00e9pose une question orale\"}]},{\"@type\":\"Person\",\"@id\":\"https:\/\/www.nettali.com\/#\/schema\/person\/418274a86bdf87caff7a3ef476bd0bbf\",\"name\":\"Fatou\",\"image\":{\"@type\":\"ImageObject\",\"@id\":\"https:\/\/www.nettali.com\/#personlogo\",\"inLanguage\":\"fr-FR\",\"url\":\"https:\/\/secure.gravatar.com\/avatar\/5a9442a2bee7b4dcf167cab035858e9a?s=96&d=mm&r=g\",\"contentUrl\":\"https:\/\/secure.gravatar.com\/avatar\/5a9442a2bee7b4dcf167cab035858e9a?s=96&d=mm&r=g\",\"caption\":\"Fatou\"},\"sameAs\":[\"https:\/\/www.nettali.com\"]}]}<\/script>\n<!-- \/ Yoast SEO Premium plugin. -->","yoast_head_json":{"title":"SALAIRE DES FONCTIONNAIRES DU SECTEUR PRIMAIRE - Thierno Alassane Sall d\u00e9pose une question orale | Nettali.com","robots":{"index":"index","follow":"follow","max-snippet":"max-snippet:-1","max-image-preview":"max-image-preview:large","max-video-preview":"max-video-preview:-1"},"canonical":"https:\/\/www.nettali.com\/2022\/10\/21\/salaire-des-fonctionnaires-du-secteur-primaire-thierno-alassane-sall-depose-une-question-orale\/","og_locale":"fr_FR","og_type":"article","og_title":"SALAIRE DES FONCTIONNAIRES DU SECTEUR PRIMAIRE - Thierno Alassane Sall d\u00e9pose une question orale","og_description":"NETTALI.COM-\u00a0D\u00e9put\u00e9 non-inscrit \u00e0 l\u2019Assembl\u00e9e nationale, Thierno Alassane Sall a d\u00e9pos\u00e9 une question orale relative aux disparit\u00e9s et iniquit\u00e9s salariales des fonctionnaires du secteur primaire. Elu sur la liste nationale de la coalition Aar S\u00e9n\u00e9gal, Thierno Alassane Sall, d\u00e9put\u00e9 non-inscrit de la 14e\u00a0l\u00e9gislature ne compte pas \u00eatre un figurant \u00e0 l\u2019Assembl\u00e9e nationale. Il vient de d\u00e9montrer [&hellip;]","og_url":"https:\/\/www.nettali.com\/2022\/10\/21\/salaire-des-fonctionnaires-du-secteur-primaire-thierno-alassane-sall-depose-une-question-orale\/","og_site_name":"Nettali.com","article_publisher":"https:\/\/www.facebook.com\/nettalicom","article_published_time":"2022-10-21T08:29:47+00:00","article_modified_time":"2022-10-21T13:04:01+00:00","og_image":[{"width":2048,"height":2048,"url":"https:\/\/www.nettali.com\/wp-content\/uploads\/2022\/10\/Thierno-Alassane-Sall.jpg","type":"image\/jpeg"}],"twitter_card":"summary_large_image","twitter_misc":{"\u00c9crit par":"Fatou","Dur\u00e9e de lecture estim\u00e9e":"3 minutes"},"schema":{"@context":"https:\/\/schema.org","@graph":[{"@type":"WebSite","@id":"https:\/\/www.nettali.com\/#website","url":"https:\/\/www.nettali.com\/","name":"Nettali.com","description":"Le rendez-vous critique du Net","potentialAction":[{"@type":"SearchAction","target":{"@type":"EntryPoint","urlTemplate":"https:\/\/www.nettali.com\/?s={search_term_string}"},"query-input":"required name=search_term_string"}],"inLanguage":"fr-FR"},{"@type":"ImageObject","@id":"https:\/\/www.nettali.com\/2022\/10\/21\/salaire-des-fonctionnaires-du-secteur-primaire-thierno-alassane-sall-depose-une-question-orale\/#primaryimage","inLanguage":"fr-FR","url":"https:\/\/www.nettali.com\/wp-content\/uploads\/2022\/10\/Thierno-Alassane-Sall.jpg","contentUrl":"https:\/\/www.nettali.com\/wp-content\/uploads\/2022\/10\/Thierno-Alassane-Sall.jpg","width":2048,"height":2048},{"@type":"WebPage","@id":"https:\/\/www.nettali.com\/2022\/10\/21\/salaire-des-fonctionnaires-du-secteur-primaire-thierno-alassane-sall-depose-une-question-orale\/#webpage","url":"https:\/\/www.nettali.com\/2022\/10\/21\/salaire-des-fonctionnaires-du-secteur-primaire-thierno-alassane-sall-depose-une-question-orale\/","name":"SALAIRE DES FONCTIONNAIRES DU SECTEUR PRIMAIRE - Thierno Alassane Sall d\u00e9pose une question orale | Nettali.com","isPartOf":{"@id":"https:\/\/www.nettali.com\/#website"},"primaryImageOfPage":{"@id":"https:\/\/www.nettali.com\/2022\/10\/21\/salaire-des-fonctionnaires-du-secteur-primaire-thierno-alassane-sall-depose-une-question-orale\/#primaryimage"},"datePublished":"2022-10-21T08:29:47+00:00","dateModified":"2022-10-21T13:04:01+00:00","author":{"@id":"https:\/\/www.nettali.com\/#\/schema\/person\/418274a86bdf87caff7a3ef476bd0bbf"},"breadcrumb":{"@id":"https:\/\/www.nettali.com\/2022\/10\/21\/salaire-des-fonctionnaires-du-secteur-primaire-thierno-alassane-sall-depose-une-question-orale\/#breadcrumb"},"inLanguage":"fr-FR","potentialAction":[{"@type":"ReadAction","target":["https:\/\/www.nettali.com\/2022\/10\/21\/salaire-des-fonctionnaires-du-secteur-primaire-thierno-alassane-sall-depose-une-question-orale\/"]}]},{"@type":"BreadcrumbList","@id":"https:\/\/www.nettali.com\/2022\/10\/21\/salaire-des-fonctionnaires-du-secteur-primaire-thierno-alassane-sall-depose-une-question-orale\/#breadcrumb","itemListElement":[{"@type":"ListItem","position":1,"name":"Accueil","item":"https:\/\/www.nettali.com\/"},{"@type":"ListItem","position":2,"name":"SALAIRE DES FONCTIONNAIRES DU SECTEUR PRIMAIRE - Thierno Alassane Sall d\u00e9pose une question orale"}]},{"@type":"Person","@id":"https:\/\/www.nettali.com\/#\/schema\/person\/418274a86bdf87caff7a3ef476bd0bbf","name":"Fatou","image":{"@type":"ImageObject","@id":"https:\/\/www.nettali.com\/#personlogo","inLanguage":"fr-FR","url":"https:\/\/secure.gravatar.com\/avatar\/5a9442a2bee7b4dcf167cab035858e9a?s=96&d=mm&r=g","contentUrl":"https:\/\/secure.gravatar.com\/avatar\/5a9442a2bee7b4dcf167cab035858e9a?s=96&d=mm&r=g","caption":"Fatou"},"sameAs":["https:\/\/www.nettali.com"]}]}},"_links":{"self":[{"href":"https:\/\/www.nettali.com\/rest\/wp\/v2\/posts\/96206"}],"collection":[{"href":"https:\/\/www.nettali.com\/rest\/wp\/v2\/posts"}],"about":[{"href":"https:\/\/www.nettali.com\/rest\/wp\/v2\/types\/post"}],"author":[{"embeddable":true,"href":"https:\/\/www.nettali.com\/rest\/wp\/v2\/users\/6"}],"replies":[{"embeddable":true,"href":"https:\/\/www.nettali.com\/rest\/wp\/v2\/comments?post=96206"}],"version-history":[{"count":4,"href":"https:\/\/www.nettali.com\/rest\/wp\/v2\/posts\/96206\/revisions"}],"predecessor-version":[{"id":96227,"href":"https:\/\/www.nettali.com\/rest\/wp\/v2\/posts\/96206\/revisions\/96227"}],"wp:featuredmedia":[{"embeddable":true,"href":"https:\/\/www.nettali.com\/rest\/wp\/v2\/media\/94957"}],"wp:attachment":[{"href":"https:\/\/www.nettali.com\/rest\/wp\/v2\/media?parent=96206"}],"wp:term":[{"taxonomy":"category","embeddable":true,"href":"https:\/\/www.nettali.com\/rest\/wp\/v2\/categories?post=96206"},{"taxonomy":"post_tag","embeddable":true,"href":"https:\/\/www.nettali.com\/rest\/wp\/v2\/tags?post=96206"}],"curies":[{"name":"wp","href":"https:\/\/api.w.org\/{rel}","templated":true}]}}