{"id":96020,"date":"2022-10-18T12:09:22","date_gmt":"2022-10-18T12:09:22","guid":{"rendered":"https:\/\/www.nettali.com\/?p=96020"},"modified":"2022-10-18T12:09:22","modified_gmt":"2022-10-18T12:09:22","slug":"securite-dakar-accueille-le-forum-des-armees-de-lair-africaines","status":"publish","type":"post","link":"https:\/\/www.nettali.com\/2022\/10\/18\/securite-dakar-accueille-le-forum-des-armees-de-lair-africaines\/","title":{"rendered":"SECURITE - Dakar accueille le forum des arm\u00e9es de l\u2019air africaines"},"content":{"rendered":"<p><strong>NETTALI.COM- Le S\u00e9n\u00e9gal va accueillir du 26 au 27 octobre\u00a0 2022, le forum inaugural des Arm\u00e9es de l\u2019air Africaines, indique un communiqu\u00e9 de la Direction\u00a0 de l\u2019information et des relations publiques des Arm\u00e9es (Dirpa).<\/strong><\/p>\n<p>La rencontre, qui verra la participation d\u2019une vingtaine de chefs d\u2019Etat-major d\u2019arm\u00e9e de l\u2019Air d\u2019Afrique et de plusieurs soci\u00e9t\u00e9s et groupes d\u2019industries sp\u00e9cialis\u00e9s dans le domaine de l\u2019aviation militaire. Elle aura pour th\u00e8me : \u00ab L\u2019aviation militaire dans les conflits de basse intensit\u00e9 \u00bb.<\/p>\n<p><em>\u00abCette rencontre de la communaut\u00e9 a\u00e9rospatiale mondiale sera un pr\u00e9texte pour aborder l\u2019\u00e9volution du r\u00f4le des forces a\u00e9riennes dans les op\u00e9rations de contre-insurrection. Il sera aussi question du renforcement des arm\u00e9es de l\u2019air africaines face au d\u00e9veloppement des menaces asym\u00e9triques \u00e0 travers le continent. Il sera question d\u2019identifier les besoins cl\u00e9s des arm\u00e9es de l\u2019air r\u00e9gionales, ce forum se veut aussi un cadre propice \u00e0 l\u2019av\u00e8nement d\u2019un r\u00e9seau de communication pour les chefs d\u2019Etat-major d\u2019arm\u00e9e de l\u2019air\u00a0 et des fournisseurs de solutions \u00bb<\/em>, renseigne le le communiqu\u00e9 de la Dirpa.<\/p>\n<p>Le ministre\u00a0 des Forces arm\u00e9es du S\u00e9n\u00e9gal, Me Sidiki Kaba, va pr\u00e9sider la c\u00e9r\u00e9monie d\u2019ouverture de cette rencontre.<\/p>\n<p><img loading=\"lazy\" class=\"alignnone size-large wp-image-96021\" src=\"https:\/\/www.nettali.com\/wp-content\/uploads\/2022\/10\/WhatsApp-Image-2022-10-15-at-00.47.19-724x1024.jpeg\" alt=\"\" width=\"724\" height=\"1024\" srcset=\"https:\/\/www.nettali.com\/wp-content\/uploads\/2022\/10\/WhatsApp-Image-2022-10-15-at-00.47.19-724x1024.jpeg 724w, https:\/\/www.nettali.com\/wp-content\/uploads\/2022\/10\/WhatsApp-Image-2022-10-15-at-00.47.19-212x300.jpeg 212w, https:\/\/www.nettali.com\/wp-content\/uploads\/2022\/10\/WhatsApp-Image-2022-10-15-at-00.47.19.jpeg 764w\" sizes=\"(max-width: 724px) 100vw, 724px\" \/><\/p>\n<div class='share-to-whatsapp-wrapper'><div class='share-on-whsp'>PARTAGER SUR : <\/div><a data-text='SECURITE - Dakar accueille le forum des arm\u00e9es de l\u2019air africaines' data-link='https:\/\/www.nettali.com\/2022\/10\/18\/securite-dakar-accueille-le-forum-des-armees-de-lair-africaines\/' class='whatsapp-button whatsapp-share'>WhatsApp<\/a><div class='clear '><\/div><\/div>","protected":false},"excerpt":{"rendered":"<p>NETTALI.COM- Le S\u00e9n\u00e9gal va accueillir du 26 au 27 octobre\u00a0 2022, le forum inaugural des Arm\u00e9es de l\u2019air Africaines, indique un communiqu\u00e9 de la Direction\u00a0 de l\u2019information et des relations publiques des Arm\u00e9es (Dirpa). La rencontre, qui verra la participation d\u2019une vingtaine de chefs d\u2019Etat-major d\u2019arm\u00e9e de l\u2019Air d\u2019Afrique et de plusieurs soci\u00e9t\u00e9s et groupes [&hellip;]<\/p>\n","protected":false},"author":4,"featured_media":96022,"comment_status":"open","ping_status":"open","sticky":false,"template":"","format":"standard","meta":{"_et_pb_use_builder":"","_et_pb_old_content":""},"categories":[3],"tags":[],"yoast_head":"<!-- This site is optimized with the Yoast SEO Premium plugin v17.8 (Yoast SEO v17.8) - https:\/\/yoast.com\/wordpress\/plugins\/seo\/ -->\n<title>SECURITE - Dakar accueille le forum des arm\u00e9es de l\u2019air africaines | Nettali.com<\/title>\n<meta name=\"robots\" content=\"index, follow, max-snippet:-1, max-image-preview:large, max-video-preview:-1\" \/>\n<link rel=\"canonical\" href=\"https:\/\/www.nettali.com\/2022\/10\/18\/securite-dakar-accueille-le-forum-des-armees-de-lair-africaines\/\" \/>\n<meta property=\"og:locale\" content=\"fr_FR\" \/>\n<meta property=\"og:type\" content=\"article\" \/>\n<meta property=\"og:title\" content=\"SECURITE - Dakar accueille le forum des arm\u00e9es de l\u2019air africaines\" \/>\n<meta property=\"og:description\" content=\"NETTALI.COM- Le S\u00e9n\u00e9gal va accueillir du 26 au 27 octobre\u00a0 2022, le forum inaugural des Arm\u00e9es de l\u2019air Africaines, indique un communiqu\u00e9 de la Direction\u00a0 de l\u2019information et des relations publiques des Arm\u00e9es (Dirpa). La rencontre, qui verra la participation d\u2019une vingtaine de chefs d\u2019Etat-major d\u2019arm\u00e9e de l\u2019Air d\u2019Afrique et de plusieurs soci\u00e9t\u00e9s et groupes [&hellip;]\" \/>\n<meta property=\"og:url\" content=\"https:\/\/www.nettali.com\/2022\/10\/18\/securite-dakar-accueille-le-forum-des-armees-de-lair-africaines\/\" \/>\n<meta property=\"og:site_name\" content=\"Nettali.com\" \/>\n<meta property=\"article:publisher\" content=\"https:\/\/www.facebook.com\/nettalicom\" \/>\n<meta property=\"article:published_time\" content=\"2022-10-18T12:09:22+00:00\" \/>\n<meta property=\"og:image\" content=\"https:\/\/www.nettali.com\/wp-content\/uploads\/2022\/10\/armee-de-lair.jpeg\" \/>\n\t<meta property=\"og:image:width\" content=\"760\" \/>\n\t<meta property=\"og:image:height\" content=\"411\" \/>\n<meta name=\"twitter:card\" content=\"summary_large_image\" \/>\n<meta name=\"twitter:label1\" content=\"\u00c9crit par\" \/>\n\t<meta name=\"twitter:data1\" content=\"Daouda\" \/>\n\t<meta name=\"twitter:label2\" content=\"Dur\u00e9e de lecture estim\u00e9e\" \/>\n\t<meta name=\"twitter:data2\" content=\"2 minutes\" \/>\n<script type=\"application\/ld+json\" class=\"yoast-schema-graph\">{\"@context\":\"https:\/\/schema.org\",\"@graph\":[{\"@type\":\"WebSite\",\"@id\":\"https:\/\/www.nettali.com\/#website\",\"url\":\"https:\/\/www.nettali.com\/\",\"name\":\"Nettali.com\",\"description\":\"Le rendez-vous critique du Net\",\"potentialAction\":[{\"@type\":\"SearchAction\",\"target\":{\"@type\":\"EntryPoint\",\"urlTemplate\":\"https:\/\/www.nettali.com\/?s={search_term_string}\"},\"query-input\":\"required name=search_term_string\"}],\"inLanguage\":\"fr-FR\"},{\"@type\":\"ImageObject\",\"@id\":\"https:\/\/www.nettali.com\/2022\/10\/18\/securite-dakar-accueille-le-forum-des-armees-de-lair-africaines\/#primaryimage\",\"inLanguage\":\"fr-FR\",\"url\":\"https:\/\/www.nettali.com\/wp-content\/uploads\/2022\/10\/armee-de-lair.jpeg\",\"contentUrl\":\"https:\/\/www.nettali.com\/wp-content\/uploads\/2022\/10\/armee-de-lair.jpeg\",\"width\":760,\"height\":411},{\"@type\":\"WebPage\",\"@id\":\"https:\/\/www.nettali.com\/2022\/10\/18\/securite-dakar-accueille-le-forum-des-armees-de-lair-africaines\/#webpage\",\"url\":\"https:\/\/www.nettali.com\/2022\/10\/18\/securite-dakar-accueille-le-forum-des-armees-de-lair-africaines\/\",\"name\":\"SECURITE - Dakar accueille le forum des arm\\u00e9es de l\\u2019air africaines | Nettali.com\",\"isPartOf\":{\"@id\":\"https:\/\/www.nettali.com\/#website\"},\"primaryImageOfPage\":{\"@id\":\"https:\/\/www.nettali.com\/2022\/10\/18\/securite-dakar-accueille-le-forum-des-armees-de-lair-africaines\/#primaryimage\"},\"datePublished\":\"2022-10-18T12:09:22+00:00\",\"dateModified\":\"2022-10-18T12:09:22+00:00\",\"author\":{\"@id\":\"https:\/\/www.nettali.com\/#\/schema\/person\/3317e0bb3aa1da309fbf7b2780901bf4\"},\"breadcrumb\":{\"@id\":\"https:\/\/www.nettali.com\/2022\/10\/18\/securite-dakar-accueille-le-forum-des-armees-de-lair-africaines\/#breadcrumb\"},\"inLanguage\":\"fr-FR\",\"potentialAction\":[{\"@type\":\"ReadAction\",\"target\":[\"https:\/\/www.nettali.com\/2022\/10\/18\/securite-dakar-accueille-le-forum-des-armees-de-lair-africaines\/\"]}]},{\"@type\":\"BreadcrumbList\",\"@id\":\"https:\/\/www.nettali.com\/2022\/10\/18\/securite-dakar-accueille-le-forum-des-armees-de-lair-africaines\/#breadcrumb\",\"itemListElement\":[{\"@type\":\"ListItem\",\"position\":1,\"name\":\"Accueil\",\"item\":\"https:\/\/www.nettali.com\/\"},{\"@type\":\"ListItem\",\"position\":2,\"name\":\"SECURITE - Dakar accueille le forum des arm\\u00e9es de l\\u2019air africaines\"}]},{\"@type\":\"Person\",\"@id\":\"https:\/\/www.nettali.com\/#\/schema\/person\/3317e0bb3aa1da309fbf7b2780901bf4\",\"name\":\"Daouda\",\"image\":{\"@type\":\"ImageObject\",\"@id\":\"https:\/\/www.nettali.com\/#personlogo\",\"inLanguage\":\"fr-FR\",\"url\":\"https:\/\/secure.gravatar.com\/avatar\/8d143b5a49345098ddcfee1c49c2f47c?s=96&d=mm&r=g\",\"contentUrl\":\"https:\/\/secure.gravatar.com\/avatar\/8d143b5a49345098ddcfee1c49c2f47c?s=96&d=mm&r=g\",\"caption\":\"Daouda\"},\"sameAs\":[\"https:\/\/www.nettali.com\"]}]}<\/script>\n<!-- \/ Yoast SEO Premium plugin. -->","yoast_head_json":{"title":"SECURITE - Dakar accueille le forum des arm\u00e9es de l\u2019air africaines | Nettali.com","robots":{"index":"index","follow":"follow","max-snippet":"max-snippet:-1","max-image-preview":"max-image-preview:large","max-video-preview":"max-video-preview:-1"},"canonical":"https:\/\/www.nettali.com\/2022\/10\/18\/securite-dakar-accueille-le-forum-des-armees-de-lair-africaines\/","og_locale":"fr_FR","og_type":"article","og_title":"SECURITE - Dakar accueille le forum des arm\u00e9es de l\u2019air africaines","og_description":"NETTALI.COM- Le S\u00e9n\u00e9gal va accueillir du 26 au 27 octobre\u00a0 2022, le forum inaugural des Arm\u00e9es de l\u2019air Africaines, indique un communiqu\u00e9 de la Direction\u00a0 de l\u2019information et des relations publiques des Arm\u00e9es (Dirpa). La rencontre, qui verra la participation d\u2019une vingtaine de chefs d\u2019Etat-major d\u2019arm\u00e9e de l\u2019Air d\u2019Afrique et de plusieurs soci\u00e9t\u00e9s et groupes [&hellip;]","og_url":"https:\/\/www.nettali.com\/2022\/10\/18\/securite-dakar-accueille-le-forum-des-armees-de-lair-africaines\/","og_site_name":"Nettali.com","article_publisher":"https:\/\/www.facebook.com\/nettalicom","article_published_time":"2022-10-18T12:09:22+00:00","og_image":[{"width":760,"height":411,"url":"https:\/\/www.nettali.com\/wp-content\/uploads\/2022\/10\/armee-de-lair.jpeg","type":"image\/jpeg"}],"twitter_card":"summary_large_image","twitter_misc":{"\u00c9crit par":"Daouda","Dur\u00e9e de lecture estim\u00e9e":"2 minutes"},"schema":{"@context":"https:\/\/schema.org","@graph":[{"@type":"WebSite","@id":"https:\/\/www.nettali.com\/#website","url":"https:\/\/www.nettali.com\/","name":"Nettali.com","description":"Le rendez-vous critique du Net","potentialAction":[{"@type":"SearchAction","target":{"@type":"EntryPoint","urlTemplate":"https:\/\/www.nettali.com\/?s={search_term_string}"},"query-input":"required name=search_term_string"}],"inLanguage":"fr-FR"},{"@type":"ImageObject","@id":"https:\/\/www.nettali.com\/2022\/10\/18\/securite-dakar-accueille-le-forum-des-armees-de-lair-africaines\/#primaryimage","inLanguage":"fr-FR","url":"https:\/\/www.nettali.com\/wp-content\/uploads\/2022\/10\/armee-de-lair.jpeg","contentUrl":"https:\/\/www.nettali.com\/wp-content\/uploads\/2022\/10\/armee-de-lair.jpeg","width":760,"height":411},{"@type":"WebPage","@id":"https:\/\/www.nettali.com\/2022\/10\/18\/securite-dakar-accueille-le-forum-des-armees-de-lair-africaines\/#webpage","url":"https:\/\/www.nettali.com\/2022\/10\/18\/securite-dakar-accueille-le-forum-des-armees-de-lair-africaines\/","name":"SECURITE - Dakar accueille le forum des arm\u00e9es de l\u2019air africaines | Nettali.com","isPartOf":{"@id":"https:\/\/www.nettali.com\/#website"},"primaryImageOfPage":{"@id":"https:\/\/www.nettali.com\/2022\/10\/18\/securite-dakar-accueille-le-forum-des-armees-de-lair-africaines\/#primaryimage"},"datePublished":"2022-10-18T12:09:22+00:00","dateModified":"2022-10-18T12:09:22+00:00","author":{"@id":"https:\/\/www.nettali.com\/#\/schema\/person\/3317e0bb3aa1da309fbf7b2780901bf4"},"breadcrumb":{"@id":"https:\/\/www.nettali.com\/2022\/10\/18\/securite-dakar-accueille-le-forum-des-armees-de-lair-africaines\/#breadcrumb"},"inLanguage":"fr-FR","potentialAction":[{"@type":"ReadAction","target":["https:\/\/www.nettali.com\/2022\/10\/18\/securite-dakar-accueille-le-forum-des-armees-de-lair-africaines\/"]}]},{"@type":"BreadcrumbList","@id":"https:\/\/www.nettali.com\/2022\/10\/18\/securite-dakar-accueille-le-forum-des-armees-de-lair-africaines\/#breadcrumb","itemListElement":[{"@type":"ListItem","position":1,"name":"Accueil","item":"https:\/\/www.nettali.com\/"},{"@type":"ListItem","position":2,"name":"SECURITE - Dakar accueille le forum des arm\u00e9es de l\u2019air africaines"}]},{"@type":"Person","@id":"https:\/\/www.nettali.com\/#\/schema\/person\/3317e0bb3aa1da309fbf7b2780901bf4","name":"Daouda","image":{"@type":"ImageObject","@id":"https:\/\/www.nettali.com\/#personlogo","inLanguage":"fr-FR","url":"https:\/\/secure.gravatar.com\/avatar\/8d143b5a49345098ddcfee1c49c2f47c?s=96&d=mm&r=g","contentUrl":"https:\/\/secure.gravatar.com\/avatar\/8d143b5a49345098ddcfee1c49c2f47c?s=96&d=mm&r=g","caption":"Daouda"},"sameAs":["https:\/\/www.nettali.com"]}]}},"_links":{"self":[{"href":"https:\/\/www.nettali.com\/rest\/wp\/v2\/posts\/96020"}],"collection":[{"href":"https:\/\/www.nettali.com\/rest\/wp\/v2\/posts"}],"about":[{"href":"https:\/\/www.nettali.com\/rest\/wp\/v2\/types\/post"}],"author":[{"embeddable":true,"href":"https:\/\/www.nettali.com\/rest\/wp\/v2\/users\/4"}],"replies":[{"embeddable":true,"href":"https:\/\/www.nettali.com\/rest\/wp\/v2\/comments?post=96020"}],"version-history":[{"count":1,"href":"https:\/\/www.nettali.com\/rest\/wp\/v2\/posts\/96020\/revisions"}],"predecessor-version":[{"id":96023,"href":"https:\/\/www.nettali.com\/rest\/wp\/v2\/posts\/96020\/revisions\/96023"}],"wp:featuredmedia":[{"embeddable":true,"href":"https:\/\/www.nettali.com\/rest\/wp\/v2\/media\/96022"}],"wp:attachment":[{"href":"https:\/\/www.nettali.com\/rest\/wp\/v2\/media?parent=96020"}],"wp:term":[{"taxonomy":"category","embeddable":true,"href":"https:\/\/www.nettali.com\/rest\/wp\/v2\/categories?post=96020"},{"taxonomy":"post_tag","embeddable":true,"href":"https:\/\/www.nettali.com\/rest\/wp\/v2\/tags?post=96020"}],"curies":[{"name":"wp","href":"https:\/\/api.w.org\/{rel}","templated":true}]}}