{"id":95515,"date":"2022-10-11T10:38:52","date_gmt":"2022-10-11T10:38:52","guid":{"rendered":"https:\/\/www.nettali.com\/?p=95515"},"modified":"2022-10-11T10:38:52","modified_gmt":"2022-10-11T10:38:52","slug":"chelsea-boulettes-blessures-contrat-edouard-mendy-la-fin-du-conte-de-fee","status":"publish","type":"post","link":"https:\/\/www.nettali.com\/2022\/10\/11\/chelsea-boulettes-blessures-contrat-edouard-mendy-la-fin-du-conte-de-fee\/","title":{"rendered":"CHELSEA\/Boulettes, blessures, contrat : \u00c9douard Mendy la fin du conte de f\u00e9e !"},"content":{"rendered":"<p><strong>NETTALI.COM - Ce mardi \u00e0 San Siro, Edouard Mendy devrait de nouveau laisser sa place dans le but de Chelsea \u00e0 Kepa. Trois ans apr\u00e8s son arriv\u00e9e et alors que le S\u00e9n\u00e9galais a tout gagn\u00e9, le portier des Blues semble avoir du mal \u00e0 dig\u00e9rer l'acc\u00e9l\u00e9ration de sa carri\u00e8re. Baisse de niveau, blessure et soucis avec la direction : le conte de f\u00e9es est termin\u00e9.<\/strong><\/p>\n<p>S'il fallait choisir la carri\u00e8re d'un joueur pour mesurer \u00e0 quel point rien n'est jamais acquis dans le football, celle d'Edouard Mendy ferait assur\u00e9ment l'affaire. De ch\u00f4meur \u00e0 meilleur gardien du monde en six ans, de meilleur gardien du monde \u00e0 rempla\u00e7ant \u00e0 Chelsea en un an et des poussi\u00e8res. Sa vie professionnelle est un gigantesque roller-coaster et le gardien s\u00e9n\u00e9galais doit aujourd'hui affronter une situation assez inconfortable.<\/p>\n<p>Port\u00e9 aux nues depuis son d\u00e9part surprise de Rennes en 2020, champion d'Afrique, vainqueur de la CAN, \u00e9lu meilleur gardien par l'UEFA en 2021, Mendy est d\u00e9sormais rel\u00e9gu\u00e9 sur le banc de touche \u00e0 Chelsea. L'\u00e9tat de gr\u00e2ce s'est achev\u00e9 pour celui \u00e0 qui tout souriait depuis des mois. Ce mardi, pour le d\u00e9placement capital des Blues \u00e0 Milan, c'est encore Kepa Arrizabalaga, l'ancien paria, qui devrait d\u00e9buter dans le but anglais. Comme depuis que Graham Potter a remplac\u00e9 Thomas Tuchel. Comment Mendy en est-il arriv\u00e9 l\u00e0 ? Tentative d'explications.<\/p>\n<p><strong>Il a d\u00fb g\u00e9rer tout ce qu'il s'est pass\u00e9 pour lui<\/strong><\/p>\n<p>Deux erreurs face \u00e0 West Ham en d\u00e9cembre dernier, une boulette face \u00e0 Karim Benzema en Ligue des champions au printemps et une derni\u00e8re en ao\u00fbt contre Leeds, le S\u00e9n\u00e9galais a vu sa confiance s'effriter au fil de prestations moins ma\u00eetris\u00e9es. Comment l'expliquer ? \"<em>Il a d\u00fb dig\u00e9rer tout ce qu'il s'est pass\u00e9 pour lui depuis trois ans, nous renseigne Christophe Lollichon, ancien responsable de la performance des gardiens \u00e0 Chelsea \u00e0 l'origine de la venue de Mendy \u00e0 Londres.\u00a0Il va retrouver son niveau parce qu'il a travers\u00e9 des crises bien plus importantes dans sa vie<\/em>.\"<\/p>\n<p>S'il fallait pr\u00e9cis\u00e9ment dater le d\u00e9but de ses ennuis, il correspondrait \u00e0 peu pr\u00e8s \u00e0 son retour de la CAN. D\u00e8s lors, Mendy semble effectivement avoir eu du mal \u00e0 g\u00e9rer son succ\u00e8s fulgurant en club et en s\u00e9lection. Avant son licenciement, Thomas Tuchel l'avait d\u00e9j\u00e0 mis en concurrence avec Kepa. Le coach allemand go\u00fbtait de moins en moins aux sautes de concentration de son portier et il s'\u00e9tait montr\u00e9 plut\u00f4t offensif apr\u00e8s son dribble rat\u00e9 devant sa ligne face \u00e0 Leeds fin ao\u00fbt : \"<em>Avec ce genre d\u2019erreurs, je ne sais pas s\u2019il est n\u00e9cessaire de parler beaucoup. Il sait que c\u2019est une erreur. Tout le monde dans le monde voit cette erreur et c\u2019est une \u00e9norme erreur \u00e0 un moment crucial du match. \u00c7a n\u2019aide pas. Cela nous a co\u00fbt\u00e9 cher.<\/em>\"<\/p>\n<p><strong>K\u00e9pa et prolongation avort\u00e9e<\/strong><\/p>\n<p>Sans doute d\u00e9stabilis\u00e9 par la pr\u00e9sence de Kepa, qui aurait d\u00fb partir cet \u00e9t\u00e9, sur le banc, le S\u00e9n\u00e9galais a v\u00e9cu un d\u00e9but de saison d\u00e9licat. Sa blessure au genou l'a d\u00e9finitivement fait sortir du jeu et l'Espagnol en a profit\u00e9 pour lui prendre sa place dans le but des Blues. \"<em>Aujourd'hui, les choses s'entrem\u00ealent un peu, continue Lollichon. Il \u00e9tait bless\u00e9 avec une inflammation emb\u00eatante, mais il a jou\u00e9 malgr\u00e9 tout. Or quand le corps fait mal, il faut savoir s'arr\u00eater. La pression qui n'a fait qu'augmenter depuis trois ans pour lui. Le fait de moins jouer va lui permettre de retrouver l'\u00e9quilibre et la s\u00e9r\u00e9nit\u00e9<\/em>.\"<\/p>\n<p>Probl\u00e8me, son nouveau coach Graham Potter semble avoir fait un choix d\u00e9sormais et Mendy se retrouve dans une situation qu'il n'a quasiment jamais connue \u00e0 Chelsea, si ce n'est lors de ses premi\u00e8res semaines : celle de la doublure.<\/p>\n<p>\"<em>Je pense que Kepa a tr\u00e8s bien jou\u00e9 aujourd'hui, reconnaissait Potter la semaine derni\u00e8re apr\u00e8s la victoire \u00e0 Crystal Palace.\u00a0Il a fait quelques gros arr\u00eats mais aussi, sa distribution au pied et ses prises de d\u00e9cision \u00e9taient vraiment bonnes<\/em>.\"<\/p>\n<p>Dernier caillou dans la chaussure de Mendy : sa situation contractuelle et son rapport de force avec une nouvelle direction qui n'est pas r\u00e9put\u00e9e pour faire des sentiments. Alors que son contrat court jusqu'en 2025, Mendy a refus\u00e9 une proposition de prolongation.<\/p>\n<p>The Telegraph\u00a0pr\u00e9cise que le club \u00e9tudie toutes les options au poste y compris celle de recruter un nouveau gardien voire de faire confiance \u00e0 Gabriel Slolina, portier de 18 ans arriv\u00e9 cet \u00e9t\u00e9. Une fa\u00e7on de mettre la pression sur Mendy ? A 30 ans, le voil\u00e0 qui affronte en tout cas un violent vent de face. Le conte de f\u00e9es est bel et bien termin\u00e9.<\/p>\n<p><strong>Avec Eurosport<\/strong><\/p>\n<div class='share-to-whatsapp-wrapper'><div class='share-on-whsp'>PARTAGER SUR : <\/div><a data-text='CHELSEA\/Boulettes, blessures, contrat : \u00c9douard Mendy la fin du conte de f\u00e9e !' data-link='https:\/\/www.nettali.com\/2022\/10\/11\/chelsea-boulettes-blessures-contrat-edouard-mendy-la-fin-du-conte-de-fee\/' class='whatsapp-button whatsapp-share'>WhatsApp<\/a><div class='clear '><\/div><\/div>","protected":false},"excerpt":{"rendered":"<p>NETTALI.COM - Ce mardi \u00e0 San Siro, Edouard Mendy devrait de nouveau laisser sa place dans le but de Chelsea \u00e0 Kepa. Trois ans apr\u00e8s son arriv\u00e9e et alors que le S\u00e9n\u00e9galais a tout gagn\u00e9, le portier des Blues semble avoir du mal \u00e0 dig\u00e9rer l'acc\u00e9l\u00e9ration de sa carri\u00e8re. Baisse de niveau, blessure et soucis [&hellip;]<\/p>\n","protected":false},"author":5,"featured_media":95517,"comment_status":"open","ping_status":"open","sticky":false,"template":"","format":"standard","meta":{"_et_pb_use_builder":"","_et_pb_old_content":""},"categories":[6],"tags":[],"yoast_head":"<!-- This site is optimized with the Yoast SEO Premium plugin v17.8 (Yoast SEO v17.8) - https:\/\/yoast.com\/wordpress\/plugins\/seo\/ -->\n<title>CHELSEA\/Boulettes, blessures, contrat : \u00c9douard Mendy la fin du conte de f\u00e9e ! | Nettali.com<\/title>\n<meta name=\"robots\" content=\"index, follow, max-snippet:-1, max-image-preview:large, max-video-preview:-1\" \/>\n<link rel=\"canonical\" href=\"https:\/\/www.nettali.com\/2022\/10\/11\/chelsea-boulettes-blessures-contrat-edouard-mendy-la-fin-du-conte-de-fee\/\" \/>\n<meta property=\"og:locale\" content=\"fr_FR\" \/>\n<meta property=\"og:type\" content=\"article\" \/>\n<meta property=\"og:title\" content=\"CHELSEA\/Boulettes, blessures, contrat : \u00c9douard Mendy la fin du conte de f\u00e9e !\" \/>\n<meta property=\"og:description\" content=\"NETTALI.COM - Ce mardi \u00e0 San Siro, Edouard Mendy devrait de nouveau laisser sa place dans le but de Chelsea \u00e0 Kepa. Trois ans apr\u00e8s son arriv\u00e9e et alors que le S\u00e9n\u00e9galais a tout gagn\u00e9, le portier des Blues semble avoir du mal \u00e0 dig\u00e9rer l&#039;acc\u00e9l\u00e9ration de sa carri\u00e8re. Baisse de niveau, blessure et soucis [&hellip;]\" \/>\n<meta property=\"og:url\" content=\"https:\/\/www.nettali.com\/2022\/10\/11\/chelsea-boulettes-blessures-contrat-edouard-mendy-la-fin-du-conte-de-fee\/\" \/>\n<meta property=\"og:site_name\" content=\"Nettali.com\" \/>\n<meta property=\"article:publisher\" content=\"https:\/\/www.facebook.com\/nettalicom\" \/>\n<meta property=\"article:published_time\" content=\"2022-10-11T10:38:52+00:00\" \/>\n<meta property=\"og:image\" content=\"https:\/\/www.nettali.com\/wp-content\/uploads\/2022\/10\/CgAGVWGrjmuADQ7nAADpw7AodFQ094_1.jpg\" \/>\n\t<meta property=\"og:image:width\" content=\"634\" \/>\n\t<meta property=\"og:image:height\" content=\"468\" \/>\n<meta name=\"twitter:card\" content=\"summary_large_image\" \/>\n<meta name=\"twitter:label1\" content=\"\u00c9crit par\" \/>\n\t<meta name=\"twitter:data1\" content=\"Ibrahima\" \/>\n\t<meta name=\"twitter:label2\" content=\"Dur\u00e9e de lecture estim\u00e9e\" \/>\n\t<meta name=\"twitter:data2\" content=\"4 minutes\" \/>\n<script type=\"application\/ld+json\" class=\"yoast-schema-graph\">{\"@context\":\"https:\/\/schema.org\",\"@graph\":[{\"@type\":\"WebSite\",\"@id\":\"https:\/\/www.nettali.com\/#website\",\"url\":\"https:\/\/www.nettali.com\/\",\"name\":\"Nettali.com\",\"description\":\"Le rendez-vous critique du Net\",\"potentialAction\":[{\"@type\":\"SearchAction\",\"target\":{\"@type\":\"EntryPoint\",\"urlTemplate\":\"https:\/\/www.nettali.com\/?s={search_term_string}\"},\"query-input\":\"required name=search_term_string\"}],\"inLanguage\":\"fr-FR\"},{\"@type\":\"ImageObject\",\"@id\":\"https:\/\/www.nettali.com\/2022\/10\/11\/chelsea-boulettes-blessures-contrat-edouard-mendy-la-fin-du-conte-de-fee\/#primaryimage\",\"inLanguage\":\"fr-FR\",\"url\":\"https:\/\/www.nettali.com\/wp-content\/uploads\/2022\/10\/CgAGVWGrjmuADQ7nAADpw7AodFQ094_1.jpg\",\"contentUrl\":\"https:\/\/www.nettali.com\/wp-content\/uploads\/2022\/10\/CgAGVWGrjmuADQ7nAADpw7AodFQ094_1.jpg\",\"width\":634,\"height\":468},{\"@type\":\"WebPage\",\"@id\":\"https:\/\/www.nettali.com\/2022\/10\/11\/chelsea-boulettes-blessures-contrat-edouard-mendy-la-fin-du-conte-de-fee\/#webpage\",\"url\":\"https:\/\/www.nettali.com\/2022\/10\/11\/chelsea-boulettes-blessures-contrat-edouard-mendy-la-fin-du-conte-de-fee\/\",\"name\":\"CHELSEA\/Boulettes, blessures, contrat : \\u00c9douard Mendy la fin du conte de f\\u00e9e ! | Nettali.com\",\"isPartOf\":{\"@id\":\"https:\/\/www.nettali.com\/#website\"},\"primaryImageOfPage\":{\"@id\":\"https:\/\/www.nettali.com\/2022\/10\/11\/chelsea-boulettes-blessures-contrat-edouard-mendy-la-fin-du-conte-de-fee\/#primaryimage\"},\"datePublished\":\"2022-10-11T10:38:52+00:00\",\"dateModified\":\"2022-10-11T10:38:52+00:00\",\"author\":{\"@id\":\"https:\/\/www.nettali.com\/#\/schema\/person\/bb147657c2986240405a608162b9bb23\"},\"breadcrumb\":{\"@id\":\"https:\/\/www.nettali.com\/2022\/10\/11\/chelsea-boulettes-blessures-contrat-edouard-mendy-la-fin-du-conte-de-fee\/#breadcrumb\"},\"inLanguage\":\"fr-FR\",\"potentialAction\":[{\"@type\":\"ReadAction\",\"target\":[\"https:\/\/www.nettali.com\/2022\/10\/11\/chelsea-boulettes-blessures-contrat-edouard-mendy-la-fin-du-conte-de-fee\/\"]}]},{\"@type\":\"BreadcrumbList\",\"@id\":\"https:\/\/www.nettali.com\/2022\/10\/11\/chelsea-boulettes-blessures-contrat-edouard-mendy-la-fin-du-conte-de-fee\/#breadcrumb\",\"itemListElement\":[{\"@type\":\"ListItem\",\"position\":1,\"name\":\"Accueil\",\"item\":\"https:\/\/www.nettali.com\/\"},{\"@type\":\"ListItem\",\"position\":2,\"name\":\"CHELSEA\/Boulettes, blessures, contrat : \\u00c9douard Mendy la fin du conte de f\\u00e9e !\"}]},{\"@type\":\"Person\",\"@id\":\"https:\/\/www.nettali.com\/#\/schema\/person\/bb147657c2986240405a608162b9bb23\",\"name\":\"Ibrahima\",\"image\":{\"@type\":\"ImageObject\",\"@id\":\"https:\/\/www.nettali.com\/#personlogo\",\"inLanguage\":\"fr-FR\",\"url\":\"https:\/\/secure.gravatar.com\/avatar\/26a8a81f09f0dd7624c9d5c36c9ba3a2?s=96&d=mm&r=g\",\"contentUrl\":\"https:\/\/secure.gravatar.com\/avatar\/26a8a81f09f0dd7624c9d5c36c9ba3a2?s=96&d=mm&r=g\",\"caption\":\"Ibrahima\"},\"sameAs\":[\"https:\/\/www.nettali.com\"]}]}<\/script>\n<!-- \/ Yoast SEO Premium plugin. -->","yoast_head_json":{"title":"CHELSEA\/Boulettes, blessures, contrat : \u00c9douard Mendy la fin du conte de f\u00e9e ! | Nettali.com","robots":{"index":"index","follow":"follow","max-snippet":"max-snippet:-1","max-image-preview":"max-image-preview:large","max-video-preview":"max-video-preview:-1"},"canonical":"https:\/\/www.nettali.com\/2022\/10\/11\/chelsea-boulettes-blessures-contrat-edouard-mendy-la-fin-du-conte-de-fee\/","og_locale":"fr_FR","og_type":"article","og_title":"CHELSEA\/Boulettes, blessures, contrat : \u00c9douard Mendy la fin du conte de f\u00e9e !","og_description":"NETTALI.COM - Ce mardi \u00e0 San Siro, Edouard Mendy devrait de nouveau laisser sa place dans le but de Chelsea \u00e0 Kepa. Trois ans apr\u00e8s son arriv\u00e9e et alors que le S\u00e9n\u00e9galais a tout gagn\u00e9, le portier des Blues semble avoir du mal \u00e0 dig\u00e9rer l'acc\u00e9l\u00e9ration de sa carri\u00e8re. Baisse de niveau, blessure et soucis [&hellip;]","og_url":"https:\/\/www.nettali.com\/2022\/10\/11\/chelsea-boulettes-blessures-contrat-edouard-mendy-la-fin-du-conte-de-fee\/","og_site_name":"Nettali.com","article_publisher":"https:\/\/www.facebook.com\/nettalicom","article_published_time":"2022-10-11T10:38:52+00:00","og_image":[{"width":634,"height":468,"url":"https:\/\/www.nettali.com\/wp-content\/uploads\/2022\/10\/CgAGVWGrjmuADQ7nAADpw7AodFQ094_1.jpg","type":"image\/jpeg"}],"twitter_card":"summary_large_image","twitter_misc":{"\u00c9crit par":"Ibrahima","Dur\u00e9e de lecture estim\u00e9e":"4 minutes"},"schema":{"@context":"https:\/\/schema.org","@graph":[{"@type":"WebSite","@id":"https:\/\/www.nettali.com\/#website","url":"https:\/\/www.nettali.com\/","name":"Nettali.com","description":"Le rendez-vous critique du Net","potentialAction":[{"@type":"SearchAction","target":{"@type":"EntryPoint","urlTemplate":"https:\/\/www.nettali.com\/?s={search_term_string}"},"query-input":"required name=search_term_string"}],"inLanguage":"fr-FR"},{"@type":"ImageObject","@id":"https:\/\/www.nettali.com\/2022\/10\/11\/chelsea-boulettes-blessures-contrat-edouard-mendy-la-fin-du-conte-de-fee\/#primaryimage","inLanguage":"fr-FR","url":"https:\/\/www.nettali.com\/wp-content\/uploads\/2022\/10\/CgAGVWGrjmuADQ7nAADpw7AodFQ094_1.jpg","contentUrl":"https:\/\/www.nettali.com\/wp-content\/uploads\/2022\/10\/CgAGVWGrjmuADQ7nAADpw7AodFQ094_1.jpg","width":634,"height":468},{"@type":"WebPage","@id":"https:\/\/www.nettali.com\/2022\/10\/11\/chelsea-boulettes-blessures-contrat-edouard-mendy-la-fin-du-conte-de-fee\/#webpage","url":"https:\/\/www.nettali.com\/2022\/10\/11\/chelsea-boulettes-blessures-contrat-edouard-mendy-la-fin-du-conte-de-fee\/","name":"CHELSEA\/Boulettes, blessures, contrat : \u00c9douard Mendy la fin du conte de f\u00e9e ! | Nettali.com","isPartOf":{"@id":"https:\/\/www.nettali.com\/#website"},"primaryImageOfPage":{"@id":"https:\/\/www.nettali.com\/2022\/10\/11\/chelsea-boulettes-blessures-contrat-edouard-mendy-la-fin-du-conte-de-fee\/#primaryimage"},"datePublished":"2022-10-11T10:38:52+00:00","dateModified":"2022-10-11T10:38:52+00:00","author":{"@id":"https:\/\/www.nettali.com\/#\/schema\/person\/bb147657c2986240405a608162b9bb23"},"breadcrumb":{"@id":"https:\/\/www.nettali.com\/2022\/10\/11\/chelsea-boulettes-blessures-contrat-edouard-mendy-la-fin-du-conte-de-fee\/#breadcrumb"},"inLanguage":"fr-FR","potentialAction":[{"@type":"ReadAction","target":["https:\/\/www.nettali.com\/2022\/10\/11\/chelsea-boulettes-blessures-contrat-edouard-mendy-la-fin-du-conte-de-fee\/"]}]},{"@type":"BreadcrumbList","@id":"https:\/\/www.nettali.com\/2022\/10\/11\/chelsea-boulettes-blessures-contrat-edouard-mendy-la-fin-du-conte-de-fee\/#breadcrumb","itemListElement":[{"@type":"ListItem","position":1,"name":"Accueil","item":"https:\/\/www.nettali.com\/"},{"@type":"ListItem","position":2,"name":"CHELSEA\/Boulettes, blessures, contrat : \u00c9douard Mendy la fin du conte de f\u00e9e !"}]},{"@type":"Person","@id":"https:\/\/www.nettali.com\/#\/schema\/person\/bb147657c2986240405a608162b9bb23","name":"Ibrahima","image":{"@type":"ImageObject","@id":"https:\/\/www.nettali.com\/#personlogo","inLanguage":"fr-FR","url":"https:\/\/secure.gravatar.com\/avatar\/26a8a81f09f0dd7624c9d5c36c9ba3a2?s=96&d=mm&r=g","contentUrl":"https:\/\/secure.gravatar.com\/avatar\/26a8a81f09f0dd7624c9d5c36c9ba3a2?s=96&d=mm&r=g","caption":"Ibrahima"},"sameAs":["https:\/\/www.nettali.com"]}]}},"_links":{"self":[{"href":"https:\/\/www.nettali.com\/rest\/wp\/v2\/posts\/95515"}],"collection":[{"href":"https:\/\/www.nettali.com\/rest\/wp\/v2\/posts"}],"about":[{"href":"https:\/\/www.nettali.com\/rest\/wp\/v2\/types\/post"}],"author":[{"embeddable":true,"href":"https:\/\/www.nettali.com\/rest\/wp\/v2\/users\/5"}],"replies":[{"embeddable":true,"href":"https:\/\/www.nettali.com\/rest\/wp\/v2\/comments?post=95515"}],"version-history":[{"count":3,"href":"https:\/\/www.nettali.com\/rest\/wp\/v2\/posts\/95515\/revisions"}],"predecessor-version":[{"id":95521,"href":"https:\/\/www.nettali.com\/rest\/wp\/v2\/posts\/95515\/revisions\/95521"}],"wp:featuredmedia":[{"embeddable":true,"href":"https:\/\/www.nettali.com\/rest\/wp\/v2\/media\/95517"}],"wp:attachment":[{"href":"https:\/\/www.nettali.com\/rest\/wp\/v2\/media?parent=95515"}],"wp:term":[{"taxonomy":"category","embeddable":true,"href":"https:\/\/www.nettali.com\/rest\/wp\/v2\/categories?post=95515"},{"taxonomy":"post_tag","embeddable":true,"href":"https:\/\/www.nettali.com\/rest\/wp\/v2\/tags?post=95515"}],"curies":[{"name":"wp","href":"https:\/\/api.w.org\/{rel}","templated":true}]}}