{"id":95405,"date":"2022-10-10T07:14:06","date_gmt":"2022-10-10T07:14:06","guid":{"rendered":"https:\/\/www.nettali.com\/?p=95405"},"modified":"2022-10-10T08:56:03","modified_gmt":"2022-10-10T08:56:03","slug":"abdourahmane-diouf-il-faut-rappeler-au-ministre-ismaila-madior-fall-que","status":"publish","type":"post","link":"https:\/\/www.nettali.com\/2022\/10\/10\/abdourahmane-diouf-il-faut-rappeler-au-ministre-ismaila-madior-fall-que\/","title":{"rendered":"ABDOURAHMANE DIOUF - \u00abIl faut rappeler au ministre Isma\u00efla Madior Fall que\u2026\u00a0\u00bb"},"content":{"rendered":"<p><strong>NETTALI.COM - La sortie du ministre de la Justice, Isma\u00efla Madior Fall, sur le 3<sup>e<\/sup> mandat, suscite encore des r\u00e9actions. Abdourahmane Diouf s\u2019en prend au constitutionnaliste qui veut minimiser ses propos d\u2019hier sur la possibilit\u00e9 ou non par Macky Sall de faire un 3<sup>e<\/sup> mandat.<\/strong><\/p>\n<p><em>\"Merci de rappeler au Ministre Isma\u00efla Madior Fall que quand il r\u00e9p\u00e9tait que nul ne peut faire plus de deux mandats cons\u00e9cutifs, ce n'est pas le juriste doctrinaire qui parlait comme il le soutient. Mais plut\u00f4t la plume du Pr\u00e9sident, Constituant, Initiateur et R\u00e9dacteur\"<\/em>, \u00e9crit Abdourahmane Diouf sur ses plateformes num\u00e9riques.<\/p>\n<p>Il ajoute : <em>\"Nous esp\u00e9rons qu'il n'ira pas demander au juge constitutionnel de lui interpr\u00e9ter ses propres mots, phrases et virgules. Un peu de piti\u00e9 pour le Droit constitutionnel !\".<\/em><\/p>\n<p>Il r\u00e9agissait aux propos du Constitutionnaliste qui \u00e9tait l\u2019invit\u00e9 du \u00abJury du dimanche\u00bb de iradio\/itv.<\/p>\n<p>Il soutenait que ce qu\u2019il avait d\u00e9clar\u00e9 n\u2019a aucune valeur juridique. C\u2019est une doctrine et la doctrine n\u2019est pas source du droit, fait-il remarquer. \u00a0<em>\"Je ne suis pas venu pour une question de 3e mandat. Parce que la Constitution est d\u00e9j\u00e0 \u00e9crite et on ne va pas la r\u00e9\u00e9crire. Et, m\u00eame si on voulait la r\u00e9\u00e9crire pour faire un 3e mandat, on n\u2019a pas de majorit\u00e9 qualifi\u00e9e \u00e0 l\u2019Assembl\u00e9e nationale pour faire passer le texte. Donc, \u00e7a n\u2019a aucun sens qu\u2019on vienne dire qu\u2019il est revenu pour la question du 3e mandat. Je ne suis pas non plus une instance habilit\u00e9e \u00e0 me prononcer sur le 3e mandat. Je ne suis pas en mission command\u00e9e pour un 3e mandat. Non pas du tout. Ce que j\u2019avais dit est \u00e0 consid\u00e9rer comme une doctrine. Le moment venu, les instances habilit\u00e9es se prononceront\",<\/em> insiste-t-il<em>.<\/em><\/p>\n<p>&nbsp;<\/p>\n<p>&nbsp;<\/p>\n<div class='share-to-whatsapp-wrapper'><div class='share-on-whsp'>PARTAGER SUR : <\/div><a data-text='ABDOURAHMANE DIOUF - \u00abIl faut rappeler au ministre Isma\u00efla Madior Fall que\u2026\u00a0\u00bb' data-link='https:\/\/www.nettali.com\/2022\/10\/10\/abdourahmane-diouf-il-faut-rappeler-au-ministre-ismaila-madior-fall-que\/' class='whatsapp-button whatsapp-share'>WhatsApp<\/a><div class='clear '><\/div><\/div>","protected":false},"excerpt":{"rendered":"<p>NETTALI.COM - La sortie du ministre de la Justice, Isma\u00efla Madior Fall, sur le 3e mandat, suscite encore des r\u00e9actions. Abdourahmane Diouf s\u2019en prend au constitutionnaliste qui veut minimiser ses propos d\u2019hier sur la possibilit\u00e9 ou non par Macky Sall de faire un 3e mandat. \"Merci de rappeler au Ministre Isma\u00efla Madior Fall que quand [&hellip;]<\/p>\n","protected":false},"author":4,"featured_media":94173,"comment_status":"open","ping_status":"open","sticky":false,"template":"","format":"standard","meta":{"_et_pb_use_builder":"","_et_pb_old_content":""},"categories":[2],"tags":[],"yoast_head":"<!-- This site is optimized with the Yoast SEO Premium plugin v17.8 (Yoast SEO v17.8) - https:\/\/yoast.com\/wordpress\/plugins\/seo\/ -->\n<title>ABDOURAHMANE DIOUF - \u00abIl faut rappeler au ministre Isma\u00efla Madior Fall que\u2026\u00a0\u00bb | Nettali.com<\/title>\n<meta name=\"robots\" content=\"index, follow, max-snippet:-1, max-image-preview:large, max-video-preview:-1\" \/>\n<link rel=\"canonical\" href=\"https:\/\/www.nettali.com\/2022\/10\/10\/abdourahmane-diouf-il-faut-rappeler-au-ministre-ismaila-madior-fall-que\/\" \/>\n<meta property=\"og:locale\" content=\"fr_FR\" \/>\n<meta property=\"og:type\" content=\"article\" \/>\n<meta property=\"og:title\" content=\"ABDOURAHMANE DIOUF - \u00abIl faut rappeler au ministre Isma\u00efla Madior Fall que\u2026\u00a0\u00bb\" \/>\n<meta property=\"og:description\" content=\"NETTALI.COM - La sortie du ministre de la Justice, Isma\u00efla Madior Fall, sur le 3e mandat, suscite encore des r\u00e9actions. Abdourahmane Diouf s\u2019en prend au constitutionnaliste qui veut minimiser ses propos d\u2019hier sur la possibilit\u00e9 ou non par Macky Sall de faire un 3e mandat. &quot;Merci de rappeler au Ministre Isma\u00efla Madior Fall que quand [&hellip;]\" \/>\n<meta property=\"og:url\" content=\"https:\/\/www.nettali.com\/2022\/10\/10\/abdourahmane-diouf-il-faut-rappeler-au-ministre-ismaila-madior-fall-que\/\" \/>\n<meta property=\"og:site_name\" content=\"Nettali.com\" \/>\n<meta property=\"article:publisher\" content=\"https:\/\/www.facebook.com\/nettalicom\" \/>\n<meta property=\"article:published_time\" content=\"2022-10-10T07:14:06+00:00\" \/>\n<meta property=\"article:modified_time\" content=\"2022-10-10T08:56:03+00:00\" \/>\n<meta property=\"og:image\" content=\"https:\/\/www.nettali.com\/wp-content\/uploads\/2022\/09\/abdourahmane-diouf-1140x570-1.jpg\" \/>\n\t<meta property=\"og:image:width\" content=\"1140\" \/>\n\t<meta property=\"og:image:height\" content=\"570\" \/>\n<meta name=\"twitter:card\" content=\"summary_large_image\" \/>\n<meta name=\"twitter:label1\" content=\"\u00c9crit par\" \/>\n\t<meta name=\"twitter:data1\" content=\"Daouda\" \/>\n\t<meta name=\"twitter:label2\" content=\"Dur\u00e9e de lecture estim\u00e9e\" \/>\n\t<meta name=\"twitter:data2\" content=\"2 minutes\" \/>\n<script type=\"application\/ld+json\" class=\"yoast-schema-graph\">{\"@context\":\"https:\/\/schema.org\",\"@graph\":[{\"@type\":\"WebSite\",\"@id\":\"https:\/\/www.nettali.com\/#website\",\"url\":\"https:\/\/www.nettali.com\/\",\"name\":\"Nettali.com\",\"description\":\"Le rendez-vous critique du Net\",\"potentialAction\":[{\"@type\":\"SearchAction\",\"target\":{\"@type\":\"EntryPoint\",\"urlTemplate\":\"https:\/\/www.nettali.com\/?s={search_term_string}\"},\"query-input\":\"required name=search_term_string\"}],\"inLanguage\":\"fr-FR\"},{\"@type\":\"ImageObject\",\"@id\":\"https:\/\/www.nettali.com\/2022\/10\/10\/abdourahmane-diouf-il-faut-rappeler-au-ministre-ismaila-madior-fall-que\/#primaryimage\",\"inLanguage\":\"fr-FR\",\"url\":\"https:\/\/www.nettali.com\/wp-content\/uploads\/2022\/09\/abdourahmane-diouf-1140x570-1.jpg\",\"contentUrl\":\"https:\/\/www.nettali.com\/wp-content\/uploads\/2022\/09\/abdourahmane-diouf-1140x570-1.jpg\",\"width\":1140,\"height\":570},{\"@type\":\"WebPage\",\"@id\":\"https:\/\/www.nettali.com\/2022\/10\/10\/abdourahmane-diouf-il-faut-rappeler-au-ministre-ismaila-madior-fall-que\/#webpage\",\"url\":\"https:\/\/www.nettali.com\/2022\/10\/10\/abdourahmane-diouf-il-faut-rappeler-au-ministre-ismaila-madior-fall-que\/\",\"name\":\"ABDOURAHMANE DIOUF - \\u00abIl faut rappeler au ministre Isma\\u00efla Madior Fall que\\u2026\\u00a0\\u00bb | Nettali.com\",\"isPartOf\":{\"@id\":\"https:\/\/www.nettali.com\/#website\"},\"primaryImageOfPage\":{\"@id\":\"https:\/\/www.nettali.com\/2022\/10\/10\/abdourahmane-diouf-il-faut-rappeler-au-ministre-ismaila-madior-fall-que\/#primaryimage\"},\"datePublished\":\"2022-10-10T07:14:06+00:00\",\"dateModified\":\"2022-10-10T08:56:03+00:00\",\"author\":{\"@id\":\"https:\/\/www.nettali.com\/#\/schema\/person\/3317e0bb3aa1da309fbf7b2780901bf4\"},\"breadcrumb\":{\"@id\":\"https:\/\/www.nettali.com\/2022\/10\/10\/abdourahmane-diouf-il-faut-rappeler-au-ministre-ismaila-madior-fall-que\/#breadcrumb\"},\"inLanguage\":\"fr-FR\",\"potentialAction\":[{\"@type\":\"ReadAction\",\"target\":[\"https:\/\/www.nettali.com\/2022\/10\/10\/abdourahmane-diouf-il-faut-rappeler-au-ministre-ismaila-madior-fall-que\/\"]}]},{\"@type\":\"BreadcrumbList\",\"@id\":\"https:\/\/www.nettali.com\/2022\/10\/10\/abdourahmane-diouf-il-faut-rappeler-au-ministre-ismaila-madior-fall-que\/#breadcrumb\",\"itemListElement\":[{\"@type\":\"ListItem\",\"position\":1,\"name\":\"Accueil\",\"item\":\"https:\/\/www.nettali.com\/\"},{\"@type\":\"ListItem\",\"position\":2,\"name\":\"ABDOURAHMANE DIOUF - \\u00abIl faut rappeler au ministre Isma\\u00efla Madior Fall que\\u2026\\u00a0\\u00bb\"}]},{\"@type\":\"Person\",\"@id\":\"https:\/\/www.nettali.com\/#\/schema\/person\/3317e0bb3aa1da309fbf7b2780901bf4\",\"name\":\"Daouda\",\"image\":{\"@type\":\"ImageObject\",\"@id\":\"https:\/\/www.nettali.com\/#personlogo\",\"inLanguage\":\"fr-FR\",\"url\":\"https:\/\/secure.gravatar.com\/avatar\/8d143b5a49345098ddcfee1c49c2f47c?s=96&d=mm&r=g\",\"contentUrl\":\"https:\/\/secure.gravatar.com\/avatar\/8d143b5a49345098ddcfee1c49c2f47c?s=96&d=mm&r=g\",\"caption\":\"Daouda\"},\"sameAs\":[\"https:\/\/www.nettali.com\"]}]}<\/script>\n<!-- \/ Yoast SEO Premium plugin. -->","yoast_head_json":{"title":"ABDOURAHMANE DIOUF - \u00abIl faut rappeler au ministre Isma\u00efla Madior Fall que\u2026\u00a0\u00bb | Nettali.com","robots":{"index":"index","follow":"follow","max-snippet":"max-snippet:-1","max-image-preview":"max-image-preview:large","max-video-preview":"max-video-preview:-1"},"canonical":"https:\/\/www.nettali.com\/2022\/10\/10\/abdourahmane-diouf-il-faut-rappeler-au-ministre-ismaila-madior-fall-que\/","og_locale":"fr_FR","og_type":"article","og_title":"ABDOURAHMANE DIOUF - \u00abIl faut rappeler au ministre Isma\u00efla Madior Fall que\u2026\u00a0\u00bb","og_description":"NETTALI.COM - La sortie du ministre de la Justice, Isma\u00efla Madior Fall, sur le 3e mandat, suscite encore des r\u00e9actions. Abdourahmane Diouf s\u2019en prend au constitutionnaliste qui veut minimiser ses propos d\u2019hier sur la possibilit\u00e9 ou non par Macky Sall de faire un 3e mandat. \"Merci de rappeler au Ministre Isma\u00efla Madior Fall que quand [&hellip;]","og_url":"https:\/\/www.nettali.com\/2022\/10\/10\/abdourahmane-diouf-il-faut-rappeler-au-ministre-ismaila-madior-fall-que\/","og_site_name":"Nettali.com","article_publisher":"https:\/\/www.facebook.com\/nettalicom","article_published_time":"2022-10-10T07:14:06+00:00","article_modified_time":"2022-10-10T08:56:03+00:00","og_image":[{"width":1140,"height":570,"url":"https:\/\/www.nettali.com\/wp-content\/uploads\/2022\/09\/abdourahmane-diouf-1140x570-1.jpg","type":"image\/jpeg"}],"twitter_card":"summary_large_image","twitter_misc":{"\u00c9crit par":"Daouda","Dur\u00e9e de lecture estim\u00e9e":"2 minutes"},"schema":{"@context":"https:\/\/schema.org","@graph":[{"@type":"WebSite","@id":"https:\/\/www.nettali.com\/#website","url":"https:\/\/www.nettali.com\/","name":"Nettali.com","description":"Le rendez-vous critique du Net","potentialAction":[{"@type":"SearchAction","target":{"@type":"EntryPoint","urlTemplate":"https:\/\/www.nettali.com\/?s={search_term_string}"},"query-input":"required name=search_term_string"}],"inLanguage":"fr-FR"},{"@type":"ImageObject","@id":"https:\/\/www.nettali.com\/2022\/10\/10\/abdourahmane-diouf-il-faut-rappeler-au-ministre-ismaila-madior-fall-que\/#primaryimage","inLanguage":"fr-FR","url":"https:\/\/www.nettali.com\/wp-content\/uploads\/2022\/09\/abdourahmane-diouf-1140x570-1.jpg","contentUrl":"https:\/\/www.nettali.com\/wp-content\/uploads\/2022\/09\/abdourahmane-diouf-1140x570-1.jpg","width":1140,"height":570},{"@type":"WebPage","@id":"https:\/\/www.nettali.com\/2022\/10\/10\/abdourahmane-diouf-il-faut-rappeler-au-ministre-ismaila-madior-fall-que\/#webpage","url":"https:\/\/www.nettali.com\/2022\/10\/10\/abdourahmane-diouf-il-faut-rappeler-au-ministre-ismaila-madior-fall-que\/","name":"ABDOURAHMANE DIOUF - \u00abIl faut rappeler au ministre Isma\u00efla Madior Fall que\u2026\u00a0\u00bb | Nettali.com","isPartOf":{"@id":"https:\/\/www.nettali.com\/#website"},"primaryImageOfPage":{"@id":"https:\/\/www.nettali.com\/2022\/10\/10\/abdourahmane-diouf-il-faut-rappeler-au-ministre-ismaila-madior-fall-que\/#primaryimage"},"datePublished":"2022-10-10T07:14:06+00:00","dateModified":"2022-10-10T08:56:03+00:00","author":{"@id":"https:\/\/www.nettali.com\/#\/schema\/person\/3317e0bb3aa1da309fbf7b2780901bf4"},"breadcrumb":{"@id":"https:\/\/www.nettali.com\/2022\/10\/10\/abdourahmane-diouf-il-faut-rappeler-au-ministre-ismaila-madior-fall-que\/#breadcrumb"},"inLanguage":"fr-FR","potentialAction":[{"@type":"ReadAction","target":["https:\/\/www.nettali.com\/2022\/10\/10\/abdourahmane-diouf-il-faut-rappeler-au-ministre-ismaila-madior-fall-que\/"]}]},{"@type":"BreadcrumbList","@id":"https:\/\/www.nettali.com\/2022\/10\/10\/abdourahmane-diouf-il-faut-rappeler-au-ministre-ismaila-madior-fall-que\/#breadcrumb","itemListElement":[{"@type":"ListItem","position":1,"name":"Accueil","item":"https:\/\/www.nettali.com\/"},{"@type":"ListItem","position":2,"name":"ABDOURAHMANE DIOUF - \u00abIl faut rappeler au ministre Isma\u00efla Madior Fall que\u2026\u00a0\u00bb"}]},{"@type":"Person","@id":"https:\/\/www.nettali.com\/#\/schema\/person\/3317e0bb3aa1da309fbf7b2780901bf4","name":"Daouda","image":{"@type":"ImageObject","@id":"https:\/\/www.nettali.com\/#personlogo","inLanguage":"fr-FR","url":"https:\/\/secure.gravatar.com\/avatar\/8d143b5a49345098ddcfee1c49c2f47c?s=96&d=mm&r=g","contentUrl":"https:\/\/secure.gravatar.com\/avatar\/8d143b5a49345098ddcfee1c49c2f47c?s=96&d=mm&r=g","caption":"Daouda"},"sameAs":["https:\/\/www.nettali.com"]}]}},"_links":{"self":[{"href":"https:\/\/www.nettali.com\/rest\/wp\/v2\/posts\/95405"}],"collection":[{"href":"https:\/\/www.nettali.com\/rest\/wp\/v2\/posts"}],"about":[{"href":"https:\/\/www.nettali.com\/rest\/wp\/v2\/types\/post"}],"author":[{"embeddable":true,"href":"https:\/\/www.nettali.com\/rest\/wp\/v2\/users\/4"}],"replies":[{"embeddable":true,"href":"https:\/\/www.nettali.com\/rest\/wp\/v2\/comments?post=95405"}],"version-history":[{"count":1,"href":"https:\/\/www.nettali.com\/rest\/wp\/v2\/posts\/95405\/revisions"}],"predecessor-version":[{"id":95406,"href":"https:\/\/www.nettali.com\/rest\/wp\/v2\/posts\/95405\/revisions\/95406"}],"wp:featuredmedia":[{"embeddable":true,"href":"https:\/\/www.nettali.com\/rest\/wp\/v2\/media\/94173"}],"wp:attachment":[{"href":"https:\/\/www.nettali.com\/rest\/wp\/v2\/media?parent=95405"}],"wp:term":[{"taxonomy":"category","embeddable":true,"href":"https:\/\/www.nettali.com\/rest\/wp\/v2\/categories?post=95405"},{"taxonomy":"post_tag","embeddable":true,"href":"https:\/\/www.nettali.com\/rest\/wp\/v2\/tags?post=95405"}],"curies":[{"name":"wp","href":"https:\/\/api.w.org\/{rel}","templated":true}]}}