{"id":95344,"date":"2022-10-09T03:07:24","date_gmt":"2022-10-09T03:07:24","guid":{"rendered":"https:\/\/www.nettali.com\/?p=95344"},"modified":"2022-10-09T11:14:01","modified_gmt":"2022-10-09T11:14:01","slug":"bayern-munich-oliver-kahn-sagace-contre-mane-et-cie","status":"publish","type":"post","link":"https:\/\/www.nettali.com\/2022\/10\/09\/bayern-munich-oliver-kahn-sagace-contre-mane-et-cie\/","title":{"rendered":"BAYERN MUNICH - Oliver Kahn s'agace contre Man\u00e9 et Cie"},"content":{"rendered":"<p><strong>NETTALI.COM - Oliver Kahn \u00e9tait clairement agac\u00e9 apr\u00e8s l\u2019\u00e9galisation tardive du Borussia Dortmund dans le choc du haut de tableau contre le Bayern Munich. Le pr\u00e9sident du conseil ex\u00e9cutif a appel\u00e9 Sadio Man\u00e9 et ses co\u00e9quipiers \u00e0 une am\u00e9lioration rapide de la performance et \u00e0 plus de coh\u00e9rence sur les 90 minutes.<\/strong><\/p>\n<p>Le Bayern Munich a men\u00e9 le Borussia Dortmund 2-0 jusqu\u2019\u00e0 la 74e minute ce samedi soir dans le Klassiker. Mais c\u2019est alors que Youssoufa Moukoko a r\u00e9duit le score et donn\u00e9 un nouveau souffle au BVB. La r\u00e9compense est arriv\u00e9e \u00e0 la 95e minute. Anthony Modeste a marqu\u00e9 sur la derni\u00e8re action du match pour porter le score \u00e0 2-2.<\/p>\n<p>Ainsi, comme lors du match nul contre le VfB Stuttgart lors de la sixi\u00e8me journ\u00e9e, les Munichois ont laiss\u00e9 \u00e9chapper une victoire qu\u2019ils pensaient acquise en fin de match. De son c\u00f4t\u00e9,\u00a0Oliver Kahn\u00a0s\u2019est effondr\u00e9 sur son si\u00e8ge apr\u00e8s l\u2019\u00e9galisation du BVB, se tapant les mains derri\u00e8re la t\u00eate, puis sur une vitre. La col\u00e8re se lisait sur le visage du PCE, et il semblait f\u00e2ch\u00e9 m\u00eame apr\u00e8s le coup de sifflet final.<\/p>\n<p>\"<em>Je dois repenser longtemps en arri\u00e8re pour me souvenir d\u2019une saison aussi incroyable, au cours de laquelle nous avons si souvent oubli\u00e9 de fermer le sac<\/em>\",\u00a0a d\u00e9clar\u00e9 l\u2019homme de 53 ans selon Sport1.\u00a0\"<em>Nous devons nous ressaisir rapidement ! Nous ne pouvons pas nous attendre \u00e0 ce que ceux qui nous pr\u00e9c\u00e8dent perdent toujours des points<\/em>\", a-t-il conclu.<\/p>\n<div class='share-to-whatsapp-wrapper'><div class='share-on-whsp'>PARTAGER SUR : <\/div><a data-text='BAYERN MUNICH - Oliver Kahn s'agace contre Man\u00e9 et Cie' data-link='https:\/\/www.nettali.com\/2022\/10\/09\/bayern-munich-oliver-kahn-sagace-contre-mane-et-cie\/' class='whatsapp-button whatsapp-share'>WhatsApp<\/a><div class='clear '><\/div><\/div>","protected":false},"excerpt":{"rendered":"<p>NETTALI.COM - Oliver Kahn \u00e9tait clairement agac\u00e9 apr\u00e8s l\u2019\u00e9galisation tardive du Borussia Dortmund dans le choc du haut de tableau contre le Bayern Munich. Le pr\u00e9sident du conseil ex\u00e9cutif a appel\u00e9 Sadio Man\u00e9 et ses co\u00e9quipiers \u00e0 une am\u00e9lioration rapide de la performance et \u00e0 plus de coh\u00e9rence sur les 90 minutes. Le Bayern Munich [&hellip;]<\/p>\n","protected":false},"author":5,"featured_media":95342,"comment_status":"open","ping_status":"open","sticky":false,"template":"","format":"standard","meta":{"_et_pb_use_builder":"","_et_pb_old_content":""},"categories":[6],"tags":[],"yoast_head":"<!-- This site is optimized with the Yoast SEO Premium plugin v17.8 (Yoast SEO v17.8) - https:\/\/yoast.com\/wordpress\/plugins\/seo\/ -->\n<title>BAYERN MUNICH - Oliver Kahn s&#039;agace contre Man\u00e9 et Cie | Nettali.com<\/title>\n<meta name=\"robots\" content=\"index, follow, max-snippet:-1, max-image-preview:large, max-video-preview:-1\" \/>\n<link rel=\"canonical\" href=\"https:\/\/www.nettali.com\/2022\/10\/09\/bayern-munich-oliver-kahn-sagace-contre-mane-et-cie\/\" \/>\n<meta property=\"og:locale\" content=\"fr_FR\" \/>\n<meta property=\"og:type\" content=\"article\" \/>\n<meta property=\"og:title\" content=\"BAYERN MUNICH - Oliver Kahn s&#039;agace contre Man\u00e9 et Cie\" \/>\n<meta property=\"og:description\" content=\"NETTALI.COM - Oliver Kahn \u00e9tait clairement agac\u00e9 apr\u00e8s l\u2019\u00e9galisation tardive du Borussia Dortmund dans le choc du haut de tableau contre le Bayern Munich. Le pr\u00e9sident du conseil ex\u00e9cutif a appel\u00e9 Sadio Man\u00e9 et ses co\u00e9quipiers \u00e0 une am\u00e9lioration rapide de la performance et \u00e0 plus de coh\u00e9rence sur les 90 minutes. Le Bayern Munich [&hellip;]\" \/>\n<meta property=\"og:url\" content=\"https:\/\/www.nettali.com\/2022\/10\/09\/bayern-munich-oliver-kahn-sagace-contre-mane-et-cie\/\" \/>\n<meta property=\"og:site_name\" content=\"Nettali.com\" \/>\n<meta property=\"article:publisher\" content=\"https:\/\/www.facebook.com\/nettalicom\" \/>\n<meta property=\"article:published_time\" content=\"2022-10-09T03:07:24+00:00\" \/>\n<meta property=\"article:modified_time\" content=\"2022-10-09T11:14:01+00:00\" \/>\n<meta property=\"og:image\" content=\"https:\/\/www.nettali.com\/wp-content\/uploads\/2022\/10\/oliver-kahn-2223.jpg\" \/>\n\t<meta property=\"og:image:width\" content=\"1200\" \/>\n\t<meta property=\"og:image:height\" content=\"675\" \/>\n<meta name=\"twitter:card\" content=\"summary_large_image\" \/>\n<meta name=\"twitter:label1\" content=\"\u00c9crit par\" \/>\n\t<meta name=\"twitter:data1\" content=\"Ibrahima\" \/>\n\t<meta name=\"twitter:label2\" content=\"Dur\u00e9e de lecture estim\u00e9e\" \/>\n\t<meta name=\"twitter:data2\" content=\"2 minutes\" \/>\n<script type=\"application\/ld+json\" class=\"yoast-schema-graph\">{\"@context\":\"https:\/\/schema.org\",\"@graph\":[{\"@type\":\"WebSite\",\"@id\":\"https:\/\/www.nettali.com\/#website\",\"url\":\"https:\/\/www.nettali.com\/\",\"name\":\"Nettali.com\",\"description\":\"Le rendez-vous critique du Net\",\"potentialAction\":[{\"@type\":\"SearchAction\",\"target\":{\"@type\":\"EntryPoint\",\"urlTemplate\":\"https:\/\/www.nettali.com\/?s={search_term_string}\"},\"query-input\":\"required name=search_term_string\"}],\"inLanguage\":\"fr-FR\"},{\"@type\":\"ImageObject\",\"@id\":\"https:\/\/www.nettali.com\/2022\/10\/09\/bayern-munich-oliver-kahn-sagace-contre-mane-et-cie\/#primaryimage\",\"inLanguage\":\"fr-FR\",\"url\":\"https:\/\/www.nettali.com\/wp-content\/uploads\/2022\/10\/oliver-kahn-2223.jpg\",\"contentUrl\":\"https:\/\/www.nettali.com\/wp-content\/uploads\/2022\/10\/oliver-kahn-2223.jpg\",\"width\":1200,\"height\":675},{\"@type\":\"WebPage\",\"@id\":\"https:\/\/www.nettali.com\/2022\/10\/09\/bayern-munich-oliver-kahn-sagace-contre-mane-et-cie\/#webpage\",\"url\":\"https:\/\/www.nettali.com\/2022\/10\/09\/bayern-munich-oliver-kahn-sagace-contre-mane-et-cie\/\",\"name\":\"BAYERN MUNICH - Oliver Kahn s'agace contre Man\\u00e9 et Cie | Nettali.com\",\"isPartOf\":{\"@id\":\"https:\/\/www.nettali.com\/#website\"},\"primaryImageOfPage\":{\"@id\":\"https:\/\/www.nettali.com\/2022\/10\/09\/bayern-munich-oliver-kahn-sagace-contre-mane-et-cie\/#primaryimage\"},\"datePublished\":\"2022-10-09T03:07:24+00:00\",\"dateModified\":\"2022-10-09T11:14:01+00:00\",\"author\":{\"@id\":\"https:\/\/www.nettali.com\/#\/schema\/person\/bb147657c2986240405a608162b9bb23\"},\"breadcrumb\":{\"@id\":\"https:\/\/www.nettali.com\/2022\/10\/09\/bayern-munich-oliver-kahn-sagace-contre-mane-et-cie\/#breadcrumb\"},\"inLanguage\":\"fr-FR\",\"potentialAction\":[{\"@type\":\"ReadAction\",\"target\":[\"https:\/\/www.nettali.com\/2022\/10\/09\/bayern-munich-oliver-kahn-sagace-contre-mane-et-cie\/\"]}]},{\"@type\":\"BreadcrumbList\",\"@id\":\"https:\/\/www.nettali.com\/2022\/10\/09\/bayern-munich-oliver-kahn-sagace-contre-mane-et-cie\/#breadcrumb\",\"itemListElement\":[{\"@type\":\"ListItem\",\"position\":1,\"name\":\"Accueil\",\"item\":\"https:\/\/www.nettali.com\/\"},{\"@type\":\"ListItem\",\"position\":2,\"name\":\"BAYERN MUNICH - Oliver Kahn s'agace contre Man\\u00e9 et Cie\"}]},{\"@type\":\"Person\",\"@id\":\"https:\/\/www.nettali.com\/#\/schema\/person\/bb147657c2986240405a608162b9bb23\",\"name\":\"Ibrahima\",\"image\":{\"@type\":\"ImageObject\",\"@id\":\"https:\/\/www.nettali.com\/#personlogo\",\"inLanguage\":\"fr-FR\",\"url\":\"https:\/\/secure.gravatar.com\/avatar\/26a8a81f09f0dd7624c9d5c36c9ba3a2?s=96&d=mm&r=g\",\"contentUrl\":\"https:\/\/secure.gravatar.com\/avatar\/26a8a81f09f0dd7624c9d5c36c9ba3a2?s=96&d=mm&r=g\",\"caption\":\"Ibrahima\"},\"sameAs\":[\"https:\/\/www.nettali.com\"]}]}<\/script>\n<!-- \/ Yoast SEO Premium plugin. -->","yoast_head_json":{"title":"BAYERN MUNICH - Oliver Kahn s'agace contre Man\u00e9 et Cie | Nettali.com","robots":{"index":"index","follow":"follow","max-snippet":"max-snippet:-1","max-image-preview":"max-image-preview:large","max-video-preview":"max-video-preview:-1"},"canonical":"https:\/\/www.nettali.com\/2022\/10\/09\/bayern-munich-oliver-kahn-sagace-contre-mane-et-cie\/","og_locale":"fr_FR","og_type":"article","og_title":"BAYERN MUNICH - Oliver Kahn s'agace contre Man\u00e9 et Cie","og_description":"NETTALI.COM - Oliver Kahn \u00e9tait clairement agac\u00e9 apr\u00e8s l\u2019\u00e9galisation tardive du Borussia Dortmund dans le choc du haut de tableau contre le Bayern Munich. Le pr\u00e9sident du conseil ex\u00e9cutif a appel\u00e9 Sadio Man\u00e9 et ses co\u00e9quipiers \u00e0 une am\u00e9lioration rapide de la performance et \u00e0 plus de coh\u00e9rence sur les 90 minutes. Le Bayern Munich [&hellip;]","og_url":"https:\/\/www.nettali.com\/2022\/10\/09\/bayern-munich-oliver-kahn-sagace-contre-mane-et-cie\/","og_site_name":"Nettali.com","article_publisher":"https:\/\/www.facebook.com\/nettalicom","article_published_time":"2022-10-09T03:07:24+00:00","article_modified_time":"2022-10-09T11:14:01+00:00","og_image":[{"width":1200,"height":675,"url":"https:\/\/www.nettali.com\/wp-content\/uploads\/2022\/10\/oliver-kahn-2223.jpg","type":"image\/jpeg"}],"twitter_card":"summary_large_image","twitter_misc":{"\u00c9crit par":"Ibrahima","Dur\u00e9e de lecture estim\u00e9e":"2 minutes"},"schema":{"@context":"https:\/\/schema.org","@graph":[{"@type":"WebSite","@id":"https:\/\/www.nettali.com\/#website","url":"https:\/\/www.nettali.com\/","name":"Nettali.com","description":"Le rendez-vous critique du Net","potentialAction":[{"@type":"SearchAction","target":{"@type":"EntryPoint","urlTemplate":"https:\/\/www.nettali.com\/?s={search_term_string}"},"query-input":"required name=search_term_string"}],"inLanguage":"fr-FR"},{"@type":"ImageObject","@id":"https:\/\/www.nettali.com\/2022\/10\/09\/bayern-munich-oliver-kahn-sagace-contre-mane-et-cie\/#primaryimage","inLanguage":"fr-FR","url":"https:\/\/www.nettali.com\/wp-content\/uploads\/2022\/10\/oliver-kahn-2223.jpg","contentUrl":"https:\/\/www.nettali.com\/wp-content\/uploads\/2022\/10\/oliver-kahn-2223.jpg","width":1200,"height":675},{"@type":"WebPage","@id":"https:\/\/www.nettali.com\/2022\/10\/09\/bayern-munich-oliver-kahn-sagace-contre-mane-et-cie\/#webpage","url":"https:\/\/www.nettali.com\/2022\/10\/09\/bayern-munich-oliver-kahn-sagace-contre-mane-et-cie\/","name":"BAYERN MUNICH - Oliver Kahn s'agace contre Man\u00e9 et Cie | Nettali.com","isPartOf":{"@id":"https:\/\/www.nettali.com\/#website"},"primaryImageOfPage":{"@id":"https:\/\/www.nettali.com\/2022\/10\/09\/bayern-munich-oliver-kahn-sagace-contre-mane-et-cie\/#primaryimage"},"datePublished":"2022-10-09T03:07:24+00:00","dateModified":"2022-10-09T11:14:01+00:00","author":{"@id":"https:\/\/www.nettali.com\/#\/schema\/person\/bb147657c2986240405a608162b9bb23"},"breadcrumb":{"@id":"https:\/\/www.nettali.com\/2022\/10\/09\/bayern-munich-oliver-kahn-sagace-contre-mane-et-cie\/#breadcrumb"},"inLanguage":"fr-FR","potentialAction":[{"@type":"ReadAction","target":["https:\/\/www.nettali.com\/2022\/10\/09\/bayern-munich-oliver-kahn-sagace-contre-mane-et-cie\/"]}]},{"@type":"BreadcrumbList","@id":"https:\/\/www.nettali.com\/2022\/10\/09\/bayern-munich-oliver-kahn-sagace-contre-mane-et-cie\/#breadcrumb","itemListElement":[{"@type":"ListItem","position":1,"name":"Accueil","item":"https:\/\/www.nettali.com\/"},{"@type":"ListItem","position":2,"name":"BAYERN MUNICH - Oliver Kahn s'agace contre Man\u00e9 et Cie"}]},{"@type":"Person","@id":"https:\/\/www.nettali.com\/#\/schema\/person\/bb147657c2986240405a608162b9bb23","name":"Ibrahima","image":{"@type":"ImageObject","@id":"https:\/\/www.nettali.com\/#personlogo","inLanguage":"fr-FR","url":"https:\/\/secure.gravatar.com\/avatar\/26a8a81f09f0dd7624c9d5c36c9ba3a2?s=96&d=mm&r=g","contentUrl":"https:\/\/secure.gravatar.com\/avatar\/26a8a81f09f0dd7624c9d5c36c9ba3a2?s=96&d=mm&r=g","caption":"Ibrahima"},"sameAs":["https:\/\/www.nettali.com"]}]}},"_links":{"self":[{"href":"https:\/\/www.nettali.com\/rest\/wp\/v2\/posts\/95344"}],"collection":[{"href":"https:\/\/www.nettali.com\/rest\/wp\/v2\/posts"}],"about":[{"href":"https:\/\/www.nettali.com\/rest\/wp\/v2\/types\/post"}],"author":[{"embeddable":true,"href":"https:\/\/www.nettali.com\/rest\/wp\/v2\/users\/5"}],"replies":[{"embeddable":true,"href":"https:\/\/www.nettali.com\/rest\/wp\/v2\/comments?post=95344"}],"version-history":[{"count":4,"href":"https:\/\/www.nettali.com\/rest\/wp\/v2\/posts\/95344\/revisions"}],"predecessor-version":[{"id":95359,"href":"https:\/\/www.nettali.com\/rest\/wp\/v2\/posts\/95344\/revisions\/95359"}],"wp:featuredmedia":[{"embeddable":true,"href":"https:\/\/www.nettali.com\/rest\/wp\/v2\/media\/95342"}],"wp:attachment":[{"href":"https:\/\/www.nettali.com\/rest\/wp\/v2\/media?parent=95344"}],"wp:term":[{"taxonomy":"category","embeddable":true,"href":"https:\/\/www.nettali.com\/rest\/wp\/v2\/categories?post=95344"},{"taxonomy":"post_tag","embeddable":true,"href":"https:\/\/www.nettali.com\/rest\/wp\/v2\/tags?post=95344"}],"curies":[{"name":"wp","href":"https:\/\/api.w.org\/{rel}","templated":true}]}}