{"id":95329,"date":"2022-10-08T14:41:15","date_gmt":"2022-10-08T14:41:15","guid":{"rendered":"https:\/\/www.nettali.com\/?p=95329"},"modified":"2022-10-08T14:41:15","modified_gmt":"2022-10-08T14:41:15","slug":"concours-de-recital-du-coran-macky-sall-felicite-sokhna-ndatte-cisse","status":"publish","type":"post","link":"https:\/\/www.nettali.com\/2022\/10\/08\/concours-de-recital-du-coran-macky-sall-felicite-sokhna-ndatte-cisse\/","title":{"rendered":"CONCOURS DE RECITAL DU CORAN - Macky Sall f\u00e9licite Sokhna Ndatt\u00e9 Ciss\u00e9"},"content":{"rendered":"<p><strong>NETTALI.COM\u00a0 - Le S\u00e9n\u00e9gal vient de s'illustrer de belle mani\u00e8re \u00e0 Duba\u00ef o\u00f9 la jeune Sokhna Ndatt\u00e9 Ciss\u00e9 a remport\u00e9 le concours international de r\u00e9cital du Saint coran. Pour le Pr\u00e9sident Macky Sall, c'est une illustration de la marche vers l\u2019\u00e9cole des valeurs.\u00a0<\/strong><\/p>\n<p>Originaire de Touba o\u00f9 elle a appris le Saint Coran, Sokhna Ndatt\u00e9 Ciss\u00e9 vient de placer le S\u00e9n\u00e9gal sur le toit du monde musulman. L'adolescente a remport\u00e9 le premier prix du concours international de r\u00e9cital du Saint Coran \u00e0 Duba\u00ef. Une fiert\u00e9 pour les S\u00e9n\u00e9galais qui ne cessent de le manifester notamment \u00e0 travers les r\u00e9seaux sociaux. C'est aussi le canal choisi par le Pr\u00e9sident Macky Sall pour exprimer sa fiert\u00e9. \"<em>Mes chaleureuses f\u00e9licitations \u00e0 notre jeune compatriote Sokhna Ndatt\u00e9 Ciss\u00e9, laur\u00e9ate de la sixi\u00e8me \u00e9dition du Concours international de r\u00e9cital du Saint Coran de Dubai<\/em>\", a tweet\u00e9 le chef de l\u2019Etat. Ce dernier y voit \"<em>une belle illustration de notre marche vers l\u2019\u00e9cole des valeurs et de la r\u00e9ussite<\/em>!\".<\/p>\n<p>Signalons que Sokhna Ndatt\u00e9 Ciss\u00e9 est attendue au S\u00e9n\u00e9gal lundi vers les coups de 17 heures. Des S\u00e9n\u00e9galais sont en train de se mobiliser pour l'accueillir triomphalement \u00e0 l'a\u00e9roport de Diass.<\/p>\n<div class='share-to-whatsapp-wrapper'><div class='share-on-whsp'>PARTAGER SUR : <\/div><a data-text='CONCOURS DE RECITAL DU CORAN - Macky Sall f\u00e9licite Sokhna Ndatt\u00e9 Ciss\u00e9' data-link='https:\/\/www.nettali.com\/2022\/10\/08\/concours-de-recital-du-coran-macky-sall-felicite-sokhna-ndatte-cisse\/' class='whatsapp-button whatsapp-share'>WhatsApp<\/a><div class='clear '><\/div><\/div>","protected":false},"excerpt":{"rendered":"<p>NETTALI.COM\u00a0 - Le S\u00e9n\u00e9gal vient de s'illustrer de belle mani\u00e8re \u00e0 Duba\u00ef o\u00f9 la jeune Sokhna Ndatt\u00e9 Ciss\u00e9 a remport\u00e9 le concours international de r\u00e9cital du Saint coran. Pour le Pr\u00e9sident Macky Sall, c'est une illustration de la marche vers l\u2019\u00e9cole des valeurs.\u00a0 Originaire de Touba o\u00f9 elle a appris le Saint Coran, Sokhna Ndatt\u00e9 [&hellip;]<\/p>\n","protected":false},"author":3,"featured_media":95330,"comment_status":"open","ping_status":"open","sticky":false,"template":"","format":"standard","meta":{"_et_pb_use_builder":"","_et_pb_old_content":""},"categories":[3],"tags":[],"yoast_head":"<!-- This site is optimized with the Yoast SEO Premium plugin v17.8 (Yoast SEO v17.8) - https:\/\/yoast.com\/wordpress\/plugins\/seo\/ -->\n<title>CONCOURS DE RECITAL DU CORAN - Macky Sall f\u00e9licite Sokhna Ndatt\u00e9 Ciss\u00e9 | Nettali.com<\/title>\n<meta name=\"robots\" content=\"index, follow, max-snippet:-1, max-image-preview:large, max-video-preview:-1\" \/>\n<link rel=\"canonical\" href=\"https:\/\/www.nettali.com\/2022\/10\/08\/concours-de-recital-du-coran-macky-sall-felicite-sokhna-ndatte-cisse\/\" \/>\n<meta property=\"og:locale\" content=\"fr_FR\" \/>\n<meta property=\"og:type\" content=\"article\" \/>\n<meta property=\"og:title\" content=\"CONCOURS DE RECITAL DU CORAN - Macky Sall f\u00e9licite Sokhna Ndatt\u00e9 Ciss\u00e9\" \/>\n<meta property=\"og:description\" content=\"NETTALI.COM\u00a0 - Le S\u00e9n\u00e9gal vient de s&#039;illustrer de belle mani\u00e8re \u00e0 Duba\u00ef o\u00f9 la jeune Sokhna Ndatt\u00e9 Ciss\u00e9 a remport\u00e9 le concours international de r\u00e9cital du Saint coran. Pour le Pr\u00e9sident Macky Sall, c&#039;est une illustration de la marche vers l\u2019\u00e9cole des valeurs.\u00a0 Originaire de Touba o\u00f9 elle a appris le Saint Coran, Sokhna Ndatt\u00e9 [&hellip;]\" \/>\n<meta property=\"og:url\" content=\"https:\/\/www.nettali.com\/2022\/10\/08\/concours-de-recital-du-coran-macky-sall-felicite-sokhna-ndatte-cisse\/\" \/>\n<meta property=\"og:site_name\" content=\"Nettali.com\" \/>\n<meta property=\"article:publisher\" content=\"https:\/\/www.facebook.com\/nettalicom\" \/>\n<meta property=\"article:published_time\" content=\"2022-10-08T14:41:15+00:00\" \/>\n<meta property=\"og:image\" content=\"https:\/\/www.nettali.com\/wp-content\/uploads\/2022\/10\/recital-coran-a-dubai-macky-sall-felicite-la-laureate-sokhna-ndatte-cisse.jpg\" \/>\n\t<meta property=\"og:image:width\" content=\"905\" \/>\n\t<meta property=\"og:image:height\" content=\"613\" \/>\n<meta name=\"twitter:card\" content=\"summary_large_image\" \/>\n<meta name=\"twitter:label1\" content=\"\u00c9crit par\" \/>\n\t<meta name=\"twitter:data1\" content=\"Moustapha\" \/>\n\t<meta name=\"twitter:label2\" content=\"Dur\u00e9e de lecture estim\u00e9e\" \/>\n\t<meta name=\"twitter:data2\" content=\"1 minute\" \/>\n<script type=\"application\/ld+json\" class=\"yoast-schema-graph\">{\"@context\":\"https:\/\/schema.org\",\"@graph\":[{\"@type\":\"WebSite\",\"@id\":\"https:\/\/www.nettali.com\/#website\",\"url\":\"https:\/\/www.nettali.com\/\",\"name\":\"Nettali.com\",\"description\":\"Le rendez-vous critique du Net\",\"potentialAction\":[{\"@type\":\"SearchAction\",\"target\":{\"@type\":\"EntryPoint\",\"urlTemplate\":\"https:\/\/www.nettali.com\/?s={search_term_string}\"},\"query-input\":\"required name=search_term_string\"}],\"inLanguage\":\"fr-FR\"},{\"@type\":\"ImageObject\",\"@id\":\"https:\/\/www.nettali.com\/2022\/10\/08\/concours-de-recital-du-coran-macky-sall-felicite-sokhna-ndatte-cisse\/#primaryimage\",\"inLanguage\":\"fr-FR\",\"url\":\"https:\/\/www.nettali.com\/wp-content\/uploads\/2022\/10\/recital-coran-a-dubai-macky-sall-felicite-la-laureate-sokhna-ndatte-cisse.jpg\",\"contentUrl\":\"https:\/\/www.nettali.com\/wp-content\/uploads\/2022\/10\/recital-coran-a-dubai-macky-sall-felicite-la-laureate-sokhna-ndatte-cisse.jpg\",\"width\":905,\"height\":613},{\"@type\":\"WebPage\",\"@id\":\"https:\/\/www.nettali.com\/2022\/10\/08\/concours-de-recital-du-coran-macky-sall-felicite-sokhna-ndatte-cisse\/#webpage\",\"url\":\"https:\/\/www.nettali.com\/2022\/10\/08\/concours-de-recital-du-coran-macky-sall-felicite-sokhna-ndatte-cisse\/\",\"name\":\"CONCOURS DE RECITAL DU CORAN - Macky Sall f\\u00e9licite Sokhna Ndatt\\u00e9 Ciss\\u00e9 | Nettali.com\",\"isPartOf\":{\"@id\":\"https:\/\/www.nettali.com\/#website\"},\"primaryImageOfPage\":{\"@id\":\"https:\/\/www.nettali.com\/2022\/10\/08\/concours-de-recital-du-coran-macky-sall-felicite-sokhna-ndatte-cisse\/#primaryimage\"},\"datePublished\":\"2022-10-08T14:41:15+00:00\",\"dateModified\":\"2022-10-08T14:41:15+00:00\",\"author\":{\"@id\":\"https:\/\/www.nettali.com\/#\/schema\/person\/7962a12a6e0267f88f0ffa544c36469a\"},\"breadcrumb\":{\"@id\":\"https:\/\/www.nettali.com\/2022\/10\/08\/concours-de-recital-du-coran-macky-sall-felicite-sokhna-ndatte-cisse\/#breadcrumb\"},\"inLanguage\":\"fr-FR\",\"potentialAction\":[{\"@type\":\"ReadAction\",\"target\":[\"https:\/\/www.nettali.com\/2022\/10\/08\/concours-de-recital-du-coran-macky-sall-felicite-sokhna-ndatte-cisse\/\"]}]},{\"@type\":\"BreadcrumbList\",\"@id\":\"https:\/\/www.nettali.com\/2022\/10\/08\/concours-de-recital-du-coran-macky-sall-felicite-sokhna-ndatte-cisse\/#breadcrumb\",\"itemListElement\":[{\"@type\":\"ListItem\",\"position\":1,\"name\":\"Accueil\",\"item\":\"https:\/\/www.nettali.com\/\"},{\"@type\":\"ListItem\",\"position\":2,\"name\":\"CONCOURS DE RECITAL DU CORAN - Macky Sall f\\u00e9licite Sokhna Ndatt\\u00e9 Ciss\\u00e9\"}]},{\"@type\":\"Person\",\"@id\":\"https:\/\/www.nettali.com\/#\/schema\/person\/7962a12a6e0267f88f0ffa544c36469a\",\"name\":\"Moustapha\",\"image\":{\"@type\":\"ImageObject\",\"@id\":\"https:\/\/www.nettali.com\/#personlogo\",\"inLanguage\":\"fr-FR\",\"url\":\"https:\/\/secure.gravatar.com\/avatar\/10fdf6a071cccdcf374e3dbe45159590?s=96&d=mm&r=g\",\"contentUrl\":\"https:\/\/secure.gravatar.com\/avatar\/10fdf6a071cccdcf374e3dbe45159590?s=96&d=mm&r=g\",\"caption\":\"Moustapha\"},\"sameAs\":[\"https:\/\/www.nettali.com\"]}]}<\/script>\n<!-- \/ Yoast SEO Premium plugin. -->","yoast_head_json":{"title":"CONCOURS DE RECITAL DU CORAN - Macky Sall f\u00e9licite Sokhna Ndatt\u00e9 Ciss\u00e9 | Nettali.com","robots":{"index":"index","follow":"follow","max-snippet":"max-snippet:-1","max-image-preview":"max-image-preview:large","max-video-preview":"max-video-preview:-1"},"canonical":"https:\/\/www.nettali.com\/2022\/10\/08\/concours-de-recital-du-coran-macky-sall-felicite-sokhna-ndatte-cisse\/","og_locale":"fr_FR","og_type":"article","og_title":"CONCOURS DE RECITAL DU CORAN - Macky Sall f\u00e9licite Sokhna Ndatt\u00e9 Ciss\u00e9","og_description":"NETTALI.COM\u00a0 - Le S\u00e9n\u00e9gal vient de s'illustrer de belle mani\u00e8re \u00e0 Duba\u00ef o\u00f9 la jeune Sokhna Ndatt\u00e9 Ciss\u00e9 a remport\u00e9 le concours international de r\u00e9cital du Saint coran. Pour le Pr\u00e9sident Macky Sall, c'est une illustration de la marche vers l\u2019\u00e9cole des valeurs.\u00a0 Originaire de Touba o\u00f9 elle a appris le Saint Coran, Sokhna Ndatt\u00e9 [&hellip;]","og_url":"https:\/\/www.nettali.com\/2022\/10\/08\/concours-de-recital-du-coran-macky-sall-felicite-sokhna-ndatte-cisse\/","og_site_name":"Nettali.com","article_publisher":"https:\/\/www.facebook.com\/nettalicom","article_published_time":"2022-10-08T14:41:15+00:00","og_image":[{"width":905,"height":613,"url":"https:\/\/www.nettali.com\/wp-content\/uploads\/2022\/10\/recital-coran-a-dubai-macky-sall-felicite-la-laureate-sokhna-ndatte-cisse.jpg","type":"image\/jpeg"}],"twitter_card":"summary_large_image","twitter_misc":{"\u00c9crit par":"Moustapha","Dur\u00e9e de lecture estim\u00e9e":"1 minute"},"schema":{"@context":"https:\/\/schema.org","@graph":[{"@type":"WebSite","@id":"https:\/\/www.nettali.com\/#website","url":"https:\/\/www.nettali.com\/","name":"Nettali.com","description":"Le rendez-vous critique du Net","potentialAction":[{"@type":"SearchAction","target":{"@type":"EntryPoint","urlTemplate":"https:\/\/www.nettali.com\/?s={search_term_string}"},"query-input":"required name=search_term_string"}],"inLanguage":"fr-FR"},{"@type":"ImageObject","@id":"https:\/\/www.nettali.com\/2022\/10\/08\/concours-de-recital-du-coran-macky-sall-felicite-sokhna-ndatte-cisse\/#primaryimage","inLanguage":"fr-FR","url":"https:\/\/www.nettali.com\/wp-content\/uploads\/2022\/10\/recital-coran-a-dubai-macky-sall-felicite-la-laureate-sokhna-ndatte-cisse.jpg","contentUrl":"https:\/\/www.nettali.com\/wp-content\/uploads\/2022\/10\/recital-coran-a-dubai-macky-sall-felicite-la-laureate-sokhna-ndatte-cisse.jpg","width":905,"height":613},{"@type":"WebPage","@id":"https:\/\/www.nettali.com\/2022\/10\/08\/concours-de-recital-du-coran-macky-sall-felicite-sokhna-ndatte-cisse\/#webpage","url":"https:\/\/www.nettali.com\/2022\/10\/08\/concours-de-recital-du-coran-macky-sall-felicite-sokhna-ndatte-cisse\/","name":"CONCOURS DE RECITAL DU CORAN - Macky Sall f\u00e9licite Sokhna Ndatt\u00e9 Ciss\u00e9 | Nettali.com","isPartOf":{"@id":"https:\/\/www.nettali.com\/#website"},"primaryImageOfPage":{"@id":"https:\/\/www.nettali.com\/2022\/10\/08\/concours-de-recital-du-coran-macky-sall-felicite-sokhna-ndatte-cisse\/#primaryimage"},"datePublished":"2022-10-08T14:41:15+00:00","dateModified":"2022-10-08T14:41:15+00:00","author":{"@id":"https:\/\/www.nettali.com\/#\/schema\/person\/7962a12a6e0267f88f0ffa544c36469a"},"breadcrumb":{"@id":"https:\/\/www.nettali.com\/2022\/10\/08\/concours-de-recital-du-coran-macky-sall-felicite-sokhna-ndatte-cisse\/#breadcrumb"},"inLanguage":"fr-FR","potentialAction":[{"@type":"ReadAction","target":["https:\/\/www.nettali.com\/2022\/10\/08\/concours-de-recital-du-coran-macky-sall-felicite-sokhna-ndatte-cisse\/"]}]},{"@type":"BreadcrumbList","@id":"https:\/\/www.nettali.com\/2022\/10\/08\/concours-de-recital-du-coran-macky-sall-felicite-sokhna-ndatte-cisse\/#breadcrumb","itemListElement":[{"@type":"ListItem","position":1,"name":"Accueil","item":"https:\/\/www.nettali.com\/"},{"@type":"ListItem","position":2,"name":"CONCOURS DE RECITAL DU CORAN - Macky Sall f\u00e9licite Sokhna Ndatt\u00e9 Ciss\u00e9"}]},{"@type":"Person","@id":"https:\/\/www.nettali.com\/#\/schema\/person\/7962a12a6e0267f88f0ffa544c36469a","name":"Moustapha","image":{"@type":"ImageObject","@id":"https:\/\/www.nettali.com\/#personlogo","inLanguage":"fr-FR","url":"https:\/\/secure.gravatar.com\/avatar\/10fdf6a071cccdcf374e3dbe45159590?s=96&d=mm&r=g","contentUrl":"https:\/\/secure.gravatar.com\/avatar\/10fdf6a071cccdcf374e3dbe45159590?s=96&d=mm&r=g","caption":"Moustapha"},"sameAs":["https:\/\/www.nettali.com"]}]}},"_links":{"self":[{"href":"https:\/\/www.nettali.com\/rest\/wp\/v2\/posts\/95329"}],"collection":[{"href":"https:\/\/www.nettali.com\/rest\/wp\/v2\/posts"}],"about":[{"href":"https:\/\/www.nettali.com\/rest\/wp\/v2\/types\/post"}],"author":[{"embeddable":true,"href":"https:\/\/www.nettali.com\/rest\/wp\/v2\/users\/3"}],"replies":[{"embeddable":true,"href":"https:\/\/www.nettali.com\/rest\/wp\/v2\/comments?post=95329"}],"version-history":[{"count":1,"href":"https:\/\/www.nettali.com\/rest\/wp\/v2\/posts\/95329\/revisions"}],"predecessor-version":[{"id":95331,"href":"https:\/\/www.nettali.com\/rest\/wp\/v2\/posts\/95329\/revisions\/95331"}],"wp:featuredmedia":[{"embeddable":true,"href":"https:\/\/www.nettali.com\/rest\/wp\/v2\/media\/95330"}],"wp:attachment":[{"href":"https:\/\/www.nettali.com\/rest\/wp\/v2\/media?parent=95329"}],"wp:term":[{"taxonomy":"category","embeddable":true,"href":"https:\/\/www.nettali.com\/rest\/wp\/v2\/categories?post=95329"},{"taxonomy":"post_tag","embeddable":true,"href":"https:\/\/www.nettali.com\/rest\/wp\/v2\/tags?post=95329"}],"curies":[{"name":"wp","href":"https:\/\/api.w.org\/{rel}","templated":true}]}}