{"id":95221,"date":"2022-10-07T09:58:03","date_gmt":"2022-10-07T09:58:03","guid":{"rendered":"https:\/\/www.nettali.com\/?p=95221"},"modified":"2022-10-07T16:40:06","modified_gmt":"2022-10-07T16:40:06","slug":"cedeao-le-sommet-extraordinaire-de-dakar-annule","status":"publish","type":"post","link":"https:\/\/www.nettali.com\/2022\/10\/07\/cedeao-le-sommet-extraordinaire-de-dakar-annule\/","title":{"rendered":"CEDEAO - Le sommet extraordinaire de Dakar annul\u00e9"},"content":{"rendered":"<p><strong>NETTALI.COM - La r\u00e9union extraordinaire de la Cedeao, pr\u00e9vue \u00e0 Dakar le 14 octobre, est annul\u00e9e. Les chefs d\u2019\u00c9tat se retrouveront donc comme pr\u00e9vu lors de leur sommet ordinaire, en d\u00e9cembre, \u00e0 Abuja.<\/strong><\/p>\n<p>Selon Jeune Afrique qui cite des proches d\u2019Umaro Sissoco Embal\u00f3, le pr\u00e9sident en exercice de l\u2019organisation ouest-africaine, ce dernier souhaite en faire un rendez-vous d\u2019importance, auquel seront invit\u00e9s de nombreux pr\u00e9sidents, y compris ext\u00e9rieurs \u00e0 la sous-r\u00e9gion, ainsi que le dirigeant de la Banque mondiale, David Malpass.<\/p>\n<div class='share-to-whatsapp-wrapper'><div class='share-on-whsp'>PARTAGER SUR : <\/div><a data-text='CEDEAO - Le sommet extraordinaire de Dakar annul\u00e9' data-link='https:\/\/www.nettali.com\/2022\/10\/07\/cedeao-le-sommet-extraordinaire-de-dakar-annule\/' class='whatsapp-button whatsapp-share'>WhatsApp<\/a><div class='clear '><\/div><\/div>","protected":false},"excerpt":{"rendered":"<p>NETTALI.COM - La r\u00e9union extraordinaire de la Cedeao, pr\u00e9vue \u00e0 Dakar le 14 octobre, est annul\u00e9e. Les chefs d\u2019\u00c9tat se retrouveront donc comme pr\u00e9vu lors de leur sommet ordinaire, en d\u00e9cembre, \u00e0 Abuja. Selon Jeune Afrique qui cite des proches d\u2019Umaro Sissoco Embal\u00f3, le pr\u00e9sident en exercice de l\u2019organisation ouest-africaine, ce dernier souhaite en faire [&hellip;]<\/p>\n","protected":false},"author":5,"featured_media":95222,"comment_status":"open","ping_status":"open","sticky":false,"template":"","format":"standard","meta":{"_et_pb_use_builder":"","_et_pb_old_content":""},"categories":[2],"tags":[],"yoast_head":"<!-- This site is optimized with the Yoast SEO Premium plugin v17.8 (Yoast SEO v17.8) - https:\/\/yoast.com\/wordpress\/plugins\/seo\/ -->\n<title>CEDEAO - Le sommet extraordinaire de Dakar annul\u00e9 | Nettali.com<\/title>\n<meta name=\"robots\" content=\"index, follow, max-snippet:-1, max-image-preview:large, max-video-preview:-1\" \/>\n<link rel=\"canonical\" href=\"https:\/\/www.nettali.com\/2022\/10\/07\/cedeao-le-sommet-extraordinaire-de-dakar-annule\/\" \/>\n<meta property=\"og:locale\" content=\"fr_FR\" \/>\n<meta property=\"og:type\" content=\"article\" \/>\n<meta property=\"og:title\" content=\"CEDEAO - Le sommet extraordinaire de Dakar annul\u00e9\" \/>\n<meta property=\"og:description\" content=\"NETTALI.COM - La r\u00e9union extraordinaire de la Cedeao, pr\u00e9vue \u00e0 Dakar le 14 octobre, est annul\u00e9e. Les chefs d\u2019\u00c9tat se retrouveront donc comme pr\u00e9vu lors de leur sommet ordinaire, en d\u00e9cembre, \u00e0 Abuja. Selon Jeune Afrique qui cite des proches d\u2019Umaro Sissoco Embal\u00f3, le pr\u00e9sident en exercice de l\u2019organisation ouest-africaine, ce dernier souhaite en faire [&hellip;]\" \/>\n<meta property=\"og:url\" content=\"https:\/\/www.nettali.com\/2022\/10\/07\/cedeao-le-sommet-extraordinaire-de-dakar-annule\/\" \/>\n<meta property=\"og:site_name\" content=\"Nettali.com\" \/>\n<meta property=\"article:publisher\" content=\"https:\/\/www.facebook.com\/nettalicom\" \/>\n<meta property=\"article:published_time\" content=\"2022-10-07T09:58:03+00:00\" \/>\n<meta property=\"article:modified_time\" content=\"2022-10-07T16:40:06+00:00\" \/>\n<meta property=\"og:image\" content=\"https:\/\/www.nettali.com\/wp-content\/uploads\/2022\/10\/Sommet_CEDEAO_03_07_2022.jpg\" \/>\n\t<meta property=\"og:image:width\" content=\"800\" \/>\n\t<meta property=\"og:image:height\" content=\"533\" \/>\n<meta name=\"twitter:card\" content=\"summary_large_image\" \/>\n<meta name=\"twitter:label1\" content=\"\u00c9crit par\" \/>\n\t<meta name=\"twitter:data1\" content=\"Ibrahima\" \/>\n\t<meta name=\"twitter:label2\" content=\"Dur\u00e9e de lecture estim\u00e9e\" \/>\n\t<meta name=\"twitter:data2\" content=\"1 minute\" \/>\n<script type=\"application\/ld+json\" class=\"yoast-schema-graph\">{\"@context\":\"https:\/\/schema.org\",\"@graph\":[{\"@type\":\"WebSite\",\"@id\":\"https:\/\/www.nettali.com\/#website\",\"url\":\"https:\/\/www.nettali.com\/\",\"name\":\"Nettali.com\",\"description\":\"Le rendez-vous critique du Net\",\"potentialAction\":[{\"@type\":\"SearchAction\",\"target\":{\"@type\":\"EntryPoint\",\"urlTemplate\":\"https:\/\/www.nettali.com\/?s={search_term_string}\"},\"query-input\":\"required name=search_term_string\"}],\"inLanguage\":\"fr-FR\"},{\"@type\":\"ImageObject\",\"@id\":\"https:\/\/www.nettali.com\/2022\/10\/07\/cedeao-le-sommet-extraordinaire-de-dakar-annule\/#primaryimage\",\"inLanguage\":\"fr-FR\",\"url\":\"https:\/\/www.nettali.com\/wp-content\/uploads\/2022\/10\/Sommet_CEDEAO_03_07_2022.jpg\",\"contentUrl\":\"https:\/\/www.nettali.com\/wp-content\/uploads\/2022\/10\/Sommet_CEDEAO_03_07_2022.jpg\",\"width\":800,\"height\":533},{\"@type\":\"WebPage\",\"@id\":\"https:\/\/www.nettali.com\/2022\/10\/07\/cedeao-le-sommet-extraordinaire-de-dakar-annule\/#webpage\",\"url\":\"https:\/\/www.nettali.com\/2022\/10\/07\/cedeao-le-sommet-extraordinaire-de-dakar-annule\/\",\"name\":\"CEDEAO - Le sommet extraordinaire de Dakar annul\\u00e9 | Nettali.com\",\"isPartOf\":{\"@id\":\"https:\/\/www.nettali.com\/#website\"},\"primaryImageOfPage\":{\"@id\":\"https:\/\/www.nettali.com\/2022\/10\/07\/cedeao-le-sommet-extraordinaire-de-dakar-annule\/#primaryimage\"},\"datePublished\":\"2022-10-07T09:58:03+00:00\",\"dateModified\":\"2022-10-07T16:40:06+00:00\",\"author\":{\"@id\":\"https:\/\/www.nettali.com\/#\/schema\/person\/bb147657c2986240405a608162b9bb23\"},\"breadcrumb\":{\"@id\":\"https:\/\/www.nettali.com\/2022\/10\/07\/cedeao-le-sommet-extraordinaire-de-dakar-annule\/#breadcrumb\"},\"inLanguage\":\"fr-FR\",\"potentialAction\":[{\"@type\":\"ReadAction\",\"target\":[\"https:\/\/www.nettali.com\/2022\/10\/07\/cedeao-le-sommet-extraordinaire-de-dakar-annule\/\"]}]},{\"@type\":\"BreadcrumbList\",\"@id\":\"https:\/\/www.nettali.com\/2022\/10\/07\/cedeao-le-sommet-extraordinaire-de-dakar-annule\/#breadcrumb\",\"itemListElement\":[{\"@type\":\"ListItem\",\"position\":1,\"name\":\"Accueil\",\"item\":\"https:\/\/www.nettali.com\/\"},{\"@type\":\"ListItem\",\"position\":2,\"name\":\"CEDEAO - Le sommet extraordinaire de Dakar annul\\u00e9\"}]},{\"@type\":\"Person\",\"@id\":\"https:\/\/www.nettali.com\/#\/schema\/person\/bb147657c2986240405a608162b9bb23\",\"name\":\"Ibrahima\",\"image\":{\"@type\":\"ImageObject\",\"@id\":\"https:\/\/www.nettali.com\/#personlogo\",\"inLanguage\":\"fr-FR\",\"url\":\"https:\/\/secure.gravatar.com\/avatar\/26a8a81f09f0dd7624c9d5c36c9ba3a2?s=96&d=mm&r=g\",\"contentUrl\":\"https:\/\/secure.gravatar.com\/avatar\/26a8a81f09f0dd7624c9d5c36c9ba3a2?s=96&d=mm&r=g\",\"caption\":\"Ibrahima\"},\"sameAs\":[\"https:\/\/www.nettali.com\"]}]}<\/script>\n<!-- \/ Yoast SEO Premium plugin. -->","yoast_head_json":{"title":"CEDEAO - Le sommet extraordinaire de Dakar annul\u00e9 | Nettali.com","robots":{"index":"index","follow":"follow","max-snippet":"max-snippet:-1","max-image-preview":"max-image-preview:large","max-video-preview":"max-video-preview:-1"},"canonical":"https:\/\/www.nettali.com\/2022\/10\/07\/cedeao-le-sommet-extraordinaire-de-dakar-annule\/","og_locale":"fr_FR","og_type":"article","og_title":"CEDEAO - Le sommet extraordinaire de Dakar annul\u00e9","og_description":"NETTALI.COM - La r\u00e9union extraordinaire de la Cedeao, pr\u00e9vue \u00e0 Dakar le 14 octobre, est annul\u00e9e. Les chefs d\u2019\u00c9tat se retrouveront donc comme pr\u00e9vu lors de leur sommet ordinaire, en d\u00e9cembre, \u00e0 Abuja. Selon Jeune Afrique qui cite des proches d\u2019Umaro Sissoco Embal\u00f3, le pr\u00e9sident en exercice de l\u2019organisation ouest-africaine, ce dernier souhaite en faire [&hellip;]","og_url":"https:\/\/www.nettali.com\/2022\/10\/07\/cedeao-le-sommet-extraordinaire-de-dakar-annule\/","og_site_name":"Nettali.com","article_publisher":"https:\/\/www.facebook.com\/nettalicom","article_published_time":"2022-10-07T09:58:03+00:00","article_modified_time":"2022-10-07T16:40:06+00:00","og_image":[{"width":800,"height":533,"url":"https:\/\/www.nettali.com\/wp-content\/uploads\/2022\/10\/Sommet_CEDEAO_03_07_2022.jpg","type":"image\/jpeg"}],"twitter_card":"summary_large_image","twitter_misc":{"\u00c9crit par":"Ibrahima","Dur\u00e9e de lecture estim\u00e9e":"1 minute"},"schema":{"@context":"https:\/\/schema.org","@graph":[{"@type":"WebSite","@id":"https:\/\/www.nettali.com\/#website","url":"https:\/\/www.nettali.com\/","name":"Nettali.com","description":"Le rendez-vous critique du Net","potentialAction":[{"@type":"SearchAction","target":{"@type":"EntryPoint","urlTemplate":"https:\/\/www.nettali.com\/?s={search_term_string}"},"query-input":"required name=search_term_string"}],"inLanguage":"fr-FR"},{"@type":"ImageObject","@id":"https:\/\/www.nettali.com\/2022\/10\/07\/cedeao-le-sommet-extraordinaire-de-dakar-annule\/#primaryimage","inLanguage":"fr-FR","url":"https:\/\/www.nettali.com\/wp-content\/uploads\/2022\/10\/Sommet_CEDEAO_03_07_2022.jpg","contentUrl":"https:\/\/www.nettali.com\/wp-content\/uploads\/2022\/10\/Sommet_CEDEAO_03_07_2022.jpg","width":800,"height":533},{"@type":"WebPage","@id":"https:\/\/www.nettali.com\/2022\/10\/07\/cedeao-le-sommet-extraordinaire-de-dakar-annule\/#webpage","url":"https:\/\/www.nettali.com\/2022\/10\/07\/cedeao-le-sommet-extraordinaire-de-dakar-annule\/","name":"CEDEAO - Le sommet extraordinaire de Dakar annul\u00e9 | Nettali.com","isPartOf":{"@id":"https:\/\/www.nettali.com\/#website"},"primaryImageOfPage":{"@id":"https:\/\/www.nettali.com\/2022\/10\/07\/cedeao-le-sommet-extraordinaire-de-dakar-annule\/#primaryimage"},"datePublished":"2022-10-07T09:58:03+00:00","dateModified":"2022-10-07T16:40:06+00:00","author":{"@id":"https:\/\/www.nettali.com\/#\/schema\/person\/bb147657c2986240405a608162b9bb23"},"breadcrumb":{"@id":"https:\/\/www.nettali.com\/2022\/10\/07\/cedeao-le-sommet-extraordinaire-de-dakar-annule\/#breadcrumb"},"inLanguage":"fr-FR","potentialAction":[{"@type":"ReadAction","target":["https:\/\/www.nettali.com\/2022\/10\/07\/cedeao-le-sommet-extraordinaire-de-dakar-annule\/"]}]},{"@type":"BreadcrumbList","@id":"https:\/\/www.nettali.com\/2022\/10\/07\/cedeao-le-sommet-extraordinaire-de-dakar-annule\/#breadcrumb","itemListElement":[{"@type":"ListItem","position":1,"name":"Accueil","item":"https:\/\/www.nettali.com\/"},{"@type":"ListItem","position":2,"name":"CEDEAO - Le sommet extraordinaire de Dakar annul\u00e9"}]},{"@type":"Person","@id":"https:\/\/www.nettali.com\/#\/schema\/person\/bb147657c2986240405a608162b9bb23","name":"Ibrahima","image":{"@type":"ImageObject","@id":"https:\/\/www.nettali.com\/#personlogo","inLanguage":"fr-FR","url":"https:\/\/secure.gravatar.com\/avatar\/26a8a81f09f0dd7624c9d5c36c9ba3a2?s=96&d=mm&r=g","contentUrl":"https:\/\/secure.gravatar.com\/avatar\/26a8a81f09f0dd7624c9d5c36c9ba3a2?s=96&d=mm&r=g","caption":"Ibrahima"},"sameAs":["https:\/\/www.nettali.com"]}]}},"_links":{"self":[{"href":"https:\/\/www.nettali.com\/rest\/wp\/v2\/posts\/95221"}],"collection":[{"href":"https:\/\/www.nettali.com\/rest\/wp\/v2\/posts"}],"about":[{"href":"https:\/\/www.nettali.com\/rest\/wp\/v2\/types\/post"}],"author":[{"embeddable":true,"href":"https:\/\/www.nettali.com\/rest\/wp\/v2\/users\/5"}],"replies":[{"embeddable":true,"href":"https:\/\/www.nettali.com\/rest\/wp\/v2\/comments?post=95221"}],"version-history":[{"count":1,"href":"https:\/\/www.nettali.com\/rest\/wp\/v2\/posts\/95221\/revisions"}],"predecessor-version":[{"id":95223,"href":"https:\/\/www.nettali.com\/rest\/wp\/v2\/posts\/95221\/revisions\/95223"}],"wp:featuredmedia":[{"embeddable":true,"href":"https:\/\/www.nettali.com\/rest\/wp\/v2\/media\/95222"}],"wp:attachment":[{"href":"https:\/\/www.nettali.com\/rest\/wp\/v2\/media?parent=95221"}],"wp:term":[{"taxonomy":"category","embeddable":true,"href":"https:\/\/www.nettali.com\/rest\/wp\/v2\/categories?post=95221"},{"taxonomy":"post_tag","embeddable":true,"href":"https:\/\/www.nettali.com\/rest\/wp\/v2\/tags?post=95221"}],"curies":[{"name":"wp","href":"https:\/\/api.w.org\/{rel}","templated":true}]}}