{"id":95111,"date":"2022-10-06T08:18:16","date_gmt":"2022-10-06T08:18:16","guid":{"rendered":"https:\/\/www.nettali.com\/?p=95111"},"modified":"2022-10-06T08:18:16","modified_gmt":"2022-10-06T08:18:16","slug":"condamne-a-2-ans-dont-6-mois-ferme-sadio-diallo-avait-partage-les-photos-nues-de-son-ex-copine","status":"publish","type":"post","link":"https:\/\/www.nettali.com\/2022\/10\/06\/condamne-a-2-ans-dont-6-mois-ferme-sadio-diallo-avait-partage-les-photos-nues-de-son-ex-copine\/","title":{"rendered":"CONDAMN\u00c9 \u00c0 2 ANS DONT 6 MOIS FERME - Sadio Diallo avait partag\u00e9 les photos nues de son ex copine"},"content":{"rendered":"<p style=\"font-weight: 400;\"><strong>NETTALI.COM-<\/strong> <strong>Sadio Diallo a, \u00e0 cause de la jalousie, partag\u00e9 les photos nues de son ex copine. Le juge des flagrants d\u00e9lits de Dakar l'a condamn\u00e9 \u00e0 2 ans dont 6 mois.\u00a0<\/strong><\/p>\n<p style=\"font-weight: 400;\">La jalousie est une maladie qui pousse certains \u00e0 commettre souvent des actes irr\u00e9fl\u00e9chis pour ne pas dire d\u00e9lictuels pour faire mal \u00e0 leur conjoint. Sadio Diallo en est l\u2019illustration parfaite. Cet homme, n\u00e9 en 1986, a comparu, ce mercredi \u00e0 la barre du tribunal des flagrants d\u00e9lits de Dakar pour les chefs de collecte et diffusion d'images obsc\u00e8nes, vol portant sur un portable et la somme de 200 mille francs CFA au pr\u00e9judice de Binta Diallo. Celle-ci \u00e9tait sa copine.<\/p>\n<p style=\"font-weight: 400;\">Face aux juges, le pr\u00e9venu a reconnu avoir publi\u00e9 les photos mais rejette les accusations relatives au vol de t\u00e9l\u00e9phone portable et aux sous. Il dit avoir diffus\u00e9 les photos par jalousie. A l\u2019en croire, il sortait avec la demoiselle. Ils ont, d\u2019apr\u00e8s ses explications, fait deux ans deux mois. Par la suite, ils ont eu des probl\u00e8mes et il en est \u00e0 l\u2019origine parce qu\u2019il l\u2019a photographi\u00e9e. \u00ab <em>Je suis rentr\u00e9 dans une col\u00e8re noire par jalousie car, il avait un autre amant alors qu'on \u00e9tait en couple et en plus je faisais tout pour elle. J'ai envoy\u00e9 les images \u00e0 mon ami, Moussa Ba et c'est ce dernier qui a transf\u00e9r\u00e9 \u00e7a \u00e0 la dame Ousseye<\/em> \u00bb, a avou\u00e9 le pr\u00e9venu.<\/p>\n<p style=\"font-weight: 400;\">Mais, il est prouv\u00e9 que les photos obsc\u00e8nes avaient atterri entre d\u2019autres mains. Donnant sa version des faits, Binta Diallo soutient qu\u2019il l\u2019a prise en photo alors qu\u2019elle dormait. Donc, elle n\u2019en savait rien. \u00ab <em>C'est suite \u00e0 notre diff\u00e9rend que j'ai vu les photos sur lesquelles j'\u00e9tais nue. C'est un individu qui me les a envoy\u00e9es<\/em> \u00bb, a-t-elle d\u00e9clar\u00e9, en insistant qu\u2019il l\u2019a photographi\u00e9e \u00e0 son insu au moment o\u00f9 elle dormait. \u00ab <em>Son probl\u00e8me c'est qu'il est jaloux. Je ne dirais pas que c'est une bonne personne parce qu'il a publi\u00e9 mes photos que tous mes proches ont vu<\/em> \u00bb, a ajout\u00e9 la victime, r\u00e9clamant la restitution de son t\u00e9l\u00e9phone portable et les 200 mille francs CFA. Bref, au total elle r\u00e9clame presque 300 mille francs CFA.<\/p>\n<p style=\"font-weight: 400;\">Le procureur a soutenu que les faits sont graves et ont port\u00e9 atteinte \u00e0 la dignit\u00e9 de la plaignante. Cette derni\u00e8re, rappelle le parquet, a un enfant de 20 ans qui est venu ici lorsque les faits ont \u00e9bruit\u00e9. Il a requis 2 ans dont 6 mois ferme contre le pr\u00e9venu.<\/p>\n<p style=\"font-weight: 400;\">L\u2019avocat de la d\u00e9fense, consid\u00e9rant le r\u00e9quisitoire du parquet s\u00e9v\u00e8re, a plaid\u00e9 la cl\u00e9mence.<\/p>\n<p style=\"font-weight: 400;\">Apr\u00e8s d\u00e9lib\u00e9r\u00e9, le tribunal a relax\u00e9 le pr\u00e9venu pour le d\u00e9lit de vol avant de le condamner pour l\u2019autre infraction \u00e0 2 ans dont 6 mois ferme. Sadio Diallo doit allouer \u00e0 la victime la somme de 290 mille francs CFA\u00a0 au titre de dommages et int\u00e9r\u00eats.<\/p>\n<div class='share-to-whatsapp-wrapper'><div class='share-on-whsp'>PARTAGER SUR : <\/div><a data-text='CONDAMN\u00c9 \u00c0 2 ANS DONT 6 MOIS FERME - Sadio Diallo avait partag\u00e9 les photos nues de son ex copine' data-link='https:\/\/www.nettali.com\/2022\/10\/06\/condamne-a-2-ans-dont-6-mois-ferme-sadio-diallo-avait-partage-les-photos-nues-de-son-ex-copine\/' class='whatsapp-button whatsapp-share'>WhatsApp<\/a><div class='clear '><\/div><\/div>","protected":false},"excerpt":{"rendered":"<p>NETTALI.COM- Sadio Diallo a, \u00e0 cause de la jalousie, partag\u00e9 les photos nues de son ex copine. Le juge des flagrants d\u00e9lits de Dakar l'a condamn\u00e9 \u00e0 2 ans dont 6 mois.\u00a0 La jalousie est une maladie qui pousse certains \u00e0 commettre souvent des actes irr\u00e9fl\u00e9chis pour ne pas dire d\u00e9lictuels pour faire mal \u00e0 [&hellip;]<\/p>\n","protected":false},"author":6,"featured_media":91302,"comment_status":"open","ping_status":"open","sticky":false,"template":"","format":"standard","meta":{"_et_pb_use_builder":"","_et_pb_old_content":""},"categories":[3],"tags":[],"yoast_head":"<!-- This site is optimized with the Yoast SEO Premium plugin v17.8 (Yoast SEO v17.8) - https:\/\/yoast.com\/wordpress\/plugins\/seo\/ -->\n<title>CONDAMN\u00c9 \u00c0 2 ANS DONT 6 MOIS FERME - Sadio Diallo avait partag\u00e9 les photos nues de son ex copine | Nettali.com<\/title>\n<meta name=\"robots\" content=\"index, follow, max-snippet:-1, max-image-preview:large, max-video-preview:-1\" \/>\n<link rel=\"canonical\" href=\"https:\/\/www.nettali.com\/2022\/10\/06\/condamne-a-2-ans-dont-6-mois-ferme-sadio-diallo-avait-partage-les-photos-nues-de-son-ex-copine\/\" \/>\n<meta property=\"og:locale\" content=\"fr_FR\" \/>\n<meta property=\"og:type\" content=\"article\" \/>\n<meta property=\"og:title\" content=\"CONDAMN\u00c9 \u00c0 2 ANS DONT 6 MOIS FERME - Sadio Diallo avait partag\u00e9 les photos nues de son ex copine\" \/>\n<meta property=\"og:description\" content=\"NETTALI.COM- Sadio Diallo a, \u00e0 cause de la jalousie, partag\u00e9 les photos nues de son ex copine. Le juge des flagrants d\u00e9lits de Dakar l&#039;a condamn\u00e9 \u00e0 2 ans dont 6 mois.\u00a0 La jalousie est une maladie qui pousse certains \u00e0 commettre souvent des actes irr\u00e9fl\u00e9chis pour ne pas dire d\u00e9lictuels pour faire mal \u00e0 [&hellip;]\" \/>\n<meta property=\"og:url\" content=\"https:\/\/www.nettali.com\/2022\/10\/06\/condamne-a-2-ans-dont-6-mois-ferme-sadio-diallo-avait-partage-les-photos-nues-de-son-ex-copine\/\" \/>\n<meta property=\"og:site_name\" content=\"Nettali.com\" \/>\n<meta property=\"article:publisher\" content=\"https:\/\/www.facebook.com\/nettalicom\" \/>\n<meta property=\"article:published_time\" content=\"2022-10-06T08:18:16+00:00\" \/>\n<meta property=\"og:image\" content=\"https:\/\/www.nettali.com\/wp-content\/uploads\/2022\/08\/justice.jpg\" \/>\n\t<meta property=\"og:image:width\" content=\"808\" \/>\n\t<meta property=\"og:image:height\" content=\"463\" \/>\n<meta name=\"twitter:card\" content=\"summary_large_image\" \/>\n<meta name=\"twitter:label1\" content=\"\u00c9crit par\" \/>\n\t<meta name=\"twitter:data1\" content=\"Fatou\" \/>\n\t<meta name=\"twitter:label2\" content=\"Dur\u00e9e de lecture estim\u00e9e\" \/>\n\t<meta name=\"twitter:data2\" content=\"3 minutes\" \/>\n<script type=\"application\/ld+json\" class=\"yoast-schema-graph\">{\"@context\":\"https:\/\/schema.org\",\"@graph\":[{\"@type\":\"WebSite\",\"@id\":\"https:\/\/www.nettali.com\/#website\",\"url\":\"https:\/\/www.nettali.com\/\",\"name\":\"Nettali.com\",\"description\":\"Le rendez-vous critique du Net\",\"potentialAction\":[{\"@type\":\"SearchAction\",\"target\":{\"@type\":\"EntryPoint\",\"urlTemplate\":\"https:\/\/www.nettali.com\/?s={search_term_string}\"},\"query-input\":\"required name=search_term_string\"}],\"inLanguage\":\"fr-FR\"},{\"@type\":\"ImageObject\",\"@id\":\"https:\/\/www.nettali.com\/2022\/10\/06\/condamne-a-2-ans-dont-6-mois-ferme-sadio-diallo-avait-partage-les-photos-nues-de-son-ex-copine\/#primaryimage\",\"inLanguage\":\"fr-FR\",\"url\":\"https:\/\/www.nettali.com\/wp-content\/uploads\/2022\/08\/justice.jpg\",\"contentUrl\":\"https:\/\/www.nettali.com\/wp-content\/uploads\/2022\/08\/justice.jpg\",\"width\":808,\"height\":463},{\"@type\":\"WebPage\",\"@id\":\"https:\/\/www.nettali.com\/2022\/10\/06\/condamne-a-2-ans-dont-6-mois-ferme-sadio-diallo-avait-partage-les-photos-nues-de-son-ex-copine\/#webpage\",\"url\":\"https:\/\/www.nettali.com\/2022\/10\/06\/condamne-a-2-ans-dont-6-mois-ferme-sadio-diallo-avait-partage-les-photos-nues-de-son-ex-copine\/\",\"name\":\"CONDAMN\\u00c9 \\u00c0 2 ANS DONT 6 MOIS FERME - Sadio Diallo avait partag\\u00e9 les photos nues de son ex copine | Nettali.com\",\"isPartOf\":{\"@id\":\"https:\/\/www.nettali.com\/#website\"},\"primaryImageOfPage\":{\"@id\":\"https:\/\/www.nettali.com\/2022\/10\/06\/condamne-a-2-ans-dont-6-mois-ferme-sadio-diallo-avait-partage-les-photos-nues-de-son-ex-copine\/#primaryimage\"},\"datePublished\":\"2022-10-06T08:18:16+00:00\",\"dateModified\":\"2022-10-06T08:18:16+00:00\",\"author\":{\"@id\":\"https:\/\/www.nettali.com\/#\/schema\/person\/418274a86bdf87caff7a3ef476bd0bbf\"},\"breadcrumb\":{\"@id\":\"https:\/\/www.nettali.com\/2022\/10\/06\/condamne-a-2-ans-dont-6-mois-ferme-sadio-diallo-avait-partage-les-photos-nues-de-son-ex-copine\/#breadcrumb\"},\"inLanguage\":\"fr-FR\",\"potentialAction\":[{\"@type\":\"ReadAction\",\"target\":[\"https:\/\/www.nettali.com\/2022\/10\/06\/condamne-a-2-ans-dont-6-mois-ferme-sadio-diallo-avait-partage-les-photos-nues-de-son-ex-copine\/\"]}]},{\"@type\":\"BreadcrumbList\",\"@id\":\"https:\/\/www.nettali.com\/2022\/10\/06\/condamne-a-2-ans-dont-6-mois-ferme-sadio-diallo-avait-partage-les-photos-nues-de-son-ex-copine\/#breadcrumb\",\"itemListElement\":[{\"@type\":\"ListItem\",\"position\":1,\"name\":\"Accueil\",\"item\":\"https:\/\/www.nettali.com\/\"},{\"@type\":\"ListItem\",\"position\":2,\"name\":\"CONDAMN\\u00c9 \\u00c0 2 ANS DONT 6 MOIS FERME - Sadio Diallo avait partag\\u00e9 les photos nues de son ex copine\"}]},{\"@type\":\"Person\",\"@id\":\"https:\/\/www.nettali.com\/#\/schema\/person\/418274a86bdf87caff7a3ef476bd0bbf\",\"name\":\"Fatou\",\"image\":{\"@type\":\"ImageObject\",\"@id\":\"https:\/\/www.nettali.com\/#personlogo\",\"inLanguage\":\"fr-FR\",\"url\":\"https:\/\/secure.gravatar.com\/avatar\/5a9442a2bee7b4dcf167cab035858e9a?s=96&d=mm&r=g\",\"contentUrl\":\"https:\/\/secure.gravatar.com\/avatar\/5a9442a2bee7b4dcf167cab035858e9a?s=96&d=mm&r=g\",\"caption\":\"Fatou\"},\"sameAs\":[\"https:\/\/www.nettali.com\"]}]}<\/script>\n<!-- \/ Yoast SEO Premium plugin. -->","yoast_head_json":{"title":"CONDAMN\u00c9 \u00c0 2 ANS DONT 6 MOIS FERME - Sadio Diallo avait partag\u00e9 les photos nues de son ex copine | Nettali.com","robots":{"index":"index","follow":"follow","max-snippet":"max-snippet:-1","max-image-preview":"max-image-preview:large","max-video-preview":"max-video-preview:-1"},"canonical":"https:\/\/www.nettali.com\/2022\/10\/06\/condamne-a-2-ans-dont-6-mois-ferme-sadio-diallo-avait-partage-les-photos-nues-de-son-ex-copine\/","og_locale":"fr_FR","og_type":"article","og_title":"CONDAMN\u00c9 \u00c0 2 ANS DONT 6 MOIS FERME - Sadio Diallo avait partag\u00e9 les photos nues de son ex copine","og_description":"NETTALI.COM- Sadio Diallo a, \u00e0 cause de la jalousie, partag\u00e9 les photos nues de son ex copine. Le juge des flagrants d\u00e9lits de Dakar l'a condamn\u00e9 \u00e0 2 ans dont 6 mois.\u00a0 La jalousie est une maladie qui pousse certains \u00e0 commettre souvent des actes irr\u00e9fl\u00e9chis pour ne pas dire d\u00e9lictuels pour faire mal \u00e0 [&hellip;]","og_url":"https:\/\/www.nettali.com\/2022\/10\/06\/condamne-a-2-ans-dont-6-mois-ferme-sadio-diallo-avait-partage-les-photos-nues-de-son-ex-copine\/","og_site_name":"Nettali.com","article_publisher":"https:\/\/www.facebook.com\/nettalicom","article_published_time":"2022-10-06T08:18:16+00:00","og_image":[{"width":808,"height":463,"url":"https:\/\/www.nettali.com\/wp-content\/uploads\/2022\/08\/justice.jpg","type":"image\/jpeg"}],"twitter_card":"summary_large_image","twitter_misc":{"\u00c9crit par":"Fatou","Dur\u00e9e de lecture estim\u00e9e":"3 minutes"},"schema":{"@context":"https:\/\/schema.org","@graph":[{"@type":"WebSite","@id":"https:\/\/www.nettali.com\/#website","url":"https:\/\/www.nettali.com\/","name":"Nettali.com","description":"Le rendez-vous critique du Net","potentialAction":[{"@type":"SearchAction","target":{"@type":"EntryPoint","urlTemplate":"https:\/\/www.nettali.com\/?s={search_term_string}"},"query-input":"required name=search_term_string"}],"inLanguage":"fr-FR"},{"@type":"ImageObject","@id":"https:\/\/www.nettali.com\/2022\/10\/06\/condamne-a-2-ans-dont-6-mois-ferme-sadio-diallo-avait-partage-les-photos-nues-de-son-ex-copine\/#primaryimage","inLanguage":"fr-FR","url":"https:\/\/www.nettali.com\/wp-content\/uploads\/2022\/08\/justice.jpg","contentUrl":"https:\/\/www.nettali.com\/wp-content\/uploads\/2022\/08\/justice.jpg","width":808,"height":463},{"@type":"WebPage","@id":"https:\/\/www.nettali.com\/2022\/10\/06\/condamne-a-2-ans-dont-6-mois-ferme-sadio-diallo-avait-partage-les-photos-nues-de-son-ex-copine\/#webpage","url":"https:\/\/www.nettali.com\/2022\/10\/06\/condamne-a-2-ans-dont-6-mois-ferme-sadio-diallo-avait-partage-les-photos-nues-de-son-ex-copine\/","name":"CONDAMN\u00c9 \u00c0 2 ANS DONT 6 MOIS FERME - Sadio Diallo avait partag\u00e9 les photos nues de son ex copine | Nettali.com","isPartOf":{"@id":"https:\/\/www.nettali.com\/#website"},"primaryImageOfPage":{"@id":"https:\/\/www.nettali.com\/2022\/10\/06\/condamne-a-2-ans-dont-6-mois-ferme-sadio-diallo-avait-partage-les-photos-nues-de-son-ex-copine\/#primaryimage"},"datePublished":"2022-10-06T08:18:16+00:00","dateModified":"2022-10-06T08:18:16+00:00","author":{"@id":"https:\/\/www.nettali.com\/#\/schema\/person\/418274a86bdf87caff7a3ef476bd0bbf"},"breadcrumb":{"@id":"https:\/\/www.nettali.com\/2022\/10\/06\/condamne-a-2-ans-dont-6-mois-ferme-sadio-diallo-avait-partage-les-photos-nues-de-son-ex-copine\/#breadcrumb"},"inLanguage":"fr-FR","potentialAction":[{"@type":"ReadAction","target":["https:\/\/www.nettali.com\/2022\/10\/06\/condamne-a-2-ans-dont-6-mois-ferme-sadio-diallo-avait-partage-les-photos-nues-de-son-ex-copine\/"]}]},{"@type":"BreadcrumbList","@id":"https:\/\/www.nettali.com\/2022\/10\/06\/condamne-a-2-ans-dont-6-mois-ferme-sadio-diallo-avait-partage-les-photos-nues-de-son-ex-copine\/#breadcrumb","itemListElement":[{"@type":"ListItem","position":1,"name":"Accueil","item":"https:\/\/www.nettali.com\/"},{"@type":"ListItem","position":2,"name":"CONDAMN\u00c9 \u00c0 2 ANS DONT 6 MOIS FERME - Sadio Diallo avait partag\u00e9 les photos nues de son ex copine"}]},{"@type":"Person","@id":"https:\/\/www.nettali.com\/#\/schema\/person\/418274a86bdf87caff7a3ef476bd0bbf","name":"Fatou","image":{"@type":"ImageObject","@id":"https:\/\/www.nettali.com\/#personlogo","inLanguage":"fr-FR","url":"https:\/\/secure.gravatar.com\/avatar\/5a9442a2bee7b4dcf167cab035858e9a?s=96&d=mm&r=g","contentUrl":"https:\/\/secure.gravatar.com\/avatar\/5a9442a2bee7b4dcf167cab035858e9a?s=96&d=mm&r=g","caption":"Fatou"},"sameAs":["https:\/\/www.nettali.com"]}]}},"_links":{"self":[{"href":"https:\/\/www.nettali.com\/rest\/wp\/v2\/posts\/95111"}],"collection":[{"href":"https:\/\/www.nettali.com\/rest\/wp\/v2\/posts"}],"about":[{"href":"https:\/\/www.nettali.com\/rest\/wp\/v2\/types\/post"}],"author":[{"embeddable":true,"href":"https:\/\/www.nettali.com\/rest\/wp\/v2\/users\/6"}],"replies":[{"embeddable":true,"href":"https:\/\/www.nettali.com\/rest\/wp\/v2\/comments?post=95111"}],"version-history":[{"count":2,"href":"https:\/\/www.nettali.com\/rest\/wp\/v2\/posts\/95111\/revisions"}],"predecessor-version":[{"id":95129,"href":"https:\/\/www.nettali.com\/rest\/wp\/v2\/posts\/95111\/revisions\/95129"}],"wp:featuredmedia":[{"embeddable":true,"href":"https:\/\/www.nettali.com\/rest\/wp\/v2\/media\/91302"}],"wp:attachment":[{"href":"https:\/\/www.nettali.com\/rest\/wp\/v2\/media?parent=95111"}],"wp:term":[{"taxonomy":"category","embeddable":true,"href":"https:\/\/www.nettali.com\/rest\/wp\/v2\/categories?post=95111"},{"taxonomy":"post_tag","embeddable":true,"href":"https:\/\/www.nettali.com\/rest\/wp\/v2\/tags?post=95111"}],"curies":[{"name":"wp","href":"https:\/\/api.w.org\/{rel}","templated":true}]}}