{"id":95003,"date":"2022-10-04T13:23:24","date_gmt":"2022-10-04T13:23:24","guid":{"rendered":"https:\/\/www.nettali.com\/?p=95003"},"modified":"2022-10-05T15:23:45","modified_gmt":"2022-10-05T15:23:45","slug":"pds-un-si-profond-malaise","status":"publish","type":"post","link":"https:\/\/www.nettali.com\/2022\/10\/04\/pds-un-si-profond-malaise\/","title":{"rendered":"PDS - Un si profond malaise !"},"content":{"rendered":"<p><strong>NETTALI.COM -<\/strong> <strong>Avec un Wade affaibli par l\u2019\u00e2ge, un Karim Wade \u00e9loign\u00e9 du territoire, le Parti d\u00e9mocratique s\u00e9n\u00e9galais (Pds) souffre de la l\u00e9thargie de la plupart de ses instances de d\u00e9cision, avec des structures. C'est le cas du Comit\u00e9 directeur qui ne se r\u00e9unit presque jamais, depuis le d\u00e9part d\u2019Oumar Sarr et Cie.<\/strong><\/p>\n<p>Malaise au Parti d\u00e9mocratique s\u00e9n\u00e9galais (Pds). Depuis qu\u2019une possible d\u00e9mission de Karim Wade a \u00e9t\u00e9 agit\u00e9e en cas de vote du projet de loi d\u2019amnistie par des d\u00e9put\u00e9s du Pds, la tension est dans l\u2019air. La grogne gagne de plus en plus du terrain. Entre pro et anti-amnistie, l\u2019on ne se fait plus aucun cadeau. Et chaque camp compte d\u00e9fendre avec v\u00e9h\u00e9mence sa position. Pour les pro-amnistie, le Pds n\u2019a aucune g\u00eane \u00e0 \u00e9prouver, du moment que ce n\u2019est pas lui qui a \u00e9mis une telle demande. Pour les anti-amnisties, accepter l\u2019amnistie, c\u2019est renoncer au seul combat qui vaille \u00e0 leurs yeux : celle de la r\u00e9habilitation compl\u00e8te de leur leader. Mais au-del\u00e0 de cette opposition entre les deux camps, le Pds semble plus souffrir de la l\u00e9thargie de ses instances, si l\u2019on se fie \u00e0 certains responsables qui regrettent que le Comit\u00e9 directeur ait cess\u00e9 de se r\u00e9unir depuis le d\u00e9part d\u2019Oumar Sarr et Cie.<\/p>\n<p>Tout semble, depuis lors, venir directement d\u2019un homme et souvent, la plupart des responsables sont inform\u00e9s au m\u00eame moment que tous les S\u00e9n\u00e9galais. \"<em>C\u2019est un manque de respect notoire \u00e0 l\u2019endroit des militants<\/em>\", fulmine un dignitaire lib\u00e9ral sous le couvert de l\u2019anonymat. Membre de la Commission en charge de la communication, Ngouda Dionne, renseigne <em>EnQu\u00eate,<\/em> a essay\u00e9 de s\u2019expliquer sur le plateau de Walfadjri, hier. \"<em>Il faut savoir que depuis l\u2019av\u00e8nement de la pand\u00e9mie, le secr\u00e9taire g\u00e9n\u00e9ral national du parti avait suspendu les activit\u00e9s de toutes les structures. Depuis, seule une commission se r\u00e9unit r\u00e9guli\u00e8rement. Il s\u2019agit de la Commission communication qui se r\u00e9unit chaque semaine. Et si le secr\u00e9taire g\u00e9n\u00e9ral du parti a une position \u00e0 d\u00e9fendre, il le fait \u00e0 travers la commission en charge de la communication.\"<\/em><\/p>\n<p>\u00c0 ceux qui seraient tent\u00e9s de remettre en cause ce mode de fonctionnement o\u00f9 toutes les d\u00e9cisions semblent reposer sur la commission charg\u00e9e de la commission, Ngouda Dionne r\u00e9torque : \"<em>Les textes de notre parti pr\u00e9voient que si les instances habilit\u00e9es ne se r\u00e9unissent pas, celui qui porte la parole du parti est le secr\u00e9taire g\u00e9n\u00e9ral national et tout le monde l\u2019accepte. C\u2019est lui qui repr\u00e9sente le parti. En tout temps et en toutes circonstances, il peut parler au nom du Parti d\u00e9mocratique s\u00e9n\u00e9galais. Et c\u2019est lui qui parle \u00e0 travers le secr\u00e9taire national adjoint charg\u00e9 de la communication qui est Nafissatou Diallo<\/em>.\"<\/p>\n<p>Cette position ne fera que renforcer davantage les m\u00e9contents qui estiment qu\u2019on ne peut substituer la Commission communication au Comit\u00e9 directeur. \"<em>Il y a un probl\u00e8me v\u00e9ritable de fonctionnement d\u00e9mocratique qui se pose et je pense que les militants et autres responsables ne m\u00e9ritent pas \u00e7a. \u00c0 la limite, on est tent\u00e9 de se demander si on n\u2019est pas en train de donner raison \u00e0 ceux qui sont partis, en pr\u00e9tendant que toutes les d\u00e9cisions \u00e9taient prises \u00e0 partir de Doha. Il urge de remettre sur place les instances r\u00e9guli\u00e8res du parti. C\u2019est comme \u00e7a que le Pds a toujours fonctionn\u00e9 du temps o\u00f9 (Abdoulaye) Wade \u00e9tait aux commandes. Mais depuis que Karim est aux manettes, on n\u2019a plus rien d\u2019un parti d\u00e9mocratique<\/em>\", confie un responsable frustr\u00e9 dans les colonnes du journal <em>EnQu\u00eate.<\/em><\/p>\n<p>Mais selon les anti-amnistie, toute cette frustration s\u2019explique par la volont\u00e9 de Karim W1de d\u2019\u00eatre cons\u00e9quent avec lui-m\u00eame, de ne pas se compromettre avec un projet qu\u2019il a toujours reni\u00e9. Les militants du Pds,\u00a0 soutient Ngouda Dionne, doivent respecter la d\u00e9cision du principal concern\u00e9 par l\u2019amnistie. \"<em>Il faut que les gens sachent qu\u2019il y a le Pds d\u2019une part, il y a Karim Wade d\u2019autre part. Il faut distinguer les deux. Qu\u2019on le veuille ou non, cette question concerne d\u2019abord et avant tout Karim Wade. Quand je fais partie d\u2019une association, si l\u2019association doit d\u00e9cider d\u2019une affaire me concernant, elle doit me consulter d\u2019abord. Parce que m\u00eame si cela peut concerner l\u2019association, cela me concerne encore plus. Pour le cas d\u2019esp\u00e8ce, Karim a toujours estim\u00e9 qu\u2019il n\u2019a vol\u00e9 aucun centime de ce pays. Donc, il n\u2019a pas caus\u00e9 un tort au S\u00e9n\u00e9gal. Le pays n\u2019a pas, en cons\u00e9quence, \u00e0 lui pardonner. Il estime que c\u2019est la justice qui lui a caus\u00e9 un tort qu\u2019elle devrait r\u00e9parer.\"<\/em><\/p>\n<p>Pendant ce temps, d\u2019autres responsables fustigent avec amertume cette d\u00e9marche consistant \u00e0 toujours les mettre devant le fait accompli. Pour eux, c\u2019est comme \u00e7a que beaucoup de responsables ont pr\u00e9f\u00e9r\u00e9 se retirer dans leur coin et les laisser faire.<\/p>\n<div class='share-to-whatsapp-wrapper'><div class='share-on-whsp'>PARTAGER SUR : <\/div><a data-text='PDS - Un si profond malaise !' data-link='https:\/\/www.nettali.com\/2022\/10\/04\/pds-un-si-profond-malaise\/' class='whatsapp-button whatsapp-share'>WhatsApp<\/a><div class='clear '><\/div><\/div>","protected":false},"excerpt":{"rendered":"<p>NETTALI.COM - Avec un Wade affaibli par l\u2019\u00e2ge, un Karim Wade \u00e9loign\u00e9 du territoire, le Parti d\u00e9mocratique s\u00e9n\u00e9galais (Pds) souffre de la l\u00e9thargie de la plupart de ses instances de d\u00e9cision, avec des structures. C'est le cas du Comit\u00e9 directeur qui ne se r\u00e9unit presque jamais, depuis le d\u00e9part d\u2019Oumar Sarr et Cie. Malaise au [&hellip;]<\/p>\n","protected":false},"author":6,"featured_media":62320,"comment_status":"open","ping_status":"open","sticky":false,"template":"","format":"standard","meta":{"_et_pb_use_builder":"","_et_pb_old_content":""},"categories":[2],"tags":[],"yoast_head":"<!-- This site is optimized with the Yoast SEO Premium plugin v17.8 (Yoast SEO v17.8) - https:\/\/yoast.com\/wordpress\/plugins\/seo\/ -->\n<title>PDS - Un si profond malaise ! | Nettali.com<\/title>\n<meta name=\"robots\" content=\"index, follow, max-snippet:-1, max-image-preview:large, max-video-preview:-1\" \/>\n<link rel=\"canonical\" href=\"https:\/\/www.nettali.com\/2022\/10\/04\/pds-un-si-profond-malaise\/\" \/>\n<meta property=\"og:locale\" content=\"fr_FR\" \/>\n<meta property=\"og:type\" content=\"article\" \/>\n<meta property=\"og:title\" content=\"PDS - Un si profond malaise !\" \/>\n<meta property=\"og:description\" content=\"NETTALI.COM - Avec un Wade affaibli par l\u2019\u00e2ge, un Karim Wade \u00e9loign\u00e9 du territoire, le Parti d\u00e9mocratique s\u00e9n\u00e9galais (Pds) souffre de la l\u00e9thargie de la plupart de ses instances de d\u00e9cision, avec des structures. C&#039;est le cas du Comit\u00e9 directeur qui ne se r\u00e9unit presque jamais, depuis le d\u00e9part d\u2019Oumar Sarr et Cie. Malaise au [&hellip;]\" \/>\n<meta property=\"og:url\" content=\"https:\/\/www.nettali.com\/2022\/10\/04\/pds-un-si-profond-malaise\/\" \/>\n<meta property=\"og:site_name\" content=\"Nettali.com\" \/>\n<meta property=\"article:publisher\" content=\"https:\/\/www.facebook.com\/nettalicom\" \/>\n<meta property=\"article:published_time\" content=\"2022-10-04T13:23:24+00:00\" \/>\n<meta property=\"article:modified_time\" content=\"2022-10-05T15:23:45+00:00\" \/>\n<meta property=\"og:image\" content=\"https:\/\/www.nettali.com\/wp-content\/uploads\/2021\/04\/karim-et-wade-696x475-1.jpg\" \/>\n\t<meta property=\"og:image:width\" content=\"696\" \/>\n\t<meta property=\"og:image:height\" content=\"475\" \/>\n<meta name=\"twitter:card\" content=\"summary_large_image\" \/>\n<meta name=\"twitter:label1\" content=\"\u00c9crit par\" \/>\n\t<meta name=\"twitter:data1\" content=\"Fatou\" \/>\n\t<meta name=\"twitter:label2\" content=\"Dur\u00e9e de lecture estim\u00e9e\" \/>\n\t<meta name=\"twitter:data2\" content=\"4 minutes\" \/>\n<script type=\"application\/ld+json\" class=\"yoast-schema-graph\">{\"@context\":\"https:\/\/schema.org\",\"@graph\":[{\"@type\":\"WebSite\",\"@id\":\"https:\/\/www.nettali.com\/#website\",\"url\":\"https:\/\/www.nettali.com\/\",\"name\":\"Nettali.com\",\"description\":\"Le rendez-vous critique du Net\",\"potentialAction\":[{\"@type\":\"SearchAction\",\"target\":{\"@type\":\"EntryPoint\",\"urlTemplate\":\"https:\/\/www.nettali.com\/?s={search_term_string}\"},\"query-input\":\"required name=search_term_string\"}],\"inLanguage\":\"fr-FR\"},{\"@type\":\"ImageObject\",\"@id\":\"https:\/\/www.nettali.com\/2022\/10\/04\/pds-un-si-profond-malaise\/#primaryimage\",\"inLanguage\":\"fr-FR\",\"url\":\"https:\/\/www.nettali.com\/wp-content\/uploads\/2021\/04\/karim-et-wade-696x475-1.jpg\",\"contentUrl\":\"https:\/\/www.nettali.com\/wp-content\/uploads\/2021\/04\/karim-et-wade-696x475-1.jpg\",\"width\":696,\"height\":475},{\"@type\":\"WebPage\",\"@id\":\"https:\/\/www.nettali.com\/2022\/10\/04\/pds-un-si-profond-malaise\/#webpage\",\"url\":\"https:\/\/www.nettali.com\/2022\/10\/04\/pds-un-si-profond-malaise\/\",\"name\":\"PDS - Un si profond malaise ! | Nettali.com\",\"isPartOf\":{\"@id\":\"https:\/\/www.nettali.com\/#website\"},\"primaryImageOfPage\":{\"@id\":\"https:\/\/www.nettali.com\/2022\/10\/04\/pds-un-si-profond-malaise\/#primaryimage\"},\"datePublished\":\"2022-10-04T13:23:24+00:00\",\"dateModified\":\"2022-10-05T15:23:45+00:00\",\"author\":{\"@id\":\"https:\/\/www.nettali.com\/#\/schema\/person\/418274a86bdf87caff7a3ef476bd0bbf\"},\"breadcrumb\":{\"@id\":\"https:\/\/www.nettali.com\/2022\/10\/04\/pds-un-si-profond-malaise\/#breadcrumb\"},\"inLanguage\":\"fr-FR\",\"potentialAction\":[{\"@type\":\"ReadAction\",\"target\":[\"https:\/\/www.nettali.com\/2022\/10\/04\/pds-un-si-profond-malaise\/\"]}]},{\"@type\":\"BreadcrumbList\",\"@id\":\"https:\/\/www.nettali.com\/2022\/10\/04\/pds-un-si-profond-malaise\/#breadcrumb\",\"itemListElement\":[{\"@type\":\"ListItem\",\"position\":1,\"name\":\"Accueil\",\"item\":\"https:\/\/www.nettali.com\/\"},{\"@type\":\"ListItem\",\"position\":2,\"name\":\"PDS - Un si profond malaise !\"}]},{\"@type\":\"Person\",\"@id\":\"https:\/\/www.nettali.com\/#\/schema\/person\/418274a86bdf87caff7a3ef476bd0bbf\",\"name\":\"Fatou\",\"image\":{\"@type\":\"ImageObject\",\"@id\":\"https:\/\/www.nettali.com\/#personlogo\",\"inLanguage\":\"fr-FR\",\"url\":\"https:\/\/secure.gravatar.com\/avatar\/5a9442a2bee7b4dcf167cab035858e9a?s=96&d=mm&r=g\",\"contentUrl\":\"https:\/\/secure.gravatar.com\/avatar\/5a9442a2bee7b4dcf167cab035858e9a?s=96&d=mm&r=g\",\"caption\":\"Fatou\"},\"sameAs\":[\"https:\/\/www.nettali.com\"]}]}<\/script>\n<!-- \/ Yoast SEO Premium plugin. -->","yoast_head_json":{"title":"PDS - Un si profond malaise ! | Nettali.com","robots":{"index":"index","follow":"follow","max-snippet":"max-snippet:-1","max-image-preview":"max-image-preview:large","max-video-preview":"max-video-preview:-1"},"canonical":"https:\/\/www.nettali.com\/2022\/10\/04\/pds-un-si-profond-malaise\/","og_locale":"fr_FR","og_type":"article","og_title":"PDS - Un si profond malaise !","og_description":"NETTALI.COM - Avec un Wade affaibli par l\u2019\u00e2ge, un Karim Wade \u00e9loign\u00e9 du territoire, le Parti d\u00e9mocratique s\u00e9n\u00e9galais (Pds) souffre de la l\u00e9thargie de la plupart de ses instances de d\u00e9cision, avec des structures. C'est le cas du Comit\u00e9 directeur qui ne se r\u00e9unit presque jamais, depuis le d\u00e9part d\u2019Oumar Sarr et Cie. Malaise au [&hellip;]","og_url":"https:\/\/www.nettali.com\/2022\/10\/04\/pds-un-si-profond-malaise\/","og_site_name":"Nettali.com","article_publisher":"https:\/\/www.facebook.com\/nettalicom","article_published_time":"2022-10-04T13:23:24+00:00","article_modified_time":"2022-10-05T15:23:45+00:00","og_image":[{"width":696,"height":475,"url":"https:\/\/www.nettali.com\/wp-content\/uploads\/2021\/04\/karim-et-wade-696x475-1.jpg","type":"image\/jpeg"}],"twitter_card":"summary_large_image","twitter_misc":{"\u00c9crit par":"Fatou","Dur\u00e9e de lecture estim\u00e9e":"4 minutes"},"schema":{"@context":"https:\/\/schema.org","@graph":[{"@type":"WebSite","@id":"https:\/\/www.nettali.com\/#website","url":"https:\/\/www.nettali.com\/","name":"Nettali.com","description":"Le rendez-vous critique du Net","potentialAction":[{"@type":"SearchAction","target":{"@type":"EntryPoint","urlTemplate":"https:\/\/www.nettali.com\/?s={search_term_string}"},"query-input":"required name=search_term_string"}],"inLanguage":"fr-FR"},{"@type":"ImageObject","@id":"https:\/\/www.nettali.com\/2022\/10\/04\/pds-un-si-profond-malaise\/#primaryimage","inLanguage":"fr-FR","url":"https:\/\/www.nettali.com\/wp-content\/uploads\/2021\/04\/karim-et-wade-696x475-1.jpg","contentUrl":"https:\/\/www.nettali.com\/wp-content\/uploads\/2021\/04\/karim-et-wade-696x475-1.jpg","width":696,"height":475},{"@type":"WebPage","@id":"https:\/\/www.nettali.com\/2022\/10\/04\/pds-un-si-profond-malaise\/#webpage","url":"https:\/\/www.nettali.com\/2022\/10\/04\/pds-un-si-profond-malaise\/","name":"PDS - Un si profond malaise ! | Nettali.com","isPartOf":{"@id":"https:\/\/www.nettali.com\/#website"},"primaryImageOfPage":{"@id":"https:\/\/www.nettali.com\/2022\/10\/04\/pds-un-si-profond-malaise\/#primaryimage"},"datePublished":"2022-10-04T13:23:24+00:00","dateModified":"2022-10-05T15:23:45+00:00","author":{"@id":"https:\/\/www.nettali.com\/#\/schema\/person\/418274a86bdf87caff7a3ef476bd0bbf"},"breadcrumb":{"@id":"https:\/\/www.nettali.com\/2022\/10\/04\/pds-un-si-profond-malaise\/#breadcrumb"},"inLanguage":"fr-FR","potentialAction":[{"@type":"ReadAction","target":["https:\/\/www.nettali.com\/2022\/10\/04\/pds-un-si-profond-malaise\/"]}]},{"@type":"BreadcrumbList","@id":"https:\/\/www.nettali.com\/2022\/10\/04\/pds-un-si-profond-malaise\/#breadcrumb","itemListElement":[{"@type":"ListItem","position":1,"name":"Accueil","item":"https:\/\/www.nettali.com\/"},{"@type":"ListItem","position":2,"name":"PDS - Un si profond malaise !"}]},{"@type":"Person","@id":"https:\/\/www.nettali.com\/#\/schema\/person\/418274a86bdf87caff7a3ef476bd0bbf","name":"Fatou","image":{"@type":"ImageObject","@id":"https:\/\/www.nettali.com\/#personlogo","inLanguage":"fr-FR","url":"https:\/\/secure.gravatar.com\/avatar\/5a9442a2bee7b4dcf167cab035858e9a?s=96&d=mm&r=g","contentUrl":"https:\/\/secure.gravatar.com\/avatar\/5a9442a2bee7b4dcf167cab035858e9a?s=96&d=mm&r=g","caption":"Fatou"},"sameAs":["https:\/\/www.nettali.com"]}]}},"_links":{"self":[{"href":"https:\/\/www.nettali.com\/rest\/wp\/v2\/posts\/95003"}],"collection":[{"href":"https:\/\/www.nettali.com\/rest\/wp\/v2\/posts"}],"about":[{"href":"https:\/\/www.nettali.com\/rest\/wp\/v2\/types\/post"}],"author":[{"embeddable":true,"href":"https:\/\/www.nettali.com\/rest\/wp\/v2\/users\/6"}],"replies":[{"embeddable":true,"href":"https:\/\/www.nettali.com\/rest\/wp\/v2\/comments?post=95003"}],"version-history":[{"count":3,"href":"https:\/\/www.nettali.com\/rest\/wp\/v2\/posts\/95003\/revisions"}],"predecessor-version":[{"id":95016,"href":"https:\/\/www.nettali.com\/rest\/wp\/v2\/posts\/95003\/revisions\/95016"}],"wp:featuredmedia":[{"embeddable":true,"href":"https:\/\/www.nettali.com\/rest\/wp\/v2\/media\/62320"}],"wp:attachment":[{"href":"https:\/\/www.nettali.com\/rest\/wp\/v2\/media?parent=95003"}],"wp:term":[{"taxonomy":"category","embeddable":true,"href":"https:\/\/www.nettali.com\/rest\/wp\/v2\/categories?post=95003"},{"taxonomy":"post_tag","embeddable":true,"href":"https:\/\/www.nettali.com\/rest\/wp\/v2\/tags?post=95003"}],"curies":[{"name":"wp","href":"https:\/\/api.w.org\/{rel}","templated":true}]}}