{"id":94952,"date":"2022-10-03T19:58:55","date_gmt":"2022-10-03T19:58:55","guid":{"rendered":"https:\/\/www.nettali.com\/?p=94952"},"modified":"2022-10-04T07:47:16","modified_gmt":"2022-10-04T07:47:16","slug":"thierno-alassane-sall-il-y-a-plus-urgent-quune-loi-damnistie","status":"publish","type":"post","link":"https:\/\/www.nettali.com\/2022\/10\/03\/thierno-alassane-sall-il-y-a-plus-urgent-quune-loi-damnistie\/","title":{"rendered":"THIERNO ALASSANE SALL - \"Il y a plus urgent qu'une loi d'amnistie\""},"content":{"rendered":"<p><strong>NETTALI.COM - Le d\u00e9bat sur une \u00e9ventuelle loi d'amnistie au b\u00e9n\u00e9fice de Karim Wade et de Khalifa Sall n'int\u00e9resse pas Thierno Alassane Sall. En d\u00e9placement ce lundi au march\u00e9 de Colobane, le d\u00e9put\u00e9 non-inscrit a laiss\u00e9 entendre que les urgences sont ailleurs.\u00a0<\/strong><\/p>\n<p>\"<em>Les d\u00e9put\u00e9s ont une grande responsabilit\u00e9<\/em>.\" Ces propos sont de l'ancien ministre Thierno Alassane Sall. Il s'exprimait ce lundi au sortir d'une visite au march\u00e9 de Colobane. Selon lui, les parlementaires doivent montrer que \"<em>l'Assembl\u00e9e de rupture et les d\u00e9put\u00e9s de rupture dont ils parlent sont une r\u00e9alit\u00e9<\/em>\". \"<em>C'est ce qui doit \u00eatre la priorit\u00e9 et non les discours de politique politicienne. Il y a plus urgent qu'une loi d'amnistie<\/em>\", dit-il. Avant de rappeler le travail qui attend les d\u00e9put\u00e9s de la nouvelle l\u00e9gislature. \"<em>Nous devons, avant de voter le budget, nous rendre dans les h\u00f4pitaux pour comprendre pourquoi les travailleurs sont en gr\u00e8ve, \u00e0 la Poste, chez les concessionnaires du ramassage des ordures, les commer\u00e7ants, les agriculteurs...<\/em>\", estime-t-il. A ceux qui parlent de loi d'amnistie, Thierno Alassane Sall r\u00e9plique : \"<em>C'est manquer de respect aux S\u00e9n\u00e9galais que de leur parler d'amnistie. On doit arr\u00eater ce d\u00e9bat et s'occuper de l'essentiel, c'est-\u00e0-dire de la sant\u00e9, des march\u00e9s, des populations qui souffrent... Le temps de la politique est d\u00e9pass\u00e9<\/em>.\" \"<em>Au moment o\u00f9 je vous parle, les h\u00f4pitaux sont en gr\u00e8ve, les agents de l'agriculture et de l'\u00e9levage sont en gr\u00e8ve. Et c'est la preuve que la crise est partout dans ce pays<\/em>\", dit-il.<\/p>\n<p>Revenant sur la situation au march\u00e9 Colobane, le d\u00e9put\u00e9 d\u00e9plore la promiscuit\u00e9, l'ins\u00e9curit\u00e9 et surtout l'insalubrit\u00e9 qui y r\u00e8gnent. \"<em>Les concessionnaires qui doivent s'occuper du ramassage des ordures sont certes en gr\u00e8ve, mais ce n'est pas une raison pour que le march\u00e9 soit dans un tel \u00e9tat d'insalubrit\u00e9<\/em>\", d\u00e9plore le d\u00e9put\u00e9 membre de la coalition \"Aar S\u00e9n\u00e9gal\".<\/p>\n<p>&nbsp;<\/p>\n<p>&nbsp;<\/p>\n<div class='share-to-whatsapp-wrapper'><div class='share-on-whsp'>PARTAGER SUR : <\/div><a data-text='THIERNO ALASSANE SALL - \"Il y a plus urgent qu'une loi d'amnistie\"' data-link='https:\/\/www.nettali.com\/2022\/10\/03\/thierno-alassane-sall-il-y-a-plus-urgent-quune-loi-damnistie\/' class='whatsapp-button whatsapp-share'>WhatsApp<\/a><div class='clear '><\/div><\/div>","protected":false},"excerpt":{"rendered":"<p>NETTALI.COM - Le d\u00e9bat sur une \u00e9ventuelle loi d'amnistie au b\u00e9n\u00e9fice de Karim Wade et de Khalifa Sall n'int\u00e9resse pas Thierno Alassane Sall. En d\u00e9placement ce lundi au march\u00e9 de Colobane, le d\u00e9put\u00e9 non-inscrit a laiss\u00e9 entendre que les urgences sont ailleurs.\u00a0 \"Les d\u00e9put\u00e9s ont une grande responsabilit\u00e9.\" Ces propos sont de l'ancien ministre Thierno [&hellip;]<\/p>\n","protected":false},"author":3,"featured_media":94957,"comment_status":"open","ping_status":"open","sticky":false,"template":"","format":"standard","meta":{"_et_pb_use_builder":"","_et_pb_old_content":""},"categories":[2],"tags":[],"yoast_head":"<!-- This site is optimized with the Yoast SEO Premium plugin v17.8 (Yoast SEO v17.8) - https:\/\/yoast.com\/wordpress\/plugins\/seo\/ -->\n<title>THIERNO ALASSANE SALL - &quot;Il y a plus urgent qu&#039;une loi d&#039;amnistie&quot; | Nettali.com<\/title>\n<meta name=\"robots\" content=\"index, follow, max-snippet:-1, max-image-preview:large, max-video-preview:-1\" \/>\n<link rel=\"canonical\" href=\"https:\/\/www.nettali.com\/2022\/10\/03\/thierno-alassane-sall-il-y-a-plus-urgent-quune-loi-damnistie\/\" \/>\n<meta property=\"og:locale\" content=\"fr_FR\" \/>\n<meta property=\"og:type\" content=\"article\" \/>\n<meta property=\"og:title\" content=\"THIERNO ALASSANE SALL - &quot;Il y a plus urgent qu&#039;une loi d&#039;amnistie&quot;\" \/>\n<meta property=\"og:description\" content=\"NETTALI.COM - Le d\u00e9bat sur une \u00e9ventuelle loi d&#039;amnistie au b\u00e9n\u00e9fice de Karim Wade et de Khalifa Sall n&#039;int\u00e9resse pas Thierno Alassane Sall. En d\u00e9placement ce lundi au march\u00e9 de Colobane, le d\u00e9put\u00e9 non-inscrit a laiss\u00e9 entendre que les urgences sont ailleurs.\u00a0 &quot;Les d\u00e9put\u00e9s ont une grande responsabilit\u00e9.&quot; Ces propos sont de l&#039;ancien ministre Thierno [&hellip;]\" \/>\n<meta property=\"og:url\" content=\"https:\/\/www.nettali.com\/2022\/10\/03\/thierno-alassane-sall-il-y-a-plus-urgent-quune-loi-damnistie\/\" \/>\n<meta property=\"og:site_name\" content=\"Nettali.com\" \/>\n<meta property=\"article:publisher\" content=\"https:\/\/www.facebook.com\/nettalicom\" \/>\n<meta property=\"article:published_time\" content=\"2022-10-03T19:58:55+00:00\" \/>\n<meta property=\"article:modified_time\" content=\"2022-10-04T07:47:16+00:00\" \/>\n<meta property=\"og:image\" content=\"https:\/\/www.nettali.com\/wp-content\/uploads\/2022\/10\/Thierno-Alassane-Sall.jpg\" \/>\n\t<meta property=\"og:image:width\" content=\"2048\" \/>\n\t<meta property=\"og:image:height\" content=\"2048\" \/>\n<meta name=\"twitter:card\" content=\"summary_large_image\" \/>\n<meta name=\"twitter:label1\" content=\"\u00c9crit par\" \/>\n\t<meta name=\"twitter:data1\" content=\"Moustapha\" \/>\n\t<meta name=\"twitter:label2\" content=\"Dur\u00e9e de lecture estim\u00e9e\" \/>\n\t<meta name=\"twitter:data2\" content=\"2 minutes\" \/>\n<script type=\"application\/ld+json\" class=\"yoast-schema-graph\">{\"@context\":\"https:\/\/schema.org\",\"@graph\":[{\"@type\":\"WebSite\",\"@id\":\"https:\/\/www.nettali.com\/#website\",\"url\":\"https:\/\/www.nettali.com\/\",\"name\":\"Nettali.com\",\"description\":\"Le rendez-vous critique du Net\",\"potentialAction\":[{\"@type\":\"SearchAction\",\"target\":{\"@type\":\"EntryPoint\",\"urlTemplate\":\"https:\/\/www.nettali.com\/?s={search_term_string}\"},\"query-input\":\"required name=search_term_string\"}],\"inLanguage\":\"fr-FR\"},{\"@type\":\"ImageObject\",\"@id\":\"https:\/\/www.nettali.com\/2022\/10\/03\/thierno-alassane-sall-il-y-a-plus-urgent-quune-loi-damnistie\/#primaryimage\",\"inLanguage\":\"fr-FR\",\"url\":\"https:\/\/www.nettali.com\/wp-content\/uploads\/2022\/10\/Thierno-Alassane-Sall.jpg\",\"contentUrl\":\"https:\/\/www.nettali.com\/wp-content\/uploads\/2022\/10\/Thierno-Alassane-Sall.jpg\",\"width\":2048,\"height\":2048},{\"@type\":\"WebPage\",\"@id\":\"https:\/\/www.nettali.com\/2022\/10\/03\/thierno-alassane-sall-il-y-a-plus-urgent-quune-loi-damnistie\/#webpage\",\"url\":\"https:\/\/www.nettali.com\/2022\/10\/03\/thierno-alassane-sall-il-y-a-plus-urgent-quune-loi-damnistie\/\",\"name\":\"THIERNO ALASSANE SALL - \\\"Il y a plus urgent qu'une loi d'amnistie\\\" | Nettali.com\",\"isPartOf\":{\"@id\":\"https:\/\/www.nettali.com\/#website\"},\"primaryImageOfPage\":{\"@id\":\"https:\/\/www.nettali.com\/2022\/10\/03\/thierno-alassane-sall-il-y-a-plus-urgent-quune-loi-damnistie\/#primaryimage\"},\"datePublished\":\"2022-10-03T19:58:55+00:00\",\"dateModified\":\"2022-10-04T07:47:16+00:00\",\"author\":{\"@id\":\"https:\/\/www.nettali.com\/#\/schema\/person\/7962a12a6e0267f88f0ffa544c36469a\"},\"breadcrumb\":{\"@id\":\"https:\/\/www.nettali.com\/2022\/10\/03\/thierno-alassane-sall-il-y-a-plus-urgent-quune-loi-damnistie\/#breadcrumb\"},\"inLanguage\":\"fr-FR\",\"potentialAction\":[{\"@type\":\"ReadAction\",\"target\":[\"https:\/\/www.nettali.com\/2022\/10\/03\/thierno-alassane-sall-il-y-a-plus-urgent-quune-loi-damnistie\/\"]}]},{\"@type\":\"BreadcrumbList\",\"@id\":\"https:\/\/www.nettali.com\/2022\/10\/03\/thierno-alassane-sall-il-y-a-plus-urgent-quune-loi-damnistie\/#breadcrumb\",\"itemListElement\":[{\"@type\":\"ListItem\",\"position\":1,\"name\":\"Accueil\",\"item\":\"https:\/\/www.nettali.com\/\"},{\"@type\":\"ListItem\",\"position\":2,\"name\":\"THIERNO ALASSANE SALL - \\\"Il y a plus urgent qu'une loi d'amnistie\\\"\"}]},{\"@type\":\"Person\",\"@id\":\"https:\/\/www.nettali.com\/#\/schema\/person\/7962a12a6e0267f88f0ffa544c36469a\",\"name\":\"Moustapha\",\"image\":{\"@type\":\"ImageObject\",\"@id\":\"https:\/\/www.nettali.com\/#personlogo\",\"inLanguage\":\"fr-FR\",\"url\":\"https:\/\/secure.gravatar.com\/avatar\/10fdf6a071cccdcf374e3dbe45159590?s=96&d=mm&r=g\",\"contentUrl\":\"https:\/\/secure.gravatar.com\/avatar\/10fdf6a071cccdcf374e3dbe45159590?s=96&d=mm&r=g\",\"caption\":\"Moustapha\"},\"sameAs\":[\"https:\/\/www.nettali.com\"]}]}<\/script>\n<!-- \/ Yoast SEO Premium plugin. -->","yoast_head_json":{"title":"THIERNO ALASSANE SALL - \"Il y a plus urgent qu'une loi d'amnistie\" | Nettali.com","robots":{"index":"index","follow":"follow","max-snippet":"max-snippet:-1","max-image-preview":"max-image-preview:large","max-video-preview":"max-video-preview:-1"},"canonical":"https:\/\/www.nettali.com\/2022\/10\/03\/thierno-alassane-sall-il-y-a-plus-urgent-quune-loi-damnistie\/","og_locale":"fr_FR","og_type":"article","og_title":"THIERNO ALASSANE SALL - \"Il y a plus urgent qu'une loi d'amnistie\"","og_description":"NETTALI.COM - Le d\u00e9bat sur une \u00e9ventuelle loi d'amnistie au b\u00e9n\u00e9fice de Karim Wade et de Khalifa Sall n'int\u00e9resse pas Thierno Alassane Sall. En d\u00e9placement ce lundi au march\u00e9 de Colobane, le d\u00e9put\u00e9 non-inscrit a laiss\u00e9 entendre que les urgences sont ailleurs.\u00a0 \"Les d\u00e9put\u00e9s ont une grande responsabilit\u00e9.\" Ces propos sont de l'ancien ministre Thierno [&hellip;]","og_url":"https:\/\/www.nettali.com\/2022\/10\/03\/thierno-alassane-sall-il-y-a-plus-urgent-quune-loi-damnistie\/","og_site_name":"Nettali.com","article_publisher":"https:\/\/www.facebook.com\/nettalicom","article_published_time":"2022-10-03T19:58:55+00:00","article_modified_time":"2022-10-04T07:47:16+00:00","og_image":[{"width":2048,"height":2048,"url":"https:\/\/www.nettali.com\/wp-content\/uploads\/2022\/10\/Thierno-Alassane-Sall.jpg","type":"image\/jpeg"}],"twitter_card":"summary_large_image","twitter_misc":{"\u00c9crit par":"Moustapha","Dur\u00e9e de lecture estim\u00e9e":"2 minutes"},"schema":{"@context":"https:\/\/schema.org","@graph":[{"@type":"WebSite","@id":"https:\/\/www.nettali.com\/#website","url":"https:\/\/www.nettali.com\/","name":"Nettali.com","description":"Le rendez-vous critique du Net","potentialAction":[{"@type":"SearchAction","target":{"@type":"EntryPoint","urlTemplate":"https:\/\/www.nettali.com\/?s={search_term_string}"},"query-input":"required name=search_term_string"}],"inLanguage":"fr-FR"},{"@type":"ImageObject","@id":"https:\/\/www.nettali.com\/2022\/10\/03\/thierno-alassane-sall-il-y-a-plus-urgent-quune-loi-damnistie\/#primaryimage","inLanguage":"fr-FR","url":"https:\/\/www.nettali.com\/wp-content\/uploads\/2022\/10\/Thierno-Alassane-Sall.jpg","contentUrl":"https:\/\/www.nettali.com\/wp-content\/uploads\/2022\/10\/Thierno-Alassane-Sall.jpg","width":2048,"height":2048},{"@type":"WebPage","@id":"https:\/\/www.nettali.com\/2022\/10\/03\/thierno-alassane-sall-il-y-a-plus-urgent-quune-loi-damnistie\/#webpage","url":"https:\/\/www.nettali.com\/2022\/10\/03\/thierno-alassane-sall-il-y-a-plus-urgent-quune-loi-damnistie\/","name":"THIERNO ALASSANE SALL - \"Il y a plus urgent qu'une loi d'amnistie\" | Nettali.com","isPartOf":{"@id":"https:\/\/www.nettali.com\/#website"},"primaryImageOfPage":{"@id":"https:\/\/www.nettali.com\/2022\/10\/03\/thierno-alassane-sall-il-y-a-plus-urgent-quune-loi-damnistie\/#primaryimage"},"datePublished":"2022-10-03T19:58:55+00:00","dateModified":"2022-10-04T07:47:16+00:00","author":{"@id":"https:\/\/www.nettali.com\/#\/schema\/person\/7962a12a6e0267f88f0ffa544c36469a"},"breadcrumb":{"@id":"https:\/\/www.nettali.com\/2022\/10\/03\/thierno-alassane-sall-il-y-a-plus-urgent-quune-loi-damnistie\/#breadcrumb"},"inLanguage":"fr-FR","potentialAction":[{"@type":"ReadAction","target":["https:\/\/www.nettali.com\/2022\/10\/03\/thierno-alassane-sall-il-y-a-plus-urgent-quune-loi-damnistie\/"]}]},{"@type":"BreadcrumbList","@id":"https:\/\/www.nettali.com\/2022\/10\/03\/thierno-alassane-sall-il-y-a-plus-urgent-quune-loi-damnistie\/#breadcrumb","itemListElement":[{"@type":"ListItem","position":1,"name":"Accueil","item":"https:\/\/www.nettali.com\/"},{"@type":"ListItem","position":2,"name":"THIERNO ALASSANE SALL - \"Il y a plus urgent qu'une loi d'amnistie\""}]},{"@type":"Person","@id":"https:\/\/www.nettali.com\/#\/schema\/person\/7962a12a6e0267f88f0ffa544c36469a","name":"Moustapha","image":{"@type":"ImageObject","@id":"https:\/\/www.nettali.com\/#personlogo","inLanguage":"fr-FR","url":"https:\/\/secure.gravatar.com\/avatar\/10fdf6a071cccdcf374e3dbe45159590?s=96&d=mm&r=g","contentUrl":"https:\/\/secure.gravatar.com\/avatar\/10fdf6a071cccdcf374e3dbe45159590?s=96&d=mm&r=g","caption":"Moustapha"},"sameAs":["https:\/\/www.nettali.com"]}]}},"_links":{"self":[{"href":"https:\/\/www.nettali.com\/rest\/wp\/v2\/posts\/94952"}],"collection":[{"href":"https:\/\/www.nettali.com\/rest\/wp\/v2\/posts"}],"about":[{"href":"https:\/\/www.nettali.com\/rest\/wp\/v2\/types\/post"}],"author":[{"embeddable":true,"href":"https:\/\/www.nettali.com\/rest\/wp\/v2\/users\/3"}],"replies":[{"embeddable":true,"href":"https:\/\/www.nettali.com\/rest\/wp\/v2\/comments?post=94952"}],"version-history":[{"count":1,"href":"https:\/\/www.nettali.com\/rest\/wp\/v2\/posts\/94952\/revisions"}],"predecessor-version":[{"id":94958,"href":"https:\/\/www.nettali.com\/rest\/wp\/v2\/posts\/94952\/revisions\/94958"}],"wp:featuredmedia":[{"embeddable":true,"href":"https:\/\/www.nettali.com\/rest\/wp\/v2\/media\/94957"}],"wp:attachment":[{"href":"https:\/\/www.nettali.com\/rest\/wp\/v2\/media?parent=94952"}],"wp:term":[{"taxonomy":"category","embeddable":true,"href":"https:\/\/www.nettali.com\/rest\/wp\/v2\/categories?post=94952"},{"taxonomy":"post_tag","embeddable":true,"href":"https:\/\/www.nettali.com\/rest\/wp\/v2\/tags?post=94952"}],"curies":[{"name":"wp","href":"https:\/\/api.w.org\/{rel}","templated":true}]}}