{"id":94935,"date":"2022-10-03T13:27:44","date_gmt":"2022-10-03T13:27:44","guid":{"rendered":"https:\/\/www.nettali.com\/?p=94935"},"modified":"2022-10-03T20:03:37","modified_gmt":"2022-10-03T20:03:37","slug":"presidentielle-de-2024-je-soutiendrai-toutes-les-initiatives-du-president-macky-sall","status":"publish","type":"post","link":"https:\/\/www.nettali.com\/2022\/10\/03\/presidentielle-de-2024-je-soutiendrai-toutes-les-initiatives-du-president-macky-sall\/","title":{"rendered":"PRESIDENTIELLE DE 2024 \u2013 \"Je soutiendrai toutes les initiatives du pr\u00e9sident Macky Sall\""},"content":{"rendered":"<p><strong>NETTALI.COM - Parrain du \u00abtournoi de l\u2019\u00e9mergence\u00bb qui a appos\u00e9, samedi, les ASC de Walald\u00e9 et Bokk\u00e9 Dialloub\u00e9, Abdoulaye Daouda Diallo en a profit\u00e9 pour faire sa premi\u00e8re sortie politique apr\u00e8s avoir quitt\u00e9 le gouvernement et apr\u00e8s sa nomination comme ministre d\u2019Etat, Directeur de cabinet du pr\u00e9sident de la R\u00e9publique.<\/strong><\/p>\n<p>Il a \u00e9t\u00e9 clair et net, Abdoulaye Daouda Diallo. Il va accompagner, de mani\u00e8re \u00a0ind\u00e9fectible, <em>\u00abtoutes initiatives que le Pr\u00e9sident Macky Sall aura pris concernant la prochaine pr\u00e9sidentielle de 2024\u00bb<\/em>.<\/p>\n<p><em>\u00abJe transmets aux populations du Fouta les remerciements du Pr\u00e9sident Macky Sall, pour leur comportement positif et leur abn\u00e9gation \u00e0 faire gagner les listes de Benno lors des derni\u00e8res \u00e9lections. D\u2019ailleurs, lors d\u2019une r\u00e9union du secr\u00e9tariat ex\u00e9cutif, Macky Sall a lui-m\u00eame \u00e9voqu\u00e9 leur cas et les a vivement remerci\u00e9s, que \u00e7a soit les populations de Matam, de Podor ou de Dagana et bien s\u00fbr celles de Ran\u00e9rou\u00bb<\/em>, d\u00e9clare Abdoulaye Daouda Diallo.<\/p>\n<p>Selon lui, toute la population du Fouta doit le remercier en se mettant \u00e0 ses c\u00f4t\u00e9s. \u00a0<em>\u00abEn ce qui me concerne, comme j\u2019ai l\u2019habitude de le dire, nous n\u2019accompagnons pas le Pr\u00e9sident pour des questions de positions. Hier, avant m\u00eame qu\u2019il ne soit aux affaires, plus qu\u2019aujourd\u2019hui, nous continuerons d\u2019\u00eatre \u00e0 ses c\u00f4t\u00e9s\u00bb<\/em>, fait-il remarquer.<\/p>\n<p>&nbsp;<\/p>\n<div class='share-to-whatsapp-wrapper'><div class='share-on-whsp'>PARTAGER SUR : <\/div><a data-text='PRESIDENTIELLE DE 2024 \u2013 \"Je soutiendrai toutes les initiatives du pr\u00e9sident Macky Sall\"' data-link='https:\/\/www.nettali.com\/2022\/10\/03\/presidentielle-de-2024-je-soutiendrai-toutes-les-initiatives-du-president-macky-sall\/' class='whatsapp-button whatsapp-share'>WhatsApp<\/a><div class='clear '><\/div><\/div>","protected":false},"excerpt":{"rendered":"<p>NETTALI.COM - Parrain du \u00abtournoi de l\u2019\u00e9mergence\u00bb qui a appos\u00e9, samedi, les ASC de Walald\u00e9 et Bokk\u00e9 Dialloub\u00e9, Abdoulaye Daouda Diallo en a profit\u00e9 pour faire sa premi\u00e8re sortie politique apr\u00e8s avoir quitt\u00e9 le gouvernement et apr\u00e8s sa nomination comme ministre d\u2019Etat, Directeur de cabinet du pr\u00e9sident de la R\u00e9publique. Il a \u00e9t\u00e9 clair et [&hellip;]<\/p>\n","protected":false},"author":4,"featured_media":88994,"comment_status":"open","ping_status":"open","sticky":false,"template":"","format":"standard","meta":{"_et_pb_use_builder":"","_et_pb_old_content":""},"categories":[2],"tags":[],"yoast_head":"<!-- This site is optimized with the Yoast SEO Premium plugin v17.8 (Yoast SEO v17.8) - https:\/\/yoast.com\/wordpress\/plugins\/seo\/ -->\n<title>PRESIDENTIELLE DE 2024 \u2013 &quot;Je soutiendrai toutes les initiatives du pr\u00e9sident Macky Sall&quot; | Nettali.com<\/title>\n<meta name=\"robots\" content=\"index, follow, max-snippet:-1, max-image-preview:large, max-video-preview:-1\" \/>\n<link rel=\"canonical\" href=\"https:\/\/www.nettali.com\/2022\/10\/03\/presidentielle-de-2024-je-soutiendrai-toutes-les-initiatives-du-president-macky-sall\/\" \/>\n<meta property=\"og:locale\" content=\"fr_FR\" \/>\n<meta property=\"og:type\" content=\"article\" \/>\n<meta property=\"og:title\" content=\"PRESIDENTIELLE DE 2024 \u2013 &quot;Je soutiendrai toutes les initiatives du pr\u00e9sident Macky Sall&quot;\" \/>\n<meta property=\"og:description\" content=\"NETTALI.COM - Parrain du \u00abtournoi de l\u2019\u00e9mergence\u00bb qui a appos\u00e9, samedi, les ASC de Walald\u00e9 et Bokk\u00e9 Dialloub\u00e9, Abdoulaye Daouda Diallo en a profit\u00e9 pour faire sa premi\u00e8re sortie politique apr\u00e8s avoir quitt\u00e9 le gouvernement et apr\u00e8s sa nomination comme ministre d\u2019Etat, Directeur de cabinet du pr\u00e9sident de la R\u00e9publique. Il a \u00e9t\u00e9 clair et [&hellip;]\" \/>\n<meta property=\"og:url\" content=\"https:\/\/www.nettali.com\/2022\/10\/03\/presidentielle-de-2024-je-soutiendrai-toutes-les-initiatives-du-president-macky-sall\/\" \/>\n<meta property=\"og:site_name\" content=\"Nettali.com\" \/>\n<meta property=\"article:publisher\" content=\"https:\/\/www.facebook.com\/nettalicom\" \/>\n<meta property=\"article:published_time\" content=\"2022-10-03T13:27:44+00:00\" \/>\n<meta property=\"article:modified_time\" content=\"2022-10-03T20:03:37+00:00\" \/>\n<meta property=\"og:image\" content=\"https:\/\/www.nettali.com\/wp-content\/uploads\/2022\/06\/Abdoulaye-Daouda-Diallo.jpg\" \/>\n\t<meta property=\"og:image:width\" content=\"755\" \/>\n\t<meta property=\"og:image:height\" content=\"449\" \/>\n<meta name=\"twitter:card\" content=\"summary_large_image\" \/>\n<meta name=\"twitter:label1\" content=\"\u00c9crit par\" \/>\n\t<meta name=\"twitter:data1\" content=\"Daouda\" \/>\n\t<meta name=\"twitter:label2\" content=\"Dur\u00e9e de lecture estim\u00e9e\" \/>\n\t<meta name=\"twitter:data2\" content=\"2 minutes\" \/>\n<script type=\"application\/ld+json\" class=\"yoast-schema-graph\">{\"@context\":\"https:\/\/schema.org\",\"@graph\":[{\"@type\":\"WebSite\",\"@id\":\"https:\/\/www.nettali.com\/#website\",\"url\":\"https:\/\/www.nettali.com\/\",\"name\":\"Nettali.com\",\"description\":\"Le rendez-vous critique du Net\",\"potentialAction\":[{\"@type\":\"SearchAction\",\"target\":{\"@type\":\"EntryPoint\",\"urlTemplate\":\"https:\/\/www.nettali.com\/?s={search_term_string}\"},\"query-input\":\"required name=search_term_string\"}],\"inLanguage\":\"fr-FR\"},{\"@type\":\"ImageObject\",\"@id\":\"https:\/\/www.nettali.com\/2022\/10\/03\/presidentielle-de-2024-je-soutiendrai-toutes-les-initiatives-du-president-macky-sall\/#primaryimage\",\"inLanguage\":\"fr-FR\",\"url\":\"https:\/\/www.nettali.com\/wp-content\/uploads\/2022\/06\/Abdoulaye-Daouda-Diallo.jpg\",\"contentUrl\":\"https:\/\/www.nettali.com\/wp-content\/uploads\/2022\/06\/Abdoulaye-Daouda-Diallo.jpg\",\"width\":755,\"height\":449},{\"@type\":\"WebPage\",\"@id\":\"https:\/\/www.nettali.com\/2022\/10\/03\/presidentielle-de-2024-je-soutiendrai-toutes-les-initiatives-du-president-macky-sall\/#webpage\",\"url\":\"https:\/\/www.nettali.com\/2022\/10\/03\/presidentielle-de-2024-je-soutiendrai-toutes-les-initiatives-du-president-macky-sall\/\",\"name\":\"PRESIDENTIELLE DE 2024 \\u2013 \\\"Je soutiendrai toutes les initiatives du pr\\u00e9sident Macky Sall\\\" | Nettali.com\",\"isPartOf\":{\"@id\":\"https:\/\/www.nettali.com\/#website\"},\"primaryImageOfPage\":{\"@id\":\"https:\/\/www.nettali.com\/2022\/10\/03\/presidentielle-de-2024-je-soutiendrai-toutes-les-initiatives-du-president-macky-sall\/#primaryimage\"},\"datePublished\":\"2022-10-03T13:27:44+00:00\",\"dateModified\":\"2022-10-03T20:03:37+00:00\",\"author\":{\"@id\":\"https:\/\/www.nettali.com\/#\/schema\/person\/3317e0bb3aa1da309fbf7b2780901bf4\"},\"breadcrumb\":{\"@id\":\"https:\/\/www.nettali.com\/2022\/10\/03\/presidentielle-de-2024-je-soutiendrai-toutes-les-initiatives-du-president-macky-sall\/#breadcrumb\"},\"inLanguage\":\"fr-FR\",\"potentialAction\":[{\"@type\":\"ReadAction\",\"target\":[\"https:\/\/www.nettali.com\/2022\/10\/03\/presidentielle-de-2024-je-soutiendrai-toutes-les-initiatives-du-president-macky-sall\/\"]}]},{\"@type\":\"BreadcrumbList\",\"@id\":\"https:\/\/www.nettali.com\/2022\/10\/03\/presidentielle-de-2024-je-soutiendrai-toutes-les-initiatives-du-president-macky-sall\/#breadcrumb\",\"itemListElement\":[{\"@type\":\"ListItem\",\"position\":1,\"name\":\"Accueil\",\"item\":\"https:\/\/www.nettali.com\/\"},{\"@type\":\"ListItem\",\"position\":2,\"name\":\"PRESIDENTIELLE DE 2024 \\u2013 \\\"Je soutiendrai toutes les initiatives du pr\\u00e9sident Macky Sall\\\"\"}]},{\"@type\":\"Person\",\"@id\":\"https:\/\/www.nettali.com\/#\/schema\/person\/3317e0bb3aa1da309fbf7b2780901bf4\",\"name\":\"Daouda\",\"image\":{\"@type\":\"ImageObject\",\"@id\":\"https:\/\/www.nettali.com\/#personlogo\",\"inLanguage\":\"fr-FR\",\"url\":\"https:\/\/secure.gravatar.com\/avatar\/8d143b5a49345098ddcfee1c49c2f47c?s=96&d=mm&r=g\",\"contentUrl\":\"https:\/\/secure.gravatar.com\/avatar\/8d143b5a49345098ddcfee1c49c2f47c?s=96&d=mm&r=g\",\"caption\":\"Daouda\"},\"sameAs\":[\"https:\/\/www.nettali.com\"]}]}<\/script>\n<!-- \/ Yoast SEO Premium plugin. -->","yoast_head_json":{"title":"PRESIDENTIELLE DE 2024 \u2013 \"Je soutiendrai toutes les initiatives du pr\u00e9sident Macky Sall\" | Nettali.com","robots":{"index":"index","follow":"follow","max-snippet":"max-snippet:-1","max-image-preview":"max-image-preview:large","max-video-preview":"max-video-preview:-1"},"canonical":"https:\/\/www.nettali.com\/2022\/10\/03\/presidentielle-de-2024-je-soutiendrai-toutes-les-initiatives-du-president-macky-sall\/","og_locale":"fr_FR","og_type":"article","og_title":"PRESIDENTIELLE DE 2024 \u2013 \"Je soutiendrai toutes les initiatives du pr\u00e9sident Macky Sall\"","og_description":"NETTALI.COM - Parrain du \u00abtournoi de l\u2019\u00e9mergence\u00bb qui a appos\u00e9, samedi, les ASC de Walald\u00e9 et Bokk\u00e9 Dialloub\u00e9, Abdoulaye Daouda Diallo en a profit\u00e9 pour faire sa premi\u00e8re sortie politique apr\u00e8s avoir quitt\u00e9 le gouvernement et apr\u00e8s sa nomination comme ministre d\u2019Etat, Directeur de cabinet du pr\u00e9sident de la R\u00e9publique. Il a \u00e9t\u00e9 clair et [&hellip;]","og_url":"https:\/\/www.nettali.com\/2022\/10\/03\/presidentielle-de-2024-je-soutiendrai-toutes-les-initiatives-du-president-macky-sall\/","og_site_name":"Nettali.com","article_publisher":"https:\/\/www.facebook.com\/nettalicom","article_published_time":"2022-10-03T13:27:44+00:00","article_modified_time":"2022-10-03T20:03:37+00:00","og_image":[{"width":755,"height":449,"url":"https:\/\/www.nettali.com\/wp-content\/uploads\/2022\/06\/Abdoulaye-Daouda-Diallo.jpg","type":"image\/jpeg"}],"twitter_card":"summary_large_image","twitter_misc":{"\u00c9crit par":"Daouda","Dur\u00e9e de lecture estim\u00e9e":"2 minutes"},"schema":{"@context":"https:\/\/schema.org","@graph":[{"@type":"WebSite","@id":"https:\/\/www.nettali.com\/#website","url":"https:\/\/www.nettali.com\/","name":"Nettali.com","description":"Le rendez-vous critique du Net","potentialAction":[{"@type":"SearchAction","target":{"@type":"EntryPoint","urlTemplate":"https:\/\/www.nettali.com\/?s={search_term_string}"},"query-input":"required name=search_term_string"}],"inLanguage":"fr-FR"},{"@type":"ImageObject","@id":"https:\/\/www.nettali.com\/2022\/10\/03\/presidentielle-de-2024-je-soutiendrai-toutes-les-initiatives-du-president-macky-sall\/#primaryimage","inLanguage":"fr-FR","url":"https:\/\/www.nettali.com\/wp-content\/uploads\/2022\/06\/Abdoulaye-Daouda-Diallo.jpg","contentUrl":"https:\/\/www.nettali.com\/wp-content\/uploads\/2022\/06\/Abdoulaye-Daouda-Diallo.jpg","width":755,"height":449},{"@type":"WebPage","@id":"https:\/\/www.nettali.com\/2022\/10\/03\/presidentielle-de-2024-je-soutiendrai-toutes-les-initiatives-du-president-macky-sall\/#webpage","url":"https:\/\/www.nettali.com\/2022\/10\/03\/presidentielle-de-2024-je-soutiendrai-toutes-les-initiatives-du-president-macky-sall\/","name":"PRESIDENTIELLE DE 2024 \u2013 \"Je soutiendrai toutes les initiatives du pr\u00e9sident Macky Sall\" | Nettali.com","isPartOf":{"@id":"https:\/\/www.nettali.com\/#website"},"primaryImageOfPage":{"@id":"https:\/\/www.nettali.com\/2022\/10\/03\/presidentielle-de-2024-je-soutiendrai-toutes-les-initiatives-du-president-macky-sall\/#primaryimage"},"datePublished":"2022-10-03T13:27:44+00:00","dateModified":"2022-10-03T20:03:37+00:00","author":{"@id":"https:\/\/www.nettali.com\/#\/schema\/person\/3317e0bb3aa1da309fbf7b2780901bf4"},"breadcrumb":{"@id":"https:\/\/www.nettali.com\/2022\/10\/03\/presidentielle-de-2024-je-soutiendrai-toutes-les-initiatives-du-president-macky-sall\/#breadcrumb"},"inLanguage":"fr-FR","potentialAction":[{"@type":"ReadAction","target":["https:\/\/www.nettali.com\/2022\/10\/03\/presidentielle-de-2024-je-soutiendrai-toutes-les-initiatives-du-president-macky-sall\/"]}]},{"@type":"BreadcrumbList","@id":"https:\/\/www.nettali.com\/2022\/10\/03\/presidentielle-de-2024-je-soutiendrai-toutes-les-initiatives-du-president-macky-sall\/#breadcrumb","itemListElement":[{"@type":"ListItem","position":1,"name":"Accueil","item":"https:\/\/www.nettali.com\/"},{"@type":"ListItem","position":2,"name":"PRESIDENTIELLE DE 2024 \u2013 \"Je soutiendrai toutes les initiatives du pr\u00e9sident Macky Sall\""}]},{"@type":"Person","@id":"https:\/\/www.nettali.com\/#\/schema\/person\/3317e0bb3aa1da309fbf7b2780901bf4","name":"Daouda","image":{"@type":"ImageObject","@id":"https:\/\/www.nettali.com\/#personlogo","inLanguage":"fr-FR","url":"https:\/\/secure.gravatar.com\/avatar\/8d143b5a49345098ddcfee1c49c2f47c?s=96&d=mm&r=g","contentUrl":"https:\/\/secure.gravatar.com\/avatar\/8d143b5a49345098ddcfee1c49c2f47c?s=96&d=mm&r=g","caption":"Daouda"},"sameAs":["https:\/\/www.nettali.com"]}]}},"_links":{"self":[{"href":"https:\/\/www.nettali.com\/rest\/wp\/v2\/posts\/94935"}],"collection":[{"href":"https:\/\/www.nettali.com\/rest\/wp\/v2\/posts"}],"about":[{"href":"https:\/\/www.nettali.com\/rest\/wp\/v2\/types\/post"}],"author":[{"embeddable":true,"href":"https:\/\/www.nettali.com\/rest\/wp\/v2\/users\/4"}],"replies":[{"embeddable":true,"href":"https:\/\/www.nettali.com\/rest\/wp\/v2\/comments?post=94935"}],"version-history":[{"count":2,"href":"https:\/\/www.nettali.com\/rest\/wp\/v2\/posts\/94935\/revisions"}],"predecessor-version":[{"id":94961,"href":"https:\/\/www.nettali.com\/rest\/wp\/v2\/posts\/94935\/revisions\/94961"}],"wp:featuredmedia":[{"embeddable":true,"href":"https:\/\/www.nettali.com\/rest\/wp\/v2\/media\/88994"}],"wp:attachment":[{"href":"https:\/\/www.nettali.com\/rest\/wp\/v2\/media?parent=94935"}],"wp:term":[{"taxonomy":"category","embeddable":true,"href":"https:\/\/www.nettali.com\/rest\/wp\/v2\/categories?post=94935"},{"taxonomy":"post_tag","embeddable":true,"href":"https:\/\/www.nettali.com\/rest\/wp\/v2\/tags?post=94935"}],"curies":[{"name":"wp","href":"https:\/\/api.w.org\/{rel}","templated":true}]}}