{"id":94807,"date":"2022-09-30T19:35:03","date_gmt":"2022-09-30T19:35:03","guid":{"rendered":"https:\/\/www.nettali.com\/?p=94807"},"modified":"2022-09-30T19:35:29","modified_gmt":"2022-09-30T19:35:29","slug":"situation-des-ecoles-a-quelques-jours-de-la-rentree-244-etablissements-dans-les-eaux-5570-sans-cloture","status":"publish","type":"post","link":"https:\/\/www.nettali.com\/2022\/09\/30\/situation-des-ecoles-a-quelques-jours-de-la-rentree-244-etablissements-dans-les-eaux-5570-sans-cloture\/","title":{"rendered":"SITUATION DES ECOLES - 244 \u00e9tablissements dans les eaux, 5570 sans cl\u00f4ture"},"content":{"rendered":"<p><strong>NETTALI.COM- A quelques jours de la rentr\u00e9e des classes, la situation certaines \u00e9coles n\u2019est pas du tout rassurante. 244 \u00e9tablissements sont encore dans les eaux et 5570 sans cl\u00f4ture. Le ministre de l\u2019Education nationale, Cheikh Oumar Anne a dress\u00e9 l\u2019\u00e9tat des lieux, ce vendredi 30 septembre 2022, \u00e0 l\u2019occasion du Conseil interminist\u00e9riel sur l\u2019\u00e9ducation.<\/strong><\/p>\n<p>La prochaine rentr\u00e9e scolaire est pr\u00e9vue le lundi 3 octobre 2022 pour les enseignants et le 6 octobre pour les \u00e9l\u00e8ves. Le minist\u00e8re de l\u2019Education veut rendre effective la rentr\u00e9e avec le d\u00e9marrage des apprentissages et enseignements d\u00e8s le premier jour par le concept \u00ab\u00a0oubi tey jangu tay\u00a0\u00bb. Un pari qui risque d\u2019\u00eatre perdu avec la situation de certaines \u00e9coles. En fait, selon un rapport pr\u00e9sent\u00e9 par le ministre de l\u2019Education, ce vendredi 30 septembre 2022, lors un conseil sur l\u2019Education pr\u00e9sid\u00e9 par le Premier ministre, certains \u00e9tablissements sont encore sous l\u2019emprise des eaux. Ils sont au nombre de 244. \u00ab<em>\u00a0Sur les 16 acad\u00e9mies que compte le pays, nous avons 227 \u00e9coles \u00e9l\u00e9mentaires inond\u00e9es, 14 coll\u00e8ges et 03 lyc\u00e9es. Par exemple, dans le d\u00e9partement de Dakar, nous avons 67 \u00e9coles, Pikine-Gu\u00e9diawaye 70, Rufisque 51, Diourbel une \u00e9cole, Kolda 72\u2026\u00a0<\/em>\u00bb, a renseign\u00e9 Cheikh Oumar Anne.<\/p>\n<p>Outre les eaux, la cl\u00f4ture pose probl\u00e8me au niveau de certaines \u00e9coles. 5570 dont 509 dans le prescolaire, 4825 dans l\u2019\u00e9l\u00e9mentaire, 214 dans le moyen g\u00e9n\u00e9ral et 22 dans le secondaire sont recens\u00e9s.<\/p>\n<p>L\u2019eau \u00e9galement est absente dans 2134 \u00e9coles dont 1881 pour l\u2019\u00e9l\u00e9mentaire, 5 dans le secondaire et 79 dans le moyen g\u00e9n\u00e9ral.<\/p>\n<p>L\u2019\u00e9lectricit\u00e9 fait \u00e9galement d\u00e9faut dans 63030 \u00e9coles dont 5299 dans l\u2019\u00e9l\u00e9mentaire, 235 dans le moyen, 12 dans le secondaire et 784 dans le prescolaire.<\/p>\n<p>Le ministre de l\u2019Education a aussi fait \u00e9tat de 2793 \u00e9coles qui ne disposent pas de latrines. 2169 sont dans l\u2019\u00e9l\u00e9mentaire et 12 dans le secondaire.<\/p>\n<p>Par ailleurs, le ministre a \u00e9voqu\u00e9 un besoin enseignants en se gardant d\u2019avancer des chiffres. Car, souligne-t-il, le gap est en train d\u2019\u00eatre r\u00e9sorb\u00e9 avec le red\u00e9ploy\u00e9s des enseignants sortis et l'organisation annuelle de concours.<\/p>\n<p>Outre l\u2019infrastructure, Cheikh Oumar Anne a dressant une cartographie de l\u2019effectif des \u00e9coles, des \u00e9l\u00e8ves et des enseignants. Au total, 3\u00a0810\u00a0000 \u00e9l\u00e8ves sont d\u00e9nombr\u00e9s dans le syst\u00e8me \u00e9ducatif et 91000 dans le syst\u00e8me scolaire. Les enseignants, sont 91.967 r\u00e9partis dans 17000 \u00e9coles ou \u00e9tablissements de l\u2019\u00e9ducation<\/p>\n<p>Les effectifs dans le priv\u00e9, se chiffrent \u00e0 2\u00a0563\u00a0980, \u00a0pour 964.065 \u00e9l\u00e8ves pour un rapport de 3608 enseignants.<\/p>\n<p>Pour le prescolaire nous avons selon le ministre, 4246 structures dont 1588 publiques et 1695 priv\u00e9es\u00a0 avec 963 de types communautaires. L\u2019effectif global des \u00e9l\u00e8ves est de 278.881 et 5450 enseignants. \u00ab\u00a0Pour l\u2019\u00e9l\u00e9mentaire, nous avons 8963 \u00e9coles publiques, 1994 \u00e9coles priv\u00e9es et 29 \u00e9coles de type communautaire. Pour les \u00e9l\u00e8ves, ils sont 2.320.188 dont 1.904.620 pour le public et 411.960 et 3608 communautaire et associatif. Enseignants 54839\u00a0\u00bb, renseigne le rapport du ministre<\/p>\n<p>La m\u00eame source r\u00e9v\u00e8le que l\u2019enseignement moyen secondaire, il y a 56.000 \u00e9l\u00e8ves pour le public et 384.000 pour le priv\u00e9 pour un total de 16.378 enseignants.<\/p>\n<p>Le rapport comptabilise pour l\u2019enseignement secondaire 1127 \u00e9tablissements dont 409 publics et 718 priv\u00e9s. Dans le secondaire g\u00e9n\u00e9ral, les \u00e9l\u00e8ves sont au nombre de 370.899 avec 203.173 dans le public et 167\u00a0276 dans le priv\u00e9.<\/p>\n<p>Concernant l\u2019alphab\u00e9tisation, l\u2019effectif des apprenants tourne autour de 1.200.000 avec 5230 moniteurs.<\/p>\n<div class='share-to-whatsapp-wrapper'><div class='share-on-whsp'>PARTAGER SUR : <\/div><a data-text='SITUATION DES ECOLES - 244 \u00e9tablissements dans les eaux, 5570 sans cl\u00f4ture' data-link='https:\/\/www.nettali.com\/2022\/09\/30\/situation-des-ecoles-a-quelques-jours-de-la-rentree-244-etablissements-dans-les-eaux-5570-sans-cloture\/' class='whatsapp-button whatsapp-share'>WhatsApp<\/a><div class='clear '><\/div><\/div>","protected":false},"excerpt":{"rendered":"<p>NETTALI.COM- A quelques jours de la rentr\u00e9e des classes, la situation certaines \u00e9coles n\u2019est pas du tout rassurante. 244 \u00e9tablissements sont encore dans les eaux et 5570 sans cl\u00f4ture. Le ministre de l\u2019Education nationale, Cheikh Oumar Anne a dress\u00e9 l\u2019\u00e9tat des lieux, ce vendredi 30 septembre 2022, \u00e0 l\u2019occasion du Conseil interminist\u00e9riel sur l\u2019\u00e9ducation. La [&hellip;]<\/p>\n","protected":false},"author":6,"featured_media":94810,"comment_status":"open","ping_status":"open","sticky":false,"template":"","format":"standard","meta":{"_et_pb_use_builder":"","_et_pb_old_content":""},"categories":[3],"tags":[],"yoast_head":"<!-- This site is optimized with the Yoast SEO Premium plugin v17.8 (Yoast SEO v17.8) - https:\/\/yoast.com\/wordpress\/plugins\/seo\/ -->\n<title>SITUATION DES ECOLES - 244 \u00e9tablissements dans les eaux, 5570 sans cl\u00f4ture | Nettali.com<\/title>\n<meta name=\"robots\" content=\"index, follow, max-snippet:-1, max-image-preview:large, max-video-preview:-1\" \/>\n<link rel=\"canonical\" href=\"https:\/\/www.nettali.com\/2022\/09\/30\/situation-des-ecoles-a-quelques-jours-de-la-rentree-244-etablissements-dans-les-eaux-5570-sans-cloture\/\" \/>\n<meta property=\"og:locale\" content=\"fr_FR\" \/>\n<meta property=\"og:type\" content=\"article\" \/>\n<meta property=\"og:title\" content=\"SITUATION DES ECOLES - 244 \u00e9tablissements dans les eaux, 5570 sans cl\u00f4ture\" \/>\n<meta property=\"og:description\" content=\"NETTALI.COM- A quelques jours de la rentr\u00e9e des classes, la situation certaines \u00e9coles n\u2019est pas du tout rassurante. 244 \u00e9tablissements sont encore dans les eaux et 5570 sans cl\u00f4ture. Le ministre de l\u2019Education nationale, Cheikh Oumar Anne a dress\u00e9 l\u2019\u00e9tat des lieux, ce vendredi 30 septembre 2022, \u00e0 l\u2019occasion du Conseil interminist\u00e9riel sur l\u2019\u00e9ducation. La [&hellip;]\" \/>\n<meta property=\"og:url\" content=\"https:\/\/www.nettali.com\/2022\/09\/30\/situation-des-ecoles-a-quelques-jours-de-la-rentree-244-etablissements-dans-les-eaux-5570-sans-cloture\/\" \/>\n<meta property=\"og:site_name\" content=\"Nettali.com\" \/>\n<meta property=\"article:publisher\" content=\"https:\/\/www.facebook.com\/nettalicom\" \/>\n<meta property=\"article:published_time\" content=\"2022-09-30T19:35:03+00:00\" \/>\n<meta property=\"article:modified_time\" content=\"2022-09-30T19:35:29+00:00\" \/>\n<meta property=\"og:image\" content=\"https:\/\/www.nettali.com\/wp-content\/uploads\/2022\/09\/Ecole-inondee.jpg\" \/>\n\t<meta property=\"og:image:width\" content=\"291\" \/>\n\t<meta property=\"og:image:height\" content=\"173\" \/>\n<meta name=\"twitter:card\" content=\"summary_large_image\" \/>\n<meta name=\"twitter:label1\" content=\"\u00c9crit par\" \/>\n\t<meta name=\"twitter:data1\" content=\"Fatou\" \/>\n\t<meta name=\"twitter:label2\" content=\"Dur\u00e9e de lecture estim\u00e9e\" \/>\n\t<meta name=\"twitter:data2\" content=\"3 minutes\" \/>\n<script type=\"application\/ld+json\" class=\"yoast-schema-graph\">{\"@context\":\"https:\/\/schema.org\",\"@graph\":[{\"@type\":\"WebSite\",\"@id\":\"https:\/\/www.nettali.com\/#website\",\"url\":\"https:\/\/www.nettali.com\/\",\"name\":\"Nettali.com\",\"description\":\"Le rendez-vous critique du Net\",\"potentialAction\":[{\"@type\":\"SearchAction\",\"target\":{\"@type\":\"EntryPoint\",\"urlTemplate\":\"https:\/\/www.nettali.com\/?s={search_term_string}\"},\"query-input\":\"required name=search_term_string\"}],\"inLanguage\":\"fr-FR\"},{\"@type\":\"ImageObject\",\"@id\":\"https:\/\/www.nettali.com\/2022\/09\/30\/situation-des-ecoles-a-quelques-jours-de-la-rentree-244-etablissements-dans-les-eaux-5570-sans-cloture\/#primaryimage\",\"inLanguage\":\"fr-FR\",\"url\":\"https:\/\/www.nettali.com\/wp-content\/uploads\/2022\/09\/Ecole-inondee.jpg\",\"contentUrl\":\"https:\/\/www.nettali.com\/wp-content\/uploads\/2022\/09\/Ecole-inondee.jpg\",\"width\":291,\"height\":173},{\"@type\":\"WebPage\",\"@id\":\"https:\/\/www.nettali.com\/2022\/09\/30\/situation-des-ecoles-a-quelques-jours-de-la-rentree-244-etablissements-dans-les-eaux-5570-sans-cloture\/#webpage\",\"url\":\"https:\/\/www.nettali.com\/2022\/09\/30\/situation-des-ecoles-a-quelques-jours-de-la-rentree-244-etablissements-dans-les-eaux-5570-sans-cloture\/\",\"name\":\"SITUATION DES ECOLES - 244 \\u00e9tablissements dans les eaux, 5570 sans cl\\u00f4ture | Nettali.com\",\"isPartOf\":{\"@id\":\"https:\/\/www.nettali.com\/#website\"},\"primaryImageOfPage\":{\"@id\":\"https:\/\/www.nettali.com\/2022\/09\/30\/situation-des-ecoles-a-quelques-jours-de-la-rentree-244-etablissements-dans-les-eaux-5570-sans-cloture\/#primaryimage\"},\"datePublished\":\"2022-09-30T19:35:03+00:00\",\"dateModified\":\"2022-09-30T19:35:29+00:00\",\"author\":{\"@id\":\"https:\/\/www.nettali.com\/#\/schema\/person\/418274a86bdf87caff7a3ef476bd0bbf\"},\"breadcrumb\":{\"@id\":\"https:\/\/www.nettali.com\/2022\/09\/30\/situation-des-ecoles-a-quelques-jours-de-la-rentree-244-etablissements-dans-les-eaux-5570-sans-cloture\/#breadcrumb\"},\"inLanguage\":\"fr-FR\",\"potentialAction\":[{\"@type\":\"ReadAction\",\"target\":[\"https:\/\/www.nettali.com\/2022\/09\/30\/situation-des-ecoles-a-quelques-jours-de-la-rentree-244-etablissements-dans-les-eaux-5570-sans-cloture\/\"]}]},{\"@type\":\"BreadcrumbList\",\"@id\":\"https:\/\/www.nettali.com\/2022\/09\/30\/situation-des-ecoles-a-quelques-jours-de-la-rentree-244-etablissements-dans-les-eaux-5570-sans-cloture\/#breadcrumb\",\"itemListElement\":[{\"@type\":\"ListItem\",\"position\":1,\"name\":\"Accueil\",\"item\":\"https:\/\/www.nettali.com\/\"},{\"@type\":\"ListItem\",\"position\":2,\"name\":\"SITUATION DES ECOLES - 244 \\u00e9tablissements dans les eaux, 5570 sans cl\\u00f4ture\"}]},{\"@type\":\"Person\",\"@id\":\"https:\/\/www.nettali.com\/#\/schema\/person\/418274a86bdf87caff7a3ef476bd0bbf\",\"name\":\"Fatou\",\"image\":{\"@type\":\"ImageObject\",\"@id\":\"https:\/\/www.nettali.com\/#personlogo\",\"inLanguage\":\"fr-FR\",\"url\":\"https:\/\/secure.gravatar.com\/avatar\/5a9442a2bee7b4dcf167cab035858e9a?s=96&d=mm&r=g\",\"contentUrl\":\"https:\/\/secure.gravatar.com\/avatar\/5a9442a2bee7b4dcf167cab035858e9a?s=96&d=mm&r=g\",\"caption\":\"Fatou\"},\"sameAs\":[\"https:\/\/www.nettali.com\"]}]}<\/script>\n<!-- \/ Yoast SEO Premium plugin. -->","yoast_head_json":{"title":"SITUATION DES ECOLES - 244 \u00e9tablissements dans les eaux, 5570 sans cl\u00f4ture | Nettali.com","robots":{"index":"index","follow":"follow","max-snippet":"max-snippet:-1","max-image-preview":"max-image-preview:large","max-video-preview":"max-video-preview:-1"},"canonical":"https:\/\/www.nettali.com\/2022\/09\/30\/situation-des-ecoles-a-quelques-jours-de-la-rentree-244-etablissements-dans-les-eaux-5570-sans-cloture\/","og_locale":"fr_FR","og_type":"article","og_title":"SITUATION DES ECOLES - 244 \u00e9tablissements dans les eaux, 5570 sans cl\u00f4ture","og_description":"NETTALI.COM- A quelques jours de la rentr\u00e9e des classes, la situation certaines \u00e9coles n\u2019est pas du tout rassurante. 244 \u00e9tablissements sont encore dans les eaux et 5570 sans cl\u00f4ture. Le ministre de l\u2019Education nationale, Cheikh Oumar Anne a dress\u00e9 l\u2019\u00e9tat des lieux, ce vendredi 30 septembre 2022, \u00e0 l\u2019occasion du Conseil interminist\u00e9riel sur l\u2019\u00e9ducation. La [&hellip;]","og_url":"https:\/\/www.nettali.com\/2022\/09\/30\/situation-des-ecoles-a-quelques-jours-de-la-rentree-244-etablissements-dans-les-eaux-5570-sans-cloture\/","og_site_name":"Nettali.com","article_publisher":"https:\/\/www.facebook.com\/nettalicom","article_published_time":"2022-09-30T19:35:03+00:00","article_modified_time":"2022-09-30T19:35:29+00:00","og_image":[{"width":291,"height":173,"url":"https:\/\/www.nettali.com\/wp-content\/uploads\/2022\/09\/Ecole-inondee.jpg","type":"image\/jpeg"}],"twitter_card":"summary_large_image","twitter_misc":{"\u00c9crit par":"Fatou","Dur\u00e9e de lecture estim\u00e9e":"3 minutes"},"schema":{"@context":"https:\/\/schema.org","@graph":[{"@type":"WebSite","@id":"https:\/\/www.nettali.com\/#website","url":"https:\/\/www.nettali.com\/","name":"Nettali.com","description":"Le rendez-vous critique du Net","potentialAction":[{"@type":"SearchAction","target":{"@type":"EntryPoint","urlTemplate":"https:\/\/www.nettali.com\/?s={search_term_string}"},"query-input":"required name=search_term_string"}],"inLanguage":"fr-FR"},{"@type":"ImageObject","@id":"https:\/\/www.nettali.com\/2022\/09\/30\/situation-des-ecoles-a-quelques-jours-de-la-rentree-244-etablissements-dans-les-eaux-5570-sans-cloture\/#primaryimage","inLanguage":"fr-FR","url":"https:\/\/www.nettali.com\/wp-content\/uploads\/2022\/09\/Ecole-inondee.jpg","contentUrl":"https:\/\/www.nettali.com\/wp-content\/uploads\/2022\/09\/Ecole-inondee.jpg","width":291,"height":173},{"@type":"WebPage","@id":"https:\/\/www.nettali.com\/2022\/09\/30\/situation-des-ecoles-a-quelques-jours-de-la-rentree-244-etablissements-dans-les-eaux-5570-sans-cloture\/#webpage","url":"https:\/\/www.nettali.com\/2022\/09\/30\/situation-des-ecoles-a-quelques-jours-de-la-rentree-244-etablissements-dans-les-eaux-5570-sans-cloture\/","name":"SITUATION DES ECOLES - 244 \u00e9tablissements dans les eaux, 5570 sans cl\u00f4ture | Nettali.com","isPartOf":{"@id":"https:\/\/www.nettali.com\/#website"},"primaryImageOfPage":{"@id":"https:\/\/www.nettali.com\/2022\/09\/30\/situation-des-ecoles-a-quelques-jours-de-la-rentree-244-etablissements-dans-les-eaux-5570-sans-cloture\/#primaryimage"},"datePublished":"2022-09-30T19:35:03+00:00","dateModified":"2022-09-30T19:35:29+00:00","author":{"@id":"https:\/\/www.nettali.com\/#\/schema\/person\/418274a86bdf87caff7a3ef476bd0bbf"},"breadcrumb":{"@id":"https:\/\/www.nettali.com\/2022\/09\/30\/situation-des-ecoles-a-quelques-jours-de-la-rentree-244-etablissements-dans-les-eaux-5570-sans-cloture\/#breadcrumb"},"inLanguage":"fr-FR","potentialAction":[{"@type":"ReadAction","target":["https:\/\/www.nettali.com\/2022\/09\/30\/situation-des-ecoles-a-quelques-jours-de-la-rentree-244-etablissements-dans-les-eaux-5570-sans-cloture\/"]}]},{"@type":"BreadcrumbList","@id":"https:\/\/www.nettali.com\/2022\/09\/30\/situation-des-ecoles-a-quelques-jours-de-la-rentree-244-etablissements-dans-les-eaux-5570-sans-cloture\/#breadcrumb","itemListElement":[{"@type":"ListItem","position":1,"name":"Accueil","item":"https:\/\/www.nettali.com\/"},{"@type":"ListItem","position":2,"name":"SITUATION DES ECOLES - 244 \u00e9tablissements dans les eaux, 5570 sans cl\u00f4ture"}]},{"@type":"Person","@id":"https:\/\/www.nettali.com\/#\/schema\/person\/418274a86bdf87caff7a3ef476bd0bbf","name":"Fatou","image":{"@type":"ImageObject","@id":"https:\/\/www.nettali.com\/#personlogo","inLanguage":"fr-FR","url":"https:\/\/secure.gravatar.com\/avatar\/5a9442a2bee7b4dcf167cab035858e9a?s=96&d=mm&r=g","contentUrl":"https:\/\/secure.gravatar.com\/avatar\/5a9442a2bee7b4dcf167cab035858e9a?s=96&d=mm&r=g","caption":"Fatou"},"sameAs":["https:\/\/www.nettali.com"]}]}},"_links":{"self":[{"href":"https:\/\/www.nettali.com\/rest\/wp\/v2\/posts\/94807"}],"collection":[{"href":"https:\/\/www.nettali.com\/rest\/wp\/v2\/posts"}],"about":[{"href":"https:\/\/www.nettali.com\/rest\/wp\/v2\/types\/post"}],"author":[{"embeddable":true,"href":"https:\/\/www.nettali.com\/rest\/wp\/v2\/users\/6"}],"replies":[{"embeddable":true,"href":"https:\/\/www.nettali.com\/rest\/wp\/v2\/comments?post=94807"}],"version-history":[{"count":2,"href":"https:\/\/www.nettali.com\/rest\/wp\/v2\/posts\/94807\/revisions"}],"predecessor-version":[{"id":94819,"href":"https:\/\/www.nettali.com\/rest\/wp\/v2\/posts\/94807\/revisions\/94819"}],"wp:featuredmedia":[{"embeddable":true,"href":"https:\/\/www.nettali.com\/rest\/wp\/v2\/media\/94810"}],"wp:attachment":[{"href":"https:\/\/www.nettali.com\/rest\/wp\/v2\/media?parent=94807"}],"wp:term":[{"taxonomy":"category","embeddable":true,"href":"https:\/\/www.nettali.com\/rest\/wp\/v2\/categories?post=94807"},{"taxonomy":"post_tag","embeddable":true,"href":"https:\/\/www.nettali.com\/rest\/wp\/v2\/tags?post=94807"}],"curies":[{"name":"wp","href":"https:\/\/api.w.org\/{rel}","templated":true}]}}