{"id":94796,"date":"2022-09-30T09:48:48","date_gmt":"2022-09-30T09:48:48","guid":{"rendered":"https:\/\/www.nettali.com\/?p=94796"},"modified":"2022-09-30T09:48:48","modified_gmt":"2022-09-30T09:48:48","slug":"burkina-faso-des-coups-de-feu-entendus-dans-la-capitale-ouagadougou","status":"publish","type":"post","link":"https:\/\/www.nettali.com\/2022\/09\/30\/burkina-faso-des-coups-de-feu-entendus-dans-la-capitale-ouagadougou\/","title":{"rendered":"BURKINA FASO - Des coups de feu entendus dans la capitale Ouagadougou"},"content":{"rendered":"<p class=\"t-content__chapo\"><strong>NETTALI.COM - \u00c0 Ouagadougou, la capitale du Burkina Faso, o\u00f9 c'est la junte militaire qui est au pouvoir depuis janvier 2022, des tirs ont \u00e9t\u00e9 entendus t\u00f4t ce vendredi 30 septembre dans la matin\u00e9e, au moins dans le camp de Baba Sy et dans les environs du palais pr\u00e9sidentiel de Kossyam.<\/strong><\/p>\n<div class=\"t-content__body u-clearfix\" data-empty-p=\"false\">\n<p>Ces tensions interviennent dans une situation s\u00e9curitaire difficile pour le pays et pour l'arm\u00e9e. Cette semaine encore, l'attaque d'un convoi dans le nord du pays\u00a0a cout\u00e9 la vie \u00e0 11 soldats et fait une cinquantaine de disparus civils.<\/p>\n<p>Selon une source s\u00e9curitaire, il s'agirait de \u00ab\u00a0<em>revendications<\/em>\u00a0\u00bb sans donner de pr\u00e9cisions, explique notre correspondant \u00e0 Ouagadougou,\u00a0Yaya Boudani.\u00a0Cette source souligne toutefois qu'on ne sait pas comment cela pourrait se terminer.<\/p>\n<div id=\"tms-block-17503579750954024\" class=\"o-self-promo o-self-promo--nl\" data-selfpromo-newsletter=\"\">\n<div class=\"o-self-promo-wrapper\">Selon un proche du pr\u00e9sident de la transition cit\u00e9 par nos confr\u00e8res de <em>Jeune\u00a0Afrique<\/em>, le lieutenant-colonel Paul-Henri Sandaogo Damiba va bien. Le signal de la Radio T\u00e9l\u00e9vision du Burkina (RTB) est coup\u00e9. Son si\u00e8ge est encercl\u00e9 depuis la nuit derni\u00e8re par des militaires, selon l'un des responsables de ce m\u00e9dia qui demande \u00e0 ses collaborateurs de ne pas s'y rendre pour le moment. Des v\u00e9hicules blind\u00e9s seraient aussi positionn\u00e9s autour de la primature.<\/div>\n<\/div>\n<p>Pr\u00e8s des locaux de la RTB, des forces de l'ordre lourdement arm\u00e9es sont positionn\u00e9es entre la Primature et le rond-point des Nations unies. Des v\u00e9hicules militaires ont \u00e9t\u00e9 positionn\u00e9s au niveau de l'\u00e9changeur du quartier Ouaga\u00a02000.<\/p>\n<p>Tr\u00e8s t\u00f4t vers 4h30, des tirs ont \u00e9t\u00e9 entendus autour du camp militaire de Baba Sy, camp qui abrite le quartier g\u00e9n\u00e9ral du MPSR, la junte au pouvoir depuis le mois de janvier. Dans la foul\u00e9e, des v\u00e9hicules de militaires surmont\u00e9s d'armes se sont positionn\u00e9s sur les principales voies de la zone pr\u00e9sidentielle de Kossyam, surtout au niveau des villas minist\u00e9rielles.<\/p>\n<p><iframe loading=\"lazy\" title=\"Burkina Faso : tirs entendus dans le quartier de la pr\u00e9sidence \u00e0 Ouagadougou \u2022 FRANCE 24\" width=\"1080\" height=\"608\" src=\"https:\/\/www.youtube.com\/embed\/faoyX0hQL0s?feature=oembed\" frameborder=\"0\" allow=\"accelerometer; autoplay; clipboard-write; encrypted-media; gyroscope; picture-in-picture\" allowfullscreen><\/iframe><\/p>\n<\/div>\n<div class='share-to-whatsapp-wrapper'><div class='share-on-whsp'>PARTAGER SUR : <\/div><a data-text='BURKINA FASO - Des coups de feu entendus dans la capitale Ouagadougou' data-link='https:\/\/www.nettali.com\/2022\/09\/30\/burkina-faso-des-coups-de-feu-entendus-dans-la-capitale-ouagadougou\/' class='whatsapp-button whatsapp-share'>WhatsApp<\/a><div class='clear '><\/div><\/div>","protected":false},"excerpt":{"rendered":"<p>NETTALI.COM - \u00c0 Ouagadougou, la capitale du Burkina Faso, o\u00f9 c'est la junte militaire qui est au pouvoir depuis janvier 2022, des tirs ont \u00e9t\u00e9 entendus t\u00f4t ce vendredi 30 septembre dans la matin\u00e9e, au moins dans le camp de Baba Sy et dans les environs du palais pr\u00e9sidentiel de Kossyam. Ces tensions interviennent dans [&hellip;]<\/p>\n","protected":false},"author":4,"featured_media":94797,"comment_status":"open","ping_status":"open","sticky":false,"template":"","format":"standard","meta":{"_et_pb_use_builder":"","_et_pb_old_content":""},"categories":[8],"tags":[],"yoast_head":"<!-- This site is optimized with the Yoast SEO Premium plugin v17.8 (Yoast SEO v17.8) - https:\/\/yoast.com\/wordpress\/plugins\/seo\/ -->\n<title>BURKINA FASO - Des coups de feu entendus dans la capitale Ouagadougou | Nettali.com<\/title>\n<meta name=\"robots\" content=\"index, follow, max-snippet:-1, max-image-preview:large, max-video-preview:-1\" \/>\n<link rel=\"canonical\" href=\"https:\/\/www.nettali.com\/2022\/09\/30\/burkina-faso-des-coups-de-feu-entendus-dans-la-capitale-ouagadougou\/\" \/>\n<meta property=\"og:locale\" content=\"fr_FR\" \/>\n<meta property=\"og:type\" content=\"article\" \/>\n<meta property=\"og:title\" content=\"BURKINA FASO - Des coups de feu entendus dans la capitale Ouagadougou\" \/>\n<meta property=\"og:description\" content=\"NETTALI.COM - \u00c0 Ouagadougou, la capitale du Burkina Faso, o\u00f9 c&#039;est la junte militaire qui est au pouvoir depuis janvier 2022, des tirs ont \u00e9t\u00e9 entendus t\u00f4t ce vendredi 30 septembre dans la matin\u00e9e, au moins dans le camp de Baba Sy et dans les environs du palais pr\u00e9sidentiel de Kossyam. Ces tensions interviennent dans [&hellip;]\" \/>\n<meta property=\"og:url\" content=\"https:\/\/www.nettali.com\/2022\/09\/30\/burkina-faso-des-coups-de-feu-entendus-dans-la-capitale-ouagadougou\/\" \/>\n<meta property=\"og:site_name\" content=\"Nettali.com\" \/>\n<meta property=\"article:publisher\" content=\"https:\/\/www.facebook.com\/nettalicom\" \/>\n<meta property=\"article:published_time\" content=\"2022-09-30T09:48:48+00:00\" \/>\n<meta property=\"og:image\" content=\"https:\/\/www.nettali.com\/wp-content\/uploads\/2022\/09\/Capture-de\u0301cran-2022-09-30-a\u0300-09.48.00.png\" \/>\n\t<meta property=\"og:image:width\" content=\"970\" \/>\n\t<meta property=\"og:image:height\" content=\"490\" \/>\n<meta name=\"twitter:card\" content=\"summary_large_image\" \/>\n<meta name=\"twitter:label1\" content=\"\u00c9crit par\" \/>\n\t<meta name=\"twitter:data1\" content=\"Daouda\" \/>\n\t<meta name=\"twitter:label2\" content=\"Dur\u00e9e de lecture estim\u00e9e\" \/>\n\t<meta name=\"twitter:data2\" content=\"2 minutes\" \/>\n<script type=\"application\/ld+json\" class=\"yoast-schema-graph\">{\"@context\":\"https:\/\/schema.org\",\"@graph\":[{\"@type\":\"WebSite\",\"@id\":\"https:\/\/www.nettali.com\/#website\",\"url\":\"https:\/\/www.nettali.com\/\",\"name\":\"Nettali.com\",\"description\":\"Le rendez-vous critique du Net\",\"potentialAction\":[{\"@type\":\"SearchAction\",\"target\":{\"@type\":\"EntryPoint\",\"urlTemplate\":\"https:\/\/www.nettali.com\/?s={search_term_string}\"},\"query-input\":\"required name=search_term_string\"}],\"inLanguage\":\"fr-FR\"},{\"@type\":\"ImageObject\",\"@id\":\"https:\/\/www.nettali.com\/2022\/09\/30\/burkina-faso-des-coups-de-feu-entendus-dans-la-capitale-ouagadougou\/#primaryimage\",\"inLanguage\":\"fr-FR\",\"url\":\"https:\/\/www.nettali.com\/wp-content\/uploads\/2022\/09\/Capture-de\\u0301cran-2022-09-30-a\\u0300-09.48.00.png\",\"contentUrl\":\"https:\/\/www.nettali.com\/wp-content\/uploads\/2022\/09\/Capture-de\\u0301cran-2022-09-30-a\\u0300-09.48.00.png\",\"width\":970,\"height\":490},{\"@type\":\"WebPage\",\"@id\":\"https:\/\/www.nettali.com\/2022\/09\/30\/burkina-faso-des-coups-de-feu-entendus-dans-la-capitale-ouagadougou\/#webpage\",\"url\":\"https:\/\/www.nettali.com\/2022\/09\/30\/burkina-faso-des-coups-de-feu-entendus-dans-la-capitale-ouagadougou\/\",\"name\":\"BURKINA FASO - Des coups de feu entendus dans la capitale Ouagadougou | Nettali.com\",\"isPartOf\":{\"@id\":\"https:\/\/www.nettali.com\/#website\"},\"primaryImageOfPage\":{\"@id\":\"https:\/\/www.nettali.com\/2022\/09\/30\/burkina-faso-des-coups-de-feu-entendus-dans-la-capitale-ouagadougou\/#primaryimage\"},\"datePublished\":\"2022-09-30T09:48:48+00:00\",\"dateModified\":\"2022-09-30T09:48:48+00:00\",\"author\":{\"@id\":\"https:\/\/www.nettali.com\/#\/schema\/person\/3317e0bb3aa1da309fbf7b2780901bf4\"},\"breadcrumb\":{\"@id\":\"https:\/\/www.nettali.com\/2022\/09\/30\/burkina-faso-des-coups-de-feu-entendus-dans-la-capitale-ouagadougou\/#breadcrumb\"},\"inLanguage\":\"fr-FR\",\"potentialAction\":[{\"@type\":\"ReadAction\",\"target\":[\"https:\/\/www.nettali.com\/2022\/09\/30\/burkina-faso-des-coups-de-feu-entendus-dans-la-capitale-ouagadougou\/\"]}]},{\"@type\":\"BreadcrumbList\",\"@id\":\"https:\/\/www.nettali.com\/2022\/09\/30\/burkina-faso-des-coups-de-feu-entendus-dans-la-capitale-ouagadougou\/#breadcrumb\",\"itemListElement\":[{\"@type\":\"ListItem\",\"position\":1,\"name\":\"Accueil\",\"item\":\"https:\/\/www.nettali.com\/\"},{\"@type\":\"ListItem\",\"position\":2,\"name\":\"BURKINA FASO - Des coups de feu entendus dans la capitale Ouagadougou\"}]},{\"@type\":\"Person\",\"@id\":\"https:\/\/www.nettali.com\/#\/schema\/person\/3317e0bb3aa1da309fbf7b2780901bf4\",\"name\":\"Daouda\",\"image\":{\"@type\":\"ImageObject\",\"@id\":\"https:\/\/www.nettali.com\/#personlogo\",\"inLanguage\":\"fr-FR\",\"url\":\"https:\/\/secure.gravatar.com\/avatar\/8d143b5a49345098ddcfee1c49c2f47c?s=96&d=mm&r=g\",\"contentUrl\":\"https:\/\/secure.gravatar.com\/avatar\/8d143b5a49345098ddcfee1c49c2f47c?s=96&d=mm&r=g\",\"caption\":\"Daouda\"},\"sameAs\":[\"https:\/\/www.nettali.com\"]}]}<\/script>\n<!-- \/ Yoast SEO Premium plugin. -->","yoast_head_json":{"title":"BURKINA FASO - Des coups de feu entendus dans la capitale Ouagadougou | Nettali.com","robots":{"index":"index","follow":"follow","max-snippet":"max-snippet:-1","max-image-preview":"max-image-preview:large","max-video-preview":"max-video-preview:-1"},"canonical":"https:\/\/www.nettali.com\/2022\/09\/30\/burkina-faso-des-coups-de-feu-entendus-dans-la-capitale-ouagadougou\/","og_locale":"fr_FR","og_type":"article","og_title":"BURKINA FASO - Des coups de feu entendus dans la capitale Ouagadougou","og_description":"NETTALI.COM - \u00c0 Ouagadougou, la capitale du Burkina Faso, o\u00f9 c'est la junte militaire qui est au pouvoir depuis janvier 2022, des tirs ont \u00e9t\u00e9 entendus t\u00f4t ce vendredi 30 septembre dans la matin\u00e9e, au moins dans le camp de Baba Sy et dans les environs du palais pr\u00e9sidentiel de Kossyam. Ces tensions interviennent dans [&hellip;]","og_url":"https:\/\/www.nettali.com\/2022\/09\/30\/burkina-faso-des-coups-de-feu-entendus-dans-la-capitale-ouagadougou\/","og_site_name":"Nettali.com","article_publisher":"https:\/\/www.facebook.com\/nettalicom","article_published_time":"2022-09-30T09:48:48+00:00","og_image":[{"width":970,"height":490,"url":"https:\/\/www.nettali.com\/wp-content\/uploads\/2022\/09\/Capture-de\u0301cran-2022-09-30-a\u0300-09.48.00.png","type":"image\/png"}],"twitter_card":"summary_large_image","twitter_misc":{"\u00c9crit par":"Daouda","Dur\u00e9e de lecture estim\u00e9e":"2 minutes"},"schema":{"@context":"https:\/\/schema.org","@graph":[{"@type":"WebSite","@id":"https:\/\/www.nettali.com\/#website","url":"https:\/\/www.nettali.com\/","name":"Nettali.com","description":"Le rendez-vous critique du Net","potentialAction":[{"@type":"SearchAction","target":{"@type":"EntryPoint","urlTemplate":"https:\/\/www.nettali.com\/?s={search_term_string}"},"query-input":"required name=search_term_string"}],"inLanguage":"fr-FR"},{"@type":"ImageObject","@id":"https:\/\/www.nettali.com\/2022\/09\/30\/burkina-faso-des-coups-de-feu-entendus-dans-la-capitale-ouagadougou\/#primaryimage","inLanguage":"fr-FR","url":"https:\/\/www.nettali.com\/wp-content\/uploads\/2022\/09\/Capture-de\u0301cran-2022-09-30-a\u0300-09.48.00.png","contentUrl":"https:\/\/www.nettali.com\/wp-content\/uploads\/2022\/09\/Capture-de\u0301cran-2022-09-30-a\u0300-09.48.00.png","width":970,"height":490},{"@type":"WebPage","@id":"https:\/\/www.nettali.com\/2022\/09\/30\/burkina-faso-des-coups-de-feu-entendus-dans-la-capitale-ouagadougou\/#webpage","url":"https:\/\/www.nettali.com\/2022\/09\/30\/burkina-faso-des-coups-de-feu-entendus-dans-la-capitale-ouagadougou\/","name":"BURKINA FASO - Des coups de feu entendus dans la capitale Ouagadougou | Nettali.com","isPartOf":{"@id":"https:\/\/www.nettali.com\/#website"},"primaryImageOfPage":{"@id":"https:\/\/www.nettali.com\/2022\/09\/30\/burkina-faso-des-coups-de-feu-entendus-dans-la-capitale-ouagadougou\/#primaryimage"},"datePublished":"2022-09-30T09:48:48+00:00","dateModified":"2022-09-30T09:48:48+00:00","author":{"@id":"https:\/\/www.nettali.com\/#\/schema\/person\/3317e0bb3aa1da309fbf7b2780901bf4"},"breadcrumb":{"@id":"https:\/\/www.nettali.com\/2022\/09\/30\/burkina-faso-des-coups-de-feu-entendus-dans-la-capitale-ouagadougou\/#breadcrumb"},"inLanguage":"fr-FR","potentialAction":[{"@type":"ReadAction","target":["https:\/\/www.nettali.com\/2022\/09\/30\/burkina-faso-des-coups-de-feu-entendus-dans-la-capitale-ouagadougou\/"]}]},{"@type":"BreadcrumbList","@id":"https:\/\/www.nettali.com\/2022\/09\/30\/burkina-faso-des-coups-de-feu-entendus-dans-la-capitale-ouagadougou\/#breadcrumb","itemListElement":[{"@type":"ListItem","position":1,"name":"Accueil","item":"https:\/\/www.nettali.com\/"},{"@type":"ListItem","position":2,"name":"BURKINA FASO - Des coups de feu entendus dans la capitale Ouagadougou"}]},{"@type":"Person","@id":"https:\/\/www.nettali.com\/#\/schema\/person\/3317e0bb3aa1da309fbf7b2780901bf4","name":"Daouda","image":{"@type":"ImageObject","@id":"https:\/\/www.nettali.com\/#personlogo","inLanguage":"fr-FR","url":"https:\/\/secure.gravatar.com\/avatar\/8d143b5a49345098ddcfee1c49c2f47c?s=96&d=mm&r=g","contentUrl":"https:\/\/secure.gravatar.com\/avatar\/8d143b5a49345098ddcfee1c49c2f47c?s=96&d=mm&r=g","caption":"Daouda"},"sameAs":["https:\/\/www.nettali.com"]}]}},"_links":{"self":[{"href":"https:\/\/www.nettali.com\/rest\/wp\/v2\/posts\/94796"}],"collection":[{"href":"https:\/\/www.nettali.com\/rest\/wp\/v2\/posts"}],"about":[{"href":"https:\/\/www.nettali.com\/rest\/wp\/v2\/types\/post"}],"author":[{"embeddable":true,"href":"https:\/\/www.nettali.com\/rest\/wp\/v2\/users\/4"}],"replies":[{"embeddable":true,"href":"https:\/\/www.nettali.com\/rest\/wp\/v2\/comments?post=94796"}],"version-history":[{"count":1,"href":"https:\/\/www.nettali.com\/rest\/wp\/v2\/posts\/94796\/revisions"}],"predecessor-version":[{"id":94798,"href":"https:\/\/www.nettali.com\/rest\/wp\/v2\/posts\/94796\/revisions\/94798"}],"wp:featuredmedia":[{"embeddable":true,"href":"https:\/\/www.nettali.com\/rest\/wp\/v2\/media\/94797"}],"wp:attachment":[{"href":"https:\/\/www.nettali.com\/rest\/wp\/v2\/media?parent=94796"}],"wp:term":[{"taxonomy":"category","embeddable":true,"href":"https:\/\/www.nettali.com\/rest\/wp\/v2\/categories?post=94796"},{"taxonomy":"post_tag","embeddable":true,"href":"https:\/\/www.nettali.com\/rest\/wp\/v2\/tags?post=94796"}],"curies":[{"name":"wp","href":"https:\/\/api.w.org\/{rel}","templated":true}]}}