{"id":94762,"date":"2022-09-29T19:10:36","date_gmt":"2022-09-29T19:10:36","guid":{"rendered":"https:\/\/www.nettali.com\/?p=94762"},"modified":"2022-09-29T19:13:16","modified_gmt":"2022-09-29T19:13:16","slug":"affaire-adji-thiare-khalifone-sall-envoye-en-prison","status":"publish","type":"post","link":"https:\/\/www.nettali.com\/2022\/09\/29\/affaire-adji-thiare-khalifone-sall-envoye-en-prison\/","title":{"rendered":"AFFAIRE ADJI THIARE - Khalifone Sall, envoy\u00e9 en prison"},"content":{"rendered":"<p><strong>NETTALI.COM - D\u00e9f\u00e9r\u00e9\u00a0 au parquet par la gendarmerie de Ouakam, Babali Khalilou Sall alias Khalifone a \u00e9t\u00e9 plac\u00e9 sous mandat de d\u00e9p\u00f4t pour coups et blessures volontaires.\u00a0<\/strong><\/p>\n<p>Convoqu\u00e9 ce matin par les gendarmes de Ouakam pour une \u00ab<em>derni\u00e8re audition<\/em>\u00bb, Kaliphone Sall s\u2019est vu notifier sur place son placement en position de garde-\u00e0-vue dans la proc\u00e9dure l\u2019opposant \u00e0 Adja Thiar\u00e9 Diaw.<\/p>\n<p>Vers 10 heures 30 minutes, il a \u00e9t\u00e9 d\u00e9f\u00e9r\u00e9 au parquet de Dakar. Cependant, Babali Khalilou Sall alias Khalifone n'a pas pu rentrer chez lui car il a \u00e9t\u00e9 envoy\u00e9 en prison. Le ma\u00eetre des poursuites a retenu contre lui, les faits de coups et blessures volontaires. Autrement dit, le viol n'a pas \u00e9t\u00e9 vis\u00e9 par le parquet.<\/p>\n<div class='share-to-whatsapp-wrapper'><div class='share-on-whsp'>PARTAGER SUR : <\/div><a data-text='AFFAIRE ADJI THIARE - Khalifone Sall, envoy\u00e9 en prison' data-link='https:\/\/www.nettali.com\/2022\/09\/29\/affaire-adji-thiare-khalifone-sall-envoye-en-prison\/' class='whatsapp-button whatsapp-share'>WhatsApp<\/a><div class='clear '><\/div><\/div>","protected":false},"excerpt":{"rendered":"<p>NETTALI.COM - D\u00e9f\u00e9r\u00e9\u00a0 au parquet par la gendarmerie de Ouakam, Babali Khalilou Sall alias Khalifone a \u00e9t\u00e9 plac\u00e9 sous mandat de d\u00e9p\u00f4t pour coups et blessures volontaires.\u00a0 Convoqu\u00e9 ce matin par les gendarmes de Ouakam pour une \u00abderni\u00e8re audition\u00bb, Kaliphone Sall s\u2019est vu notifier sur place son placement en position de garde-\u00e0-vue dans la proc\u00e9dure [&hellip;]<\/p>\n","protected":false},"author":6,"featured_media":94750,"comment_status":"open","ping_status":"open","sticky":false,"template":"","format":"standard","meta":{"_et_pb_use_builder":"","_et_pb_old_content":""},"categories":[3],"tags":[],"yoast_head":"<!-- This site is optimized with the Yoast SEO Premium plugin v17.8 (Yoast SEO v17.8) - https:\/\/yoast.com\/wordpress\/plugins\/seo\/ -->\n<title>AFFAIRE ADJI THIARE - Khalifone Sall, envoy\u00e9 en prison | Nettali.com<\/title>\n<meta name=\"robots\" content=\"index, follow, max-snippet:-1, max-image-preview:large, max-video-preview:-1\" \/>\n<link rel=\"canonical\" href=\"https:\/\/www.nettali.com\/2022\/09\/29\/affaire-adji-thiare-khalifone-sall-envoye-en-prison\/\" \/>\n<meta property=\"og:locale\" content=\"fr_FR\" \/>\n<meta property=\"og:type\" content=\"article\" \/>\n<meta property=\"og:title\" content=\"AFFAIRE ADJI THIARE - Khalifone Sall, envoy\u00e9 en prison\" \/>\n<meta property=\"og:description\" content=\"NETTALI.COM - D\u00e9f\u00e9r\u00e9\u00a0 au parquet par la gendarmerie de Ouakam, Babali Khalilou Sall alias Khalifone a \u00e9t\u00e9 plac\u00e9 sous mandat de d\u00e9p\u00f4t pour coups et blessures volontaires.\u00a0 Convoqu\u00e9 ce matin par les gendarmes de Ouakam pour une \u00abderni\u00e8re audition\u00bb, Kaliphone Sall s\u2019est vu notifier sur place son placement en position de garde-\u00e0-vue dans la proc\u00e9dure [&hellip;]\" \/>\n<meta property=\"og:url\" content=\"https:\/\/www.nettali.com\/2022\/09\/29\/affaire-adji-thiare-khalifone-sall-envoye-en-prison\/\" \/>\n<meta property=\"og:site_name\" content=\"Nettali.com\" \/>\n<meta property=\"article:publisher\" content=\"https:\/\/www.facebook.com\/nettalicom\" \/>\n<meta property=\"article:published_time\" content=\"2022-09-29T19:10:36+00:00\" \/>\n<meta property=\"article:modified_time\" content=\"2022-09-29T19:13:16+00:00\" \/>\n<meta property=\"og:image\" content=\"https:\/\/www.nettali.com\/wp-content\/uploads\/2022\/09\/khalifone_4678-e1664454553374.jpeg\" \/>\n\t<meta property=\"og:image:width\" content=\"1270\" \/>\n\t<meta property=\"og:image:height\" content=\"454\" \/>\n<meta name=\"twitter:card\" content=\"summary_large_image\" \/>\n<meta name=\"twitter:label1\" content=\"\u00c9crit par\" \/>\n\t<meta name=\"twitter:data1\" content=\"Fatou\" \/>\n\t<meta name=\"twitter:label2\" content=\"Dur\u00e9e de lecture estim\u00e9e\" \/>\n\t<meta name=\"twitter:data2\" content=\"1 minute\" \/>\n<script type=\"application\/ld+json\" class=\"yoast-schema-graph\">{\"@context\":\"https:\/\/schema.org\",\"@graph\":[{\"@type\":\"WebSite\",\"@id\":\"https:\/\/www.nettali.com\/#website\",\"url\":\"https:\/\/www.nettali.com\/\",\"name\":\"Nettali.com\",\"description\":\"Le rendez-vous critique du Net\",\"potentialAction\":[{\"@type\":\"SearchAction\",\"target\":{\"@type\":\"EntryPoint\",\"urlTemplate\":\"https:\/\/www.nettali.com\/?s={search_term_string}\"},\"query-input\":\"required name=search_term_string\"}],\"inLanguage\":\"fr-FR\"},{\"@type\":\"ImageObject\",\"@id\":\"https:\/\/www.nettali.com\/2022\/09\/29\/affaire-adji-thiare-khalifone-sall-envoye-en-prison\/#primaryimage\",\"inLanguage\":\"fr-FR\",\"url\":\"https:\/\/www.nettali.com\/wp-content\/uploads\/2022\/09\/khalifone_4678-e1664454553374.jpeg\",\"contentUrl\":\"https:\/\/www.nettali.com\/wp-content\/uploads\/2022\/09\/khalifone_4678-e1664454553374.jpeg\",\"width\":1270,\"height\":454},{\"@type\":\"WebPage\",\"@id\":\"https:\/\/www.nettali.com\/2022\/09\/29\/affaire-adji-thiare-khalifone-sall-envoye-en-prison\/#webpage\",\"url\":\"https:\/\/www.nettali.com\/2022\/09\/29\/affaire-adji-thiare-khalifone-sall-envoye-en-prison\/\",\"name\":\"AFFAIRE ADJI THIARE - Khalifone Sall, envoy\\u00e9 en prison | Nettali.com\",\"isPartOf\":{\"@id\":\"https:\/\/www.nettali.com\/#website\"},\"primaryImageOfPage\":{\"@id\":\"https:\/\/www.nettali.com\/2022\/09\/29\/affaire-adji-thiare-khalifone-sall-envoye-en-prison\/#primaryimage\"},\"datePublished\":\"2022-09-29T19:10:36+00:00\",\"dateModified\":\"2022-09-29T19:13:16+00:00\",\"author\":{\"@id\":\"https:\/\/www.nettali.com\/#\/schema\/person\/418274a86bdf87caff7a3ef476bd0bbf\"},\"breadcrumb\":{\"@id\":\"https:\/\/www.nettali.com\/2022\/09\/29\/affaire-adji-thiare-khalifone-sall-envoye-en-prison\/#breadcrumb\"},\"inLanguage\":\"fr-FR\",\"potentialAction\":[{\"@type\":\"ReadAction\",\"target\":[\"https:\/\/www.nettali.com\/2022\/09\/29\/affaire-adji-thiare-khalifone-sall-envoye-en-prison\/\"]}]},{\"@type\":\"BreadcrumbList\",\"@id\":\"https:\/\/www.nettali.com\/2022\/09\/29\/affaire-adji-thiare-khalifone-sall-envoye-en-prison\/#breadcrumb\",\"itemListElement\":[{\"@type\":\"ListItem\",\"position\":1,\"name\":\"Accueil\",\"item\":\"https:\/\/www.nettali.com\/\"},{\"@type\":\"ListItem\",\"position\":2,\"name\":\"AFFAIRE ADJI THIARE - Khalifone Sall, envoy\\u00e9 en prison\"}]},{\"@type\":\"Person\",\"@id\":\"https:\/\/www.nettali.com\/#\/schema\/person\/418274a86bdf87caff7a3ef476bd0bbf\",\"name\":\"Fatou\",\"image\":{\"@type\":\"ImageObject\",\"@id\":\"https:\/\/www.nettali.com\/#personlogo\",\"inLanguage\":\"fr-FR\",\"url\":\"https:\/\/secure.gravatar.com\/avatar\/5a9442a2bee7b4dcf167cab035858e9a?s=96&d=mm&r=g\",\"contentUrl\":\"https:\/\/secure.gravatar.com\/avatar\/5a9442a2bee7b4dcf167cab035858e9a?s=96&d=mm&r=g\",\"caption\":\"Fatou\"},\"sameAs\":[\"https:\/\/www.nettali.com\"]}]}<\/script>\n<!-- \/ Yoast SEO Premium plugin. -->","yoast_head_json":{"title":"AFFAIRE ADJI THIARE - Khalifone Sall, envoy\u00e9 en prison | Nettali.com","robots":{"index":"index","follow":"follow","max-snippet":"max-snippet:-1","max-image-preview":"max-image-preview:large","max-video-preview":"max-video-preview:-1"},"canonical":"https:\/\/www.nettali.com\/2022\/09\/29\/affaire-adji-thiare-khalifone-sall-envoye-en-prison\/","og_locale":"fr_FR","og_type":"article","og_title":"AFFAIRE ADJI THIARE - Khalifone Sall, envoy\u00e9 en prison","og_description":"NETTALI.COM - D\u00e9f\u00e9r\u00e9\u00a0 au parquet par la gendarmerie de Ouakam, Babali Khalilou Sall alias Khalifone a \u00e9t\u00e9 plac\u00e9 sous mandat de d\u00e9p\u00f4t pour coups et blessures volontaires.\u00a0 Convoqu\u00e9 ce matin par les gendarmes de Ouakam pour une \u00abderni\u00e8re audition\u00bb, Kaliphone Sall s\u2019est vu notifier sur place son placement en position de garde-\u00e0-vue dans la proc\u00e9dure [&hellip;]","og_url":"https:\/\/www.nettali.com\/2022\/09\/29\/affaire-adji-thiare-khalifone-sall-envoye-en-prison\/","og_site_name":"Nettali.com","article_publisher":"https:\/\/www.facebook.com\/nettalicom","article_published_time":"2022-09-29T19:10:36+00:00","article_modified_time":"2022-09-29T19:13:16+00:00","og_image":[{"width":1270,"height":454,"url":"https:\/\/www.nettali.com\/wp-content\/uploads\/2022\/09\/khalifone_4678-e1664454553374.jpeg","type":"image\/jpeg"}],"twitter_card":"summary_large_image","twitter_misc":{"\u00c9crit par":"Fatou","Dur\u00e9e de lecture estim\u00e9e":"1 minute"},"schema":{"@context":"https:\/\/schema.org","@graph":[{"@type":"WebSite","@id":"https:\/\/www.nettali.com\/#website","url":"https:\/\/www.nettali.com\/","name":"Nettali.com","description":"Le rendez-vous critique du Net","potentialAction":[{"@type":"SearchAction","target":{"@type":"EntryPoint","urlTemplate":"https:\/\/www.nettali.com\/?s={search_term_string}"},"query-input":"required name=search_term_string"}],"inLanguage":"fr-FR"},{"@type":"ImageObject","@id":"https:\/\/www.nettali.com\/2022\/09\/29\/affaire-adji-thiare-khalifone-sall-envoye-en-prison\/#primaryimage","inLanguage":"fr-FR","url":"https:\/\/www.nettali.com\/wp-content\/uploads\/2022\/09\/khalifone_4678-e1664454553374.jpeg","contentUrl":"https:\/\/www.nettali.com\/wp-content\/uploads\/2022\/09\/khalifone_4678-e1664454553374.jpeg","width":1270,"height":454},{"@type":"WebPage","@id":"https:\/\/www.nettali.com\/2022\/09\/29\/affaire-adji-thiare-khalifone-sall-envoye-en-prison\/#webpage","url":"https:\/\/www.nettali.com\/2022\/09\/29\/affaire-adji-thiare-khalifone-sall-envoye-en-prison\/","name":"AFFAIRE ADJI THIARE - Khalifone Sall, envoy\u00e9 en prison | Nettali.com","isPartOf":{"@id":"https:\/\/www.nettali.com\/#website"},"primaryImageOfPage":{"@id":"https:\/\/www.nettali.com\/2022\/09\/29\/affaire-adji-thiare-khalifone-sall-envoye-en-prison\/#primaryimage"},"datePublished":"2022-09-29T19:10:36+00:00","dateModified":"2022-09-29T19:13:16+00:00","author":{"@id":"https:\/\/www.nettali.com\/#\/schema\/person\/418274a86bdf87caff7a3ef476bd0bbf"},"breadcrumb":{"@id":"https:\/\/www.nettali.com\/2022\/09\/29\/affaire-adji-thiare-khalifone-sall-envoye-en-prison\/#breadcrumb"},"inLanguage":"fr-FR","potentialAction":[{"@type":"ReadAction","target":["https:\/\/www.nettali.com\/2022\/09\/29\/affaire-adji-thiare-khalifone-sall-envoye-en-prison\/"]}]},{"@type":"BreadcrumbList","@id":"https:\/\/www.nettali.com\/2022\/09\/29\/affaire-adji-thiare-khalifone-sall-envoye-en-prison\/#breadcrumb","itemListElement":[{"@type":"ListItem","position":1,"name":"Accueil","item":"https:\/\/www.nettali.com\/"},{"@type":"ListItem","position":2,"name":"AFFAIRE ADJI THIARE - Khalifone Sall, envoy\u00e9 en prison"}]},{"@type":"Person","@id":"https:\/\/www.nettali.com\/#\/schema\/person\/418274a86bdf87caff7a3ef476bd0bbf","name":"Fatou","image":{"@type":"ImageObject","@id":"https:\/\/www.nettali.com\/#personlogo","inLanguage":"fr-FR","url":"https:\/\/secure.gravatar.com\/avatar\/5a9442a2bee7b4dcf167cab035858e9a?s=96&d=mm&r=g","contentUrl":"https:\/\/secure.gravatar.com\/avatar\/5a9442a2bee7b4dcf167cab035858e9a?s=96&d=mm&r=g","caption":"Fatou"},"sameAs":["https:\/\/www.nettali.com"]}]}},"_links":{"self":[{"href":"https:\/\/www.nettali.com\/rest\/wp\/v2\/posts\/94762"}],"collection":[{"href":"https:\/\/www.nettali.com\/rest\/wp\/v2\/posts"}],"about":[{"href":"https:\/\/www.nettali.com\/rest\/wp\/v2\/types\/post"}],"author":[{"embeddable":true,"href":"https:\/\/www.nettali.com\/rest\/wp\/v2\/users\/6"}],"replies":[{"embeddable":true,"href":"https:\/\/www.nettali.com\/rest\/wp\/v2\/comments?post=94762"}],"version-history":[{"count":3,"href":"https:\/\/www.nettali.com\/rest\/wp\/v2\/posts\/94762\/revisions"}],"predecessor-version":[{"id":94770,"href":"https:\/\/www.nettali.com\/rest\/wp\/v2\/posts\/94762\/revisions\/94770"}],"wp:featuredmedia":[{"embeddable":true,"href":"https:\/\/www.nettali.com\/rest\/wp\/v2\/media\/94750"}],"wp:attachment":[{"href":"https:\/\/www.nettali.com\/rest\/wp\/v2\/media?parent=94762"}],"wp:term":[{"taxonomy":"category","embeddable":true,"href":"https:\/\/www.nettali.com\/rest\/wp\/v2\/categories?post=94762"},{"taxonomy":"post_tag","embeddable":true,"href":"https:\/\/www.nettali.com\/rest\/wp\/v2\/tags?post=94762"}],"curies":[{"name":"wp","href":"https:\/\/api.w.org\/{rel}","templated":true}]}}